{"id":20959,"date":"2013-12-28T01:45:03","date_gmt":"2013-12-28T01:45:03","guid":{"rendered":"http:\/\/www.gentedebasquet.com.ar\/?p=20959"},"modified":"2013-12-28T01:45:03","modified_gmt":"2013-12-28T01:45:03","slug":"nico-richotti-le-gano-el-duelo-a-nocioni-y-mainoldi","status":"publish","type":"post","link":"https:\/\/gentedebasquet.com.ar\/sitio\/2013\/12\/28\/nico-richotti-le-gano-el-duelo-a-nocioni-y-mainoldi\/","title":{"rendered":"Nico Richotti le gan\u00f3 el duelo a Nocioni y Mainoldi"},"content":{"rendered":"<p><em><strong><a href=\"http:\/\/www.gentedebasquet.com.ar\/wp-content\/uploads\/2013\/12\/LAB1.jpg\"><img decoding=\"async\" class=\"alignnone size-full wp-image-20960\" title=\"Richotti Canarias\" src=\"http:\/\/www.gentedebasquet.com.ar\/wp-content\/uploads\/2013\/12\/LAB1.jpg\" alt=\"\" width=\"448\" height=\"336\" \/><\/a>El Ibesrostar Tenerife logr\u00f3 una valiosa victoria al vencer como visitante al Laboral Kutxa 95 a 83. El bahiense termin\u00f3 con 10 puntos en 21 minutos. En tanto, el alero ex NBA sum\u00f3 16 unidades y Mainoldi no anot\u00f3. El aurinegro, 7\u00ba en la Liga Endesa, volver\u00e1 a jugar el lunes 30 como local de Murcia.<!--more--><\/strong><\/em><\/p>\n<p>Una victoria para enmarcar. El Iberostar Tenerife puso este viernes noche patas arriba el Buesa Arena al imponerse al poderoso Laboral Kutxa (83-95) con un partidazo de principio a fin. El grupo de Alejandro Mart\u00ednez sac\u00f3 a relucir su versi\u00f3n m\u00e1s irreverente para firmar su s\u00e9ptima victoria de la temporada tras doce jornadas (una m\u00e1s que las que acumulaba el curso pasado\u2026 al cierre de la primera vuelta) y acercarse todav\u00eda m\u00e1s al objetivo de la permanencia.<\/p>\n<p>Camino de la salvaci\u00f3n, y con la posibilidad extra de la Copa de por medio, el conjunto aurinegro exhibi\u00f3 esta noche su sello m\u00e1s rebelde y alegre para irse hasta los 95 puntos ante un rival de post\u00edn con las mismas se\u00f1as de identidad con las que logr\u00f3 el curso pasado su continuidad en la \u00e9lite tras una segunda vuelta de ensue\u00f1o, las mismas con las que ascendi\u00f3 hace dos a\u00f1os a la Liga Endesa, pero con un ligero matiz a\u00f1adido: en uno de los coliseos del basket europeo y ante uno de los te\u00f3ricos trasatl\u00e1nticos de la categor\u00eda.<\/p>\n<p>Un clinic en la direcci\u00f3n de Ricardo \u00dariz, que dio un recital de ritmo, anotaci\u00f3n y de c\u00f3mo un base ha de llevar las riendas de un equipo; otro partidazo de un Sa\u00fal Blanco en estado de gracia; la tremenda aportaci\u00f3n de Blagota Sekulic (el \u00fanico jugador de la liga capaz de sumar dobles d\u00edgitos de anotaci\u00f3n y valoraci\u00f3n en las doce jornadas disputadas hasta la fecha); el enorme poder\u00edo interior de un Luke Sikma empe\u00f1ado en ponerse cada vez m\u00e1s alto el list\u00f3n y, sobre todo, otra enorme aportaci\u00f3n coral, explican en parte la machada aurinegra.<\/p>\n<p>Mand\u00f3 el Iberostar de principio a fin ante un Laboral Kutxa eclipsado en casi todos los frentes. Con \u00dariz llevando los hilos del partido, el equipo aurinegro sali\u00f3 a la pista sin complejos, aguant\u00f3 el golpe a golpe inicial (15-12, 6\u2019) y fue creci\u00e9ndose conforma avanzaban los minutos. Un 0-12 camino del receso (29-40, 18\u2019) termin\u00f3 de acentuar los ambiciosos intereses de un equipo, el tinerfe\u00f1o, que cerr\u00f3 bien el rebote y mantuvo siempre la paciencia necesaria para mover la pelota con fluidez y buscar la mejor opci\u00f3n posible en cada momento.<\/p>\n<p>Ni las dos precoces faltas iniciales de Sikma (3\u2019), ni el buen hacer de Milko Bjelica minaban la confianza de los aurinegros, gracias en parte al minucioso trabajo sucio de los que, sin brillar en las estad\u00edsticas, salieron del banquillo para mantener el tipo ante las dificultades, aferrarse a los intangibles y mantener impecable el rumbo de los acontecimientos, seg\u00fan marcaba el gui\u00f3n dise\u00f1ado por Mart\u00ednez.<\/p>\n<p>En esa din\u00e1mica, el Iberostar Tenerife sembr\u00f3 del todo el p\u00e1nico en el Buesa Arena en la recta final del tercer cuarto cuando se fue hasta los 16 puntos de ventaja (50-66, 28\u2019). Apareci\u00f3 entonces el car\u00e1cter y la determinaci\u00f3n del Chapu Nocioni y Fernando San Emeterio, los dos jugadores franquicia del equipo baskonista, pero el equipo aurinegro mantuvo el pulso. Ni siquiera a ra\u00edz de un 9-0, coincidiendo con los mejores minutos de Lamont Hamilton (70-73), el conjunto insular cedi\u00f3 en su empe\u00f1o.<\/p>\n<p>Con el aliento en el cogote del Laboral Kutxa (72-75, 78-81, 82-85\u2026), el Iberostar Tenerife afront\u00f3 los \u00faltimos coletazos del choque amarrado a sus convicciones frente a un gigante dormido a punto de desperezarse a base de los zarpazos de talento con los que amagaba su enorme arsenal de recursos. Ah\u00ed, con el partido en el alambre, el grupo de Mart\u00ednez actu\u00f3 con la frialdad necesaria para no dejar escapar la victoria. Acert\u00f3 desde el 4,60, apret\u00f3 a\u00fan m\u00e1s los dientes atr\u00e1s, rob\u00f3 m\u00e1s de un bal\u00f3n clave y se puso al servicio de la calculadora de \u00dariz, que llev\u00f3 el partido al mejor territorio posible para confirmar la machada canarista.<\/p>\n<p>Lleg\u00f3 as\u00ed una victoria de prestigio, que tendr\u00e1 a\u00fan m\u00e1s valor si el Iberostar Tenerife es capaz de hacerse fuerte en casa este lunes, ante el UCAM Murcia (21:00 horas), espoleado por su hinchada, el mejor empuje posible para no desviarse del camino y seguir con paso firme en sus pretensiones.<\/p>\n<p><em><strong>Nicol\u00e1s Richotti en n\u00fameros:<\/strong> <\/em>10 puntos (8\/8 TL, 1\/5 2p, 0\/2 3p), 1 rebote, 3 asistencias y 1 p\u00e9rdida en 21m18.<\/p>\n<p><a href=\"http:\/\/www.acb.com\/fichas\/LACB58107.php\" target=\"_blank\" rel=\"noopener\"><span style=\"color: #0000ff;\"><strong>ESTAD\u00cdSTICAS OFICIALES<\/strong><\/span><\/a><\/p>\n<p><strong>Informe y Foto:<\/strong> Prensa CB Canarias.<\/p>\n","protected":false},"excerpt":{"rendered":"<p>El Ibesrostar Tenerife logr\u00f3 una valiosa victoria al vencer como visitante al Laboral Kutxa 95 a 83. El bahiense termin\u00f3 con 10 puntos en 21 minutos. En tanto, el alero ex NBA sum\u00f3 16 unidades y Mainoldi no anot\u00f3. El aurinegro, 7\u00ba en la Liga Endesa, volver\u00e1 a jugar el lunes 30 como local de [&hellip;]<\/p>\n","protected":false},"author":1,"featured_media":0,"comment_status":"open","ping_status":"open","sticky":false,"template":"","format":"standard","meta":{"jnews-multi-image_gallery":[],"jnews_single_post":[],"jnews_primary_category":[],"footnotes":""},"categories":[34],"tags":[],"class_list":["post-20959","post","type-post","status-publish","format-standard","hentry","category-bahienses-afuera"],"yoast_head":"<!-- This site is optimized with the Yoast SEO plugin v27.5 - https:\/\/yoast.com\/product\/yoast-seo-wordpress\/ -->\n<title>Nico Richotti le gan\u00f3 el duelo a Nocioni y Mainoldi - Gente de B\u00e1squet<\/title>\n<meta name=\"robots\" content=\"index, follow, max-snippet:-1, max-image-preview:large, max-video-preview:-1\" \/>\n<link rel=\"canonical\" href=\"https:\/\/gentedebasquet.com.ar\/sitio\/2013\/12\/28\/nico-richotti-le-gano-el-duelo-a-nocioni-y-mainoldi\/\" \/>\n<meta property=\"og:locale\" content=\"es_ES\" \/>\n<meta property=\"og:type\" content=\"article\" \/>\n<meta property=\"og:title\" content=\"Nico Richotti le gan\u00f3 el duelo a Nocioni y Mainoldi - Gente de B\u00e1squet\" \/>\n<meta property=\"og:description\" content=\"El Ibesrostar Tenerife logr\u00f3 una valiosa victoria al vencer como visitante al Laboral Kutxa 95 a 83. El bahiense termin\u00f3 con 10 puntos en 21 minutos. En tanto, el alero ex NBA sum\u00f3 16 unidades y Mainoldi no anot\u00f3. El aurinegro, 7\u00ba en la Liga Endesa, volver\u00e1 a jugar el lunes 30 como local de [&hellip;]\" \/>\n<meta property=\"og:url\" content=\"https:\/\/gentedebasquet.com.ar\/sitio\/2013\/12\/28\/nico-richotti-le-gano-el-duelo-a-nocioni-y-mainoldi\/\" \/>\n<meta property=\"og:site_name\" content=\"Gente de B\u00e1squet\" \/>\n<meta property=\"article:published_time\" content=\"2013-12-28T01:45:03+00:00\" \/>\n<meta property=\"og:image\" content=\"http:\/\/www.gentedebasquet.com.ar\/wp-content\/uploads\/2013\/12\/LAB1.jpg\" \/>\n<meta name=\"author\" content=\"Gente de B\u00e1squet\" \/>\n<meta name=\"twitter:card\" content=\"summary_large_image\" \/>\n<meta name=\"twitter:label1\" content=\"Escrito por\" \/>\n\t<meta name=\"twitter:data1\" content=\"Gente de B\u00e1squet\" \/>\n\t<meta name=\"twitter:label2\" content=\"Tiempo de lectura\" \/>\n\t<meta name=\"twitter:data2\" content=\"4 minutos\" \/>\n<script type=\"application\/ld+json\" class=\"yoast-schema-graph\">{\"@context\":\"https:\\\/\\\/schema.org\",\"@graph\":[{\"@type\":\"Article\",\"@id\":\"https:\\\/\\\/gentedebasquet.com.ar\\\/sitio\\\/2013\\\/12\\\/28\\\/nico-richotti-le-gano-el-duelo-a-nocioni-y-mainoldi\\\/#article\",\"isPartOf\":{\"@id\":\"https:\\\/\\\/gentedebasquet.com.ar\\\/sitio\\\/2013\\\/12\\\/28\\\/nico-richotti-le-gano-el-duelo-a-nocioni-y-mainoldi\\\/\"},\"author\":{\"name\":\"Gente de B\u00e1squet\",\"@id\":\"http:\\\/\\\/gentedebasquet.com.ar\\\/sitio\\\/#\\\/schema\\\/person\\\/ca0b63bbb977369988a7bbbdc519943a\"},\"headline\":\"Nico Richotti le gan\u00f3 el duelo a Nocioni y Mainoldi\",\"datePublished\":\"2013-12-28T01:45:03+00:00\",\"mainEntityOfPage\":{\"@id\":\"https:\\\/\\\/gentedebasquet.com.ar\\\/sitio\\\/2013\\\/12\\\/28\\\/nico-richotti-le-gano-el-duelo-a-nocioni-y-mainoldi\\\/\"},\"wordCount\":806,\"commentCount\":0,\"image\":{\"@id\":\"https:\\\/\\\/gentedebasquet.com.ar\\\/sitio\\\/2013\\\/12\\\/28\\\/nico-richotti-le-gano-el-duelo-a-nocioni-y-mainoldi\\\/#primaryimage\"},\"thumbnailUrl\":\"http:\\\/\\\/www.gentedebasquet.com.ar\\\/wp-content\\\/uploads\\\/2013\\\/12\\\/LAB1.jpg\",\"articleSection\":[\"Bahienses Afuera\"],\"inLanguage\":\"es\",\"potentialAction\":[{\"@type\":\"CommentAction\",\"name\":\"Comment\",\"target\":[\"https:\\\/\\\/gentedebasquet.com.ar\\\/sitio\\\/2013\\\/12\\\/28\\\/nico-richotti-le-gano-el-duelo-a-nocioni-y-mainoldi\\\/#respond\"]}]},{\"@type\":\"WebPage\",\"@id\":\"https:\\\/\\\/gentedebasquet.com.ar\\\/sitio\\\/2013\\\/12\\\/28\\\/nico-richotti-le-gano-el-duelo-a-nocioni-y-mainoldi\\\/\",\"url\":\"https:\\\/\\\/gentedebasquet.com.ar\\\/sitio\\\/2013\\\/12\\\/28\\\/nico-richotti-le-gano-el-duelo-a-nocioni-y-mainoldi\\\/\",\"name\":\"Nico Richotti le gan\u00f3 el duelo a Nocioni y Mainoldi - Gente de B\u00e1squet\",\"isPartOf\":{\"@id\":\"http:\\\/\\\/gentedebasquet.com.ar\\\/sitio\\\/#website\"},\"primaryImageOfPage\":{\"@id\":\"https:\\\/\\\/gentedebasquet.com.ar\\\/sitio\\\/2013\\\/12\\\/28\\\/nico-richotti-le-gano-el-duelo-a-nocioni-y-mainoldi\\\/#primaryimage\"},\"image\":{\"@id\":\"https:\\\/\\\/gentedebasquet.com.ar\\\/sitio\\\/2013\\\/12\\\/28\\\/nico-richotti-le-gano-el-duelo-a-nocioni-y-mainoldi\\\/#primaryimage\"},\"thumbnailUrl\":\"http:\\\/\\\/www.gentedebasquet.com.ar\\\/wp-content\\\/uploads\\\/2013\\\/12\\\/LAB1.jpg\",\"datePublished\":\"2013-12-28T01:45:03+00:00\",\"author\":{\"@id\":\"http:\\\/\\\/gentedebasquet.com.ar\\\/sitio\\\/#\\\/schema\\\/person\\\/ca0b63bbb977369988a7bbbdc519943a\"},\"breadcrumb\":{\"@id\":\"https:\\\/\\\/gentedebasquet.com.ar\\\/sitio\\\/2013\\\/12\\\/28\\\/nico-richotti-le-gano-el-duelo-a-nocioni-y-mainoldi\\\/#breadcrumb\"},\"inLanguage\":\"es\",\"potentialAction\":[{\"@type\":\"ReadAction\",\"target\":[\"https:\\\/\\\/gentedebasquet.com.ar\\\/sitio\\\/2013\\\/12\\\/28\\\/nico-richotti-le-gano-el-duelo-a-nocioni-y-mainoldi\\\/\"]}]},{\"@type\":\"ImageObject\",\"inLanguage\":\"es\",\"@id\":\"https:\\\/\\\/gentedebasquet.com.ar\\\/sitio\\\/2013\\\/12\\\/28\\\/nico-richotti-le-gano-el-duelo-a-nocioni-y-mainoldi\\\/#primaryimage\",\"url\":\"http:\\\/\\\/www.gentedebasquet.com.ar\\\/wp-content\\\/uploads\\\/2013\\\/12\\\/LAB1.jpg\",\"contentUrl\":\"http:\\\/\\\/www.gentedebasquet.com.ar\\\/wp-content\\\/uploads\\\/2013\\\/12\\\/LAB1.jpg\"},{\"@type\":\"BreadcrumbList\",\"@id\":\"https:\\\/\\\/gentedebasquet.com.ar\\\/sitio\\\/2013\\\/12\\\/28\\\/nico-richotti-le-gano-el-duelo-a-nocioni-y-mainoldi\\\/#breadcrumb\",\"itemListElement\":[{\"@type\":\"ListItem\",\"position\":1,\"name\":\"Portada\",\"item\":\"http:\\\/\\\/gentedebasquet.com.ar\\\/sitio\\\/\"},{\"@type\":\"ListItem\",\"position\":2,\"name\":\"Nico Richotti le gan\u00f3 el duelo a Nocioni y Mainoldi\"}]},{\"@type\":\"WebSite\",\"@id\":\"http:\\\/\\\/gentedebasquet.com.ar\\\/sitio\\\/#website\",\"url\":\"http:\\\/\\\/gentedebasquet.com.ar\\\/sitio\\\/\",\"name\":\"Gente de B\u00e1squet\",\"description\":\"La revista del basquet de Bah\u00eda Blanca\",\"potentialAction\":[{\"@type\":\"SearchAction\",\"target\":{\"@type\":\"EntryPoint\",\"urlTemplate\":\"http:\\\/\\\/gentedebasquet.com.ar\\\/sitio\\\/?s={search_term_string}\"},\"query-input\":{\"@type\":\"PropertyValueSpecification\",\"valueRequired\":true,\"valueName\":\"search_term_string\"}}],\"inLanguage\":\"es\"},{\"@type\":\"Person\",\"@id\":\"http:\\\/\\\/gentedebasquet.com.ar\\\/sitio\\\/#\\\/schema\\\/person\\\/ca0b63bbb977369988a7bbbdc519943a\",\"name\":\"Gente de B\u00e1squet\",\"image\":{\"@type\":\"ImageObject\",\"inLanguage\":\"es\",\"@id\":\"https:\\\/\\\/secure.gravatar.com\\\/avatar\\\/7f2c48bdc33b30088f941fb6082e555f2874c98e20cb159d7b92b50eadfce793?s=96&d=mm&r=g\",\"url\":\"https:\\\/\\\/secure.gravatar.com\\\/avatar\\\/7f2c48bdc33b30088f941fb6082e555f2874c98e20cb159d7b92b50eadfce793?s=96&d=mm&r=g\",\"contentUrl\":\"https:\\\/\\\/secure.gravatar.com\\\/avatar\\\/7f2c48bdc33b30088f941fb6082e555f2874c98e20cb159d7b92b50eadfce793?s=96&d=mm&r=g\",\"caption\":\"Gente de B\u00e1squet\"},\"sameAs\":[\"http:\\\/\\\/gentedebasquet.com.ar\\\/sitio\"],\"url\":\"https:\\\/\\\/gentedebasquet.com.ar\\\/sitio\\\/author\\\/ulises\\\/\"}]}<\/script>\n<!-- \/ Yoast SEO plugin. -->","yoast_head_json":{"title":"Nico Richotti le gan\u00f3 el duelo a Nocioni y Mainoldi - Gente de B\u00e1squet","robots":{"index":"index","follow":"follow","max-snippet":"max-snippet:-1","max-image-preview":"max-image-preview:large","max-video-preview":"max-video-preview:-1"},"canonical":"https:\/\/gentedebasquet.com.ar\/sitio\/2013\/12\/28\/nico-richotti-le-gano-el-duelo-a-nocioni-y-mainoldi\/","og_locale":"es_ES","og_type":"article","og_title":"Nico Richotti le gan\u00f3 el duelo a Nocioni y Mainoldi - Gente de B\u00e1squet","og_description":"El Ibesrostar Tenerife logr\u00f3 una valiosa victoria al vencer como visitante al Laboral Kutxa 95 a 83. El bahiense termin\u00f3 con 10 puntos en 21 minutos. En tanto, el alero ex NBA sum\u00f3 16 unidades y Mainoldi no anot\u00f3. El aurinegro, 7\u00ba en la Liga Endesa, volver\u00e1 a jugar el lunes 30 como local de [&hellip;]","og_url":"https:\/\/gentedebasquet.com.ar\/sitio\/2013\/12\/28\/nico-richotti-le-gano-el-duelo-a-nocioni-y-mainoldi\/","og_site_name":"Gente de B\u00e1squet","article_published_time":"2013-12-28T01:45:03+00:00","og_image":[{"url":"http:\/\/www.gentedebasquet.com.ar\/wp-content\/uploads\/2013\/12\/LAB1.jpg","type":"","width":"","height":""}],"author":"Gente de B\u00e1squet","twitter_card":"summary_large_image","twitter_misc":{"Escrito por":"Gente de B\u00e1squet","Tiempo de lectura":"4 minutos"},"schema":{"@context":"https:\/\/schema.org","@graph":[{"@type":"Article","@id":"https:\/\/gentedebasquet.com.ar\/sitio\/2013\/12\/28\/nico-richotti-le-gano-el-duelo-a-nocioni-y-mainoldi\/#article","isPartOf":{"@id":"https:\/\/gentedebasquet.com.ar\/sitio\/2013\/12\/28\/nico-richotti-le-gano-el-duelo-a-nocioni-y-mainoldi\/"},"author":{"name":"Gente de B\u00e1squet","@id":"http:\/\/gentedebasquet.com.ar\/sitio\/#\/schema\/person\/ca0b63bbb977369988a7bbbdc519943a"},"headline":"Nico Richotti le gan\u00f3 el duelo a Nocioni y Mainoldi","datePublished":"2013-12-28T01:45:03+00:00","mainEntityOfPage":{"@id":"https:\/\/gentedebasquet.com.ar\/sitio\/2013\/12\/28\/nico-richotti-le-gano-el-duelo-a-nocioni-y-mainoldi\/"},"wordCount":806,"commentCount":0,"image":{"@id":"https:\/\/gentedebasquet.com.ar\/sitio\/2013\/12\/28\/nico-richotti-le-gano-el-duelo-a-nocioni-y-mainoldi\/#primaryimage"},"thumbnailUrl":"http:\/\/www.gentedebasquet.com.ar\/wp-content\/uploads\/2013\/12\/LAB1.jpg","articleSection":["Bahienses Afuera"],"inLanguage":"es","potentialAction":[{"@type":"CommentAction","name":"Comment","target":["https:\/\/gentedebasquet.com.ar\/sitio\/2013\/12\/28\/nico-richotti-le-gano-el-duelo-a-nocioni-y-mainoldi\/#respond"]}]},{"@type":"WebPage","@id":"https:\/\/gentedebasquet.com.ar\/sitio\/2013\/12\/28\/nico-richotti-le-gano-el-duelo-a-nocioni-y-mainoldi\/","url":"https:\/\/gentedebasquet.com.ar\/sitio\/2013\/12\/28\/nico-richotti-le-gano-el-duelo-a-nocioni-y-mainoldi\/","name":"Nico Richotti le gan\u00f3 el duelo a Nocioni y Mainoldi - Gente de B\u00e1squet","isPartOf":{"@id":"http:\/\/gentedebasquet.com.ar\/sitio\/#website"},"primaryImageOfPage":{"@id":"https:\/\/gentedebasquet.com.ar\/sitio\/2013\/12\/28\/nico-richotti-le-gano-el-duelo-a-nocioni-y-mainoldi\/#primaryimage"},"image":{"@id":"https:\/\/gentedebasquet.com.ar\/sitio\/2013\/12\/28\/nico-richotti-le-gano-el-duelo-a-nocioni-y-mainoldi\/#primaryimage"},"thumbnailUrl":"http:\/\/www.gentedebasquet.com.ar\/wp-content\/uploads\/2013\/12\/LAB1.jpg","datePublished":"2013-12-28T01:45:03+00:00","author":{"@id":"http:\/\/gentedebasquet.com.ar\/sitio\/#\/schema\/person\/ca0b63bbb977369988a7bbbdc519943a"},"breadcrumb":{"@id":"https:\/\/gentedebasquet.com.ar\/sitio\/2013\/12\/28\/nico-richotti-le-gano-el-duelo-a-nocioni-y-mainoldi\/#breadcrumb"},"inLanguage":"es","potentialAction":[{"@type":"ReadAction","target":["https:\/\/gentedebasquet.com.ar\/sitio\/2013\/12\/28\/nico-richotti-le-gano-el-duelo-a-nocioni-y-mainoldi\/"]}]},{"@type":"ImageObject","inLanguage":"es","@id":"https:\/\/gentedebasquet.com.ar\/sitio\/2013\/12\/28\/nico-richotti-le-gano-el-duelo-a-nocioni-y-mainoldi\/#primaryimage","url":"http:\/\/www.gentedebasquet.com.ar\/wp-content\/uploads\/2013\/12\/LAB1.jpg","contentUrl":"http:\/\/www.gentedebasquet.com.ar\/wp-content\/uploads\/2013\/12\/LAB1.jpg"},{"@type":"BreadcrumbList","@id":"https:\/\/gentedebasquet.com.ar\/sitio\/2013\/12\/28\/nico-richotti-le-gano-el-duelo-a-nocioni-y-mainoldi\/#breadcrumb","itemListElement":[{"@type":"ListItem","position":1,"name":"Portada","item":"http:\/\/gentedebasquet.com.ar\/sitio\/"},{"@type":"ListItem","position":2,"name":"Nico Richotti le gan\u00f3 el duelo a Nocioni y Mainoldi"}]},{"@type":"WebSite","@id":"http:\/\/gentedebasquet.com.ar\/sitio\/#website","url":"http:\/\/gentedebasquet.com.ar\/sitio\/","name":"Gente de B\u00e1squet","description":"La revista del basquet de Bah\u00eda Blanca","potentialAction":[{"@type":"SearchAction","target":{"@type":"EntryPoint","urlTemplate":"http:\/\/gentedebasquet.com.ar\/sitio\/?s={search_term_string}"},"query-input":{"@type":"PropertyValueSpecification","valueRequired":true,"valueName":"search_term_string"}}],"inLanguage":"es"},{"@type":"Person","@id":"http:\/\/gentedebasquet.com.ar\/sitio\/#\/schema\/person\/ca0b63bbb977369988a7bbbdc519943a","name":"Gente de B\u00e1squet","image":{"@type":"ImageObject","inLanguage":"es","@id":"https:\/\/secure.gravatar.com\/avatar\/7f2c48bdc33b30088f941fb6082e555f2874c98e20cb159d7b92b50eadfce793?s=96&d=mm&r=g","url":"https:\/\/secure.gravatar.com\/avatar\/7f2c48bdc33b30088f941fb6082e555f2874c98e20cb159d7b92b50eadfce793?s=96&d=mm&r=g","contentUrl":"https:\/\/secure.gravatar.com\/avatar\/7f2c48bdc33b30088f941fb6082e555f2874c98e20cb159d7b92b50eadfce793?s=96&d=mm&r=g","caption":"Gente de B\u00e1squet"},"sameAs":["http:\/\/gentedebasquet.com.ar\/sitio"],"url":"https:\/\/gentedebasquet.com.ar\/sitio\/author\/ulises\/"}]}},"_links":{"self":[{"href":"https:\/\/gentedebasquet.com.ar\/sitio\/wp-json\/wp\/v2\/posts\/20959","targetHints":{"allow":["GET"]}}],"collection":[{"href":"https:\/\/gentedebasquet.com.ar\/sitio\/wp-json\/wp\/v2\/posts"}],"about":[{"href":"https:\/\/gentedebasquet.com.ar\/sitio\/wp-json\/wp\/v2\/types\/post"}],"author":[{"embeddable":true,"href":"https:\/\/gentedebasquet.com.ar\/sitio\/wp-json\/wp\/v2\/users\/1"}],"replies":[{"embeddable":true,"href":"https:\/\/gentedebasquet.com.ar\/sitio\/wp-json\/wp\/v2\/comments?post=20959"}],"version-history":[{"count":0,"href":"https:\/\/gentedebasquet.com.ar\/sitio\/wp-json\/wp\/v2\/posts\/20959\/revisions"}],"wp:attachment":[{"href":"https:\/\/gentedebasquet.com.ar\/sitio\/wp-json\/wp\/v2\/media?parent=20959"}],"wp:term":[{"taxonomy":"category","embeddable":true,"href":"https:\/\/gentedebasquet.com.ar\/sitio\/wp-json\/wp\/v2\/categories?post=20959"},{"taxonomy":"post_tag","embeddable":true,"href":"https:\/\/gentedebasquet.com.ar\/sitio\/wp-json\/wp\/v2\/tags?post=20959"}],"curies":[{"name":"wp","href":"https:\/\/api.w.org\/{rel}","templated":true}]}}