{"id":20967,"date":"2013-12-28T15:33:59","date_gmt":"2013-12-28T15:33:59","guid":{"rendered":"http:\/\/www.gentedebasquet.com.ar\/?p=20967"},"modified":"2013-12-28T15:33:59","modified_gmt":"2013-12-28T15:33:59","slug":"nueva-incorporacion-en-bahia-basket","status":"publish","type":"post","link":"https:\/\/gentedebasquet.com.ar\/sitio\/2013\/12\/28\/nueva-incorporacion-en-bahia-basket\/","title":{"rendered":"Nueva incorporaci\u00f3n en Bah\u00eda Basket"},"content":{"rendered":"<p><em><strong><a href=\"http:\/\/www.gentedebasquet.com.ar\/wp-content\/uploads\/2013\/12\/Tablero-1.jpg\"><img decoding=\"async\" class=\"alignnone size-full wp-image-20968\" title=\"Tablero 1\" src=\"http:\/\/www.gentedebasquet.com.ar\/wp-content\/uploads\/2013\/12\/Tablero-1.jpg\" alt=\"\" width=\"448\" height=\"336\" \/><\/a>La organizaci\u00f3n adquiri\u00f3 dos nuevos tableros electr\u00f3nicos y ya los est\u00e1 instalando en las alturas del Osvaldo Casanova. El equipo de Sebasti\u00e1n Gin\u00f3bili volver\u00e1 a jugar por LNB el pr\u00f3ximo mi\u00e9rcoles 8 de enero, cuando reciba a Gimnasia de Comodoro Rivadavia.<!--more--><\/strong><\/em><\/p>\n<p>Este moderno equipo llamado MDEP-IN0617-PENU, est\u00e1 conformado por un m\u00f3dulo central modelo MDEP-IN0609-LINE m\u00e1s dos m\u00f3dulos laterales adicionales modelo MDEP-IN0604-PENU para ampliar la informaci\u00f3n en B\u00e1squet.<\/p>\n<p>Permite programar el n\u00famero de camiseta del jugador del 00 al 99, indica hasta seis faltas por jugador y si el jugador est\u00e1 en cancha.<\/p>\n<p>El tablero electr\u00f3nico MDEP-IN0617-PENU es utilizado en competencias de orden internacional o las m\u00e1ximas a nivel Nacional.<\/p>\n<p>Permite ser sincronizado con el dispositivo de Tiempo de Ataque en B\u00e1squet (24\u201d).<\/p>\n<p>La provisi\u00f3n del equipo incluye los tres m\u00f3dulos de una cara, con dos bocinas de alta potencia, consola con display repetidor alfanum\u00e9rico de cuarzo l\u00edquido transluminado.<\/p>\n<p><a href=\"http:\/\/www.gentedebasquet.com.ar\/wp-content\/uploads\/2013\/12\/Tablero-2.jpg\"><img decoding=\"async\" class=\"alignnone size-full wp-image-20969\" title=\"Tablero 2\" src=\"http:\/\/www.gentedebasquet.com.ar\/wp-content\/uploads\/2013\/12\/Tablero-2.jpg\" alt=\"\" width=\"448\" height=\"336\" \/><\/a><\/p>\n<p><strong>Fuente:<\/strong> Prensa Bah\u00eda Basket.<\/p>\n<p><strong>Fotos:<\/strong> Mart\u00edn Martinese.<\/p>\n","protected":false},"excerpt":{"rendered":"<p>La organizaci\u00f3n adquiri\u00f3 dos nuevos tableros electr\u00f3nicos y ya los est\u00e1 instalando en las alturas del Osvaldo Casanova. El equipo de Sebasti\u00e1n Gin\u00f3bili volver\u00e1 a jugar por LNB el pr\u00f3ximo mi\u00e9rcoles 8 de enero, cuando reciba a Gimnasia de Comodoro Rivadavia.<\/p>\n","protected":false},"author":1,"featured_media":0,"comment_status":"open","ping_status":"open","sticky":false,"template":"","format":"standard","meta":{"jnews-multi-image_gallery":[],"jnews_single_post":[],"jnews_primary_category":[],"footnotes":""},"categories":[57],"tags":[58],"class_list":["post-20967","post","type-post","status-publish","format-standard","hentry","category-bahia-basket","tag-bahiabasket"],"yoast_head":"<!-- This site is optimized with the Yoast SEO plugin v27.5 - https:\/\/yoast.com\/product\/yoast-seo-wordpress\/ -->\n<title>Nueva incorporaci\u00f3n en Bah\u00eda Basket - Gente de B\u00e1squet<\/title>\n<meta name=\"robots\" content=\"index, follow, max-snippet:-1, max-image-preview:large, max-video-preview:-1\" \/>\n<link rel=\"canonical\" href=\"https:\/\/gentedebasquet.com.ar\/sitio\/2013\/12\/28\/nueva-incorporacion-en-bahia-basket\/\" \/>\n<meta property=\"og:locale\" content=\"es_ES\" \/>\n<meta property=\"og:type\" content=\"article\" \/>\n<meta property=\"og:title\" content=\"Nueva incorporaci\u00f3n en Bah\u00eda Basket - Gente de B\u00e1squet\" \/>\n<meta property=\"og:description\" content=\"La organizaci\u00f3n adquiri\u00f3 dos nuevos tableros electr\u00f3nicos y ya los est\u00e1 instalando en las alturas del Osvaldo Casanova. El equipo de Sebasti\u00e1n Gin\u00f3bili volver\u00e1 a jugar por LNB el pr\u00f3ximo mi\u00e9rcoles 8 de enero, cuando reciba a Gimnasia de Comodoro Rivadavia.\" \/>\n<meta property=\"og:url\" content=\"https:\/\/gentedebasquet.com.ar\/sitio\/2013\/12\/28\/nueva-incorporacion-en-bahia-basket\/\" \/>\n<meta property=\"og:site_name\" content=\"Gente de B\u00e1squet\" \/>\n<meta property=\"article:published_time\" content=\"2013-12-28T15:33:59+00:00\" \/>\n<meta property=\"og:image\" content=\"http:\/\/www.gentedebasquet.com.ar\/wp-content\/uploads\/2013\/12\/Tablero-1.jpg\" \/>\n<meta name=\"author\" content=\"Gente de B\u00e1squet\" \/>\n<meta name=\"twitter:card\" content=\"summary_large_image\" \/>\n<meta name=\"twitter:label1\" content=\"Escrito por\" \/>\n\t<meta name=\"twitter:data1\" content=\"Gente de B\u00e1squet\" \/>\n\t<meta name=\"twitter:label2\" content=\"Tiempo de lectura\" \/>\n\t<meta name=\"twitter:data2\" content=\"1 minuto\" \/>\n<script type=\"application\/ld+json\" class=\"yoast-schema-graph\">{\"@context\":\"https:\\\/\\\/schema.org\",\"@graph\":[{\"@type\":\"Article\",\"@id\":\"https:\\\/\\\/gentedebasquet.com.ar\\\/sitio\\\/2013\\\/12\\\/28\\\/nueva-incorporacion-en-bahia-basket\\\/#article\",\"isPartOf\":{\"@id\":\"https:\\\/\\\/gentedebasquet.com.ar\\\/sitio\\\/2013\\\/12\\\/28\\\/nueva-incorporacion-en-bahia-basket\\\/\"},\"author\":{\"name\":\"Gente de B\u00e1squet\",\"@id\":\"http:\\\/\\\/gentedebasquet.com.ar\\\/sitio\\\/#\\\/schema\\\/person\\\/ca0b63bbb977369988a7bbbdc519943a\"},\"headline\":\"Nueva incorporaci\u00f3n en Bah\u00eda Basket\",\"datePublished\":\"2013-12-28T15:33:59+00:00\",\"mainEntityOfPage\":{\"@id\":\"https:\\\/\\\/gentedebasquet.com.ar\\\/sitio\\\/2013\\\/12\\\/28\\\/nueva-incorporacion-en-bahia-basket\\\/\"},\"wordCount\":183,\"commentCount\":0,\"image\":{\"@id\":\"https:\\\/\\\/gentedebasquet.com.ar\\\/sitio\\\/2013\\\/12\\\/28\\\/nueva-incorporacion-en-bahia-basket\\\/#primaryimage\"},\"thumbnailUrl\":\"http:\\\/\\\/www.gentedebasquet.com.ar\\\/wp-content\\\/uploads\\\/2013\\\/12\\\/Tablero-1.jpg\",\"keywords\":[\"Bah\u00eda Basket\"],\"articleSection\":[\"Bah\u00eda Basket\"],\"inLanguage\":\"es\",\"potentialAction\":[{\"@type\":\"CommentAction\",\"name\":\"Comment\",\"target\":[\"https:\\\/\\\/gentedebasquet.com.ar\\\/sitio\\\/2013\\\/12\\\/28\\\/nueva-incorporacion-en-bahia-basket\\\/#respond\"]}]},{\"@type\":\"WebPage\",\"@id\":\"https:\\\/\\\/gentedebasquet.com.ar\\\/sitio\\\/2013\\\/12\\\/28\\\/nueva-incorporacion-en-bahia-basket\\\/\",\"url\":\"https:\\\/\\\/gentedebasquet.com.ar\\\/sitio\\\/2013\\\/12\\\/28\\\/nueva-incorporacion-en-bahia-basket\\\/\",\"name\":\"Nueva incorporaci\u00f3n en Bah\u00eda Basket - Gente de B\u00e1squet\",\"isPartOf\":{\"@id\":\"http:\\\/\\\/gentedebasquet.com.ar\\\/sitio\\\/#website\"},\"primaryImageOfPage\":{\"@id\":\"https:\\\/\\\/gentedebasquet.com.ar\\\/sitio\\\/2013\\\/12\\\/28\\\/nueva-incorporacion-en-bahia-basket\\\/#primaryimage\"},\"image\":{\"@id\":\"https:\\\/\\\/gentedebasquet.com.ar\\\/sitio\\\/2013\\\/12\\\/28\\\/nueva-incorporacion-en-bahia-basket\\\/#primaryimage\"},\"thumbnailUrl\":\"http:\\\/\\\/www.gentedebasquet.com.ar\\\/wp-content\\\/uploads\\\/2013\\\/12\\\/Tablero-1.jpg\",\"datePublished\":\"2013-12-28T15:33:59+00:00\",\"author\":{\"@id\":\"http:\\\/\\\/gentedebasquet.com.ar\\\/sitio\\\/#\\\/schema\\\/person\\\/ca0b63bbb977369988a7bbbdc519943a\"},\"breadcrumb\":{\"@id\":\"https:\\\/\\\/gentedebasquet.com.ar\\\/sitio\\\/2013\\\/12\\\/28\\\/nueva-incorporacion-en-bahia-basket\\\/#breadcrumb\"},\"inLanguage\":\"es\",\"potentialAction\":[{\"@type\":\"ReadAction\",\"target\":[\"https:\\\/\\\/gentedebasquet.com.ar\\\/sitio\\\/2013\\\/12\\\/28\\\/nueva-incorporacion-en-bahia-basket\\\/\"]}]},{\"@type\":\"ImageObject\",\"inLanguage\":\"es\",\"@id\":\"https:\\\/\\\/gentedebasquet.com.ar\\\/sitio\\\/2013\\\/12\\\/28\\\/nueva-incorporacion-en-bahia-basket\\\/#primaryimage\",\"url\":\"http:\\\/\\\/www.gentedebasquet.com.ar\\\/wp-content\\\/uploads\\\/2013\\\/12\\\/Tablero-1.jpg\",\"contentUrl\":\"http:\\\/\\\/www.gentedebasquet.com.ar\\\/wp-content\\\/uploads\\\/2013\\\/12\\\/Tablero-1.jpg\"},{\"@type\":\"BreadcrumbList\",\"@id\":\"https:\\\/\\\/gentedebasquet.com.ar\\\/sitio\\\/2013\\\/12\\\/28\\\/nueva-incorporacion-en-bahia-basket\\\/#breadcrumb\",\"itemListElement\":[{\"@type\":\"ListItem\",\"position\":1,\"name\":\"Portada\",\"item\":\"http:\\\/\\\/gentedebasquet.com.ar\\\/sitio\\\/\"},{\"@type\":\"ListItem\",\"position\":2,\"name\":\"Nueva incorporaci\u00f3n en Bah\u00eda Basket\"}]},{\"@type\":\"WebSite\",\"@id\":\"http:\\\/\\\/gentedebasquet.com.ar\\\/sitio\\\/#website\",\"url\":\"http:\\\/\\\/gentedebasquet.com.ar\\\/sitio\\\/\",\"name\":\"Gente de B\u00e1squet\",\"description\":\"La revista del basquet de Bah\u00eda Blanca\",\"potentialAction\":[{\"@type\":\"SearchAction\",\"target\":{\"@type\":\"EntryPoint\",\"urlTemplate\":\"http:\\\/\\\/gentedebasquet.com.ar\\\/sitio\\\/?s={search_term_string}\"},\"query-input\":{\"@type\":\"PropertyValueSpecification\",\"valueRequired\":true,\"valueName\":\"search_term_string\"}}],\"inLanguage\":\"es\"},{\"@type\":\"Person\",\"@id\":\"http:\\\/\\\/gentedebasquet.com.ar\\\/sitio\\\/#\\\/schema\\\/person\\\/ca0b63bbb977369988a7bbbdc519943a\",\"name\":\"Gente de B\u00e1squet\",\"image\":{\"@type\":\"ImageObject\",\"inLanguage\":\"es\",\"@id\":\"https:\\\/\\\/secure.gravatar.com\\\/avatar\\\/7f2c48bdc33b30088f941fb6082e555f2874c98e20cb159d7b92b50eadfce793?s=96&d=mm&r=g\",\"url\":\"https:\\\/\\\/secure.gravatar.com\\\/avatar\\\/7f2c48bdc33b30088f941fb6082e555f2874c98e20cb159d7b92b50eadfce793?s=96&d=mm&r=g\",\"contentUrl\":\"https:\\\/\\\/secure.gravatar.com\\\/avatar\\\/7f2c48bdc33b30088f941fb6082e555f2874c98e20cb159d7b92b50eadfce793?s=96&d=mm&r=g\",\"caption\":\"Gente de B\u00e1squet\"},\"sameAs\":[\"http:\\\/\\\/gentedebasquet.com.ar\\\/sitio\"],\"url\":\"https:\\\/\\\/gentedebasquet.com.ar\\\/sitio\\\/author\\\/ulises\\\/\"}]}<\/script>\n<!-- \/ Yoast SEO plugin. -->","yoast_head_json":{"title":"Nueva incorporaci\u00f3n en Bah\u00eda Basket - Gente de B\u00e1squet","robots":{"index":"index","follow":"follow","max-snippet":"max-snippet:-1","max-image-preview":"max-image-preview:large","max-video-preview":"max-video-preview:-1"},"canonical":"https:\/\/gentedebasquet.com.ar\/sitio\/2013\/12\/28\/nueva-incorporacion-en-bahia-basket\/","og_locale":"es_ES","og_type":"article","og_title":"Nueva incorporaci\u00f3n en Bah\u00eda Basket - Gente de B\u00e1squet","og_description":"La organizaci\u00f3n adquiri\u00f3 dos nuevos tableros electr\u00f3nicos y ya los est\u00e1 instalando en las alturas del Osvaldo Casanova. El equipo de Sebasti\u00e1n Gin\u00f3bili volver\u00e1 a jugar por LNB el pr\u00f3ximo mi\u00e9rcoles 8 de enero, cuando reciba a Gimnasia de Comodoro Rivadavia.","og_url":"https:\/\/gentedebasquet.com.ar\/sitio\/2013\/12\/28\/nueva-incorporacion-en-bahia-basket\/","og_site_name":"Gente de B\u00e1squet","article_published_time":"2013-12-28T15:33:59+00:00","og_image":[{"url":"http:\/\/www.gentedebasquet.com.ar\/wp-content\/uploads\/2013\/12\/Tablero-1.jpg","type":"","width":"","height":""}],"author":"Gente de B\u00e1squet","twitter_card":"summary_large_image","twitter_misc":{"Escrito por":"Gente de B\u00e1squet","Tiempo de lectura":"1 minuto"},"schema":{"@context":"https:\/\/schema.org","@graph":[{"@type":"Article","@id":"https:\/\/gentedebasquet.com.ar\/sitio\/2013\/12\/28\/nueva-incorporacion-en-bahia-basket\/#article","isPartOf":{"@id":"https:\/\/gentedebasquet.com.ar\/sitio\/2013\/12\/28\/nueva-incorporacion-en-bahia-basket\/"},"author":{"name":"Gente de B\u00e1squet","@id":"http:\/\/gentedebasquet.com.ar\/sitio\/#\/schema\/person\/ca0b63bbb977369988a7bbbdc519943a"},"headline":"Nueva incorporaci\u00f3n en Bah\u00eda Basket","datePublished":"2013-12-28T15:33:59+00:00","mainEntityOfPage":{"@id":"https:\/\/gentedebasquet.com.ar\/sitio\/2013\/12\/28\/nueva-incorporacion-en-bahia-basket\/"},"wordCount":183,"commentCount":0,"image":{"@id":"https:\/\/gentedebasquet.com.ar\/sitio\/2013\/12\/28\/nueva-incorporacion-en-bahia-basket\/#primaryimage"},"thumbnailUrl":"http:\/\/www.gentedebasquet.com.ar\/wp-content\/uploads\/2013\/12\/Tablero-1.jpg","keywords":["Bah\u00eda Basket"],"articleSection":["Bah\u00eda Basket"],"inLanguage":"es","potentialAction":[{"@type":"CommentAction","name":"Comment","target":["https:\/\/gentedebasquet.com.ar\/sitio\/2013\/12\/28\/nueva-incorporacion-en-bahia-basket\/#respond"]}]},{"@type":"WebPage","@id":"https:\/\/gentedebasquet.com.ar\/sitio\/2013\/12\/28\/nueva-incorporacion-en-bahia-basket\/","url":"https:\/\/gentedebasquet.com.ar\/sitio\/2013\/12\/28\/nueva-incorporacion-en-bahia-basket\/","name":"Nueva incorporaci\u00f3n en Bah\u00eda Basket - Gente de B\u00e1squet","isPartOf":{"@id":"http:\/\/gentedebasquet.com.ar\/sitio\/#website"},"primaryImageOfPage":{"@id":"https:\/\/gentedebasquet.com.ar\/sitio\/2013\/12\/28\/nueva-incorporacion-en-bahia-basket\/#primaryimage"},"image":{"@id":"https:\/\/gentedebasquet.com.ar\/sitio\/2013\/12\/28\/nueva-incorporacion-en-bahia-basket\/#primaryimage"},"thumbnailUrl":"http:\/\/www.gentedebasquet.com.ar\/wp-content\/uploads\/2013\/12\/Tablero-1.jpg","datePublished":"2013-12-28T15:33:59+00:00","author":{"@id":"http:\/\/gentedebasquet.com.ar\/sitio\/#\/schema\/person\/ca0b63bbb977369988a7bbbdc519943a"},"breadcrumb":{"@id":"https:\/\/gentedebasquet.com.ar\/sitio\/2013\/12\/28\/nueva-incorporacion-en-bahia-basket\/#breadcrumb"},"inLanguage":"es","potentialAction":[{"@type":"ReadAction","target":["https:\/\/gentedebasquet.com.ar\/sitio\/2013\/12\/28\/nueva-incorporacion-en-bahia-basket\/"]}]},{"@type":"ImageObject","inLanguage":"es","@id":"https:\/\/gentedebasquet.com.ar\/sitio\/2013\/12\/28\/nueva-incorporacion-en-bahia-basket\/#primaryimage","url":"http:\/\/www.gentedebasquet.com.ar\/wp-content\/uploads\/2013\/12\/Tablero-1.jpg","contentUrl":"http:\/\/www.gentedebasquet.com.ar\/wp-content\/uploads\/2013\/12\/Tablero-1.jpg"},{"@type":"BreadcrumbList","@id":"https:\/\/gentedebasquet.com.ar\/sitio\/2013\/12\/28\/nueva-incorporacion-en-bahia-basket\/#breadcrumb","itemListElement":[{"@type":"ListItem","position":1,"name":"Portada","item":"http:\/\/gentedebasquet.com.ar\/sitio\/"},{"@type":"ListItem","position":2,"name":"Nueva incorporaci\u00f3n en Bah\u00eda Basket"}]},{"@type":"WebSite","@id":"http:\/\/gentedebasquet.com.ar\/sitio\/#website","url":"http:\/\/gentedebasquet.com.ar\/sitio\/","name":"Gente de B\u00e1squet","description":"La revista del basquet de Bah\u00eda Blanca","potentialAction":[{"@type":"SearchAction","target":{"@type":"EntryPoint","urlTemplate":"http:\/\/gentedebasquet.com.ar\/sitio\/?s={search_term_string}"},"query-input":{"@type":"PropertyValueSpecification","valueRequired":true,"valueName":"search_term_string"}}],"inLanguage":"es"},{"@type":"Person","@id":"http:\/\/gentedebasquet.com.ar\/sitio\/#\/schema\/person\/ca0b63bbb977369988a7bbbdc519943a","name":"Gente de B\u00e1squet","image":{"@type":"ImageObject","inLanguage":"es","@id":"https:\/\/secure.gravatar.com\/avatar\/7f2c48bdc33b30088f941fb6082e555f2874c98e20cb159d7b92b50eadfce793?s=96&d=mm&r=g","url":"https:\/\/secure.gravatar.com\/avatar\/7f2c48bdc33b30088f941fb6082e555f2874c98e20cb159d7b92b50eadfce793?s=96&d=mm&r=g","contentUrl":"https:\/\/secure.gravatar.com\/avatar\/7f2c48bdc33b30088f941fb6082e555f2874c98e20cb159d7b92b50eadfce793?s=96&d=mm&r=g","caption":"Gente de B\u00e1squet"},"sameAs":["http:\/\/gentedebasquet.com.ar\/sitio"],"url":"https:\/\/gentedebasquet.com.ar\/sitio\/author\/ulises\/"}]}},"_links":{"self":[{"href":"https:\/\/gentedebasquet.com.ar\/sitio\/wp-json\/wp\/v2\/posts\/20967","targetHints":{"allow":["GET"]}}],"collection":[{"href":"https:\/\/gentedebasquet.com.ar\/sitio\/wp-json\/wp\/v2\/posts"}],"about":[{"href":"https:\/\/gentedebasquet.com.ar\/sitio\/wp-json\/wp\/v2\/types\/post"}],"author":[{"embeddable":true,"href":"https:\/\/gentedebasquet.com.ar\/sitio\/wp-json\/wp\/v2\/users\/1"}],"replies":[{"embeddable":true,"href":"https:\/\/gentedebasquet.com.ar\/sitio\/wp-json\/wp\/v2\/comments?post=20967"}],"version-history":[{"count":0,"href":"https:\/\/gentedebasquet.com.ar\/sitio\/wp-json\/wp\/v2\/posts\/20967\/revisions"}],"wp:attachment":[{"href":"https:\/\/gentedebasquet.com.ar\/sitio\/wp-json\/wp\/v2\/media?parent=20967"}],"wp:term":[{"taxonomy":"category","embeddable":true,"href":"https:\/\/gentedebasquet.com.ar\/sitio\/wp-json\/wp\/v2\/categories?post=20967"},{"taxonomy":"post_tag","embeddable":true,"href":"https:\/\/gentedebasquet.com.ar\/sitio\/wp-json\/wp\/v2\/tags?post=20967"}],"curies":[{"name":"wp","href":"https:\/\/api.w.org\/{rel}","templated":true}]}}