{"id":20972,"date":"2013-12-29T00:04:39","date_gmt":"2013-12-29T00:04:39","guid":{"rendered":"http:\/\/www.gentedebasquet.com.ar\/?p=20972"},"modified":"2013-12-29T00:04:39","modified_gmt":"2013-12-29T00:04:39","slug":"seremos-un-equipo-mas-duro-y-mas-compacto","status":"publish","type":"post","link":"https:\/\/gentedebasquet.com.ar\/sitio\/2013\/12\/29\/seremos-un-equipo-mas-duro-y-mas-compacto\/","title":{"rendered":"\u00abSeremos un equipo m\u00e1s duro y m\u00e1s compacto\u00bb"},"content":{"rendered":"<p><em><strong><a href=\"http:\/\/www.gentedebasquet.com.ar\/wp-content\/uploads\/2013\/12\/Diego-Gerbaudo.jpg\"><img decoding=\"async\" class=\"alignnone size-full wp-image-20973\" title=\"Diego Gerbaudo\" src=\"http:\/\/www.gentedebasquet.com.ar\/wp-content\/uploads\/2013\/12\/Diego-Gerbaudo.jpg\" alt=\"\" width=\"448\" height=\"336\" \/><\/a>Bah\u00eda Basket volvi\u00f3 a los entrenamientos tras dos semanas de descanso y ya prepara el partido del pr\u00f3ximo mi\u00e9rcoles 8 de enero ante Gimnasia deComodoro Rivadavia, en condici\u00f3n de local. El base Diego Gerbaudo, en exclusiva con el departamento de prensa de la organizaci\u00f3n, realiz\u00f3 un balance de la primera parte de la Liga.<!--more--><\/strong><\/em><\/p>\n<p><em><strong>Teniendo en cuenta que pasaste por una lesi\u00f3n que te dej\u00f3 afuera los primeros partidos, \u00bfc\u00f3mo viviste esta primera parte de la temporada a nivel equipo y personal?<\/strong><\/em><\/p>\n<p>A nivel equipo creo que fuimos un poco irregulares. Pienso que tuvimos momentos y juegos muy buenos, pero tambi\u00e9n hubo juegos no tan buenos. Esperemos haber aprendido de la primera parte del a\u00f1o. Ahora ya conocemos a casi todos los equipos, asique ser\u00e1 cuesti\u00f3n de tratar entrar m\u00e1s duro a los partidos y saber que esta es una liga muy dura.<\/p>\n<p><em><strong>\u00bfQu\u00e9 cosas logras sacar en positivo cuando te toca jugar el doble base con Gast\u00f3n Whelan?<\/strong><\/em><\/p>\n<p>Me siento c\u00f3modo. Gast\u00f3n da mucha seguridad en el traslado de la pelota y como somos bases nos entendemos bastante. \u00c9l es un jugador muy inteligente y tiene mucho para dar.<\/p>\n<p><em><strong>Teniendo en cuenta que junto a Lisandro Rasio fueron los m\u00e1s regulares del equipo, \u00bfc\u00f3mo manejas esta situaci\u00f3n?<\/strong><\/em><\/p>\n<p>Sabemos que tenemos que ser eso en el equipo, ya que junto con Lisandro somos los m\u00e1s grandes del equipo. Tenemos que aportar nuestros conocimientos de la liga y nuestra experiencia. Los chicos lo est\u00e1n captando muy bien. Sabemos que estamos careciendo abajo del aro y nos hace falta un jugador que nos d\u00e9 m\u00e1s cosas. Clark y Rasio se est\u00e1n esforzando mucho, esperemos poder conseguir un cinco que nos aporte soluciones.<\/p>\n<p><em><strong>Ya comenzaron con los entrenamientos de cara a la segunda parte del a\u00f1o. \u00bfCu\u00e1l es el equipo que se ver\u00e1 en esta parte?<\/strong><\/em><\/p>\n<p>Seremos un equipo m\u00e1s duro y m\u00e1s compacto. Venimos de varios meses de trabajo y de a poco vamos captando m\u00e1s lo que quiere \u201cSepo\u201d Gin\u00f3bili.<br \/>\nSab\u00edamos que esto iba a costar porque somos todos jugadores j\u00f3venes. Hay partidos en los que nos falta muy poquito y los estamos perdiendo en los \u00faltimos cuartos porque no sabemos cerrarlo bien.<br \/>\nPienso que estamos a la altura y hubo partidos que se nos escaparon por muy poco.<\/p>\n<p><strong>Fuente:<\/strong> Prensa Bah\u00eda Basket.<\/p>\n<p><strong>Foto:<\/strong> <a href=\"https:\/\/twitter.com\/MGalvezPD\" target=\"_blank\" rel=\"noopener\">Mart\u00edn G\u00e1lvez<\/a> para <strong>Gente de B\u00e1squet<\/strong>.<\/p>\n","protected":false},"excerpt":{"rendered":"<p>Bah\u00eda Basket volvi\u00f3 a los entrenamientos tras dos semanas de descanso y ya prepara el partido del pr\u00f3ximo mi\u00e9rcoles 8 de enero ante Gimnasia deComodoro Rivadavia, en condici\u00f3n de local. El base Diego Gerbaudo, en exclusiva con el departamento de prensa de la organizaci\u00f3n, realiz\u00f3 un balance de la primera parte de la Liga.<\/p>\n","protected":false},"author":1,"featured_media":0,"comment_status":"open","ping_status":"open","sticky":false,"template":"","format":"standard","meta":{"jnews-multi-image_gallery":[],"jnews_single_post":[],"jnews_primary_category":[],"footnotes":""},"categories":[57],"tags":[58],"class_list":["post-20972","post","type-post","status-publish","format-standard","hentry","category-bahia-basket","tag-bahiabasket"],"yoast_head":"<!-- This site is optimized with the Yoast SEO plugin v27.5 - https:\/\/yoast.com\/product\/yoast-seo-wordpress\/ -->\n<title>&quot;Seremos un equipo m\u00e1s duro y m\u00e1s compacto&quot; - Gente de B\u00e1squet<\/title>\n<meta name=\"robots\" content=\"index, follow, max-snippet:-1, max-image-preview:large, max-video-preview:-1\" \/>\n<link rel=\"canonical\" href=\"https:\/\/gentedebasquet.com.ar\/sitio\/2013\/12\/29\/seremos-un-equipo-mas-duro-y-mas-compacto\/\" \/>\n<meta property=\"og:locale\" content=\"es_ES\" \/>\n<meta property=\"og:type\" content=\"article\" \/>\n<meta property=\"og:title\" content=\"&quot;Seremos un equipo m\u00e1s duro y m\u00e1s compacto&quot; - Gente de B\u00e1squet\" \/>\n<meta property=\"og:description\" content=\"Bah\u00eda Basket volvi\u00f3 a los entrenamientos tras dos semanas de descanso y ya prepara el partido del pr\u00f3ximo mi\u00e9rcoles 8 de enero ante Gimnasia deComodoro Rivadavia, en condici\u00f3n de local. El base Diego Gerbaudo, en exclusiva con el departamento de prensa de la organizaci\u00f3n, realiz\u00f3 un balance de la primera parte de la Liga.\" \/>\n<meta property=\"og:url\" content=\"https:\/\/gentedebasquet.com.ar\/sitio\/2013\/12\/29\/seremos-un-equipo-mas-duro-y-mas-compacto\/\" \/>\n<meta property=\"og:site_name\" content=\"Gente de B\u00e1squet\" \/>\n<meta property=\"article:published_time\" content=\"2013-12-29T00:04:39+00:00\" \/>\n<meta property=\"og:image\" content=\"http:\/\/www.gentedebasquet.com.ar\/wp-content\/uploads\/2013\/12\/Diego-Gerbaudo.jpg\" \/>\n<meta name=\"author\" content=\"Gente de B\u00e1squet\" \/>\n<meta name=\"twitter:card\" content=\"summary_large_image\" \/>\n<meta name=\"twitter:label1\" content=\"Escrito por\" \/>\n\t<meta name=\"twitter:data1\" content=\"Gente de B\u00e1squet\" \/>\n\t<meta name=\"twitter:label2\" content=\"Tiempo de lectura\" \/>\n\t<meta name=\"twitter:data2\" content=\"2 minutos\" \/>\n<script type=\"application\/ld+json\" class=\"yoast-schema-graph\">{\"@context\":\"https:\\\/\\\/schema.org\",\"@graph\":[{\"@type\":\"Article\",\"@id\":\"https:\\\/\\\/gentedebasquet.com.ar\\\/sitio\\\/2013\\\/12\\\/29\\\/seremos-un-equipo-mas-duro-y-mas-compacto\\\/#article\",\"isPartOf\":{\"@id\":\"https:\\\/\\\/gentedebasquet.com.ar\\\/sitio\\\/2013\\\/12\\\/29\\\/seremos-un-equipo-mas-duro-y-mas-compacto\\\/\"},\"author\":{\"name\":\"Gente de B\u00e1squet\",\"@id\":\"http:\\\/\\\/gentedebasquet.com.ar\\\/sitio\\\/#\\\/schema\\\/person\\\/ca0b63bbb977369988a7bbbdc519943a\"},\"headline\":\"\u00abSeremos un equipo m\u00e1s duro y m\u00e1s compacto\u00bb\",\"datePublished\":\"2013-12-29T00:04:39+00:00\",\"mainEntityOfPage\":{\"@id\":\"https:\\\/\\\/gentedebasquet.com.ar\\\/sitio\\\/2013\\\/12\\\/29\\\/seremos-un-equipo-mas-duro-y-mas-compacto\\\/\"},\"wordCount\":431,\"commentCount\":0,\"image\":{\"@id\":\"https:\\\/\\\/gentedebasquet.com.ar\\\/sitio\\\/2013\\\/12\\\/29\\\/seremos-un-equipo-mas-duro-y-mas-compacto\\\/#primaryimage\"},\"thumbnailUrl\":\"http:\\\/\\\/www.gentedebasquet.com.ar\\\/wp-content\\\/uploads\\\/2013\\\/12\\\/Diego-Gerbaudo.jpg\",\"keywords\":[\"Bah\u00eda Basket\"],\"articleSection\":[\"Bah\u00eda Basket\"],\"inLanguage\":\"es\",\"potentialAction\":[{\"@type\":\"CommentAction\",\"name\":\"Comment\",\"target\":[\"https:\\\/\\\/gentedebasquet.com.ar\\\/sitio\\\/2013\\\/12\\\/29\\\/seremos-un-equipo-mas-duro-y-mas-compacto\\\/#respond\"]}]},{\"@type\":\"WebPage\",\"@id\":\"https:\\\/\\\/gentedebasquet.com.ar\\\/sitio\\\/2013\\\/12\\\/29\\\/seremos-un-equipo-mas-duro-y-mas-compacto\\\/\",\"url\":\"https:\\\/\\\/gentedebasquet.com.ar\\\/sitio\\\/2013\\\/12\\\/29\\\/seremos-un-equipo-mas-duro-y-mas-compacto\\\/\",\"name\":\"\\\"Seremos un equipo m\u00e1s duro y m\u00e1s compacto\\\" - Gente de B\u00e1squet\",\"isPartOf\":{\"@id\":\"http:\\\/\\\/gentedebasquet.com.ar\\\/sitio\\\/#website\"},\"primaryImageOfPage\":{\"@id\":\"https:\\\/\\\/gentedebasquet.com.ar\\\/sitio\\\/2013\\\/12\\\/29\\\/seremos-un-equipo-mas-duro-y-mas-compacto\\\/#primaryimage\"},\"image\":{\"@id\":\"https:\\\/\\\/gentedebasquet.com.ar\\\/sitio\\\/2013\\\/12\\\/29\\\/seremos-un-equipo-mas-duro-y-mas-compacto\\\/#primaryimage\"},\"thumbnailUrl\":\"http:\\\/\\\/www.gentedebasquet.com.ar\\\/wp-content\\\/uploads\\\/2013\\\/12\\\/Diego-Gerbaudo.jpg\",\"datePublished\":\"2013-12-29T00:04:39+00:00\",\"author\":{\"@id\":\"http:\\\/\\\/gentedebasquet.com.ar\\\/sitio\\\/#\\\/schema\\\/person\\\/ca0b63bbb977369988a7bbbdc519943a\"},\"breadcrumb\":{\"@id\":\"https:\\\/\\\/gentedebasquet.com.ar\\\/sitio\\\/2013\\\/12\\\/29\\\/seremos-un-equipo-mas-duro-y-mas-compacto\\\/#breadcrumb\"},\"inLanguage\":\"es\",\"potentialAction\":[{\"@type\":\"ReadAction\",\"target\":[\"https:\\\/\\\/gentedebasquet.com.ar\\\/sitio\\\/2013\\\/12\\\/29\\\/seremos-un-equipo-mas-duro-y-mas-compacto\\\/\"]}]},{\"@type\":\"ImageObject\",\"inLanguage\":\"es\",\"@id\":\"https:\\\/\\\/gentedebasquet.com.ar\\\/sitio\\\/2013\\\/12\\\/29\\\/seremos-un-equipo-mas-duro-y-mas-compacto\\\/#primaryimage\",\"url\":\"http:\\\/\\\/www.gentedebasquet.com.ar\\\/wp-content\\\/uploads\\\/2013\\\/12\\\/Diego-Gerbaudo.jpg\",\"contentUrl\":\"http:\\\/\\\/www.gentedebasquet.com.ar\\\/wp-content\\\/uploads\\\/2013\\\/12\\\/Diego-Gerbaudo.jpg\"},{\"@type\":\"BreadcrumbList\",\"@id\":\"https:\\\/\\\/gentedebasquet.com.ar\\\/sitio\\\/2013\\\/12\\\/29\\\/seremos-un-equipo-mas-duro-y-mas-compacto\\\/#breadcrumb\",\"itemListElement\":[{\"@type\":\"ListItem\",\"position\":1,\"name\":\"Portada\",\"item\":\"http:\\\/\\\/gentedebasquet.com.ar\\\/sitio\\\/\"},{\"@type\":\"ListItem\",\"position\":2,\"name\":\"\u00abSeremos un equipo m\u00e1s duro y m\u00e1s compacto\u00bb\"}]},{\"@type\":\"WebSite\",\"@id\":\"http:\\\/\\\/gentedebasquet.com.ar\\\/sitio\\\/#website\",\"url\":\"http:\\\/\\\/gentedebasquet.com.ar\\\/sitio\\\/\",\"name\":\"Gente de B\u00e1squet\",\"description\":\"La revista del basquet de Bah\u00eda Blanca\",\"potentialAction\":[{\"@type\":\"SearchAction\",\"target\":{\"@type\":\"EntryPoint\",\"urlTemplate\":\"http:\\\/\\\/gentedebasquet.com.ar\\\/sitio\\\/?s={search_term_string}\"},\"query-input\":{\"@type\":\"PropertyValueSpecification\",\"valueRequired\":true,\"valueName\":\"search_term_string\"}}],\"inLanguage\":\"es\"},{\"@type\":\"Person\",\"@id\":\"http:\\\/\\\/gentedebasquet.com.ar\\\/sitio\\\/#\\\/schema\\\/person\\\/ca0b63bbb977369988a7bbbdc519943a\",\"name\":\"Gente de B\u00e1squet\",\"image\":{\"@type\":\"ImageObject\",\"inLanguage\":\"es\",\"@id\":\"https:\\\/\\\/secure.gravatar.com\\\/avatar\\\/7f2c48bdc33b30088f941fb6082e555f2874c98e20cb159d7b92b50eadfce793?s=96&d=mm&r=g\",\"url\":\"https:\\\/\\\/secure.gravatar.com\\\/avatar\\\/7f2c48bdc33b30088f941fb6082e555f2874c98e20cb159d7b92b50eadfce793?s=96&d=mm&r=g\",\"contentUrl\":\"https:\\\/\\\/secure.gravatar.com\\\/avatar\\\/7f2c48bdc33b30088f941fb6082e555f2874c98e20cb159d7b92b50eadfce793?s=96&d=mm&r=g\",\"caption\":\"Gente de B\u00e1squet\"},\"sameAs\":[\"http:\\\/\\\/gentedebasquet.com.ar\\\/sitio\"],\"url\":\"https:\\\/\\\/gentedebasquet.com.ar\\\/sitio\\\/author\\\/ulises\\\/\"}]}<\/script>\n<!-- \/ Yoast SEO plugin. -->","yoast_head_json":{"title":"\"Seremos un equipo m\u00e1s duro y m\u00e1s compacto\" - Gente de B\u00e1squet","robots":{"index":"index","follow":"follow","max-snippet":"max-snippet:-1","max-image-preview":"max-image-preview:large","max-video-preview":"max-video-preview:-1"},"canonical":"https:\/\/gentedebasquet.com.ar\/sitio\/2013\/12\/29\/seremos-un-equipo-mas-duro-y-mas-compacto\/","og_locale":"es_ES","og_type":"article","og_title":"\"Seremos un equipo m\u00e1s duro y m\u00e1s compacto\" - Gente de B\u00e1squet","og_description":"Bah\u00eda Basket volvi\u00f3 a los entrenamientos tras dos semanas de descanso y ya prepara el partido del pr\u00f3ximo mi\u00e9rcoles 8 de enero ante Gimnasia deComodoro Rivadavia, en condici\u00f3n de local. El base Diego Gerbaudo, en exclusiva con el departamento de prensa de la organizaci\u00f3n, realiz\u00f3 un balance de la primera parte de la Liga.","og_url":"https:\/\/gentedebasquet.com.ar\/sitio\/2013\/12\/29\/seremos-un-equipo-mas-duro-y-mas-compacto\/","og_site_name":"Gente de B\u00e1squet","article_published_time":"2013-12-29T00:04:39+00:00","og_image":[{"url":"http:\/\/www.gentedebasquet.com.ar\/wp-content\/uploads\/2013\/12\/Diego-Gerbaudo.jpg","type":"","width":"","height":""}],"author":"Gente de B\u00e1squet","twitter_card":"summary_large_image","twitter_misc":{"Escrito por":"Gente de B\u00e1squet","Tiempo de lectura":"2 minutos"},"schema":{"@context":"https:\/\/schema.org","@graph":[{"@type":"Article","@id":"https:\/\/gentedebasquet.com.ar\/sitio\/2013\/12\/29\/seremos-un-equipo-mas-duro-y-mas-compacto\/#article","isPartOf":{"@id":"https:\/\/gentedebasquet.com.ar\/sitio\/2013\/12\/29\/seremos-un-equipo-mas-duro-y-mas-compacto\/"},"author":{"name":"Gente de B\u00e1squet","@id":"http:\/\/gentedebasquet.com.ar\/sitio\/#\/schema\/person\/ca0b63bbb977369988a7bbbdc519943a"},"headline":"\u00abSeremos un equipo m\u00e1s duro y m\u00e1s compacto\u00bb","datePublished":"2013-12-29T00:04:39+00:00","mainEntityOfPage":{"@id":"https:\/\/gentedebasquet.com.ar\/sitio\/2013\/12\/29\/seremos-un-equipo-mas-duro-y-mas-compacto\/"},"wordCount":431,"commentCount":0,"image":{"@id":"https:\/\/gentedebasquet.com.ar\/sitio\/2013\/12\/29\/seremos-un-equipo-mas-duro-y-mas-compacto\/#primaryimage"},"thumbnailUrl":"http:\/\/www.gentedebasquet.com.ar\/wp-content\/uploads\/2013\/12\/Diego-Gerbaudo.jpg","keywords":["Bah\u00eda Basket"],"articleSection":["Bah\u00eda Basket"],"inLanguage":"es","potentialAction":[{"@type":"CommentAction","name":"Comment","target":["https:\/\/gentedebasquet.com.ar\/sitio\/2013\/12\/29\/seremos-un-equipo-mas-duro-y-mas-compacto\/#respond"]}]},{"@type":"WebPage","@id":"https:\/\/gentedebasquet.com.ar\/sitio\/2013\/12\/29\/seremos-un-equipo-mas-duro-y-mas-compacto\/","url":"https:\/\/gentedebasquet.com.ar\/sitio\/2013\/12\/29\/seremos-un-equipo-mas-duro-y-mas-compacto\/","name":"\"Seremos un equipo m\u00e1s duro y m\u00e1s compacto\" - Gente de B\u00e1squet","isPartOf":{"@id":"http:\/\/gentedebasquet.com.ar\/sitio\/#website"},"primaryImageOfPage":{"@id":"https:\/\/gentedebasquet.com.ar\/sitio\/2013\/12\/29\/seremos-un-equipo-mas-duro-y-mas-compacto\/#primaryimage"},"image":{"@id":"https:\/\/gentedebasquet.com.ar\/sitio\/2013\/12\/29\/seremos-un-equipo-mas-duro-y-mas-compacto\/#primaryimage"},"thumbnailUrl":"http:\/\/www.gentedebasquet.com.ar\/wp-content\/uploads\/2013\/12\/Diego-Gerbaudo.jpg","datePublished":"2013-12-29T00:04:39+00:00","author":{"@id":"http:\/\/gentedebasquet.com.ar\/sitio\/#\/schema\/person\/ca0b63bbb977369988a7bbbdc519943a"},"breadcrumb":{"@id":"https:\/\/gentedebasquet.com.ar\/sitio\/2013\/12\/29\/seremos-un-equipo-mas-duro-y-mas-compacto\/#breadcrumb"},"inLanguage":"es","potentialAction":[{"@type":"ReadAction","target":["https:\/\/gentedebasquet.com.ar\/sitio\/2013\/12\/29\/seremos-un-equipo-mas-duro-y-mas-compacto\/"]}]},{"@type":"ImageObject","inLanguage":"es","@id":"https:\/\/gentedebasquet.com.ar\/sitio\/2013\/12\/29\/seremos-un-equipo-mas-duro-y-mas-compacto\/#primaryimage","url":"http:\/\/www.gentedebasquet.com.ar\/wp-content\/uploads\/2013\/12\/Diego-Gerbaudo.jpg","contentUrl":"http:\/\/www.gentedebasquet.com.ar\/wp-content\/uploads\/2013\/12\/Diego-Gerbaudo.jpg"},{"@type":"BreadcrumbList","@id":"https:\/\/gentedebasquet.com.ar\/sitio\/2013\/12\/29\/seremos-un-equipo-mas-duro-y-mas-compacto\/#breadcrumb","itemListElement":[{"@type":"ListItem","position":1,"name":"Portada","item":"http:\/\/gentedebasquet.com.ar\/sitio\/"},{"@type":"ListItem","position":2,"name":"\u00abSeremos un equipo m\u00e1s duro y m\u00e1s compacto\u00bb"}]},{"@type":"WebSite","@id":"http:\/\/gentedebasquet.com.ar\/sitio\/#website","url":"http:\/\/gentedebasquet.com.ar\/sitio\/","name":"Gente de B\u00e1squet","description":"La revista del basquet de Bah\u00eda Blanca","potentialAction":[{"@type":"SearchAction","target":{"@type":"EntryPoint","urlTemplate":"http:\/\/gentedebasquet.com.ar\/sitio\/?s={search_term_string}"},"query-input":{"@type":"PropertyValueSpecification","valueRequired":true,"valueName":"search_term_string"}}],"inLanguage":"es"},{"@type":"Person","@id":"http:\/\/gentedebasquet.com.ar\/sitio\/#\/schema\/person\/ca0b63bbb977369988a7bbbdc519943a","name":"Gente de B\u00e1squet","image":{"@type":"ImageObject","inLanguage":"es","@id":"https:\/\/secure.gravatar.com\/avatar\/7f2c48bdc33b30088f941fb6082e555f2874c98e20cb159d7b92b50eadfce793?s=96&d=mm&r=g","url":"https:\/\/secure.gravatar.com\/avatar\/7f2c48bdc33b30088f941fb6082e555f2874c98e20cb159d7b92b50eadfce793?s=96&d=mm&r=g","contentUrl":"https:\/\/secure.gravatar.com\/avatar\/7f2c48bdc33b30088f941fb6082e555f2874c98e20cb159d7b92b50eadfce793?s=96&d=mm&r=g","caption":"Gente de B\u00e1squet"},"sameAs":["http:\/\/gentedebasquet.com.ar\/sitio"],"url":"https:\/\/gentedebasquet.com.ar\/sitio\/author\/ulises\/"}]}},"_links":{"self":[{"href":"https:\/\/gentedebasquet.com.ar\/sitio\/wp-json\/wp\/v2\/posts\/20972","targetHints":{"allow":["GET"]}}],"collection":[{"href":"https:\/\/gentedebasquet.com.ar\/sitio\/wp-json\/wp\/v2\/posts"}],"about":[{"href":"https:\/\/gentedebasquet.com.ar\/sitio\/wp-json\/wp\/v2\/types\/post"}],"author":[{"embeddable":true,"href":"https:\/\/gentedebasquet.com.ar\/sitio\/wp-json\/wp\/v2\/users\/1"}],"replies":[{"embeddable":true,"href":"https:\/\/gentedebasquet.com.ar\/sitio\/wp-json\/wp\/v2\/comments?post=20972"}],"version-history":[{"count":0,"href":"https:\/\/gentedebasquet.com.ar\/sitio\/wp-json\/wp\/v2\/posts\/20972\/revisions"}],"wp:attachment":[{"href":"https:\/\/gentedebasquet.com.ar\/sitio\/wp-json\/wp\/v2\/media?parent=20972"}],"wp:term":[{"taxonomy":"category","embeddable":true,"href":"https:\/\/gentedebasquet.com.ar\/sitio\/wp-json\/wp\/v2\/categories?post=20972"},{"taxonomy":"post_tag","embeddable":true,"href":"https:\/\/gentedebasquet.com.ar\/sitio\/wp-json\/wp\/v2\/tags?post=20972"}],"curies":[{"name":"wp","href":"https:\/\/api.w.org\/{rel}","templated":true}]}}