{"id":20983,"date":"2013-12-30T01:50:22","date_gmt":"2013-12-30T01:50:22","guid":{"rendered":"http:\/\/www.gentedebasquet.com.ar\/?p=20983"},"modified":"2013-12-30T01:50:22","modified_gmt":"2013-12-30T01:50:22","slug":"caspeon-con-el-ultimo-aliento","status":"publish","type":"post","link":"https:\/\/gentedebasquet.com.ar\/sitio\/2013\/12\/30\/caspeon-con-el-ultimo-aliento\/","title":{"rendered":"Caspe\u00f3n con el \u00faltimo aliento"},"content":{"rendered":"<p><em><strong>Puerto Comercial se qued\u00f3 con el t\u00edtulo en Segunda Divisi\u00f3n al vencer en el quinto juego de las finales a Independiente, por 89 a 58. \u00abPancho\u00bb Caspe se retir\u00f3 del b\u00e1squetbol con una tremenda noche: 29 puntos (3\/6 3p), 11 rebotes y 2 asistencias. Adem\u00e1s, Maidana sum\u00f3 20 y Andreanelli (foto) 15. Ambos, junto a Olimpo, jugar\u00e1n en Primera en 2014. Musumeci, que solo disput\u00f3 el primer tiempo (lesi\u00f3n en una mano), sum\u00f3 13 puntos.<!--more--><\/strong><\/em><\/p>\n<p>Apenas 14 segundos le bastaron a Ignacio Caspe para marcar el camino. Su primer triple de la noche puso arriba a Comercial en el comienzo del quinto juego de las finales en Segunda y, pese a que Independiente pas\u00f3 al frente con una conversi\u00f3n de Massa (6-8) y una bomba de Musumeci (9-11), el local no volvi\u00f3 a soltar el mando en la noche que lo termin\u00f3 consagrando como el mejor de la categor\u00eda, en 2013.<\/p>\n<p>Dos jugadas de doble y falta (Acebedo y Harina) le devolvieron la ventaja al portuario al cierre del 1C. Luego, m\u00e1s all\u00e1 de la mano de Musumeci a distancia y el buen pasaje de De La Torre sustituyendo a Bert\u00f3n (cargado con faltas), todo fue del conjunto dirigido por Mario Errazu desde el banco y por Am\u00edlcar Andreanelli sobre el parquet. Justamente, un acierto desde 6.75 metros del base (24-16) oblig\u00f3 a Palumbo a detener el juego a 6m37 del descanso largo.<\/p>\n<p>Nada cambi\u00f3 tras el minuto. Caspe fue imparable en la pintura, movi\u00e9ndose con paciencia e inteligencia, y Maidana comenz\u00f3 a mostrar que iba a tener una noche efectiva. El interno apareci\u00f3 desde el banco con la mira calibrada y no fall\u00f3 sus primeros diez intentos de cancha. Encima, Musumeci no pudo seguir por un fuerte dolor en su mano derecha. Con todo, un robo de Santini seguido de asistencia a Andreanelli pr\u00e1cticamente cerr\u00f3 el juego. Quedaban 5m51 del 3C cuando el local sac\u00f3 25 puntos de luz y le comenz\u00f3 a bajar la persiana a la final.<\/p>\n<p>Independiente sinti\u00f3 el mal porcentaje en triples (24), pero nunca pudo poner en juego a Bert\u00f3n (si se las ingeni\u00f3 en el uno contra uno) y extra\u00f1\u00f3 a Lella y Massa. El perimetral no anot\u00f3 en cancha y el alero solo baj\u00f3 3 rebotes para acompa\u00f1ar sus 10 puntos. As\u00ed, solo con la frescura de Reschini, al Viola no le alcanz\u00f3 para volver al partido. Puerto Comercial mantuvo la intensidad, movi\u00f3 bien la bola y se adue\u00f1\u00f3 de campeonato para cerrar el a\u00f1o con una satisfacci\u00f3n extra.<\/p>\n<p><span style=\"color: #ffcc99;\">.<\/span><\/p>\n<p><strong><em><span style=\"text-decoration: underline;\">S\u00edntesis:<\/span><\/em><\/strong><\/p>\n<p><strong>Comercial 89 (3):<\/strong><\/p>\n<p>Iniciales: Am\u00edlcar Andreanelli (15), Juan Cruz Santini (6), Federico Harina (5), Walter Acebedo (9) e Ignacio Caspe (29).<\/p>\n<p>Ingresaron: Juan Ignacio De Pastena (2), Andr\u00e9s Maidana (209, Ignacio \u00c9rcoli (0), Federico Congos (3), Nicol\u00e1s Fern\u00e1ndez (0), Nicol\u00e1s Vallejos (0) y Ariel Italiano (0).<\/p>\n<p>DT: Mario Errazu.<\/p>\n<p><strong>Independiente 58 (2):<\/strong><\/p>\n<p>Iniciales: Javier Musumeci (13), Dalmiro Lella (5), Mauro Montanaro (5), C\u00e9sar Massa (10) y Maximiliano Bert\u00f3n (10).<\/p>\n<p>Ingresaron: Juan Cruz Reschini (11), Gabriel De La Torre (4), Iv\u00e1n Cataldo (0), Uriel Mart\u00ednez (0), Juli\u00e1n Carminatti (0), Hern\u00e1n Fern\u00e1ndez (0) y Agust\u00edn Mambriani (0)<\/p>\n<p>DT:\u00a0Juan Sergio Palumbo.<\/p>\n<p><span style=\"color: #ffcc99;\">.<\/span><\/p>\n<p><strong>Cuartos: <\/strong>Comercial 14-11, 35-27 (21-16), 65-44 (30-17) y 89-58 (24-14).<\/p>\n<p><strong>Cinco faltas: <\/strong>nadie lleg\u00f3 al l\u00edmite.<\/p>\n<p><strong>\u00c1rbitros: <\/strong>Horacio Sed\u00e1n, Miguel Firpo y Javier S\u00e1nchez.<\/p>\n<p><strong>Serie:<\/strong> Comercial 3-2.<\/p>\n<p><a class=\"modalf iframe\" title=\"Planilla\" href=\"https:\/\/docs.google.com\/spreadsheet\/pub?key=0AhWH6MgjN9X5dEtLZXk2ZGFsRHFDaktnY3NBdlk0dnc&amp;single=true&amp;gid=0&amp;output=html\">Ver Planilla<\/a><\/p>\n<p><span style=\"color: #ffcc99;\">.<\/span><\/p>\n<p><em><strong>El \u00faltimo de \u00abPancho\u00bb, los perros y el reloj de 24s<\/strong><\/em><\/p>\n<p>Ignacio Caspe finalmente le dijo adi\u00f3s al b\u00e1squetbol. Y vaya si se despidi\u00f3 a lo grande. El interno termin\u00f3 siendo el MVP del quinto juego de las finales, con 34 de valoraci\u00f3n producto de sus 29 puntos y 11 rebotes. A 3m34 del ep\u00edlogo fue sustituido y ovacionado por el p\u00fablico presente.<\/p>\n<p>[vimeo clip_id=\u00bb82925352&#8243;]<\/p>\n<p>En varias ocasiones (cuatro por lo menos), los jueces debieron detener el juego por una invasi\u00f3n canina que se produjo en el parquet del Giorgetti. \u00a1S\u00e1quenlos, necesitamos jugar!, exclam\u00f3 Errazu a un costado. Auxiliares y el propio Acebedo se encargaron de que los perros no vieran los \u00faltimos minutos del partido.<\/p>\n<p><a href=\"http:\/\/www.gentedebasquet.com.ar\/wp-content\/uploads\/2013\/12\/Comercial-Independiente1.jpg\"><img decoding=\"async\" title=\"Comercial Independiente\" alt=\"\" src=\"http:\/\/www.gentedebasquet.com.ar\/wp-content\/uploads\/2013\/12\/Comercial-Independiente1.jpg\" width=\"448\" height=\"336\" \/><\/a><\/p>\n<p>Quedaban 2m16s cuando el reloj de 24s dijo basta (ganaba Comercial 86-58). Desde la mesa de control avisaron a Javier S\u00e1nchez -el \u00e1rbitro que m\u00e1s cerca estaba- y el juez le comunic\u00f3 la situaci\u00f3n a Juan Sergio Palumbo, quien, sonrisa c\u00f3mplice de por medio, dio el visto bueno para que el partido contin\u00fae \u00abnormalmente\u00bb pese a salirse del reglamento.<\/p>\n<p><span style=\"color: #ffcc99;\">.<\/span><\/p>\n<p style=\"text-align: center;\"><strong>PUERTO COMERCIAL<a href=\"http:\/\/www.gentedebasquet.com.ar\/wp-content\/uploads\/2013\/12\/Comercial1.jpg\"><img decoding=\"async\" class=\"alignnone size-full wp-image-20987\" title=\"Comercial\" alt=\"\" src=\"http:\/\/www.gentedebasquet.com.ar\/wp-content\/uploads\/2013\/12\/Comercial1.jpg\" width=\"448\" height=\"336\" \/><\/a><\/strong><\/p>\n<p style=\"text-align: center;\"><strong>INDEPENDIENTE<a href=\"http:\/\/www.gentedebasquet.com.ar\/wp-content\/uploads\/2013\/12\/Independiente.jpg\"><img decoding=\"async\" class=\"alignnone size-full wp-image-20988\" title=\"Independiente\" alt=\"\" src=\"http:\/\/www.gentedebasquet.com.ar\/wp-content\/uploads\/2013\/12\/Independiente.jpg\" width=\"448\" height=\"336\" \/><\/a><\/strong><\/p>\n","protected":false},"excerpt":{"rendered":"<p>Puerto Comercial se qued\u00f3 con el t\u00edtulo en Segunda Divisi\u00f3n al vencer en el quinto juego de las finales a Independiente, por 89 a 58. \u00abPancho\u00bb Caspe se retir\u00f3 del b\u00e1squetbol con una tremenda noche: 29 puntos (3\/6 3p), 11 rebotes y 2 asistencias. Adem\u00e1s, Maidana sum\u00f3 20 y Andreanelli (foto) 15. Ambos, junto a [&hellip;]<\/p>\n","protected":false},"author":1,"featured_media":25741,"comment_status":"open","ping_status":"open","sticky":false,"template":"","format":"standard","meta":{"jnews-multi-image_gallery":[],"jnews_single_post":[],"jnews_primary_category":[],"footnotes":""},"categories":[25],"tags":[7,12],"class_list":["post-20983","post","type-post","status-publish","format-standard","has-post-thumbnail","hentry","category-segunda","tag-comercial","tag-independiente"],"yoast_head":"<!-- This site is optimized with the Yoast SEO plugin v27.5 - https:\/\/yoast.com\/product\/yoast-seo-wordpress\/ -->\n<title>Caspe\u00f3n con el \u00faltimo aliento - Gente de B\u00e1squet<\/title>\n<meta name=\"robots\" content=\"index, follow, max-snippet:-1, max-image-preview:large, max-video-preview:-1\" \/>\n<link rel=\"canonical\" href=\"https:\/\/gentedebasquet.com.ar\/sitio\/2013\/12\/30\/caspeon-con-el-ultimo-aliento\/\" \/>\n<meta property=\"og:locale\" content=\"es_ES\" \/>\n<meta property=\"og:type\" content=\"article\" \/>\n<meta property=\"og:title\" content=\"Caspe\u00f3n con el \u00faltimo aliento - Gente de B\u00e1squet\" \/>\n<meta property=\"og:description\" content=\"Puerto Comercial se qued\u00f3 con el t\u00edtulo en Segunda Divisi\u00f3n al vencer en el quinto juego de las finales a Independiente, por 89 a 58. \u00abPancho\u00bb Caspe se retir\u00f3 del b\u00e1squetbol con una tremenda noche: 29 puntos (3\/6 3p), 11 rebotes y 2 asistencias. Adem\u00e1s, Maidana sum\u00f3 20 y Andreanelli (foto) 15. Ambos, junto a [&hellip;]\" \/>\n<meta property=\"og:url\" content=\"https:\/\/gentedebasquet.com.ar\/sitio\/2013\/12\/30\/caspeon-con-el-ultimo-aliento\/\" \/>\n<meta property=\"og:site_name\" content=\"Gente de B\u00e1squet\" \/>\n<meta property=\"article:published_time\" content=\"2013-12-30T01:50:22+00:00\" \/>\n<meta property=\"og:image\" content=\"https:\/\/gentedebasquet.com.ar\/sitio\/wp-content\/uploads\/2013\/12\/Andreanelli.jpg\" \/>\n\t<meta property=\"og:image:width\" content=\"300\" \/>\n\t<meta property=\"og:image:height\" content=\"225\" \/>\n\t<meta property=\"og:image:type\" content=\"image\/jpeg\" \/>\n<meta name=\"author\" content=\"Gente de B\u00e1squet\" \/>\n<meta name=\"twitter:card\" content=\"summary_large_image\" \/>\n<meta name=\"twitter:label1\" content=\"Escrito por\" \/>\n\t<meta name=\"twitter:data1\" content=\"Gente de B\u00e1squet\" \/>\n\t<meta name=\"twitter:label2\" content=\"Tiempo de lectura\" \/>\n\t<meta name=\"twitter:data2\" content=\"4 minutos\" \/>\n<script type=\"application\/ld+json\" class=\"yoast-schema-graph\">{\"@context\":\"https:\\\/\\\/schema.org\",\"@graph\":[{\"@type\":\"Article\",\"@id\":\"https:\\\/\\\/gentedebasquet.com.ar\\\/sitio\\\/2013\\\/12\\\/30\\\/caspeon-con-el-ultimo-aliento\\\/#article\",\"isPartOf\":{\"@id\":\"https:\\\/\\\/gentedebasquet.com.ar\\\/sitio\\\/2013\\\/12\\\/30\\\/caspeon-con-el-ultimo-aliento\\\/\"},\"author\":{\"name\":\"Gente de B\u00e1squet\",\"@id\":\"http:\\\/\\\/gentedebasquet.com.ar\\\/sitio\\\/#\\\/schema\\\/person\\\/ca0b63bbb977369988a7bbbdc519943a\"},\"headline\":\"Caspe\u00f3n con el \u00faltimo aliento\",\"datePublished\":\"2013-12-30T01:50:22+00:00\",\"mainEntityOfPage\":{\"@id\":\"https:\\\/\\\/gentedebasquet.com.ar\\\/sitio\\\/2013\\\/12\\\/30\\\/caspeon-con-el-ultimo-aliento\\\/\"},\"wordCount\":730,\"commentCount\":0,\"image\":{\"@id\":\"https:\\\/\\\/gentedebasquet.com.ar\\\/sitio\\\/2013\\\/12\\\/30\\\/caspeon-con-el-ultimo-aliento\\\/#primaryimage\"},\"thumbnailUrl\":\"https:\\\/\\\/gentedebasquet.com.ar\\\/sitio\\\/wp-content\\\/uploads\\\/2013\\\/12\\\/Andreanelli.jpg\",\"keywords\":[\"Comercial\",\"independiente\"],\"articleSection\":[\"Segunda\"],\"inLanguage\":\"es\",\"potentialAction\":[{\"@type\":\"CommentAction\",\"name\":\"Comment\",\"target\":[\"https:\\\/\\\/gentedebasquet.com.ar\\\/sitio\\\/2013\\\/12\\\/30\\\/caspeon-con-el-ultimo-aliento\\\/#respond\"]}]},{\"@type\":\"WebPage\",\"@id\":\"https:\\\/\\\/gentedebasquet.com.ar\\\/sitio\\\/2013\\\/12\\\/30\\\/caspeon-con-el-ultimo-aliento\\\/\",\"url\":\"https:\\\/\\\/gentedebasquet.com.ar\\\/sitio\\\/2013\\\/12\\\/30\\\/caspeon-con-el-ultimo-aliento\\\/\",\"name\":\"Caspe\u00f3n con el \u00faltimo aliento - Gente de B\u00e1squet\",\"isPartOf\":{\"@id\":\"http:\\\/\\\/gentedebasquet.com.ar\\\/sitio\\\/#website\"},\"primaryImageOfPage\":{\"@id\":\"https:\\\/\\\/gentedebasquet.com.ar\\\/sitio\\\/2013\\\/12\\\/30\\\/caspeon-con-el-ultimo-aliento\\\/#primaryimage\"},\"image\":{\"@id\":\"https:\\\/\\\/gentedebasquet.com.ar\\\/sitio\\\/2013\\\/12\\\/30\\\/caspeon-con-el-ultimo-aliento\\\/#primaryimage\"},\"thumbnailUrl\":\"https:\\\/\\\/gentedebasquet.com.ar\\\/sitio\\\/wp-content\\\/uploads\\\/2013\\\/12\\\/Andreanelli.jpg\",\"datePublished\":\"2013-12-30T01:50:22+00:00\",\"author\":{\"@id\":\"http:\\\/\\\/gentedebasquet.com.ar\\\/sitio\\\/#\\\/schema\\\/person\\\/ca0b63bbb977369988a7bbbdc519943a\"},\"breadcrumb\":{\"@id\":\"https:\\\/\\\/gentedebasquet.com.ar\\\/sitio\\\/2013\\\/12\\\/30\\\/caspeon-con-el-ultimo-aliento\\\/#breadcrumb\"},\"inLanguage\":\"es\",\"potentialAction\":[{\"@type\":\"ReadAction\",\"target\":[\"https:\\\/\\\/gentedebasquet.com.ar\\\/sitio\\\/2013\\\/12\\\/30\\\/caspeon-con-el-ultimo-aliento\\\/\"]}]},{\"@type\":\"ImageObject\",\"inLanguage\":\"es\",\"@id\":\"https:\\\/\\\/gentedebasquet.com.ar\\\/sitio\\\/2013\\\/12\\\/30\\\/caspeon-con-el-ultimo-aliento\\\/#primaryimage\",\"url\":\"https:\\\/\\\/gentedebasquet.com.ar\\\/sitio\\\/wp-content\\\/uploads\\\/2013\\\/12\\\/Andreanelli.jpg\",\"contentUrl\":\"https:\\\/\\\/gentedebasquet.com.ar\\\/sitio\\\/wp-content\\\/uploads\\\/2013\\\/12\\\/Andreanelli.jpg\",\"width\":300,\"height\":225},{\"@type\":\"BreadcrumbList\",\"@id\":\"https:\\\/\\\/gentedebasquet.com.ar\\\/sitio\\\/2013\\\/12\\\/30\\\/caspeon-con-el-ultimo-aliento\\\/#breadcrumb\",\"itemListElement\":[{\"@type\":\"ListItem\",\"position\":1,\"name\":\"Portada\",\"item\":\"http:\\\/\\\/gentedebasquet.com.ar\\\/sitio\\\/\"},{\"@type\":\"ListItem\",\"position\":2,\"name\":\"Caspe\u00f3n con el \u00faltimo aliento\"}]},{\"@type\":\"WebSite\",\"@id\":\"http:\\\/\\\/gentedebasquet.com.ar\\\/sitio\\\/#website\",\"url\":\"http:\\\/\\\/gentedebasquet.com.ar\\\/sitio\\\/\",\"name\":\"Gente de B\u00e1squet\",\"description\":\"La revista del basquet de Bah\u00eda Blanca\",\"potentialAction\":[{\"@type\":\"SearchAction\",\"target\":{\"@type\":\"EntryPoint\",\"urlTemplate\":\"http:\\\/\\\/gentedebasquet.com.ar\\\/sitio\\\/?s={search_term_string}\"},\"query-input\":{\"@type\":\"PropertyValueSpecification\",\"valueRequired\":true,\"valueName\":\"search_term_string\"}}],\"inLanguage\":\"es\"},{\"@type\":\"Person\",\"@id\":\"http:\\\/\\\/gentedebasquet.com.ar\\\/sitio\\\/#\\\/schema\\\/person\\\/ca0b63bbb977369988a7bbbdc519943a\",\"name\":\"Gente de B\u00e1squet\",\"image\":{\"@type\":\"ImageObject\",\"inLanguage\":\"es\",\"@id\":\"https:\\\/\\\/secure.gravatar.com\\\/avatar\\\/7f2c48bdc33b30088f941fb6082e555f2874c98e20cb159d7b92b50eadfce793?s=96&d=mm&r=g\",\"url\":\"https:\\\/\\\/secure.gravatar.com\\\/avatar\\\/7f2c48bdc33b30088f941fb6082e555f2874c98e20cb159d7b92b50eadfce793?s=96&d=mm&r=g\",\"contentUrl\":\"https:\\\/\\\/secure.gravatar.com\\\/avatar\\\/7f2c48bdc33b30088f941fb6082e555f2874c98e20cb159d7b92b50eadfce793?s=96&d=mm&r=g\",\"caption\":\"Gente de B\u00e1squet\"},\"sameAs\":[\"http:\\\/\\\/gentedebasquet.com.ar\\\/sitio\"],\"url\":\"https:\\\/\\\/gentedebasquet.com.ar\\\/sitio\\\/author\\\/ulises\\\/\"}]}<\/script>\n<!-- \/ Yoast SEO plugin. -->","yoast_head_json":{"title":"Caspe\u00f3n con el \u00faltimo aliento - Gente de B\u00e1squet","robots":{"index":"index","follow":"follow","max-snippet":"max-snippet:-1","max-image-preview":"max-image-preview:large","max-video-preview":"max-video-preview:-1"},"canonical":"https:\/\/gentedebasquet.com.ar\/sitio\/2013\/12\/30\/caspeon-con-el-ultimo-aliento\/","og_locale":"es_ES","og_type":"article","og_title":"Caspe\u00f3n con el \u00faltimo aliento - Gente de B\u00e1squet","og_description":"Puerto Comercial se qued\u00f3 con el t\u00edtulo en Segunda Divisi\u00f3n al vencer en el quinto juego de las finales a Independiente, por 89 a 58. \u00abPancho\u00bb Caspe se retir\u00f3 del b\u00e1squetbol con una tremenda noche: 29 puntos (3\/6 3p), 11 rebotes y 2 asistencias. Adem\u00e1s, Maidana sum\u00f3 20 y Andreanelli (foto) 15. Ambos, junto a [&hellip;]","og_url":"https:\/\/gentedebasquet.com.ar\/sitio\/2013\/12\/30\/caspeon-con-el-ultimo-aliento\/","og_site_name":"Gente de B\u00e1squet","article_published_time":"2013-12-30T01:50:22+00:00","og_image":[{"width":300,"height":225,"url":"https:\/\/gentedebasquet.com.ar\/sitio\/wp-content\/uploads\/2013\/12\/Andreanelli.jpg","type":"image\/jpeg"}],"author":"Gente de B\u00e1squet","twitter_card":"summary_large_image","twitter_misc":{"Escrito por":"Gente de B\u00e1squet","Tiempo de lectura":"4 minutos"},"schema":{"@context":"https:\/\/schema.org","@graph":[{"@type":"Article","@id":"https:\/\/gentedebasquet.com.ar\/sitio\/2013\/12\/30\/caspeon-con-el-ultimo-aliento\/#article","isPartOf":{"@id":"https:\/\/gentedebasquet.com.ar\/sitio\/2013\/12\/30\/caspeon-con-el-ultimo-aliento\/"},"author":{"name":"Gente de B\u00e1squet","@id":"http:\/\/gentedebasquet.com.ar\/sitio\/#\/schema\/person\/ca0b63bbb977369988a7bbbdc519943a"},"headline":"Caspe\u00f3n con el \u00faltimo aliento","datePublished":"2013-12-30T01:50:22+00:00","mainEntityOfPage":{"@id":"https:\/\/gentedebasquet.com.ar\/sitio\/2013\/12\/30\/caspeon-con-el-ultimo-aliento\/"},"wordCount":730,"commentCount":0,"image":{"@id":"https:\/\/gentedebasquet.com.ar\/sitio\/2013\/12\/30\/caspeon-con-el-ultimo-aliento\/#primaryimage"},"thumbnailUrl":"https:\/\/gentedebasquet.com.ar\/sitio\/wp-content\/uploads\/2013\/12\/Andreanelli.jpg","keywords":["Comercial","independiente"],"articleSection":["Segunda"],"inLanguage":"es","potentialAction":[{"@type":"CommentAction","name":"Comment","target":["https:\/\/gentedebasquet.com.ar\/sitio\/2013\/12\/30\/caspeon-con-el-ultimo-aliento\/#respond"]}]},{"@type":"WebPage","@id":"https:\/\/gentedebasquet.com.ar\/sitio\/2013\/12\/30\/caspeon-con-el-ultimo-aliento\/","url":"https:\/\/gentedebasquet.com.ar\/sitio\/2013\/12\/30\/caspeon-con-el-ultimo-aliento\/","name":"Caspe\u00f3n con el \u00faltimo aliento - Gente de B\u00e1squet","isPartOf":{"@id":"http:\/\/gentedebasquet.com.ar\/sitio\/#website"},"primaryImageOfPage":{"@id":"https:\/\/gentedebasquet.com.ar\/sitio\/2013\/12\/30\/caspeon-con-el-ultimo-aliento\/#primaryimage"},"image":{"@id":"https:\/\/gentedebasquet.com.ar\/sitio\/2013\/12\/30\/caspeon-con-el-ultimo-aliento\/#primaryimage"},"thumbnailUrl":"https:\/\/gentedebasquet.com.ar\/sitio\/wp-content\/uploads\/2013\/12\/Andreanelli.jpg","datePublished":"2013-12-30T01:50:22+00:00","author":{"@id":"http:\/\/gentedebasquet.com.ar\/sitio\/#\/schema\/person\/ca0b63bbb977369988a7bbbdc519943a"},"breadcrumb":{"@id":"https:\/\/gentedebasquet.com.ar\/sitio\/2013\/12\/30\/caspeon-con-el-ultimo-aliento\/#breadcrumb"},"inLanguage":"es","potentialAction":[{"@type":"ReadAction","target":["https:\/\/gentedebasquet.com.ar\/sitio\/2013\/12\/30\/caspeon-con-el-ultimo-aliento\/"]}]},{"@type":"ImageObject","inLanguage":"es","@id":"https:\/\/gentedebasquet.com.ar\/sitio\/2013\/12\/30\/caspeon-con-el-ultimo-aliento\/#primaryimage","url":"https:\/\/gentedebasquet.com.ar\/sitio\/wp-content\/uploads\/2013\/12\/Andreanelli.jpg","contentUrl":"https:\/\/gentedebasquet.com.ar\/sitio\/wp-content\/uploads\/2013\/12\/Andreanelli.jpg","width":300,"height":225},{"@type":"BreadcrumbList","@id":"https:\/\/gentedebasquet.com.ar\/sitio\/2013\/12\/30\/caspeon-con-el-ultimo-aliento\/#breadcrumb","itemListElement":[{"@type":"ListItem","position":1,"name":"Portada","item":"http:\/\/gentedebasquet.com.ar\/sitio\/"},{"@type":"ListItem","position":2,"name":"Caspe\u00f3n con el \u00faltimo aliento"}]},{"@type":"WebSite","@id":"http:\/\/gentedebasquet.com.ar\/sitio\/#website","url":"http:\/\/gentedebasquet.com.ar\/sitio\/","name":"Gente de B\u00e1squet","description":"La revista del basquet de Bah\u00eda Blanca","potentialAction":[{"@type":"SearchAction","target":{"@type":"EntryPoint","urlTemplate":"http:\/\/gentedebasquet.com.ar\/sitio\/?s={search_term_string}"},"query-input":{"@type":"PropertyValueSpecification","valueRequired":true,"valueName":"search_term_string"}}],"inLanguage":"es"},{"@type":"Person","@id":"http:\/\/gentedebasquet.com.ar\/sitio\/#\/schema\/person\/ca0b63bbb977369988a7bbbdc519943a","name":"Gente de B\u00e1squet","image":{"@type":"ImageObject","inLanguage":"es","@id":"https:\/\/secure.gravatar.com\/avatar\/7f2c48bdc33b30088f941fb6082e555f2874c98e20cb159d7b92b50eadfce793?s=96&d=mm&r=g","url":"https:\/\/secure.gravatar.com\/avatar\/7f2c48bdc33b30088f941fb6082e555f2874c98e20cb159d7b92b50eadfce793?s=96&d=mm&r=g","contentUrl":"https:\/\/secure.gravatar.com\/avatar\/7f2c48bdc33b30088f941fb6082e555f2874c98e20cb159d7b92b50eadfce793?s=96&d=mm&r=g","caption":"Gente de B\u00e1squet"},"sameAs":["http:\/\/gentedebasquet.com.ar\/sitio"],"url":"https:\/\/gentedebasquet.com.ar\/sitio\/author\/ulises\/"}]}},"_links":{"self":[{"href":"https:\/\/gentedebasquet.com.ar\/sitio\/wp-json\/wp\/v2\/posts\/20983","targetHints":{"allow":["GET"]}}],"collection":[{"href":"https:\/\/gentedebasquet.com.ar\/sitio\/wp-json\/wp\/v2\/posts"}],"about":[{"href":"https:\/\/gentedebasquet.com.ar\/sitio\/wp-json\/wp\/v2\/types\/post"}],"author":[{"embeddable":true,"href":"https:\/\/gentedebasquet.com.ar\/sitio\/wp-json\/wp\/v2\/users\/1"}],"replies":[{"embeddable":true,"href":"https:\/\/gentedebasquet.com.ar\/sitio\/wp-json\/wp\/v2\/comments?post=20983"}],"version-history":[{"count":0,"href":"https:\/\/gentedebasquet.com.ar\/sitio\/wp-json\/wp\/v2\/posts\/20983\/revisions"}],"wp:featuredmedia":[{"embeddable":true,"href":"https:\/\/gentedebasquet.com.ar\/sitio\/wp-json\/wp\/v2\/media\/25741"}],"wp:attachment":[{"href":"https:\/\/gentedebasquet.com.ar\/sitio\/wp-json\/wp\/v2\/media?parent=20983"}],"wp:term":[{"taxonomy":"category","embeddable":true,"href":"https:\/\/gentedebasquet.com.ar\/sitio\/wp-json\/wp\/v2\/categories?post=20983"},{"taxonomy":"post_tag","embeddable":true,"href":"https:\/\/gentedebasquet.com.ar\/sitio\/wp-json\/wp\/v2\/tags?post=20983"}],"curies":[{"name":"wp","href":"https:\/\/api.w.org\/{rel}","templated":true}]}}