{"id":2102,"date":"2012-03-07T20:45:53","date_gmt":"2012-03-07T20:45:53","guid":{"rendered":"http:\/\/www.gentedebasquet.com.ar\/?p=2102"},"modified":"2012-03-07T20:45:53","modified_gmt":"2012-03-07T20:45:53","slug":"el-basquet-bahiense-necesita-un-proyecto","status":"publish","type":"post","link":"https:\/\/gentedebasquet.com.ar\/sitio\/2012\/03\/07\/el-basquet-bahiense-necesita-un-proyecto\/","title":{"rendered":"\u00abEl b\u00e1squet bahiense necesita un proyecto\u00bb"},"content":{"rendered":"<p><a href=\"http:\/\/www.gentedebasquet.com.ar\/wp-content\/uploads\/2012\/03\/Firpo-2.jpg\"><img decoding=\"async\" class=\"alignnone size-full wp-image-2104\" src=\"http:\/\/www.gentedebasquet.com.ar\/wp-content\/uploads\/2012\/03\/Firpo-2.jpg\" alt=\"\" width=\"448\" height=\"323\" \/><\/a><\/p>\n<p><strong><em>Miguel Firpo, ex titular del Colegio de \u00c1rbitros, se\u00f1al\u00f3 que se deber\u00e1 conformar un grupo de trabajo para solucionar diferentes problemas, como sucede puntualmente con los aranceles de los jueces. Adem\u00e1s, dijo que esta controversia \u201c se hizo costumbre\u201d, que \u201cla falta de di\u00e1logo evidencia falta de respeto\u201d y que con su presencia \u201cel Colegio estaba organizado\u201d.<!--more--><\/em><\/strong><\/p>\n<p>\u201cM\u00e1s que por lo econ\u00f3mico, la distancia entre los \u00e1rbitros y los clubes pasa por otro lado. Los clubes, y el ambiente en general, han tomado esta controversia permanente antes del comienzo de los torneos de difundir lo que cobran los \u00e1rbitros. Se ha hecho una costumbre discutir lo que ganan, cuando no se discute lo que gana un t\u00e9cnico o lo que gana un jugador\u201d, manifest\u00f3 Miguel \u00c1ngel Firpo en Gente de B\u00e1squet Radio, por FM Universal.<\/p>\n<p>Quien fuera presidente del Colegio de \u00c1rbitros se\u00f1al\u00f3 que \u201cla Asociaci\u00f3n no est\u00e1 mediando en este tema, y yo no estuve de acuerdo nunca con esto. Se han perdido algunas cosas, porque la entidad madre tiene, de alg\u00fan modo, que supervisar para acercar las partes. En los \u00faltimos a\u00f1os no ha sido as\u00ed, era obvio que esto se iba a volver a dar\u201d.<\/p>\n<p>Del mismo modo, Firpo dijo que \u201ctodo debe pasar por la entidad madre. Si nosotros, los dirigentes o los entrenadores no lo hacemos y respetamos hay algo de base que ya est\u00e1 mal. Que Ramallo no hable con Lista puede ser una falta de respeto, pero tambi\u00e9n puede darse al rev\u00e9s. No me consta que lo llame. Yo al \u2018Flaco\u2019 (Lista) le tengo un gran respeto y siempre digo que en Bah\u00eda Blanca todo el mundo conoce a todo el mundo\u201d.<\/p>\n<p>&nbsp;<\/p>\n<p><strong>Lista y Firpo, otra generaci\u00f3n \u00a0 \u00a0<\/strong><\/p>\n<p>\u201cLos de mi generaci\u00f3n decimos las cosas de otra manera, damos la cara, sin importar el qu\u00e9 dir\u00e1n; el \u2018Flaco\u2019 es uno de ellos y creo que no se lo valora en su justa medida. Despu\u00e9s las organizaciones tienen que funcionar como tal, porque el Colegio tambi\u00e9n ha sufrido un desgaste despu\u00e9s de 25 a\u00f1os. Los clubes tienen que hablar con los jueces, m\u00e1s all\u00e1 de mandar una nota; no se puede arreglar en setiembre lo que vas a ganar en abril\u201d, aclar\u00f3 Miguel Firpo.<\/p>\n<p>Asimismo, el juez afirm\u00f3: \u201cel b\u00e1squet bahiense necesita un proyecto, independientemente de la Asociaci\u00f3n. Deber\u00e1 estar conformado por entrenadores, jugadores, dirigentes, \u00e1rbitros, periodistas y dirigentes de la Asociaci\u00f3n para que, en el caso nuestro, esto no suceda, y para tratar otros tanto problemas que hay y no tienen difusi\u00f3n\u201d.<\/p>\n<p>Sobre esto \u00faltimo, Firpo expres\u00f3 que hay equipos que se han conformado en Segunda con entrenadores y jugadores de Primera y que eso no es tan difundido. \u201cEllos no tienen controversia porque lo arreglan en casa, no hay comentarios sobre eso; siempre el tema es discutir con los \u00e1rbitros para que nos cobren un poquito menos, para gastar alguna moneda en alguna persona que traemos de afuera\u201d, a\u00f1adi\u00f3.<\/p>\n<p>&nbsp;<\/p>\n<p><strong>\u00bfHay internas?<\/strong><\/p>\n<p>\u201cSiempre se habla de los errores de los \u00e1rbitros y no de las virtudes. El lugar era chico y tambi\u00e9n habr\u00eda que decir c\u00f3mo nosotros recibimos la casa. No s\u00e9 si estaba mejor o peor, pero hab\u00eda grasa en las paredes, por ejemplo. Hemos machimbrado (sic), hemos puesto luces y un mont\u00f3n de cosas. Pero yo tambi\u00e9n comparto con Lista que no se dej\u00f3 en las mejores condiciones\u201d, manifest\u00f3 Firpo sobre <a href=\"http:\/\/www.gentedebasquet.com.ar\/?p=2062\" target=\"_blank\" rel=\"noopener\">lo declarado por el presidente de la ABB<\/a>\u00a0y la casa que ten\u00edan pegada a la ABB.<\/p>\n<p>&nbsp;<\/p>\n<p><strong>El tiempo pasado siempre fue mejor\u2026<\/strong><\/p>\n<p>\u201cHay una cuesti\u00f3n de peso espec\u00edfico de la persona. Yo puedo tener mil defectos, como puede ser decir las cosas sin pensar que me van a afectar; despu\u00e9s hay que demostrar qui\u00e9n tiene raz\u00f3n. Yo soy una persona de mucho car\u00e1cter y abarcativa (sic), eso dicen en el Colegio. Soy \u2018abarcativo\u2019 de lo que no hacen los dem\u00e1s. Pero siempre lo he hecho con voluntad y de buena fe. Soy una persona quiz\u00e1 demasiado trabajadora, he dejado muchas cosas de mi vida por el Colegio y no veo personas preocupadas por eso\u201d, sostuvo el ex presidente del Colegio de \u00c1rbitros.<\/p>\n<p>No obstante, afirm\u00f3 que \u201cal cambiar las personas cambian las situaciones. A mi me gustan mucho los sistemas y dar funciones, no que todo pase por uno. Mientras yo estuve, el Colegio estaba organizado, hoy no quiero decir que no lo est\u00e9, pero cambian las personas y aparecen las controversias. Si se muere el estanciero los hijos se pelean por el poder\u2026\u201d.<\/p>\n<p>Para concluir, Firpo aclar\u00f3 que \u201cyo puedo discutir con Lista, pero lo entiendo perfectamente. Hace varios a\u00f1os yo escuchaba a muchos dirigentes \u2013los llamo as\u00ed s\u00f3lo porque estaban en los clubes, porque de dirigente ten\u00edan muy poco- que dec\u00edan que el \u2018Flaco\u2019 no pod\u00eda estar en la Asociaci\u00f3n. Es un puesto de mucha responsabilidad y con capacidad altruista; y no veo demasiados interesados. En el Colegio de \u00e1rbitros es similar\u201d.<\/p>\n","protected":false},"excerpt":{"rendered":"<p>Miguel Firpo, ex titular del Colegio de \u00c1rbitros, se\u00f1al\u00f3 que se deber\u00e1 conformar un grupo de trabajo para solucionar diferentes problemas, como sucede puntualmente con los aranceles de los jueces. Adem\u00e1s, dijo que esta controversia \u201c se hizo costumbre\u201d, que \u201cla falta de di\u00e1logo evidencia falta de respeto\u201d y que con su presencia \u201cel Colegio [&hellip;]<\/p>\n","protected":false},"author":1,"featured_media":0,"comment_status":"open","ping_status":"open","sticky":false,"template":"","format":"standard","meta":{"jnews-multi-image_gallery":[],"jnews_single_post":[],"jnews_primary_category":[],"footnotes":""},"categories":[24],"tags":[],"class_list":["post-2102","post","type-post","status-publish","format-standard","hentry","category-overtime"],"yoast_head":"<!-- This site is optimized with the Yoast SEO plugin v27.5 - https:\/\/yoast.com\/product\/yoast-seo-wordpress\/ -->\n<title>&quot;El b\u00e1squet bahiense necesita un proyecto&quot; - Gente de B\u00e1squet<\/title>\n<meta name=\"robots\" content=\"index, follow, max-snippet:-1, max-image-preview:large, max-video-preview:-1\" \/>\n<link rel=\"canonical\" href=\"http:\/\/gentedebasquet.com.ar\/sitio\/2012\/03\/07\/el-basquet-bahiense-necesita-un-proyecto\/\" \/>\n<meta property=\"og:locale\" content=\"es_ES\" \/>\n<meta property=\"og:type\" content=\"article\" \/>\n<meta property=\"og:title\" content=\"&quot;El b\u00e1squet bahiense necesita un proyecto&quot; - Gente de B\u00e1squet\" \/>\n<meta property=\"og:description\" content=\"Miguel Firpo, ex titular del Colegio de \u00c1rbitros, se\u00f1al\u00f3 que se deber\u00e1 conformar un grupo de trabajo para solucionar diferentes problemas, como sucede puntualmente con los aranceles de los jueces. Adem\u00e1s, dijo que esta controversia \u201c se hizo costumbre\u201d, que \u201cla falta de di\u00e1logo evidencia falta de respeto\u201d y que con su presencia \u201cel Colegio [&hellip;]\" \/>\n<meta property=\"og:url\" content=\"http:\/\/gentedebasquet.com.ar\/sitio\/2012\/03\/07\/el-basquet-bahiense-necesita-un-proyecto\/\" \/>\n<meta property=\"og:site_name\" content=\"Gente de B\u00e1squet\" \/>\n<meta property=\"article:published_time\" content=\"2012-03-07T20:45:53+00:00\" \/>\n<meta property=\"og:image\" content=\"http:\/\/www.gentedebasquet.com.ar\/wp-content\/uploads\/2012\/03\/Firpo-2.jpg\" \/>\n<meta name=\"author\" content=\"Gente de B\u00e1squet\" \/>\n<meta name=\"twitter:card\" content=\"summary_large_image\" \/>\n<meta name=\"twitter:label1\" content=\"Escrito por\" \/>\n\t<meta name=\"twitter:data1\" content=\"Gente de B\u00e1squet\" \/>\n\t<meta name=\"twitter:label2\" content=\"Tiempo de lectura\" \/>\n\t<meta name=\"twitter:data2\" content=\"4 minutos\" \/>\n<script type=\"application\/ld+json\" class=\"yoast-schema-graph\">{\"@context\":\"https:\\\/\\\/schema.org\",\"@graph\":[{\"@type\":\"Article\",\"@id\":\"http:\\\/\\\/gentedebasquet.com.ar\\\/sitio\\\/2012\\\/03\\\/07\\\/el-basquet-bahiense-necesita-un-proyecto\\\/#article\",\"isPartOf\":{\"@id\":\"http:\\\/\\\/gentedebasquet.com.ar\\\/sitio\\\/2012\\\/03\\\/07\\\/el-basquet-bahiense-necesita-un-proyecto\\\/\"},\"author\":{\"name\":\"Gente de B\u00e1squet\",\"@id\":\"http:\\\/\\\/gentedebasquet.com.ar\\\/sitio\\\/#\\\/schema\\\/person\\\/ca0b63bbb977369988a7bbbdc519943a\"},\"headline\":\"\u00abEl b\u00e1squet bahiense necesita un proyecto\u00bb\",\"datePublished\":\"2012-03-07T20:45:53+00:00\",\"mainEntityOfPage\":{\"@id\":\"http:\\\/\\\/gentedebasquet.com.ar\\\/sitio\\\/2012\\\/03\\\/07\\\/el-basquet-bahiense-necesita-un-proyecto\\\/\"},\"wordCount\":869,\"commentCount\":13,\"image\":{\"@id\":\"http:\\\/\\\/gentedebasquet.com.ar\\\/sitio\\\/2012\\\/03\\\/07\\\/el-basquet-bahiense-necesita-un-proyecto\\\/#primaryimage\"},\"thumbnailUrl\":\"http:\\\/\\\/www.gentedebasquet.com.ar\\\/wp-content\\\/uploads\\\/2012\\\/03\\\/Firpo-2.jpg\",\"articleSection\":[\"#Overtime\"],\"inLanguage\":\"es\",\"potentialAction\":[{\"@type\":\"CommentAction\",\"name\":\"Comment\",\"target\":[\"http:\\\/\\\/gentedebasquet.com.ar\\\/sitio\\\/2012\\\/03\\\/07\\\/el-basquet-bahiense-necesita-un-proyecto\\\/#respond\"]}]},{\"@type\":\"WebPage\",\"@id\":\"http:\\\/\\\/gentedebasquet.com.ar\\\/sitio\\\/2012\\\/03\\\/07\\\/el-basquet-bahiense-necesita-un-proyecto\\\/\",\"url\":\"http:\\\/\\\/gentedebasquet.com.ar\\\/sitio\\\/2012\\\/03\\\/07\\\/el-basquet-bahiense-necesita-un-proyecto\\\/\",\"name\":\"\\\"El b\u00e1squet bahiense necesita un proyecto\\\" - Gente de B\u00e1squet\",\"isPartOf\":{\"@id\":\"http:\\\/\\\/gentedebasquet.com.ar\\\/sitio\\\/#website\"},\"primaryImageOfPage\":{\"@id\":\"http:\\\/\\\/gentedebasquet.com.ar\\\/sitio\\\/2012\\\/03\\\/07\\\/el-basquet-bahiense-necesita-un-proyecto\\\/#primaryimage\"},\"image\":{\"@id\":\"http:\\\/\\\/gentedebasquet.com.ar\\\/sitio\\\/2012\\\/03\\\/07\\\/el-basquet-bahiense-necesita-un-proyecto\\\/#primaryimage\"},\"thumbnailUrl\":\"http:\\\/\\\/www.gentedebasquet.com.ar\\\/wp-content\\\/uploads\\\/2012\\\/03\\\/Firpo-2.jpg\",\"datePublished\":\"2012-03-07T20:45:53+00:00\",\"author\":{\"@id\":\"http:\\\/\\\/gentedebasquet.com.ar\\\/sitio\\\/#\\\/schema\\\/person\\\/ca0b63bbb977369988a7bbbdc519943a\"},\"breadcrumb\":{\"@id\":\"http:\\\/\\\/gentedebasquet.com.ar\\\/sitio\\\/2012\\\/03\\\/07\\\/el-basquet-bahiense-necesita-un-proyecto\\\/#breadcrumb\"},\"inLanguage\":\"es\",\"potentialAction\":[{\"@type\":\"ReadAction\",\"target\":[\"http:\\\/\\\/gentedebasquet.com.ar\\\/sitio\\\/2012\\\/03\\\/07\\\/el-basquet-bahiense-necesita-un-proyecto\\\/\"]}]},{\"@type\":\"ImageObject\",\"inLanguage\":\"es\",\"@id\":\"http:\\\/\\\/gentedebasquet.com.ar\\\/sitio\\\/2012\\\/03\\\/07\\\/el-basquet-bahiense-necesita-un-proyecto\\\/#primaryimage\",\"url\":\"http:\\\/\\\/www.gentedebasquet.com.ar\\\/wp-content\\\/uploads\\\/2012\\\/03\\\/Firpo-2.jpg\",\"contentUrl\":\"http:\\\/\\\/www.gentedebasquet.com.ar\\\/wp-content\\\/uploads\\\/2012\\\/03\\\/Firpo-2.jpg\"},{\"@type\":\"BreadcrumbList\",\"@id\":\"http:\\\/\\\/gentedebasquet.com.ar\\\/sitio\\\/2012\\\/03\\\/07\\\/el-basquet-bahiense-necesita-un-proyecto\\\/#breadcrumb\",\"itemListElement\":[{\"@type\":\"ListItem\",\"position\":1,\"name\":\"Portada\",\"item\":\"http:\\\/\\\/gentedebasquet.com.ar\\\/sitio\\\/\"},{\"@type\":\"ListItem\",\"position\":2,\"name\":\"\u00abEl b\u00e1squet bahiense necesita un proyecto\u00bb\"}]},{\"@type\":\"WebSite\",\"@id\":\"http:\\\/\\\/gentedebasquet.com.ar\\\/sitio\\\/#website\",\"url\":\"http:\\\/\\\/gentedebasquet.com.ar\\\/sitio\\\/\",\"name\":\"Gente de B\u00e1squet\",\"description\":\"La revista del basquet de Bah\u00eda Blanca\",\"potentialAction\":[{\"@type\":\"SearchAction\",\"target\":{\"@type\":\"EntryPoint\",\"urlTemplate\":\"http:\\\/\\\/gentedebasquet.com.ar\\\/sitio\\\/?s={search_term_string}\"},\"query-input\":{\"@type\":\"PropertyValueSpecification\",\"valueRequired\":true,\"valueName\":\"search_term_string\"}}],\"inLanguage\":\"es\"},{\"@type\":\"Person\",\"@id\":\"http:\\\/\\\/gentedebasquet.com.ar\\\/sitio\\\/#\\\/schema\\\/person\\\/ca0b63bbb977369988a7bbbdc519943a\",\"name\":\"Gente de B\u00e1squet\",\"image\":{\"@type\":\"ImageObject\",\"inLanguage\":\"es\",\"@id\":\"https:\\\/\\\/secure.gravatar.com\\\/avatar\\\/7f2c48bdc33b30088f941fb6082e555f2874c98e20cb159d7b92b50eadfce793?s=96&d=mm&r=g\",\"url\":\"https:\\\/\\\/secure.gravatar.com\\\/avatar\\\/7f2c48bdc33b30088f941fb6082e555f2874c98e20cb159d7b92b50eadfce793?s=96&d=mm&r=g\",\"contentUrl\":\"https:\\\/\\\/secure.gravatar.com\\\/avatar\\\/7f2c48bdc33b30088f941fb6082e555f2874c98e20cb159d7b92b50eadfce793?s=96&d=mm&r=g\",\"caption\":\"Gente de B\u00e1squet\"},\"sameAs\":[\"http:\\\/\\\/gentedebasquet.com.ar\\\/sitio\"],\"url\":\"https:\\\/\\\/gentedebasquet.com.ar\\\/sitio\\\/author\\\/ulises\\\/\"}]}<\/script>\n<!-- \/ Yoast SEO plugin. -->","yoast_head_json":{"title":"\"El b\u00e1squet bahiense necesita un proyecto\" - Gente de B\u00e1squet","robots":{"index":"index","follow":"follow","max-snippet":"max-snippet:-1","max-image-preview":"max-image-preview:large","max-video-preview":"max-video-preview:-1"},"canonical":"http:\/\/gentedebasquet.com.ar\/sitio\/2012\/03\/07\/el-basquet-bahiense-necesita-un-proyecto\/","og_locale":"es_ES","og_type":"article","og_title":"\"El b\u00e1squet bahiense necesita un proyecto\" - Gente de B\u00e1squet","og_description":"Miguel Firpo, ex titular del Colegio de \u00c1rbitros, se\u00f1al\u00f3 que se deber\u00e1 conformar un grupo de trabajo para solucionar diferentes problemas, como sucede puntualmente con los aranceles de los jueces. Adem\u00e1s, dijo que esta controversia \u201c se hizo costumbre\u201d, que \u201cla falta de di\u00e1logo evidencia falta de respeto\u201d y que con su presencia \u201cel Colegio [&hellip;]","og_url":"http:\/\/gentedebasquet.com.ar\/sitio\/2012\/03\/07\/el-basquet-bahiense-necesita-un-proyecto\/","og_site_name":"Gente de B\u00e1squet","article_published_time":"2012-03-07T20:45:53+00:00","og_image":[{"url":"http:\/\/www.gentedebasquet.com.ar\/wp-content\/uploads\/2012\/03\/Firpo-2.jpg","type":"","width":"","height":""}],"author":"Gente de B\u00e1squet","twitter_card":"summary_large_image","twitter_misc":{"Escrito por":"Gente de B\u00e1squet","Tiempo de lectura":"4 minutos"},"schema":{"@context":"https:\/\/schema.org","@graph":[{"@type":"Article","@id":"http:\/\/gentedebasquet.com.ar\/sitio\/2012\/03\/07\/el-basquet-bahiense-necesita-un-proyecto\/#article","isPartOf":{"@id":"http:\/\/gentedebasquet.com.ar\/sitio\/2012\/03\/07\/el-basquet-bahiense-necesita-un-proyecto\/"},"author":{"name":"Gente de B\u00e1squet","@id":"http:\/\/gentedebasquet.com.ar\/sitio\/#\/schema\/person\/ca0b63bbb977369988a7bbbdc519943a"},"headline":"\u00abEl b\u00e1squet bahiense necesita un proyecto\u00bb","datePublished":"2012-03-07T20:45:53+00:00","mainEntityOfPage":{"@id":"http:\/\/gentedebasquet.com.ar\/sitio\/2012\/03\/07\/el-basquet-bahiense-necesita-un-proyecto\/"},"wordCount":869,"commentCount":13,"image":{"@id":"http:\/\/gentedebasquet.com.ar\/sitio\/2012\/03\/07\/el-basquet-bahiense-necesita-un-proyecto\/#primaryimage"},"thumbnailUrl":"http:\/\/www.gentedebasquet.com.ar\/wp-content\/uploads\/2012\/03\/Firpo-2.jpg","articleSection":["#Overtime"],"inLanguage":"es","potentialAction":[{"@type":"CommentAction","name":"Comment","target":["http:\/\/gentedebasquet.com.ar\/sitio\/2012\/03\/07\/el-basquet-bahiense-necesita-un-proyecto\/#respond"]}]},{"@type":"WebPage","@id":"http:\/\/gentedebasquet.com.ar\/sitio\/2012\/03\/07\/el-basquet-bahiense-necesita-un-proyecto\/","url":"http:\/\/gentedebasquet.com.ar\/sitio\/2012\/03\/07\/el-basquet-bahiense-necesita-un-proyecto\/","name":"\"El b\u00e1squet bahiense necesita un proyecto\" - Gente de B\u00e1squet","isPartOf":{"@id":"http:\/\/gentedebasquet.com.ar\/sitio\/#website"},"primaryImageOfPage":{"@id":"http:\/\/gentedebasquet.com.ar\/sitio\/2012\/03\/07\/el-basquet-bahiense-necesita-un-proyecto\/#primaryimage"},"image":{"@id":"http:\/\/gentedebasquet.com.ar\/sitio\/2012\/03\/07\/el-basquet-bahiense-necesita-un-proyecto\/#primaryimage"},"thumbnailUrl":"http:\/\/www.gentedebasquet.com.ar\/wp-content\/uploads\/2012\/03\/Firpo-2.jpg","datePublished":"2012-03-07T20:45:53+00:00","author":{"@id":"http:\/\/gentedebasquet.com.ar\/sitio\/#\/schema\/person\/ca0b63bbb977369988a7bbbdc519943a"},"breadcrumb":{"@id":"http:\/\/gentedebasquet.com.ar\/sitio\/2012\/03\/07\/el-basquet-bahiense-necesita-un-proyecto\/#breadcrumb"},"inLanguage":"es","potentialAction":[{"@type":"ReadAction","target":["http:\/\/gentedebasquet.com.ar\/sitio\/2012\/03\/07\/el-basquet-bahiense-necesita-un-proyecto\/"]}]},{"@type":"ImageObject","inLanguage":"es","@id":"http:\/\/gentedebasquet.com.ar\/sitio\/2012\/03\/07\/el-basquet-bahiense-necesita-un-proyecto\/#primaryimage","url":"http:\/\/www.gentedebasquet.com.ar\/wp-content\/uploads\/2012\/03\/Firpo-2.jpg","contentUrl":"http:\/\/www.gentedebasquet.com.ar\/wp-content\/uploads\/2012\/03\/Firpo-2.jpg"},{"@type":"BreadcrumbList","@id":"http:\/\/gentedebasquet.com.ar\/sitio\/2012\/03\/07\/el-basquet-bahiense-necesita-un-proyecto\/#breadcrumb","itemListElement":[{"@type":"ListItem","position":1,"name":"Portada","item":"http:\/\/gentedebasquet.com.ar\/sitio\/"},{"@type":"ListItem","position":2,"name":"\u00abEl b\u00e1squet bahiense necesita un proyecto\u00bb"}]},{"@type":"WebSite","@id":"http:\/\/gentedebasquet.com.ar\/sitio\/#website","url":"http:\/\/gentedebasquet.com.ar\/sitio\/","name":"Gente de B\u00e1squet","description":"La revista del basquet de Bah\u00eda Blanca","potentialAction":[{"@type":"SearchAction","target":{"@type":"EntryPoint","urlTemplate":"http:\/\/gentedebasquet.com.ar\/sitio\/?s={search_term_string}"},"query-input":{"@type":"PropertyValueSpecification","valueRequired":true,"valueName":"search_term_string"}}],"inLanguage":"es"},{"@type":"Person","@id":"http:\/\/gentedebasquet.com.ar\/sitio\/#\/schema\/person\/ca0b63bbb977369988a7bbbdc519943a","name":"Gente de B\u00e1squet","image":{"@type":"ImageObject","inLanguage":"es","@id":"https:\/\/secure.gravatar.com\/avatar\/7f2c48bdc33b30088f941fb6082e555f2874c98e20cb159d7b92b50eadfce793?s=96&d=mm&r=g","url":"https:\/\/secure.gravatar.com\/avatar\/7f2c48bdc33b30088f941fb6082e555f2874c98e20cb159d7b92b50eadfce793?s=96&d=mm&r=g","contentUrl":"https:\/\/secure.gravatar.com\/avatar\/7f2c48bdc33b30088f941fb6082e555f2874c98e20cb159d7b92b50eadfce793?s=96&d=mm&r=g","caption":"Gente de B\u00e1squet"},"sameAs":["http:\/\/gentedebasquet.com.ar\/sitio"],"url":"https:\/\/gentedebasquet.com.ar\/sitio\/author\/ulises\/"}]}},"_links":{"self":[{"href":"https:\/\/gentedebasquet.com.ar\/sitio\/wp-json\/wp\/v2\/posts\/2102","targetHints":{"allow":["GET"]}}],"collection":[{"href":"https:\/\/gentedebasquet.com.ar\/sitio\/wp-json\/wp\/v2\/posts"}],"about":[{"href":"https:\/\/gentedebasquet.com.ar\/sitio\/wp-json\/wp\/v2\/types\/post"}],"author":[{"embeddable":true,"href":"https:\/\/gentedebasquet.com.ar\/sitio\/wp-json\/wp\/v2\/users\/1"}],"replies":[{"embeddable":true,"href":"https:\/\/gentedebasquet.com.ar\/sitio\/wp-json\/wp\/v2\/comments?post=2102"}],"version-history":[{"count":0,"href":"https:\/\/gentedebasquet.com.ar\/sitio\/wp-json\/wp\/v2\/posts\/2102\/revisions"}],"wp:attachment":[{"href":"https:\/\/gentedebasquet.com.ar\/sitio\/wp-json\/wp\/v2\/media?parent=2102"}],"wp:term":[{"taxonomy":"category","embeddable":true,"href":"https:\/\/gentedebasquet.com.ar\/sitio\/wp-json\/wp\/v2\/categories?post=2102"},{"taxonomy":"post_tag","embeddable":true,"href":"https:\/\/gentedebasquet.com.ar\/sitio\/wp-json\/wp\/v2\/tags?post=2102"}],"curies":[{"name":"wp","href":"https:\/\/api.w.org\/{rel}","templated":true}]}}