{"id":2112,"date":"2012-03-09T04:28:21","date_gmt":"2012-03-09T04:28:21","guid":{"rendered":"http:\/\/www.gentedebasquet.com.ar\/?p=2112"},"modified":"2012-03-09T04:28:21","modified_gmt":"2012-03-09T04:28:21","slug":"en-liniers-no-tuve-base-y-no-respetaron-la-palabra","status":"publish","type":"post","link":"https:\/\/gentedebasquet.com.ar\/sitio\/2012\/03\/09\/en-liniers-no-tuve-base-y-no-respetaron-la-palabra\/","title":{"rendered":"\u00abEn Liniers no tuve base y no me respetaron la palabra\u00bb"},"content":{"rendered":"<p><a href=\"http:\/\/www.gentedebasquet.com.ar\/wp-content\/uploads\/2012\/03\/Allende-liniers.jpg\"><img decoding=\"async\" class=\"alignnone size-full wp-image-2113\" src=\"http:\/\/www.gentedebasquet.com.ar\/wp-content\/uploads\/2012\/03\/Allende-liniers.jpg\" alt=\"\" width=\"444\" height=\"336\" \/><\/a><\/p>\n<p><strong><em>Marcelo Allende dej\u00f3 el club de la avenida para sumarse a la ilusi\u00f3n de Barracas: \u201cjuego para ganar, vamos a tratar de conseguir un lugar en Primera\u201d. Asimismo, se\u00f1al\u00f3 que su salida del Chivo no debi\u00f3 haberse producido. El DT argument\u00f3 que \u201ce<\/em><\/strong><strong><em>n Liniers, no tener base nos complic\u00f3, \u00a0de los cuatro equipos que est\u00e1bamos arriba el \u00fanico que no ten\u00eda base era el nuestro\u201d.<!--more--><\/em><\/strong><\/p>\n<p>\u201cEstamos tratando de buscar un lugar en Primera y para eso vamos a jugar, sabemos que no es nada f\u00e1cil. La posibilidad est\u00e1 y trataremos de armarnos lo mejor posible para asumir el compromiso. No puedo hablar de la campa\u00f1a pasada porque no la vi, pero es un club de b\u00e1squet donde van a hacer lo posible, dentro de los par\u00e1metros normales, para tratar de conseguir un lugar en Primera\u201d, se\u00f1al\u00f3 Marcelo Allende en contacto con Gente de B\u00e1squet Radio, por FM Universal.<\/p>\n<p>El nuevo entrenador de Barracas cont\u00f3 que \u201cles ped\u00ed que si ellos formaban un equipo competitivo me hac\u00eda cargo, sino no me interesaba la propuesta. A esta edad me gusta jugar por algo, me gustan los desaf\u00edos y, en este caso, el desaf\u00edo es poner a Barracas en Primera\u201d. No obstante, est\u00e1 de acuerdo que Olimpo es el gran candidato al ascenso, aunque \u201cvamos a tratar de contrarrestar su poder\u00edo. Est\u00e1 claro que yo siempre juego para ganar y vamos a tratar de que si no podemos ascender directo, tener una chance extra\u201d.<\/p>\n<p><strong>Palabras m\u00e1s, palabras menos<\/strong><\/p>\n<p>Allende se excus\u00f3, en un principio, de hablar sobre su salida de Liners porque \u00able hace mal\u201d. Sin embargo, coment\u00f3 que \u201cno me tendr\u00eda que haber ido de Liniers porque yo ten\u00eda un \u2018contrato\u2019 de palabra, cuando uno cree que la palabra todav\u00eda sirve pero todav\u00eda est\u00e1 \u2018Pocho\u2019 Severini en Liniers. La gente va cambiando y las palabras van cambiando tambi\u00e9n. A mi me ense\u00f1\u00f3 mi pap\u00e1 que la palabra es mejor que la firma, as\u00ed que voy a seguir conservando eso que es la mejor herencia que mi viejo me dej\u00f3\u201d, a\u00f1adi\u00f3.<\/p>\n<p>Por otra parte, el ex t\u00e9cnico campe\u00f3n con San Lorenzo dijo que con Mariano Trellini \u201carrancamos juntos\u00bb. \u00abYo cuando lo llam\u00e9 para ir a San Lorenzo \u00e9l estaba de vacaciones en Brasil y me dijo que ten\u00eda ganas de jugar ah\u00ed; ya con eso a mi me bastaba. Lleva una seguidilla que nos hace tenerlo de c\u00e1bala (risas)\u201d, sostuvo. Allende expres\u00f3 tambi\u00e9n sorpresa positiva para con Luis Decio: \u201cest\u00e1 impecable f\u00edsicamente, con su juego habitual y con mucho gol. Es un puesto que esper\u00e1bamos y dif\u00edcil; eso lo padec\u00ed en Liniers\u201d.<\/p>\n<p>A prop\u00f3sito, Allende afirm\u00f3 que \u201cel hecho de no tener base te complica mucho las cosas. Y en Liniers ese tema nos complic\u00f3 sobremanera porque de los cuatro equipos que est\u00e1bamos arriba el \u00fanico que no ten\u00eda base era el nuestro. \u2018Bachi\u2019 (Allende) no es base, lo hizo cuando salimos campeones pero ten\u00eda al lado a (Mart\u00edn) Fabi al cien por ciento y a (Sebasti\u00e1n)\u00a0Aleksoski. Marinsalta es un buen sustituto, pero no era un base de relevancia para el equipo que ten\u00edamos\u201d.<\/p>\n<p><strong>Hay equipo<\/strong><\/p>\n<p>\u201cEst\u00e1 Diomedi, Iturralde, Mart\u00edn Segal, Casale, Santiago Marco, Cristian Fiore, Ignacio Sella, Trellini, Desio, Serrano y seguimos a la espera de que se destrabe una situaci\u00f3n importante para nosotros para completar el plantel, la del \u2018Manzana\u2019 Gonz\u00e1lez. Es un jugador relevante para la categor\u00eda. Tengo entendido que de volver a jugar en Primera lo har\u00eda en Bahiense del Norte, pero para eso necesita otro estado f\u00edsico. No lo quiero apurar ni quiero llamarlo, que \u00e9l decida solo que sabe lo que tiene que hacer\u201d, concluy\u00f3 Marcelo Allende.<\/p>\n","protected":false},"excerpt":{"rendered":"<p>Marcelo Allende dej\u00f3 el club de la avenida para sumarse a la ilusi\u00f3n de Barracas: \u201cjuego para ganar, vamos a tratar de conseguir un lugar en Primera\u201d. Asimismo, se\u00f1al\u00f3 que su salida del Chivo no debi\u00f3 haberse producido. El DT argument\u00f3 que \u201cen Liniers, no tener base nos complic\u00f3, \u00a0de los cuatro equipos que est\u00e1bamos [&hellip;]<\/p>\n","protected":false},"author":1,"featured_media":0,"comment_status":"open","ping_status":"open","sticky":false,"template":"","format":"standard","meta":{"jnews-multi-image_gallery":[],"jnews_single_post":[],"jnews_primary_category":[],"footnotes":""},"categories":[24],"tags":[],"class_list":["post-2112","post","type-post","status-publish","format-standard","hentry","category-overtime"],"yoast_head":"<!-- This site is optimized with the Yoast SEO plugin v27.5 - https:\/\/yoast.com\/product\/yoast-seo-wordpress\/ -->\n<title>&quot;En Liniers no tuve base y no me respetaron la palabra&quot; - Gente de B\u00e1squet<\/title>\n<meta name=\"robots\" content=\"index, follow, max-snippet:-1, max-image-preview:large, max-video-preview:-1\" \/>\n<link rel=\"canonical\" href=\"http:\/\/gentedebasquet.com.ar\/sitio\/2012\/03\/09\/en-liniers-no-tuve-base-y-no-respetaron-la-palabra\/\" \/>\n<meta property=\"og:locale\" content=\"es_ES\" \/>\n<meta property=\"og:type\" content=\"article\" \/>\n<meta property=\"og:title\" content=\"&quot;En Liniers no tuve base y no me respetaron la palabra&quot; - Gente de B\u00e1squet\" \/>\n<meta property=\"og:description\" content=\"Marcelo Allende dej\u00f3 el club de la avenida para sumarse a la ilusi\u00f3n de Barracas: \u201cjuego para ganar, vamos a tratar de conseguir un lugar en Primera\u201d. Asimismo, se\u00f1al\u00f3 que su salida del Chivo no debi\u00f3 haberse producido. El DT argument\u00f3 que \u201cen Liniers, no tener base nos complic\u00f3, \u00a0de los cuatro equipos que est\u00e1bamos [&hellip;]\" \/>\n<meta property=\"og:url\" content=\"http:\/\/gentedebasquet.com.ar\/sitio\/2012\/03\/09\/en-liniers-no-tuve-base-y-no-respetaron-la-palabra\/\" \/>\n<meta property=\"og:site_name\" content=\"Gente de B\u00e1squet\" \/>\n<meta property=\"article:published_time\" content=\"2012-03-09T04:28:21+00:00\" \/>\n<meta property=\"og:image\" content=\"http:\/\/www.gentedebasquet.com.ar\/wp-content\/uploads\/2012\/03\/Allende-liniers.jpg\" \/>\n<meta name=\"author\" content=\"Gente de B\u00e1squet\" \/>\n<meta name=\"twitter:card\" content=\"summary_large_image\" \/>\n<meta name=\"twitter:label1\" content=\"Escrito por\" \/>\n\t<meta name=\"twitter:data1\" content=\"Gente de B\u00e1squet\" \/>\n\t<meta name=\"twitter:label2\" content=\"Tiempo de lectura\" \/>\n\t<meta name=\"twitter:data2\" content=\"3 minutos\" \/>\n<script type=\"application\/ld+json\" class=\"yoast-schema-graph\">{\"@context\":\"https:\\\/\\\/schema.org\",\"@graph\":[{\"@type\":\"Article\",\"@id\":\"http:\\\/\\\/gentedebasquet.com.ar\\\/sitio\\\/2012\\\/03\\\/09\\\/en-liniers-no-tuve-base-y-no-respetaron-la-palabra\\\/#article\",\"isPartOf\":{\"@id\":\"http:\\\/\\\/gentedebasquet.com.ar\\\/sitio\\\/2012\\\/03\\\/09\\\/en-liniers-no-tuve-base-y-no-respetaron-la-palabra\\\/\"},\"author\":{\"name\":\"Gente de B\u00e1squet\",\"@id\":\"http:\\\/\\\/gentedebasquet.com.ar\\\/sitio\\\/#\\\/schema\\\/person\\\/ca0b63bbb977369988a7bbbdc519943a\"},\"headline\":\"\u00abEn Liniers no tuve base y no me respetaron la palabra\u00bb\",\"datePublished\":\"2012-03-09T04:28:21+00:00\",\"mainEntityOfPage\":{\"@id\":\"http:\\\/\\\/gentedebasquet.com.ar\\\/sitio\\\/2012\\\/03\\\/09\\\/en-liniers-no-tuve-base-y-no-respetaron-la-palabra\\\/\"},\"wordCount\":655,\"commentCount\":20,\"image\":{\"@id\":\"http:\\\/\\\/gentedebasquet.com.ar\\\/sitio\\\/2012\\\/03\\\/09\\\/en-liniers-no-tuve-base-y-no-respetaron-la-palabra\\\/#primaryimage\"},\"thumbnailUrl\":\"http:\\\/\\\/www.gentedebasquet.com.ar\\\/wp-content\\\/uploads\\\/2012\\\/03\\\/Allende-liniers.jpg\",\"articleSection\":[\"#Overtime\"],\"inLanguage\":\"es\",\"potentialAction\":[{\"@type\":\"CommentAction\",\"name\":\"Comment\",\"target\":[\"http:\\\/\\\/gentedebasquet.com.ar\\\/sitio\\\/2012\\\/03\\\/09\\\/en-liniers-no-tuve-base-y-no-respetaron-la-palabra\\\/#respond\"]}]},{\"@type\":\"WebPage\",\"@id\":\"http:\\\/\\\/gentedebasquet.com.ar\\\/sitio\\\/2012\\\/03\\\/09\\\/en-liniers-no-tuve-base-y-no-respetaron-la-palabra\\\/\",\"url\":\"http:\\\/\\\/gentedebasquet.com.ar\\\/sitio\\\/2012\\\/03\\\/09\\\/en-liniers-no-tuve-base-y-no-respetaron-la-palabra\\\/\",\"name\":\"\\\"En Liniers no tuve base y no me respetaron la palabra\\\" - Gente de B\u00e1squet\",\"isPartOf\":{\"@id\":\"http:\\\/\\\/gentedebasquet.com.ar\\\/sitio\\\/#website\"},\"primaryImageOfPage\":{\"@id\":\"http:\\\/\\\/gentedebasquet.com.ar\\\/sitio\\\/2012\\\/03\\\/09\\\/en-liniers-no-tuve-base-y-no-respetaron-la-palabra\\\/#primaryimage\"},\"image\":{\"@id\":\"http:\\\/\\\/gentedebasquet.com.ar\\\/sitio\\\/2012\\\/03\\\/09\\\/en-liniers-no-tuve-base-y-no-respetaron-la-palabra\\\/#primaryimage\"},\"thumbnailUrl\":\"http:\\\/\\\/www.gentedebasquet.com.ar\\\/wp-content\\\/uploads\\\/2012\\\/03\\\/Allende-liniers.jpg\",\"datePublished\":\"2012-03-09T04:28:21+00:00\",\"author\":{\"@id\":\"http:\\\/\\\/gentedebasquet.com.ar\\\/sitio\\\/#\\\/schema\\\/person\\\/ca0b63bbb977369988a7bbbdc519943a\"},\"breadcrumb\":{\"@id\":\"http:\\\/\\\/gentedebasquet.com.ar\\\/sitio\\\/2012\\\/03\\\/09\\\/en-liniers-no-tuve-base-y-no-respetaron-la-palabra\\\/#breadcrumb\"},\"inLanguage\":\"es\",\"potentialAction\":[{\"@type\":\"ReadAction\",\"target\":[\"http:\\\/\\\/gentedebasquet.com.ar\\\/sitio\\\/2012\\\/03\\\/09\\\/en-liniers-no-tuve-base-y-no-respetaron-la-palabra\\\/\"]}]},{\"@type\":\"ImageObject\",\"inLanguage\":\"es\",\"@id\":\"http:\\\/\\\/gentedebasquet.com.ar\\\/sitio\\\/2012\\\/03\\\/09\\\/en-liniers-no-tuve-base-y-no-respetaron-la-palabra\\\/#primaryimage\",\"url\":\"http:\\\/\\\/www.gentedebasquet.com.ar\\\/wp-content\\\/uploads\\\/2012\\\/03\\\/Allende-liniers.jpg\",\"contentUrl\":\"http:\\\/\\\/www.gentedebasquet.com.ar\\\/wp-content\\\/uploads\\\/2012\\\/03\\\/Allende-liniers.jpg\"},{\"@type\":\"BreadcrumbList\",\"@id\":\"http:\\\/\\\/gentedebasquet.com.ar\\\/sitio\\\/2012\\\/03\\\/09\\\/en-liniers-no-tuve-base-y-no-respetaron-la-palabra\\\/#breadcrumb\",\"itemListElement\":[{\"@type\":\"ListItem\",\"position\":1,\"name\":\"Portada\",\"item\":\"http:\\\/\\\/gentedebasquet.com.ar\\\/sitio\\\/\"},{\"@type\":\"ListItem\",\"position\":2,\"name\":\"\u00abEn Liniers no tuve base y no me respetaron la palabra\u00bb\"}]},{\"@type\":\"WebSite\",\"@id\":\"http:\\\/\\\/gentedebasquet.com.ar\\\/sitio\\\/#website\",\"url\":\"http:\\\/\\\/gentedebasquet.com.ar\\\/sitio\\\/\",\"name\":\"Gente de B\u00e1squet\",\"description\":\"La revista del basquet de Bah\u00eda Blanca\",\"potentialAction\":[{\"@type\":\"SearchAction\",\"target\":{\"@type\":\"EntryPoint\",\"urlTemplate\":\"http:\\\/\\\/gentedebasquet.com.ar\\\/sitio\\\/?s={search_term_string}\"},\"query-input\":{\"@type\":\"PropertyValueSpecification\",\"valueRequired\":true,\"valueName\":\"search_term_string\"}}],\"inLanguage\":\"es\"},{\"@type\":\"Person\",\"@id\":\"http:\\\/\\\/gentedebasquet.com.ar\\\/sitio\\\/#\\\/schema\\\/person\\\/ca0b63bbb977369988a7bbbdc519943a\",\"name\":\"Gente de B\u00e1squet\",\"image\":{\"@type\":\"ImageObject\",\"inLanguage\":\"es\",\"@id\":\"https:\\\/\\\/secure.gravatar.com\\\/avatar\\\/7f2c48bdc33b30088f941fb6082e555f2874c98e20cb159d7b92b50eadfce793?s=96&d=mm&r=g\",\"url\":\"https:\\\/\\\/secure.gravatar.com\\\/avatar\\\/7f2c48bdc33b30088f941fb6082e555f2874c98e20cb159d7b92b50eadfce793?s=96&d=mm&r=g\",\"contentUrl\":\"https:\\\/\\\/secure.gravatar.com\\\/avatar\\\/7f2c48bdc33b30088f941fb6082e555f2874c98e20cb159d7b92b50eadfce793?s=96&d=mm&r=g\",\"caption\":\"Gente de B\u00e1squet\"},\"sameAs\":[\"http:\\\/\\\/gentedebasquet.com.ar\\\/sitio\"],\"url\":\"https:\\\/\\\/gentedebasquet.com.ar\\\/sitio\\\/author\\\/ulises\\\/\"}]}<\/script>\n<!-- \/ Yoast SEO plugin. -->","yoast_head_json":{"title":"\"En Liniers no tuve base y no me respetaron la palabra\" - Gente de B\u00e1squet","robots":{"index":"index","follow":"follow","max-snippet":"max-snippet:-1","max-image-preview":"max-image-preview:large","max-video-preview":"max-video-preview:-1"},"canonical":"http:\/\/gentedebasquet.com.ar\/sitio\/2012\/03\/09\/en-liniers-no-tuve-base-y-no-respetaron-la-palabra\/","og_locale":"es_ES","og_type":"article","og_title":"\"En Liniers no tuve base y no me respetaron la palabra\" - Gente de B\u00e1squet","og_description":"Marcelo Allende dej\u00f3 el club de la avenida para sumarse a la ilusi\u00f3n de Barracas: \u201cjuego para ganar, vamos a tratar de conseguir un lugar en Primera\u201d. Asimismo, se\u00f1al\u00f3 que su salida del Chivo no debi\u00f3 haberse producido. El DT argument\u00f3 que \u201cen Liniers, no tener base nos complic\u00f3, \u00a0de los cuatro equipos que est\u00e1bamos [&hellip;]","og_url":"http:\/\/gentedebasquet.com.ar\/sitio\/2012\/03\/09\/en-liniers-no-tuve-base-y-no-respetaron-la-palabra\/","og_site_name":"Gente de B\u00e1squet","article_published_time":"2012-03-09T04:28:21+00:00","og_image":[{"url":"http:\/\/www.gentedebasquet.com.ar\/wp-content\/uploads\/2012\/03\/Allende-liniers.jpg","type":"","width":"","height":""}],"author":"Gente de B\u00e1squet","twitter_card":"summary_large_image","twitter_misc":{"Escrito por":"Gente de B\u00e1squet","Tiempo de lectura":"3 minutos"},"schema":{"@context":"https:\/\/schema.org","@graph":[{"@type":"Article","@id":"http:\/\/gentedebasquet.com.ar\/sitio\/2012\/03\/09\/en-liniers-no-tuve-base-y-no-respetaron-la-palabra\/#article","isPartOf":{"@id":"http:\/\/gentedebasquet.com.ar\/sitio\/2012\/03\/09\/en-liniers-no-tuve-base-y-no-respetaron-la-palabra\/"},"author":{"name":"Gente de B\u00e1squet","@id":"http:\/\/gentedebasquet.com.ar\/sitio\/#\/schema\/person\/ca0b63bbb977369988a7bbbdc519943a"},"headline":"\u00abEn Liniers no tuve base y no me respetaron la palabra\u00bb","datePublished":"2012-03-09T04:28:21+00:00","mainEntityOfPage":{"@id":"http:\/\/gentedebasquet.com.ar\/sitio\/2012\/03\/09\/en-liniers-no-tuve-base-y-no-respetaron-la-palabra\/"},"wordCount":655,"commentCount":20,"image":{"@id":"http:\/\/gentedebasquet.com.ar\/sitio\/2012\/03\/09\/en-liniers-no-tuve-base-y-no-respetaron-la-palabra\/#primaryimage"},"thumbnailUrl":"http:\/\/www.gentedebasquet.com.ar\/wp-content\/uploads\/2012\/03\/Allende-liniers.jpg","articleSection":["#Overtime"],"inLanguage":"es","potentialAction":[{"@type":"CommentAction","name":"Comment","target":["http:\/\/gentedebasquet.com.ar\/sitio\/2012\/03\/09\/en-liniers-no-tuve-base-y-no-respetaron-la-palabra\/#respond"]}]},{"@type":"WebPage","@id":"http:\/\/gentedebasquet.com.ar\/sitio\/2012\/03\/09\/en-liniers-no-tuve-base-y-no-respetaron-la-palabra\/","url":"http:\/\/gentedebasquet.com.ar\/sitio\/2012\/03\/09\/en-liniers-no-tuve-base-y-no-respetaron-la-palabra\/","name":"\"En Liniers no tuve base y no me respetaron la palabra\" - Gente de B\u00e1squet","isPartOf":{"@id":"http:\/\/gentedebasquet.com.ar\/sitio\/#website"},"primaryImageOfPage":{"@id":"http:\/\/gentedebasquet.com.ar\/sitio\/2012\/03\/09\/en-liniers-no-tuve-base-y-no-respetaron-la-palabra\/#primaryimage"},"image":{"@id":"http:\/\/gentedebasquet.com.ar\/sitio\/2012\/03\/09\/en-liniers-no-tuve-base-y-no-respetaron-la-palabra\/#primaryimage"},"thumbnailUrl":"http:\/\/www.gentedebasquet.com.ar\/wp-content\/uploads\/2012\/03\/Allende-liniers.jpg","datePublished":"2012-03-09T04:28:21+00:00","author":{"@id":"http:\/\/gentedebasquet.com.ar\/sitio\/#\/schema\/person\/ca0b63bbb977369988a7bbbdc519943a"},"breadcrumb":{"@id":"http:\/\/gentedebasquet.com.ar\/sitio\/2012\/03\/09\/en-liniers-no-tuve-base-y-no-respetaron-la-palabra\/#breadcrumb"},"inLanguage":"es","potentialAction":[{"@type":"ReadAction","target":["http:\/\/gentedebasquet.com.ar\/sitio\/2012\/03\/09\/en-liniers-no-tuve-base-y-no-respetaron-la-palabra\/"]}]},{"@type":"ImageObject","inLanguage":"es","@id":"http:\/\/gentedebasquet.com.ar\/sitio\/2012\/03\/09\/en-liniers-no-tuve-base-y-no-respetaron-la-palabra\/#primaryimage","url":"http:\/\/www.gentedebasquet.com.ar\/wp-content\/uploads\/2012\/03\/Allende-liniers.jpg","contentUrl":"http:\/\/www.gentedebasquet.com.ar\/wp-content\/uploads\/2012\/03\/Allende-liniers.jpg"},{"@type":"BreadcrumbList","@id":"http:\/\/gentedebasquet.com.ar\/sitio\/2012\/03\/09\/en-liniers-no-tuve-base-y-no-respetaron-la-palabra\/#breadcrumb","itemListElement":[{"@type":"ListItem","position":1,"name":"Portada","item":"http:\/\/gentedebasquet.com.ar\/sitio\/"},{"@type":"ListItem","position":2,"name":"\u00abEn Liniers no tuve base y no me respetaron la palabra\u00bb"}]},{"@type":"WebSite","@id":"http:\/\/gentedebasquet.com.ar\/sitio\/#website","url":"http:\/\/gentedebasquet.com.ar\/sitio\/","name":"Gente de B\u00e1squet","description":"La revista del basquet de Bah\u00eda Blanca","potentialAction":[{"@type":"SearchAction","target":{"@type":"EntryPoint","urlTemplate":"http:\/\/gentedebasquet.com.ar\/sitio\/?s={search_term_string}"},"query-input":{"@type":"PropertyValueSpecification","valueRequired":true,"valueName":"search_term_string"}}],"inLanguage":"es"},{"@type":"Person","@id":"http:\/\/gentedebasquet.com.ar\/sitio\/#\/schema\/person\/ca0b63bbb977369988a7bbbdc519943a","name":"Gente de B\u00e1squet","image":{"@type":"ImageObject","inLanguage":"es","@id":"https:\/\/secure.gravatar.com\/avatar\/7f2c48bdc33b30088f941fb6082e555f2874c98e20cb159d7b92b50eadfce793?s=96&d=mm&r=g","url":"https:\/\/secure.gravatar.com\/avatar\/7f2c48bdc33b30088f941fb6082e555f2874c98e20cb159d7b92b50eadfce793?s=96&d=mm&r=g","contentUrl":"https:\/\/secure.gravatar.com\/avatar\/7f2c48bdc33b30088f941fb6082e555f2874c98e20cb159d7b92b50eadfce793?s=96&d=mm&r=g","caption":"Gente de B\u00e1squet"},"sameAs":["http:\/\/gentedebasquet.com.ar\/sitio"],"url":"https:\/\/gentedebasquet.com.ar\/sitio\/author\/ulises\/"}]}},"_links":{"self":[{"href":"https:\/\/gentedebasquet.com.ar\/sitio\/wp-json\/wp\/v2\/posts\/2112","targetHints":{"allow":["GET"]}}],"collection":[{"href":"https:\/\/gentedebasquet.com.ar\/sitio\/wp-json\/wp\/v2\/posts"}],"about":[{"href":"https:\/\/gentedebasquet.com.ar\/sitio\/wp-json\/wp\/v2\/types\/post"}],"author":[{"embeddable":true,"href":"https:\/\/gentedebasquet.com.ar\/sitio\/wp-json\/wp\/v2\/users\/1"}],"replies":[{"embeddable":true,"href":"https:\/\/gentedebasquet.com.ar\/sitio\/wp-json\/wp\/v2\/comments?post=2112"}],"version-history":[{"count":0,"href":"https:\/\/gentedebasquet.com.ar\/sitio\/wp-json\/wp\/v2\/posts\/2112\/revisions"}],"wp:attachment":[{"href":"https:\/\/gentedebasquet.com.ar\/sitio\/wp-json\/wp\/v2\/media?parent=2112"}],"wp:term":[{"taxonomy":"category","embeddable":true,"href":"https:\/\/gentedebasquet.com.ar\/sitio\/wp-json\/wp\/v2\/categories?post=2112"},{"taxonomy":"post_tag","embeddable":true,"href":"https:\/\/gentedebasquet.com.ar\/sitio\/wp-json\/wp\/v2\/tags?post=2112"}],"curies":[{"name":"wp","href":"https:\/\/api.w.org\/{rel}","templated":true}]}}