{"id":2152,"date":"2012-03-21T17:03:34","date_gmt":"2012-03-21T17:03:34","guid":{"rendered":"http:\/\/www.gentedebasquet.com.ar\/?p=2152"},"modified":"2012-03-21T17:03:34","modified_gmt":"2012-03-21T17:03:34","slug":"el-objetivo-es-entrar-a-los-play-offs","status":"publish","type":"post","link":"https:\/\/gentedebasquet.com.ar\/sitio\/2012\/03\/21\/el-objetivo-es-entrar-a-los-play-offs\/","title":{"rendered":"\u00abEl objetivo es entrar a los play-offs\u00bb"},"content":{"rendered":"<p><a href=\"http:\/\/www.gentedebasquet.com.ar\/wp-content\/uploads\/2012\/03\/CRIS.jpg\"><img decoding=\"async\" class=\"alignnone size-medium wp-image-2153\" src=\"http:\/\/www.gentedebasquet.com.ar\/wp-content\/uploads\/2012\/03\/CRIS-300x225.jpg\" alt=\"\" \/><\/a><\/p>\n<p><em><strong>Luego de una buena temporada en Independiente, Cristi\u00e1n Brugniere pas\u00f3 a Velocidad donde jugar\u00e1 la proxima temporada del Torneo de Segunda divisi\u00f3m. En esta entrevista, el interno nos cuenta de su decisi\u00f3n de incorporarse al club de calle Rondeau y los objetivos personales y grupales para este a\u00f1o. Adem\u00e1s nos deja su impresi\u00f3n de los candidatos al ascenso.\u00a0<\/strong><\/em><\/p>\n<p><!--more--><\/p>\n<p><strong>&#8211; Por qu\u00e9 te decidiste por Velocidad<\/strong>?<\/p>\n<p>&#8211; Sinceramente, fue la \u00fanica propuesta formal que tuve. No recib\u00ed ning\u00fan llamado por parte de Independiente, as\u00ed que por lo visto no me ten\u00edan en cuenta. Antes de irme de vacaciones, me llam\u00f3 Silvio Montero y me propuso sumarme al plantel de Velocidad. A\u00f1os anteriores hab\u00edamos tenido conversaciones con Silvio para integrar un plantel de 2da juntos y por motivos ajenos a ambos nunca se hab\u00eda concretado. Por suerte este a\u00f1o nos pudimos sacar la espina y podemos compartir equipo. Tengo muy buenas referencias de \u00e9l; me gusta la forma que tiene de entrenar y ver el b\u00e1squet.<\/p>\n<p><strong>&#8211; Qu\u00e9 le podes aportar a este plantel?\u00a0<\/strong><\/p>\n<p>&#8211; Tratar\u00e9 de volcar la experiencia, y darle juego interior, ya sea para tomar acciones ofensivas o contraer marcas y descargar la pelota limpia hacia el per\u00edmetro. Sabemos que somos un equipo corto, por lo tanto nos basaremos en una defensa fuerte y s\u00f3lida, por lo cual mi compromiso en la parte defensiva ser\u00e1 contener a los jugadores grandes del equipo rival.<\/p>\n<p><strong>&#8211; Cu\u00e1l es el objetivo del equipo?<\/strong><\/p>\n<p>&#8211; Con el nuevo formato del torneo, creo que el deseo de todos estar\u00e1 en entrar dentro de los 6 primeros equipos, para asegurarnos el ingreso a play-offs. Sabemos que es dif\u00edcil, por que hay muy buenos planteles, pero trataremos de hacer lo imposible para llegar en forma directa, y sino pelear la reclasificaci\u00f3n. Sin dudas, el objetivo es entrar en la post- temporada de una u otra manera.<\/p>\n<p><strong>&#8211; Qu\u00e9 estilo de juego van a proponer?<\/strong><\/p>\n<p>&#8211; Somos concientes de que tenemos un equipo corto y limitado, por ende nos basaremos en una defensa f\u00e9rrea, agresiva, negando segundos tiros al oponente para recuperar la pelota r\u00e1pidamente y llegar en contra golpe para lastimar al rival. Debemos hacernos fuertes en los rebotes, tanto defensivos como ofensivos para permitirnos segundos tiros. Tenemos una cancha de dimensiones chicas, que fastidia y complica a los rivales por lo tanto debemos ser inteligentes y aprovecharlo para desarrollar una local\u00eda fuerte.<\/p>\n<p><strong>&#8211; En lo personal la \u00faltima temporada fue de buen nivel, en qu\u00e9 aspectos del juego crees que deber\u00edas seguir mejorando?\u00a0<\/strong><\/p>\n<p>&#8211; Principalmente en lo f\u00edsico. La temporada anterior, por los problemas personales conocidos, se me dificulto entrenar de la manera deseada y eso me influy\u00f3 negativamente. Este a\u00f1o estoy m\u00e1s organizado con los horarios\u00a0 y me permite entrenar a la par de mis compa\u00f1eros. Otro factor era recuperar la confianza en mi mismo, cuesti\u00f3n que estoy logrando y en la cu\u00e1l tienen mucho que ver el club, los dirigentes y Silvio principalmente a quienes agradezco por confiar en mis condiciones y darme lugar a poder lograrlo. Espero poder retribu\u00edrselos \u00a0dentro de la cancha<\/p>\n<p><strong>&#8211; C\u00f3mo ves el nivel del Torneo de Segunda?<\/strong><\/p>\n<p>&#8211; Soy un convencido que en los \u00faltimos a\u00f1os, el Torneo de Segunda ha sido m\u00e1s atractivo que el de Primera Divisi\u00f3n. Enriquece mucho que entrenadores y jugadores de renombre, ya \u00a0consagrados en nuestro \u00e1mbito local, hayan bajado a jugar el Ascenso. Los partidos son a buen ritmo, es un b\u00e1squet din\u00e1mico y bastante t\u00e1ctico. Hace tiempo que ha\u00a0 dejado de ser un torneo de partidos feos, aburridos y de jugadores r\u00fasticos \u00fanicamente.<\/p>\n<p><strong>&#8211; Qui\u00e9nes crees que son los candidatos al ascenso?<\/strong><\/p>\n<p>&#8211; A priori los dos equipos de plantel mas largo, con mayor presupuesto, jugadores de gran nivel y t\u00e9cnicos que conocen la categor\u00eda son\u00a0 Olimpo y Barracas. Pero sabemos que en el b\u00e1squet actual, y m\u00e1s enla SegundaDivisi\u00f3nhan fracasado equipos con grandes jugadores y entrenadores. La clave estar\u00e1 en conocer las limitaciones de cada equipo, correr y\u00a0 ser muy compactos ofensiva como defensivamente.<\/p>\n","protected":false},"excerpt":{"rendered":"<p>Luego de una buena temporada en Independiente, Cristi\u00e1n Brugniere pas\u00f3 a Velocidad donde jugar\u00e1 la proxima temporada del Torneo de Segunda divisi\u00f3m. En esta entrevista, el interno nos cuenta de su decisi\u00f3n de incorporarse al club de calle Rondeau y los objetivos personales y grupales para este a\u00f1o. Adem\u00e1s nos deja su impresi\u00f3n de los [&hellip;]<\/p>\n","protected":false},"author":1,"featured_media":0,"comment_status":"open","ping_status":"open","sticky":false,"template":"","format":"standard","meta":{"jnews-multi-image_gallery":[],"jnews_single_post":[],"jnews_primary_category":[],"footnotes":""},"categories":[25],"tags":[],"class_list":["post-2152","post","type-post","status-publish","format-standard","hentry","category-segunda"],"yoast_head":"<!-- This site is optimized with the Yoast SEO plugin v27.5 - https:\/\/yoast.com\/product\/yoast-seo-wordpress\/ -->\n<title>&quot;El objetivo es entrar a los play-offs&quot; - Gente de B\u00e1squet<\/title>\n<meta name=\"robots\" content=\"index, follow, max-snippet:-1, max-image-preview:large, max-video-preview:-1\" \/>\n<link rel=\"canonical\" href=\"http:\/\/gentedebasquet.com.ar\/sitio\/2012\/03\/21\/el-objetivo-es-entrar-a-los-play-offs\/\" \/>\n<meta property=\"og:locale\" content=\"es_ES\" \/>\n<meta property=\"og:type\" content=\"article\" \/>\n<meta property=\"og:title\" content=\"&quot;El objetivo es entrar a los play-offs&quot; - Gente de B\u00e1squet\" \/>\n<meta property=\"og:description\" content=\"Luego de una buena temporada en Independiente, Cristi\u00e1n Brugniere pas\u00f3 a Velocidad donde jugar\u00e1 la proxima temporada del Torneo de Segunda divisi\u00f3m. En esta entrevista, el interno nos cuenta de su decisi\u00f3n de incorporarse al club de calle Rondeau y los objetivos personales y grupales para este a\u00f1o. Adem\u00e1s nos deja su impresi\u00f3n de los [&hellip;]\" \/>\n<meta property=\"og:url\" content=\"http:\/\/gentedebasquet.com.ar\/sitio\/2012\/03\/21\/el-objetivo-es-entrar-a-los-play-offs\/\" \/>\n<meta property=\"og:site_name\" content=\"Gente de B\u00e1squet\" \/>\n<meta property=\"article:published_time\" content=\"2012-03-21T17:03:34+00:00\" \/>\n<meta property=\"og:image\" content=\"http:\/\/www.gentedebasquet.com.ar\/wp-content\/uploads\/2012\/03\/CRIS-300x225.jpg\" \/>\n<meta name=\"author\" content=\"Gente de B\u00e1squet\" \/>\n<meta name=\"twitter:card\" content=\"summary_large_image\" \/>\n<meta name=\"twitter:label1\" content=\"Escrito por\" \/>\n\t<meta name=\"twitter:data1\" content=\"Gente de B\u00e1squet\" \/>\n\t<meta name=\"twitter:label2\" content=\"Tiempo de lectura\" \/>\n\t<meta name=\"twitter:data2\" content=\"4 minutos\" \/>\n<script type=\"application\/ld+json\" class=\"yoast-schema-graph\">{\"@context\":\"https:\\\/\\\/schema.org\",\"@graph\":[{\"@type\":\"Article\",\"@id\":\"http:\\\/\\\/gentedebasquet.com.ar\\\/sitio\\\/2012\\\/03\\\/21\\\/el-objetivo-es-entrar-a-los-play-offs\\\/#article\",\"isPartOf\":{\"@id\":\"http:\\\/\\\/gentedebasquet.com.ar\\\/sitio\\\/2012\\\/03\\\/21\\\/el-objetivo-es-entrar-a-los-play-offs\\\/\"},\"author\":{\"name\":\"Gente de B\u00e1squet\",\"@id\":\"http:\\\/\\\/gentedebasquet.com.ar\\\/sitio\\\/#\\\/schema\\\/person\\\/ca0b63bbb977369988a7bbbdc519943a\"},\"headline\":\"\u00abEl objetivo es entrar a los play-offs\u00bb\",\"datePublished\":\"2012-03-21T17:03:34+00:00\",\"mainEntityOfPage\":{\"@id\":\"http:\\\/\\\/gentedebasquet.com.ar\\\/sitio\\\/2012\\\/03\\\/21\\\/el-objetivo-es-entrar-a-los-play-offs\\\/\"},\"wordCount\":714,\"commentCount\":3,\"image\":{\"@id\":\"http:\\\/\\\/gentedebasquet.com.ar\\\/sitio\\\/2012\\\/03\\\/21\\\/el-objetivo-es-entrar-a-los-play-offs\\\/#primaryimage\"},\"thumbnailUrl\":\"http:\\\/\\\/www.gentedebasquet.com.ar\\\/wp-content\\\/uploads\\\/2012\\\/03\\\/CRIS-300x225.jpg\",\"articleSection\":[\"Segunda\"],\"inLanguage\":\"es\",\"potentialAction\":[{\"@type\":\"CommentAction\",\"name\":\"Comment\",\"target\":[\"http:\\\/\\\/gentedebasquet.com.ar\\\/sitio\\\/2012\\\/03\\\/21\\\/el-objetivo-es-entrar-a-los-play-offs\\\/#respond\"]}]},{\"@type\":\"WebPage\",\"@id\":\"http:\\\/\\\/gentedebasquet.com.ar\\\/sitio\\\/2012\\\/03\\\/21\\\/el-objetivo-es-entrar-a-los-play-offs\\\/\",\"url\":\"http:\\\/\\\/gentedebasquet.com.ar\\\/sitio\\\/2012\\\/03\\\/21\\\/el-objetivo-es-entrar-a-los-play-offs\\\/\",\"name\":\"\\\"El objetivo es entrar a los play-offs\\\" - Gente de B\u00e1squet\",\"isPartOf\":{\"@id\":\"http:\\\/\\\/gentedebasquet.com.ar\\\/sitio\\\/#website\"},\"primaryImageOfPage\":{\"@id\":\"http:\\\/\\\/gentedebasquet.com.ar\\\/sitio\\\/2012\\\/03\\\/21\\\/el-objetivo-es-entrar-a-los-play-offs\\\/#primaryimage\"},\"image\":{\"@id\":\"http:\\\/\\\/gentedebasquet.com.ar\\\/sitio\\\/2012\\\/03\\\/21\\\/el-objetivo-es-entrar-a-los-play-offs\\\/#primaryimage\"},\"thumbnailUrl\":\"http:\\\/\\\/www.gentedebasquet.com.ar\\\/wp-content\\\/uploads\\\/2012\\\/03\\\/CRIS-300x225.jpg\",\"datePublished\":\"2012-03-21T17:03:34+00:00\",\"author\":{\"@id\":\"http:\\\/\\\/gentedebasquet.com.ar\\\/sitio\\\/#\\\/schema\\\/person\\\/ca0b63bbb977369988a7bbbdc519943a\"},\"breadcrumb\":{\"@id\":\"http:\\\/\\\/gentedebasquet.com.ar\\\/sitio\\\/2012\\\/03\\\/21\\\/el-objetivo-es-entrar-a-los-play-offs\\\/#breadcrumb\"},\"inLanguage\":\"es\",\"potentialAction\":[{\"@type\":\"ReadAction\",\"target\":[\"http:\\\/\\\/gentedebasquet.com.ar\\\/sitio\\\/2012\\\/03\\\/21\\\/el-objetivo-es-entrar-a-los-play-offs\\\/\"]}]},{\"@type\":\"ImageObject\",\"inLanguage\":\"es\",\"@id\":\"http:\\\/\\\/gentedebasquet.com.ar\\\/sitio\\\/2012\\\/03\\\/21\\\/el-objetivo-es-entrar-a-los-play-offs\\\/#primaryimage\",\"url\":\"http:\\\/\\\/www.gentedebasquet.com.ar\\\/wp-content\\\/uploads\\\/2012\\\/03\\\/CRIS-300x225.jpg\",\"contentUrl\":\"http:\\\/\\\/www.gentedebasquet.com.ar\\\/wp-content\\\/uploads\\\/2012\\\/03\\\/CRIS-300x225.jpg\"},{\"@type\":\"BreadcrumbList\",\"@id\":\"http:\\\/\\\/gentedebasquet.com.ar\\\/sitio\\\/2012\\\/03\\\/21\\\/el-objetivo-es-entrar-a-los-play-offs\\\/#breadcrumb\",\"itemListElement\":[{\"@type\":\"ListItem\",\"position\":1,\"name\":\"Portada\",\"item\":\"http:\\\/\\\/gentedebasquet.com.ar\\\/sitio\\\/\"},{\"@type\":\"ListItem\",\"position\":2,\"name\":\"\u00abEl objetivo es entrar a los play-offs\u00bb\"}]},{\"@type\":\"WebSite\",\"@id\":\"http:\\\/\\\/gentedebasquet.com.ar\\\/sitio\\\/#website\",\"url\":\"http:\\\/\\\/gentedebasquet.com.ar\\\/sitio\\\/\",\"name\":\"Gente de B\u00e1squet\",\"description\":\"La revista del basquet de Bah\u00eda Blanca\",\"potentialAction\":[{\"@type\":\"SearchAction\",\"target\":{\"@type\":\"EntryPoint\",\"urlTemplate\":\"http:\\\/\\\/gentedebasquet.com.ar\\\/sitio\\\/?s={search_term_string}\"},\"query-input\":{\"@type\":\"PropertyValueSpecification\",\"valueRequired\":true,\"valueName\":\"search_term_string\"}}],\"inLanguage\":\"es\"},{\"@type\":\"Person\",\"@id\":\"http:\\\/\\\/gentedebasquet.com.ar\\\/sitio\\\/#\\\/schema\\\/person\\\/ca0b63bbb977369988a7bbbdc519943a\",\"name\":\"Gente de B\u00e1squet\",\"image\":{\"@type\":\"ImageObject\",\"inLanguage\":\"es\",\"@id\":\"https:\\\/\\\/secure.gravatar.com\\\/avatar\\\/7f2c48bdc33b30088f941fb6082e555f2874c98e20cb159d7b92b50eadfce793?s=96&d=mm&r=g\",\"url\":\"https:\\\/\\\/secure.gravatar.com\\\/avatar\\\/7f2c48bdc33b30088f941fb6082e555f2874c98e20cb159d7b92b50eadfce793?s=96&d=mm&r=g\",\"contentUrl\":\"https:\\\/\\\/secure.gravatar.com\\\/avatar\\\/7f2c48bdc33b30088f941fb6082e555f2874c98e20cb159d7b92b50eadfce793?s=96&d=mm&r=g\",\"caption\":\"Gente de B\u00e1squet\"},\"sameAs\":[\"http:\\\/\\\/gentedebasquet.com.ar\\\/sitio\"],\"url\":\"https:\\\/\\\/gentedebasquet.com.ar\\\/sitio\\\/author\\\/ulises\\\/\"}]}<\/script>\n<!-- \/ Yoast SEO plugin. -->","yoast_head_json":{"title":"\"El objetivo es entrar a los play-offs\" - Gente de B\u00e1squet","robots":{"index":"index","follow":"follow","max-snippet":"max-snippet:-1","max-image-preview":"max-image-preview:large","max-video-preview":"max-video-preview:-1"},"canonical":"http:\/\/gentedebasquet.com.ar\/sitio\/2012\/03\/21\/el-objetivo-es-entrar-a-los-play-offs\/","og_locale":"es_ES","og_type":"article","og_title":"\"El objetivo es entrar a los play-offs\" - Gente de B\u00e1squet","og_description":"Luego de una buena temporada en Independiente, Cristi\u00e1n Brugniere pas\u00f3 a Velocidad donde jugar\u00e1 la proxima temporada del Torneo de Segunda divisi\u00f3m. En esta entrevista, el interno nos cuenta de su decisi\u00f3n de incorporarse al club de calle Rondeau y los objetivos personales y grupales para este a\u00f1o. Adem\u00e1s nos deja su impresi\u00f3n de los [&hellip;]","og_url":"http:\/\/gentedebasquet.com.ar\/sitio\/2012\/03\/21\/el-objetivo-es-entrar-a-los-play-offs\/","og_site_name":"Gente de B\u00e1squet","article_published_time":"2012-03-21T17:03:34+00:00","og_image":[{"url":"http:\/\/www.gentedebasquet.com.ar\/wp-content\/uploads\/2012\/03\/CRIS-300x225.jpg","type":"","width":"","height":""}],"author":"Gente de B\u00e1squet","twitter_card":"summary_large_image","twitter_misc":{"Escrito por":"Gente de B\u00e1squet","Tiempo de lectura":"4 minutos"},"schema":{"@context":"https:\/\/schema.org","@graph":[{"@type":"Article","@id":"http:\/\/gentedebasquet.com.ar\/sitio\/2012\/03\/21\/el-objetivo-es-entrar-a-los-play-offs\/#article","isPartOf":{"@id":"http:\/\/gentedebasquet.com.ar\/sitio\/2012\/03\/21\/el-objetivo-es-entrar-a-los-play-offs\/"},"author":{"name":"Gente de B\u00e1squet","@id":"http:\/\/gentedebasquet.com.ar\/sitio\/#\/schema\/person\/ca0b63bbb977369988a7bbbdc519943a"},"headline":"\u00abEl objetivo es entrar a los play-offs\u00bb","datePublished":"2012-03-21T17:03:34+00:00","mainEntityOfPage":{"@id":"http:\/\/gentedebasquet.com.ar\/sitio\/2012\/03\/21\/el-objetivo-es-entrar-a-los-play-offs\/"},"wordCount":714,"commentCount":3,"image":{"@id":"http:\/\/gentedebasquet.com.ar\/sitio\/2012\/03\/21\/el-objetivo-es-entrar-a-los-play-offs\/#primaryimage"},"thumbnailUrl":"http:\/\/www.gentedebasquet.com.ar\/wp-content\/uploads\/2012\/03\/CRIS-300x225.jpg","articleSection":["Segunda"],"inLanguage":"es","potentialAction":[{"@type":"CommentAction","name":"Comment","target":["http:\/\/gentedebasquet.com.ar\/sitio\/2012\/03\/21\/el-objetivo-es-entrar-a-los-play-offs\/#respond"]}]},{"@type":"WebPage","@id":"http:\/\/gentedebasquet.com.ar\/sitio\/2012\/03\/21\/el-objetivo-es-entrar-a-los-play-offs\/","url":"http:\/\/gentedebasquet.com.ar\/sitio\/2012\/03\/21\/el-objetivo-es-entrar-a-los-play-offs\/","name":"\"El objetivo es entrar a los play-offs\" - Gente de B\u00e1squet","isPartOf":{"@id":"http:\/\/gentedebasquet.com.ar\/sitio\/#website"},"primaryImageOfPage":{"@id":"http:\/\/gentedebasquet.com.ar\/sitio\/2012\/03\/21\/el-objetivo-es-entrar-a-los-play-offs\/#primaryimage"},"image":{"@id":"http:\/\/gentedebasquet.com.ar\/sitio\/2012\/03\/21\/el-objetivo-es-entrar-a-los-play-offs\/#primaryimage"},"thumbnailUrl":"http:\/\/www.gentedebasquet.com.ar\/wp-content\/uploads\/2012\/03\/CRIS-300x225.jpg","datePublished":"2012-03-21T17:03:34+00:00","author":{"@id":"http:\/\/gentedebasquet.com.ar\/sitio\/#\/schema\/person\/ca0b63bbb977369988a7bbbdc519943a"},"breadcrumb":{"@id":"http:\/\/gentedebasquet.com.ar\/sitio\/2012\/03\/21\/el-objetivo-es-entrar-a-los-play-offs\/#breadcrumb"},"inLanguage":"es","potentialAction":[{"@type":"ReadAction","target":["http:\/\/gentedebasquet.com.ar\/sitio\/2012\/03\/21\/el-objetivo-es-entrar-a-los-play-offs\/"]}]},{"@type":"ImageObject","inLanguage":"es","@id":"http:\/\/gentedebasquet.com.ar\/sitio\/2012\/03\/21\/el-objetivo-es-entrar-a-los-play-offs\/#primaryimage","url":"http:\/\/www.gentedebasquet.com.ar\/wp-content\/uploads\/2012\/03\/CRIS-300x225.jpg","contentUrl":"http:\/\/www.gentedebasquet.com.ar\/wp-content\/uploads\/2012\/03\/CRIS-300x225.jpg"},{"@type":"BreadcrumbList","@id":"http:\/\/gentedebasquet.com.ar\/sitio\/2012\/03\/21\/el-objetivo-es-entrar-a-los-play-offs\/#breadcrumb","itemListElement":[{"@type":"ListItem","position":1,"name":"Portada","item":"http:\/\/gentedebasquet.com.ar\/sitio\/"},{"@type":"ListItem","position":2,"name":"\u00abEl objetivo es entrar a los play-offs\u00bb"}]},{"@type":"WebSite","@id":"http:\/\/gentedebasquet.com.ar\/sitio\/#website","url":"http:\/\/gentedebasquet.com.ar\/sitio\/","name":"Gente de B\u00e1squet","description":"La revista del basquet de Bah\u00eda Blanca","potentialAction":[{"@type":"SearchAction","target":{"@type":"EntryPoint","urlTemplate":"http:\/\/gentedebasquet.com.ar\/sitio\/?s={search_term_string}"},"query-input":{"@type":"PropertyValueSpecification","valueRequired":true,"valueName":"search_term_string"}}],"inLanguage":"es"},{"@type":"Person","@id":"http:\/\/gentedebasquet.com.ar\/sitio\/#\/schema\/person\/ca0b63bbb977369988a7bbbdc519943a","name":"Gente de B\u00e1squet","image":{"@type":"ImageObject","inLanguage":"es","@id":"https:\/\/secure.gravatar.com\/avatar\/7f2c48bdc33b30088f941fb6082e555f2874c98e20cb159d7b92b50eadfce793?s=96&d=mm&r=g","url":"https:\/\/secure.gravatar.com\/avatar\/7f2c48bdc33b30088f941fb6082e555f2874c98e20cb159d7b92b50eadfce793?s=96&d=mm&r=g","contentUrl":"https:\/\/secure.gravatar.com\/avatar\/7f2c48bdc33b30088f941fb6082e555f2874c98e20cb159d7b92b50eadfce793?s=96&d=mm&r=g","caption":"Gente de B\u00e1squet"},"sameAs":["http:\/\/gentedebasquet.com.ar\/sitio"],"url":"https:\/\/gentedebasquet.com.ar\/sitio\/author\/ulises\/"}]}},"_links":{"self":[{"href":"https:\/\/gentedebasquet.com.ar\/sitio\/wp-json\/wp\/v2\/posts\/2152","targetHints":{"allow":["GET"]}}],"collection":[{"href":"https:\/\/gentedebasquet.com.ar\/sitio\/wp-json\/wp\/v2\/posts"}],"about":[{"href":"https:\/\/gentedebasquet.com.ar\/sitio\/wp-json\/wp\/v2\/types\/post"}],"author":[{"embeddable":true,"href":"https:\/\/gentedebasquet.com.ar\/sitio\/wp-json\/wp\/v2\/users\/1"}],"replies":[{"embeddable":true,"href":"https:\/\/gentedebasquet.com.ar\/sitio\/wp-json\/wp\/v2\/comments?post=2152"}],"version-history":[{"count":0,"href":"https:\/\/gentedebasquet.com.ar\/sitio\/wp-json\/wp\/v2\/posts\/2152\/revisions"}],"wp:attachment":[{"href":"https:\/\/gentedebasquet.com.ar\/sitio\/wp-json\/wp\/v2\/media?parent=2152"}],"wp:term":[{"taxonomy":"category","embeddable":true,"href":"https:\/\/gentedebasquet.com.ar\/sitio\/wp-json\/wp\/v2\/categories?post=2152"},{"taxonomy":"post_tag","embeddable":true,"href":"https:\/\/gentedebasquet.com.ar\/sitio\/wp-json\/wp\/v2\/tags?post=2152"}],"curies":[{"name":"wp","href":"https:\/\/api.w.org\/{rel}","templated":true}]}}