{"id":2156,"date":"2012-03-22T16:09:40","date_gmt":"2012-03-22T16:09:40","guid":{"rendered":"http:\/\/www.gentedebasquet.com.ar\/?p=2156"},"modified":"2012-03-22T16:09:40","modified_gmt":"2012-03-22T16:09:40","slug":"en-barracas-me-desilusionaron","status":"publish","type":"post","link":"https:\/\/gentedebasquet.com.ar\/sitio\/2012\/03\/22\/en-barracas-me-desilusionaron\/","title":{"rendered":"\u201cApuntamos a ser la revelaci\u00f3n del torneo\u201d"},"content":{"rendered":"<p><a href=\"http:\/\/www.gentedebasquet.com.ar\/wp-content\/uploads\/2012\/03\/Carbonel_No_nos_c1.jpg\"><img decoding=\"async\" class=\"size-full wp-image-2157 aligncenter\" src=\"http:\/\/www.gentedebasquet.com.ar\/wp-content\/uploads\/2012\/03\/Carbonel_No_nos_c1.jpg\" alt=\"\" \/><\/a><\/p>\n<p style=\"text-align: justify;\"><strong><em>Leandro \u201cTopa\u201d Carbonell dialog\u00f3 con GENTE DE B\u00c1SQUET sobre su llegada a Napost\u00e1, los objetivos para este a\u00f1o y adem\u00e1s hizo referencia a su inesperada salida de Barracas el a\u00f1o pasado. Entra y conoce las novedades del equipo de la Avenida Alem.<!--more--><\/em><\/strong><\/p>\n<p style=\"text-align: justify;\"><strong><em>\u00bfQu\u00e9 te incentiv\u00f3 para dirigir a Napost\u00e1?<\/em><\/strong><\/p>\n<p style=\"text-align: justify;\">Yo quer\u00eda volver a dirigir en Bah\u00eda Blanca, para demostrarme a m\u00ed mismo que pod\u00eda dirigir nuevamente en la Ciudad y despu\u00e9s porque ya hab\u00eda dirigido en Segunda y ahora quer\u00eda tener la oportunidad en Primera. Adem\u00e1s tuve las mejores referencias del Club Napost\u00e1, que tiene un grupo de dirigentes que trabajan enserio y un grupo de jugadores excelentes.<\/p>\n<p style=\"text-align: justify;\"><strong><em>\u00bfQu\u00e9 objetivos tienen para esta temporada?<\/em><\/strong><\/p>\n<p style=\"text-align: justify;\">En la primera reuni\u00f3n que tuve con la gente del Club nos planteamos mantener la categor\u00eda. Hablando con los jugadores apuntamos a ser la revelaci\u00f3n del torneo. Es decir, que si somos la revelaci\u00f3n del torneo vamos a andar bien y no vamos a tener problemas con los \u00faltimos puestos. No debemos conformarnos con mantener la categor\u00eda, sino que debemos aspirar a estar mucho m\u00e1s arriba y meternos entre los cinco o seis primeros del torneo.<\/p>\n<p style=\"text-align: justify;\"><strong><em>\u00bfTe ha sorprendido el movimiento de t\u00e9cnicos?<\/em><\/strong><\/p>\n<p style=\"text-align: justify;\">S\u00ed. Creo que se nos han abierto las puertas a algunos entrenadores que dirig\u00edamos Segunda Divisi\u00f3n, como es el caso de Loffredo (Miguel), Rold\u00e1n (Emiliano), Iriburo (Federico) y yo. No obstante, no es malo dirigir en Segunda, en Mini B\u00e1squet o juveniles. Eso no te hace ni mejor, ni peor entrenador. Para m\u00ed es un orgullo poder dirigir en la Primera de Bah\u00eda Blanca por lo que representa la Ciudad a nivel Nacional. Es la Capital del B\u00e1squet, todos conocemos el nivel interno de la competencia y poder estar en los 21 entrenadores para m\u00ed es un honor.<\/p>\n<p style=\"text-align: justify;\"><strong><em>\u00bfQu\u00e9 plantel encontraste en Napost\u00e1?<\/em><\/strong><\/p>\n<p style=\"text-align: justify;\">Un equipo con una calidad humana excelente. Son chicos con mucha predisposici\u00f3n. Estamos tratando de encontrar una identidad de juego para ser la revelaci\u00f3n. Dentro de la cancha hay que mantener la intensidad durante los cuarenta minutos y para eso tenes que tener relevos, gente concentrada y con muchas ganas. La verdad es que estoy muy conforme con el plantel que se arm\u00f3 y si puede llegar a venir un interno m\u00e1s, que puede ser \u201cManzana\u201d Gonz\u00e1lez o Agalupe, mucho mejor.<\/p>\n<p style=\"text-align: justify;\"><strong><span style=\"text-decoration: underline;\">Su salida de Barracas Central. <\/span><\/strong><\/p>\n<p style=\"text-align: justify;\">\u201cQued\u00e9 dolido, desilusionado y sorprendido. Igualmente no fui el \u00fanico que qued\u00f3 sorprendido, la gente se preguntaba lo mismo. Fue una decisi\u00f3n de algunos dirigentes y no qued\u00f3 otra que aceptarlo. Yo no tengo nada en contra del Club Barracas. Que ellos hagan su vida y yo hago la m\u00eda\u201d.<\/p>\n<p style=\"text-align: justify;\"><strong><span style=\"text-decoration: underline;\">El plantel de Napost\u00e1:<\/span><\/strong><\/p>\n<p style=\"text-align: justify;\"><strong><em>Bases:<\/em><\/strong> Mauro Zalguizuri, Gustavo Gentili y Augusto Priore.<br \/>\n<strong><em>Aleros:<\/em><\/strong> Fabi\u00e1n Gendana, Agust\u00edn Juanpataoro y Federico Gonz\u00e1lez.<br \/>\n<strong><em>Escoltas:<\/em><\/strong> Mariano Ticozzi, Juan Di Meglio y Augusto Meneses.<br \/>\n<strong><em>Ala P\u00edvot:<\/em><\/strong> Pomar Garbarino y Germ\u00e1n Rausemberg.<br \/>\n<strong><em>P\u00edvot:<\/em><\/strong> Andr\u00e9s Mond\u00f3n y Mauro Campa\u00f1a.<\/p>\n<p style=\"text-align: justify;\">\n","protected":false},"excerpt":{"rendered":"<p>Leandro \u201cTopa\u201d Carbonell dialog\u00f3 con GENTE DE B\u00c1SQUET sobre su llegada a Napost\u00e1, los objetivos para este a\u00f1o y adem\u00e1s hizo referencia a su inesperada salida de Barracas el a\u00f1o pasado. Entra y conoce las novedades del equipo de la Avenida Alem.<\/p>\n","protected":false},"author":5,"featured_media":0,"comment_status":"open","ping_status":"open","sticky":false,"template":"","format":"standard","meta":{"jnews-multi-image_gallery":[],"jnews_single_post":[],"jnews_primary_category":[],"footnotes":""},"categories":[23],"tags":[15],"class_list":["post-2156","post","type-post","status-publish","format-standard","hentry","category-primera","tag-naposta"],"yoast_head":"<!-- This site is optimized with the Yoast SEO plugin v27.5 - https:\/\/yoast.com\/product\/yoast-seo-wordpress\/ -->\n<title>\u201cApuntamos a ser la revelaci\u00f3n del torneo\u201d - Gente de B\u00e1squet<\/title>\n<meta name=\"robots\" content=\"index, follow, max-snippet:-1, max-image-preview:large, max-video-preview:-1\" \/>\n<link rel=\"canonical\" href=\"http:\/\/gentedebasquet.com.ar\/sitio\/2012\/03\/22\/en-barracas-me-desilusionaron\/\" \/>\n<meta property=\"og:locale\" content=\"es_ES\" \/>\n<meta property=\"og:type\" content=\"article\" \/>\n<meta property=\"og:title\" content=\"\u201cApuntamos a ser la revelaci\u00f3n del torneo\u201d - Gente de B\u00e1squet\" \/>\n<meta property=\"og:description\" content=\"Leandro \u201cTopa\u201d Carbonell dialog\u00f3 con GENTE DE B\u00c1SQUET sobre su llegada a Napost\u00e1, los objetivos para este a\u00f1o y adem\u00e1s hizo referencia a su inesperada salida de Barracas el a\u00f1o pasado. Entra y conoce las novedades del equipo de la Avenida Alem.\" \/>\n<meta property=\"og:url\" content=\"http:\/\/gentedebasquet.com.ar\/sitio\/2012\/03\/22\/en-barracas-me-desilusionaron\/\" \/>\n<meta property=\"og:site_name\" content=\"Gente de B\u00e1squet\" \/>\n<meta property=\"article:published_time\" content=\"2012-03-22T16:09:40+00:00\" \/>\n<meta property=\"og:image\" content=\"http:\/\/www.gentedebasquet.com.ar\/wp-content\/uploads\/2012\/03\/Carbonel_No_nos_c1.jpg\" \/>\n<meta name=\"author\" content=\"Mati Ortiz\" \/>\n<meta name=\"twitter:card\" content=\"summary_large_image\" \/>\n<meta name=\"twitter:label1\" content=\"Escrito por\" \/>\n\t<meta name=\"twitter:data1\" content=\"Mati Ortiz\" \/>\n\t<meta name=\"twitter:label2\" content=\"Tiempo de lectura\" \/>\n\t<meta name=\"twitter:data2\" content=\"3 minutos\" \/>\n<script type=\"application\/ld+json\" class=\"yoast-schema-graph\">{\"@context\":\"https:\\\/\\\/schema.org\",\"@graph\":[{\"@type\":\"Article\",\"@id\":\"http:\\\/\\\/gentedebasquet.com.ar\\\/sitio\\\/2012\\\/03\\\/22\\\/en-barracas-me-desilusionaron\\\/#article\",\"isPartOf\":{\"@id\":\"http:\\\/\\\/gentedebasquet.com.ar\\\/sitio\\\/2012\\\/03\\\/22\\\/en-barracas-me-desilusionaron\\\/\"},\"author\":{\"name\":\"Mati Ortiz\",\"@id\":\"http:\\\/\\\/gentedebasquet.com.ar\\\/sitio\\\/#\\\/schema\\\/person\\\/bdfda4f76826a67711ffbc5c019867b1\"},\"headline\":\"\u201cApuntamos a ser la revelaci\u00f3n del torneo\u201d\",\"datePublished\":\"2012-03-22T16:09:40+00:00\",\"mainEntityOfPage\":{\"@id\":\"http:\\\/\\\/gentedebasquet.com.ar\\\/sitio\\\/2012\\\/03\\\/22\\\/en-barracas-me-desilusionaron\\\/\"},\"wordCount\":524,\"commentCount\":6,\"image\":{\"@id\":\"http:\\\/\\\/gentedebasquet.com.ar\\\/sitio\\\/2012\\\/03\\\/22\\\/en-barracas-me-desilusionaron\\\/#primaryimage\"},\"thumbnailUrl\":\"http:\\\/\\\/www.gentedebasquet.com.ar\\\/wp-content\\\/uploads\\\/2012\\\/03\\\/Carbonel_No_nos_c1.jpg\",\"keywords\":[\"Naposta\"],\"articleSection\":[\"Primera\"],\"inLanguage\":\"es\",\"potentialAction\":[{\"@type\":\"CommentAction\",\"name\":\"Comment\",\"target\":[\"http:\\\/\\\/gentedebasquet.com.ar\\\/sitio\\\/2012\\\/03\\\/22\\\/en-barracas-me-desilusionaron\\\/#respond\"]}]},{\"@type\":\"WebPage\",\"@id\":\"http:\\\/\\\/gentedebasquet.com.ar\\\/sitio\\\/2012\\\/03\\\/22\\\/en-barracas-me-desilusionaron\\\/\",\"url\":\"http:\\\/\\\/gentedebasquet.com.ar\\\/sitio\\\/2012\\\/03\\\/22\\\/en-barracas-me-desilusionaron\\\/\",\"name\":\"\u201cApuntamos a ser la revelaci\u00f3n del torneo\u201d - Gente de B\u00e1squet\",\"isPartOf\":{\"@id\":\"http:\\\/\\\/gentedebasquet.com.ar\\\/sitio\\\/#website\"},\"primaryImageOfPage\":{\"@id\":\"http:\\\/\\\/gentedebasquet.com.ar\\\/sitio\\\/2012\\\/03\\\/22\\\/en-barracas-me-desilusionaron\\\/#primaryimage\"},\"image\":{\"@id\":\"http:\\\/\\\/gentedebasquet.com.ar\\\/sitio\\\/2012\\\/03\\\/22\\\/en-barracas-me-desilusionaron\\\/#primaryimage\"},\"thumbnailUrl\":\"http:\\\/\\\/www.gentedebasquet.com.ar\\\/wp-content\\\/uploads\\\/2012\\\/03\\\/Carbonel_No_nos_c1.jpg\",\"datePublished\":\"2012-03-22T16:09:40+00:00\",\"author\":{\"@id\":\"http:\\\/\\\/gentedebasquet.com.ar\\\/sitio\\\/#\\\/schema\\\/person\\\/bdfda4f76826a67711ffbc5c019867b1\"},\"breadcrumb\":{\"@id\":\"http:\\\/\\\/gentedebasquet.com.ar\\\/sitio\\\/2012\\\/03\\\/22\\\/en-barracas-me-desilusionaron\\\/#breadcrumb\"},\"inLanguage\":\"es\",\"potentialAction\":[{\"@type\":\"ReadAction\",\"target\":[\"http:\\\/\\\/gentedebasquet.com.ar\\\/sitio\\\/2012\\\/03\\\/22\\\/en-barracas-me-desilusionaron\\\/\"]}]},{\"@type\":\"ImageObject\",\"inLanguage\":\"es\",\"@id\":\"http:\\\/\\\/gentedebasquet.com.ar\\\/sitio\\\/2012\\\/03\\\/22\\\/en-barracas-me-desilusionaron\\\/#primaryimage\",\"url\":\"http:\\\/\\\/www.gentedebasquet.com.ar\\\/wp-content\\\/uploads\\\/2012\\\/03\\\/Carbonel_No_nos_c1.jpg\",\"contentUrl\":\"http:\\\/\\\/www.gentedebasquet.com.ar\\\/wp-content\\\/uploads\\\/2012\\\/03\\\/Carbonel_No_nos_c1.jpg\"},{\"@type\":\"BreadcrumbList\",\"@id\":\"http:\\\/\\\/gentedebasquet.com.ar\\\/sitio\\\/2012\\\/03\\\/22\\\/en-barracas-me-desilusionaron\\\/#breadcrumb\",\"itemListElement\":[{\"@type\":\"ListItem\",\"position\":1,\"name\":\"Portada\",\"item\":\"http:\\\/\\\/gentedebasquet.com.ar\\\/sitio\\\/\"},{\"@type\":\"ListItem\",\"position\":2,\"name\":\"\u201cApuntamos a ser la revelaci\u00f3n del torneo\u201d\"}]},{\"@type\":\"WebSite\",\"@id\":\"http:\\\/\\\/gentedebasquet.com.ar\\\/sitio\\\/#website\",\"url\":\"http:\\\/\\\/gentedebasquet.com.ar\\\/sitio\\\/\",\"name\":\"Gente de B\u00e1squet\",\"description\":\"La revista del basquet de Bah\u00eda Blanca\",\"potentialAction\":[{\"@type\":\"SearchAction\",\"target\":{\"@type\":\"EntryPoint\",\"urlTemplate\":\"http:\\\/\\\/gentedebasquet.com.ar\\\/sitio\\\/?s={search_term_string}\"},\"query-input\":{\"@type\":\"PropertyValueSpecification\",\"valueRequired\":true,\"valueName\":\"search_term_string\"}}],\"inLanguage\":\"es\"},{\"@type\":\"Person\",\"@id\":\"http:\\\/\\\/gentedebasquet.com.ar\\\/sitio\\\/#\\\/schema\\\/person\\\/bdfda4f76826a67711ffbc5c019867b1\",\"name\":\"Mati Ortiz\",\"image\":{\"@type\":\"ImageObject\",\"inLanguage\":\"es\",\"@id\":\"https:\\\/\\\/secure.gravatar.com\\\/avatar\\\/639f103875d0262257ad455ccde7a9fdf5a890a827f0e877d951e4fb1b0906e5?s=96&d=mm&r=g\",\"url\":\"https:\\\/\\\/secure.gravatar.com\\\/avatar\\\/639f103875d0262257ad455ccde7a9fdf5a890a827f0e877d951e4fb1b0906e5?s=96&d=mm&r=g\",\"contentUrl\":\"https:\\\/\\\/secure.gravatar.com\\\/avatar\\\/639f103875d0262257ad455ccde7a9fdf5a890a827f0e877d951e4fb1b0906e5?s=96&d=mm&r=g\",\"caption\":\"Mati Ortiz\"},\"url\":\"https:\\\/\\\/gentedebasquet.com.ar\\\/sitio\\\/author\\\/mati-ortiz\\\/\"}]}<\/script>\n<!-- \/ Yoast SEO plugin. -->","yoast_head_json":{"title":"\u201cApuntamos a ser la revelaci\u00f3n del torneo\u201d - Gente de B\u00e1squet","robots":{"index":"index","follow":"follow","max-snippet":"max-snippet:-1","max-image-preview":"max-image-preview:large","max-video-preview":"max-video-preview:-1"},"canonical":"http:\/\/gentedebasquet.com.ar\/sitio\/2012\/03\/22\/en-barracas-me-desilusionaron\/","og_locale":"es_ES","og_type":"article","og_title":"\u201cApuntamos a ser la revelaci\u00f3n del torneo\u201d - Gente de B\u00e1squet","og_description":"Leandro \u201cTopa\u201d Carbonell dialog\u00f3 con GENTE DE B\u00c1SQUET sobre su llegada a Napost\u00e1, los objetivos para este a\u00f1o y adem\u00e1s hizo referencia a su inesperada salida de Barracas el a\u00f1o pasado. Entra y conoce las novedades del equipo de la Avenida Alem.","og_url":"http:\/\/gentedebasquet.com.ar\/sitio\/2012\/03\/22\/en-barracas-me-desilusionaron\/","og_site_name":"Gente de B\u00e1squet","article_published_time":"2012-03-22T16:09:40+00:00","og_image":[{"url":"http:\/\/www.gentedebasquet.com.ar\/wp-content\/uploads\/2012\/03\/Carbonel_No_nos_c1.jpg","type":"","width":"","height":""}],"author":"Mati Ortiz","twitter_card":"summary_large_image","twitter_misc":{"Escrito por":"Mati Ortiz","Tiempo de lectura":"3 minutos"},"schema":{"@context":"https:\/\/schema.org","@graph":[{"@type":"Article","@id":"http:\/\/gentedebasquet.com.ar\/sitio\/2012\/03\/22\/en-barracas-me-desilusionaron\/#article","isPartOf":{"@id":"http:\/\/gentedebasquet.com.ar\/sitio\/2012\/03\/22\/en-barracas-me-desilusionaron\/"},"author":{"name":"Mati Ortiz","@id":"http:\/\/gentedebasquet.com.ar\/sitio\/#\/schema\/person\/bdfda4f76826a67711ffbc5c019867b1"},"headline":"\u201cApuntamos a ser la revelaci\u00f3n del torneo\u201d","datePublished":"2012-03-22T16:09:40+00:00","mainEntityOfPage":{"@id":"http:\/\/gentedebasquet.com.ar\/sitio\/2012\/03\/22\/en-barracas-me-desilusionaron\/"},"wordCount":524,"commentCount":6,"image":{"@id":"http:\/\/gentedebasquet.com.ar\/sitio\/2012\/03\/22\/en-barracas-me-desilusionaron\/#primaryimage"},"thumbnailUrl":"http:\/\/www.gentedebasquet.com.ar\/wp-content\/uploads\/2012\/03\/Carbonel_No_nos_c1.jpg","keywords":["Naposta"],"articleSection":["Primera"],"inLanguage":"es","potentialAction":[{"@type":"CommentAction","name":"Comment","target":["http:\/\/gentedebasquet.com.ar\/sitio\/2012\/03\/22\/en-barracas-me-desilusionaron\/#respond"]}]},{"@type":"WebPage","@id":"http:\/\/gentedebasquet.com.ar\/sitio\/2012\/03\/22\/en-barracas-me-desilusionaron\/","url":"http:\/\/gentedebasquet.com.ar\/sitio\/2012\/03\/22\/en-barracas-me-desilusionaron\/","name":"\u201cApuntamos a ser la revelaci\u00f3n del torneo\u201d - Gente de B\u00e1squet","isPartOf":{"@id":"http:\/\/gentedebasquet.com.ar\/sitio\/#website"},"primaryImageOfPage":{"@id":"http:\/\/gentedebasquet.com.ar\/sitio\/2012\/03\/22\/en-barracas-me-desilusionaron\/#primaryimage"},"image":{"@id":"http:\/\/gentedebasquet.com.ar\/sitio\/2012\/03\/22\/en-barracas-me-desilusionaron\/#primaryimage"},"thumbnailUrl":"http:\/\/www.gentedebasquet.com.ar\/wp-content\/uploads\/2012\/03\/Carbonel_No_nos_c1.jpg","datePublished":"2012-03-22T16:09:40+00:00","author":{"@id":"http:\/\/gentedebasquet.com.ar\/sitio\/#\/schema\/person\/bdfda4f76826a67711ffbc5c019867b1"},"breadcrumb":{"@id":"http:\/\/gentedebasquet.com.ar\/sitio\/2012\/03\/22\/en-barracas-me-desilusionaron\/#breadcrumb"},"inLanguage":"es","potentialAction":[{"@type":"ReadAction","target":["http:\/\/gentedebasquet.com.ar\/sitio\/2012\/03\/22\/en-barracas-me-desilusionaron\/"]}]},{"@type":"ImageObject","inLanguage":"es","@id":"http:\/\/gentedebasquet.com.ar\/sitio\/2012\/03\/22\/en-barracas-me-desilusionaron\/#primaryimage","url":"http:\/\/www.gentedebasquet.com.ar\/wp-content\/uploads\/2012\/03\/Carbonel_No_nos_c1.jpg","contentUrl":"http:\/\/www.gentedebasquet.com.ar\/wp-content\/uploads\/2012\/03\/Carbonel_No_nos_c1.jpg"},{"@type":"BreadcrumbList","@id":"http:\/\/gentedebasquet.com.ar\/sitio\/2012\/03\/22\/en-barracas-me-desilusionaron\/#breadcrumb","itemListElement":[{"@type":"ListItem","position":1,"name":"Portada","item":"http:\/\/gentedebasquet.com.ar\/sitio\/"},{"@type":"ListItem","position":2,"name":"\u201cApuntamos a ser la revelaci\u00f3n del torneo\u201d"}]},{"@type":"WebSite","@id":"http:\/\/gentedebasquet.com.ar\/sitio\/#website","url":"http:\/\/gentedebasquet.com.ar\/sitio\/","name":"Gente de B\u00e1squet","description":"La revista del basquet de Bah\u00eda Blanca","potentialAction":[{"@type":"SearchAction","target":{"@type":"EntryPoint","urlTemplate":"http:\/\/gentedebasquet.com.ar\/sitio\/?s={search_term_string}"},"query-input":{"@type":"PropertyValueSpecification","valueRequired":true,"valueName":"search_term_string"}}],"inLanguage":"es"},{"@type":"Person","@id":"http:\/\/gentedebasquet.com.ar\/sitio\/#\/schema\/person\/bdfda4f76826a67711ffbc5c019867b1","name":"Mati Ortiz","image":{"@type":"ImageObject","inLanguage":"es","@id":"https:\/\/secure.gravatar.com\/avatar\/639f103875d0262257ad455ccde7a9fdf5a890a827f0e877d951e4fb1b0906e5?s=96&d=mm&r=g","url":"https:\/\/secure.gravatar.com\/avatar\/639f103875d0262257ad455ccde7a9fdf5a890a827f0e877d951e4fb1b0906e5?s=96&d=mm&r=g","contentUrl":"https:\/\/secure.gravatar.com\/avatar\/639f103875d0262257ad455ccde7a9fdf5a890a827f0e877d951e4fb1b0906e5?s=96&d=mm&r=g","caption":"Mati Ortiz"},"url":"https:\/\/gentedebasquet.com.ar\/sitio\/author\/mati-ortiz\/"}]}},"_links":{"self":[{"href":"https:\/\/gentedebasquet.com.ar\/sitio\/wp-json\/wp\/v2\/posts\/2156","targetHints":{"allow":["GET"]}}],"collection":[{"href":"https:\/\/gentedebasquet.com.ar\/sitio\/wp-json\/wp\/v2\/posts"}],"about":[{"href":"https:\/\/gentedebasquet.com.ar\/sitio\/wp-json\/wp\/v2\/types\/post"}],"author":[{"embeddable":true,"href":"https:\/\/gentedebasquet.com.ar\/sitio\/wp-json\/wp\/v2\/users\/5"}],"replies":[{"embeddable":true,"href":"https:\/\/gentedebasquet.com.ar\/sitio\/wp-json\/wp\/v2\/comments?post=2156"}],"version-history":[{"count":0,"href":"https:\/\/gentedebasquet.com.ar\/sitio\/wp-json\/wp\/v2\/posts\/2156\/revisions"}],"wp:attachment":[{"href":"https:\/\/gentedebasquet.com.ar\/sitio\/wp-json\/wp\/v2\/media?parent=2156"}],"wp:term":[{"taxonomy":"category","embeddable":true,"href":"https:\/\/gentedebasquet.com.ar\/sitio\/wp-json\/wp\/v2\/categories?post=2156"},{"taxonomy":"post_tag","embeddable":true,"href":"https:\/\/gentedebasquet.com.ar\/sitio\/wp-json\/wp\/v2\/tags?post=2156"}],"curies":[{"name":"wp","href":"https:\/\/api.w.org\/{rel}","templated":true}]}}