{"id":2159,"date":"2012-03-22T16:58:51","date_gmt":"2012-03-22T16:58:51","guid":{"rendered":"http:\/\/www.gentedebasquet.com.ar\/?p=2159"},"modified":"2012-03-22T16:58:51","modified_gmt":"2012-03-22T16:58:51","slug":"quiero-estudiar-en-naposta","status":"publish","type":"post","link":"https:\/\/gentedebasquet.com.ar\/sitio\/2012\/03\/22\/quiero-estudiar-en-naposta\/","title":{"rendered":"\u00abQuiero estudiar\u00bb, en Napost\u00e1"},"content":{"rendered":"<p><a href=\"http:\/\/www.gentedebasquet.com.ar\/wp-content\/uploads\/2012\/03\/SOS-Napost\u00e1.jpg\"><img decoding=\"async\" class=\"alignnone size-full wp-image-2163\" src=\"http:\/\/www.gentedebasquet.com.ar\/wp-content\/uploads\/2012\/03\/SOS-Napost\u00e1.jpg\" alt=\"\" width=\"448\" height=\"336\" \/><\/a><\/p>\n<p><em><strong>Comenz\u00f3 un nuevo a\u00f1o deportivo y Napost\u00e1 lanza nuevamente el ciclo de campa\u00f1as solidarias \u201cVos tambi\u00e9n S.O.S Naposta\u201d. Al \u00a0igual que el a\u00f1o pasado la primera campa\u00f1a es \u00abQUIERO ESTUDIAR\u00bb que consite en la recolecci\u00f3n de materiales escolares, en la secretar\u00eda del club durante todo el mes de marzo<\/strong><\/em>.\u00a0<!--more--><\/p>\n<p><a href=\"http:\/\/www.gentedebasquet.com.ar\/wp-content\/uploads\/2012\/03\/quiero-estudiar2.jpg\"><img decoding=\"async\" class=\"alignnone size-full wp-image-2166\" src=\"http:\/\/www.gentedebasquet.com.ar\/wp-content\/uploads\/2012\/03\/quiero-estudiar2.jpg\" alt=\"\" width=\"448\" height=\"733\" \/><\/a><\/p>\n","protected":false},"excerpt":{"rendered":"<p>Comenz\u00f3 un nuevo a\u00f1o deportivo y Napost\u00e1 lanza nuevamente el ciclo de campa\u00f1as solidarias \u201cVos tambi\u00e9n S.O.S Naposta\u201d. Al \u00a0igual que el a\u00f1o pasado la primera campa\u00f1a es \u00abQUIERO ESTUDIAR\u00bb que consite en la recolecci\u00f3n de materiales escolares, en la secretar\u00eda del club durante todo el mes de marzo.\u00a0<\/p>\n","protected":false},"author":1,"featured_media":0,"comment_status":"open","ping_status":"open","sticky":false,"template":"","format":"standard","meta":{"jnews-multi-image_gallery":[],"jnews_single_post":[],"jnews_primary_category":[],"footnotes":""},"categories":[24],"tags":[],"class_list":["post-2159","post","type-post","status-publish","format-standard","hentry","category-overtime"],"yoast_head":"<!-- This site is optimized with the Yoast SEO plugin v27.5 - https:\/\/yoast.com\/product\/yoast-seo-wordpress\/ -->\n<title>&quot;Quiero estudiar&quot;, en Napost\u00e1 - Gente de B\u00e1squet<\/title>\n<meta name=\"robots\" content=\"index, follow, max-snippet:-1, max-image-preview:large, max-video-preview:-1\" \/>\n<link rel=\"canonical\" href=\"http:\/\/gentedebasquet.com.ar\/sitio\/2012\/03\/22\/quiero-estudiar-en-naposta\/\" \/>\n<meta property=\"og:locale\" content=\"es_ES\" \/>\n<meta property=\"og:type\" content=\"article\" \/>\n<meta property=\"og:title\" content=\"&quot;Quiero estudiar&quot;, en Napost\u00e1 - Gente de B\u00e1squet\" \/>\n<meta property=\"og:description\" content=\"Comenz\u00f3 un nuevo a\u00f1o deportivo y Napost\u00e1 lanza nuevamente el ciclo de campa\u00f1as solidarias \u201cVos tambi\u00e9n S.O.S Naposta\u201d. Al \u00a0igual que el a\u00f1o pasado la primera campa\u00f1a es \u00abQUIERO ESTUDIAR\u00bb que consite en la recolecci\u00f3n de materiales escolares, en la secretar\u00eda del club durante todo el mes de marzo.\u00a0\" \/>\n<meta property=\"og:url\" content=\"http:\/\/gentedebasquet.com.ar\/sitio\/2012\/03\/22\/quiero-estudiar-en-naposta\/\" \/>\n<meta property=\"og:site_name\" content=\"Gente de B\u00e1squet\" \/>\n<meta property=\"article:published_time\" content=\"2012-03-22T16:58:51+00:00\" \/>\n<meta property=\"og:image\" content=\"http:\/\/www.gentedebasquet.com.ar\/wp-content\/uploads\/2012\/03\/quiero-estudiar2.jpg\" \/>\n<meta name=\"author\" content=\"Gente de B\u00e1squet\" \/>\n<meta name=\"twitter:card\" content=\"summary_large_image\" \/>\n<meta name=\"twitter:label1\" content=\"Escrito por\" \/>\n\t<meta name=\"twitter:data1\" content=\"Gente de B\u00e1squet\" \/>\n<script type=\"application\/ld+json\" class=\"yoast-schema-graph\">{\"@context\":\"https:\\\/\\\/schema.org\",\"@graph\":[{\"@type\":\"Article\",\"@id\":\"http:\\\/\\\/gentedebasquet.com.ar\\\/sitio\\\/2012\\\/03\\\/22\\\/quiero-estudiar-en-naposta\\\/#article\",\"isPartOf\":{\"@id\":\"http:\\\/\\\/gentedebasquet.com.ar\\\/sitio\\\/2012\\\/03\\\/22\\\/quiero-estudiar-en-naposta\\\/\"},\"author\":{\"name\":\"Gente de B\u00e1squet\",\"@id\":\"http:\\\/\\\/gentedebasquet.com.ar\\\/sitio\\\/#\\\/schema\\\/person\\\/ca0b63bbb977369988a7bbbdc519943a\"},\"headline\":\"\u00abQuiero estudiar\u00bb, en Napost\u00e1\",\"datePublished\":\"2012-03-22T16:58:51+00:00\",\"mainEntityOfPage\":{\"@id\":\"http:\\\/\\\/gentedebasquet.com.ar\\\/sitio\\\/2012\\\/03\\\/22\\\/quiero-estudiar-en-naposta\\\/\"},\"wordCount\":62,\"commentCount\":2,\"image\":{\"@id\":\"http:\\\/\\\/gentedebasquet.com.ar\\\/sitio\\\/2012\\\/03\\\/22\\\/quiero-estudiar-en-naposta\\\/#primaryimage\"},\"thumbnailUrl\":\"http:\\\/\\\/www.gentedebasquet.com.ar\\\/wp-content\\\/uploads\\\/2012\\\/03\\\/quiero-estudiar2.jpg\",\"articleSection\":[\"#Overtime\"],\"inLanguage\":\"es\",\"potentialAction\":[{\"@type\":\"CommentAction\",\"name\":\"Comment\",\"target\":[\"http:\\\/\\\/gentedebasquet.com.ar\\\/sitio\\\/2012\\\/03\\\/22\\\/quiero-estudiar-en-naposta\\\/#respond\"]}]},{\"@type\":\"WebPage\",\"@id\":\"http:\\\/\\\/gentedebasquet.com.ar\\\/sitio\\\/2012\\\/03\\\/22\\\/quiero-estudiar-en-naposta\\\/\",\"url\":\"http:\\\/\\\/gentedebasquet.com.ar\\\/sitio\\\/2012\\\/03\\\/22\\\/quiero-estudiar-en-naposta\\\/\",\"name\":\"\\\"Quiero estudiar\\\", en Napost\u00e1 - Gente de B\u00e1squet\",\"isPartOf\":{\"@id\":\"http:\\\/\\\/gentedebasquet.com.ar\\\/sitio\\\/#website\"},\"primaryImageOfPage\":{\"@id\":\"http:\\\/\\\/gentedebasquet.com.ar\\\/sitio\\\/2012\\\/03\\\/22\\\/quiero-estudiar-en-naposta\\\/#primaryimage\"},\"image\":{\"@id\":\"http:\\\/\\\/gentedebasquet.com.ar\\\/sitio\\\/2012\\\/03\\\/22\\\/quiero-estudiar-en-naposta\\\/#primaryimage\"},\"thumbnailUrl\":\"http:\\\/\\\/www.gentedebasquet.com.ar\\\/wp-content\\\/uploads\\\/2012\\\/03\\\/quiero-estudiar2.jpg\",\"datePublished\":\"2012-03-22T16:58:51+00:00\",\"author\":{\"@id\":\"http:\\\/\\\/gentedebasquet.com.ar\\\/sitio\\\/#\\\/schema\\\/person\\\/ca0b63bbb977369988a7bbbdc519943a\"},\"breadcrumb\":{\"@id\":\"http:\\\/\\\/gentedebasquet.com.ar\\\/sitio\\\/2012\\\/03\\\/22\\\/quiero-estudiar-en-naposta\\\/#breadcrumb\"},\"inLanguage\":\"es\",\"potentialAction\":[{\"@type\":\"ReadAction\",\"target\":[\"http:\\\/\\\/gentedebasquet.com.ar\\\/sitio\\\/2012\\\/03\\\/22\\\/quiero-estudiar-en-naposta\\\/\"]}]},{\"@type\":\"ImageObject\",\"inLanguage\":\"es\",\"@id\":\"http:\\\/\\\/gentedebasquet.com.ar\\\/sitio\\\/2012\\\/03\\\/22\\\/quiero-estudiar-en-naposta\\\/#primaryimage\",\"url\":\"http:\\\/\\\/www.gentedebasquet.com.ar\\\/wp-content\\\/uploads\\\/2012\\\/03\\\/quiero-estudiar2.jpg\",\"contentUrl\":\"http:\\\/\\\/www.gentedebasquet.com.ar\\\/wp-content\\\/uploads\\\/2012\\\/03\\\/quiero-estudiar2.jpg\"},{\"@type\":\"BreadcrumbList\",\"@id\":\"http:\\\/\\\/gentedebasquet.com.ar\\\/sitio\\\/2012\\\/03\\\/22\\\/quiero-estudiar-en-naposta\\\/#breadcrumb\",\"itemListElement\":[{\"@type\":\"ListItem\",\"position\":1,\"name\":\"Portada\",\"item\":\"http:\\\/\\\/gentedebasquet.com.ar\\\/sitio\\\/\"},{\"@type\":\"ListItem\",\"position\":2,\"name\":\"\u00abQuiero estudiar\u00bb, en Napost\u00e1\"}]},{\"@type\":\"WebSite\",\"@id\":\"http:\\\/\\\/gentedebasquet.com.ar\\\/sitio\\\/#website\",\"url\":\"http:\\\/\\\/gentedebasquet.com.ar\\\/sitio\\\/\",\"name\":\"Gente de B\u00e1squet\",\"description\":\"La revista del basquet de Bah\u00eda Blanca\",\"potentialAction\":[{\"@type\":\"SearchAction\",\"target\":{\"@type\":\"EntryPoint\",\"urlTemplate\":\"http:\\\/\\\/gentedebasquet.com.ar\\\/sitio\\\/?s={search_term_string}\"},\"query-input\":{\"@type\":\"PropertyValueSpecification\",\"valueRequired\":true,\"valueName\":\"search_term_string\"}}],\"inLanguage\":\"es\"},{\"@type\":\"Person\",\"@id\":\"http:\\\/\\\/gentedebasquet.com.ar\\\/sitio\\\/#\\\/schema\\\/person\\\/ca0b63bbb977369988a7bbbdc519943a\",\"name\":\"Gente de B\u00e1squet\",\"image\":{\"@type\":\"ImageObject\",\"inLanguage\":\"es\",\"@id\":\"https:\\\/\\\/secure.gravatar.com\\\/avatar\\\/7f2c48bdc33b30088f941fb6082e555f2874c98e20cb159d7b92b50eadfce793?s=96&d=mm&r=g\",\"url\":\"https:\\\/\\\/secure.gravatar.com\\\/avatar\\\/7f2c48bdc33b30088f941fb6082e555f2874c98e20cb159d7b92b50eadfce793?s=96&d=mm&r=g\",\"contentUrl\":\"https:\\\/\\\/secure.gravatar.com\\\/avatar\\\/7f2c48bdc33b30088f941fb6082e555f2874c98e20cb159d7b92b50eadfce793?s=96&d=mm&r=g\",\"caption\":\"Gente de B\u00e1squet\"},\"sameAs\":[\"http:\\\/\\\/gentedebasquet.com.ar\\\/sitio\"],\"url\":\"https:\\\/\\\/gentedebasquet.com.ar\\\/sitio\\\/author\\\/ulises\\\/\"}]}<\/script>\n<!-- \/ Yoast SEO plugin. -->","yoast_head_json":{"title":"\"Quiero estudiar\", en Napost\u00e1 - Gente de B\u00e1squet","robots":{"index":"index","follow":"follow","max-snippet":"max-snippet:-1","max-image-preview":"max-image-preview:large","max-video-preview":"max-video-preview:-1"},"canonical":"http:\/\/gentedebasquet.com.ar\/sitio\/2012\/03\/22\/quiero-estudiar-en-naposta\/","og_locale":"es_ES","og_type":"article","og_title":"\"Quiero estudiar\", en Napost\u00e1 - Gente de B\u00e1squet","og_description":"Comenz\u00f3 un nuevo a\u00f1o deportivo y Napost\u00e1 lanza nuevamente el ciclo de campa\u00f1as solidarias \u201cVos tambi\u00e9n S.O.S Naposta\u201d. Al \u00a0igual que el a\u00f1o pasado la primera campa\u00f1a es \u00abQUIERO ESTUDIAR\u00bb que consite en la recolecci\u00f3n de materiales escolares, en la secretar\u00eda del club durante todo el mes de marzo.\u00a0","og_url":"http:\/\/gentedebasquet.com.ar\/sitio\/2012\/03\/22\/quiero-estudiar-en-naposta\/","og_site_name":"Gente de B\u00e1squet","article_published_time":"2012-03-22T16:58:51+00:00","og_image":[{"url":"http:\/\/www.gentedebasquet.com.ar\/wp-content\/uploads\/2012\/03\/quiero-estudiar2.jpg","type":"","width":"","height":""}],"author":"Gente de B\u00e1squet","twitter_card":"summary_large_image","twitter_misc":{"Escrito por":"Gente de B\u00e1squet"},"schema":{"@context":"https:\/\/schema.org","@graph":[{"@type":"Article","@id":"http:\/\/gentedebasquet.com.ar\/sitio\/2012\/03\/22\/quiero-estudiar-en-naposta\/#article","isPartOf":{"@id":"http:\/\/gentedebasquet.com.ar\/sitio\/2012\/03\/22\/quiero-estudiar-en-naposta\/"},"author":{"name":"Gente de B\u00e1squet","@id":"http:\/\/gentedebasquet.com.ar\/sitio\/#\/schema\/person\/ca0b63bbb977369988a7bbbdc519943a"},"headline":"\u00abQuiero estudiar\u00bb, en Napost\u00e1","datePublished":"2012-03-22T16:58:51+00:00","mainEntityOfPage":{"@id":"http:\/\/gentedebasquet.com.ar\/sitio\/2012\/03\/22\/quiero-estudiar-en-naposta\/"},"wordCount":62,"commentCount":2,"image":{"@id":"http:\/\/gentedebasquet.com.ar\/sitio\/2012\/03\/22\/quiero-estudiar-en-naposta\/#primaryimage"},"thumbnailUrl":"http:\/\/www.gentedebasquet.com.ar\/wp-content\/uploads\/2012\/03\/quiero-estudiar2.jpg","articleSection":["#Overtime"],"inLanguage":"es","potentialAction":[{"@type":"CommentAction","name":"Comment","target":["http:\/\/gentedebasquet.com.ar\/sitio\/2012\/03\/22\/quiero-estudiar-en-naposta\/#respond"]}]},{"@type":"WebPage","@id":"http:\/\/gentedebasquet.com.ar\/sitio\/2012\/03\/22\/quiero-estudiar-en-naposta\/","url":"http:\/\/gentedebasquet.com.ar\/sitio\/2012\/03\/22\/quiero-estudiar-en-naposta\/","name":"\"Quiero estudiar\", en Napost\u00e1 - Gente de B\u00e1squet","isPartOf":{"@id":"http:\/\/gentedebasquet.com.ar\/sitio\/#website"},"primaryImageOfPage":{"@id":"http:\/\/gentedebasquet.com.ar\/sitio\/2012\/03\/22\/quiero-estudiar-en-naposta\/#primaryimage"},"image":{"@id":"http:\/\/gentedebasquet.com.ar\/sitio\/2012\/03\/22\/quiero-estudiar-en-naposta\/#primaryimage"},"thumbnailUrl":"http:\/\/www.gentedebasquet.com.ar\/wp-content\/uploads\/2012\/03\/quiero-estudiar2.jpg","datePublished":"2012-03-22T16:58:51+00:00","author":{"@id":"http:\/\/gentedebasquet.com.ar\/sitio\/#\/schema\/person\/ca0b63bbb977369988a7bbbdc519943a"},"breadcrumb":{"@id":"http:\/\/gentedebasquet.com.ar\/sitio\/2012\/03\/22\/quiero-estudiar-en-naposta\/#breadcrumb"},"inLanguage":"es","potentialAction":[{"@type":"ReadAction","target":["http:\/\/gentedebasquet.com.ar\/sitio\/2012\/03\/22\/quiero-estudiar-en-naposta\/"]}]},{"@type":"ImageObject","inLanguage":"es","@id":"http:\/\/gentedebasquet.com.ar\/sitio\/2012\/03\/22\/quiero-estudiar-en-naposta\/#primaryimage","url":"http:\/\/www.gentedebasquet.com.ar\/wp-content\/uploads\/2012\/03\/quiero-estudiar2.jpg","contentUrl":"http:\/\/www.gentedebasquet.com.ar\/wp-content\/uploads\/2012\/03\/quiero-estudiar2.jpg"},{"@type":"BreadcrumbList","@id":"http:\/\/gentedebasquet.com.ar\/sitio\/2012\/03\/22\/quiero-estudiar-en-naposta\/#breadcrumb","itemListElement":[{"@type":"ListItem","position":1,"name":"Portada","item":"http:\/\/gentedebasquet.com.ar\/sitio\/"},{"@type":"ListItem","position":2,"name":"\u00abQuiero estudiar\u00bb, en Napost\u00e1"}]},{"@type":"WebSite","@id":"http:\/\/gentedebasquet.com.ar\/sitio\/#website","url":"http:\/\/gentedebasquet.com.ar\/sitio\/","name":"Gente de B\u00e1squet","description":"La revista del basquet de Bah\u00eda Blanca","potentialAction":[{"@type":"SearchAction","target":{"@type":"EntryPoint","urlTemplate":"http:\/\/gentedebasquet.com.ar\/sitio\/?s={search_term_string}"},"query-input":{"@type":"PropertyValueSpecification","valueRequired":true,"valueName":"search_term_string"}}],"inLanguage":"es"},{"@type":"Person","@id":"http:\/\/gentedebasquet.com.ar\/sitio\/#\/schema\/person\/ca0b63bbb977369988a7bbbdc519943a","name":"Gente de B\u00e1squet","image":{"@type":"ImageObject","inLanguage":"es","@id":"https:\/\/secure.gravatar.com\/avatar\/7f2c48bdc33b30088f941fb6082e555f2874c98e20cb159d7b92b50eadfce793?s=96&d=mm&r=g","url":"https:\/\/secure.gravatar.com\/avatar\/7f2c48bdc33b30088f941fb6082e555f2874c98e20cb159d7b92b50eadfce793?s=96&d=mm&r=g","contentUrl":"https:\/\/secure.gravatar.com\/avatar\/7f2c48bdc33b30088f941fb6082e555f2874c98e20cb159d7b92b50eadfce793?s=96&d=mm&r=g","caption":"Gente de B\u00e1squet"},"sameAs":["http:\/\/gentedebasquet.com.ar\/sitio"],"url":"https:\/\/gentedebasquet.com.ar\/sitio\/author\/ulises\/"}]}},"_links":{"self":[{"href":"https:\/\/gentedebasquet.com.ar\/sitio\/wp-json\/wp\/v2\/posts\/2159","targetHints":{"allow":["GET"]}}],"collection":[{"href":"https:\/\/gentedebasquet.com.ar\/sitio\/wp-json\/wp\/v2\/posts"}],"about":[{"href":"https:\/\/gentedebasquet.com.ar\/sitio\/wp-json\/wp\/v2\/types\/post"}],"author":[{"embeddable":true,"href":"https:\/\/gentedebasquet.com.ar\/sitio\/wp-json\/wp\/v2\/users\/1"}],"replies":[{"embeddable":true,"href":"https:\/\/gentedebasquet.com.ar\/sitio\/wp-json\/wp\/v2\/comments?post=2159"}],"version-history":[{"count":0,"href":"https:\/\/gentedebasquet.com.ar\/sitio\/wp-json\/wp\/v2\/posts\/2159\/revisions"}],"wp:attachment":[{"href":"https:\/\/gentedebasquet.com.ar\/sitio\/wp-json\/wp\/v2\/media?parent=2159"}],"wp:term":[{"taxonomy":"category","embeddable":true,"href":"https:\/\/gentedebasquet.com.ar\/sitio\/wp-json\/wp\/v2\/categories?post=2159"},{"taxonomy":"post_tag","embeddable":true,"href":"https:\/\/gentedebasquet.com.ar\/sitio\/wp-json\/wp\/v2\/tags?post=2159"}],"curies":[{"name":"wp","href":"https:\/\/api.w.org\/{rel}","templated":true}]}}