{"id":2188,"date":"2012-03-24T16:46:34","date_gmt":"2012-03-24T16:46:34","guid":{"rendered":"http:\/\/www.gentedebasquet.com.ar\/?p=2188"},"modified":"2012-03-24T16:46:34","modified_gmt":"2012-03-24T16:46:34","slug":"penachiotti-la-rompio-pero-su-equipo-quedo-eliminado","status":"publish","type":"post","link":"https:\/\/gentedebasquet.com.ar\/sitio\/2012\/03\/24\/penachiotti-la-rompio-pero-su-equipo-quedo-eliminado\/","title":{"rendered":"Pennacchiotti la rompi\u00f3 pero su equipo qued\u00f3 eliminado"},"content":{"rendered":"<p><a href=\"http:\/\/www.gentedebasquet.com.ar\/wp-content\/uploads\/2012\/03\/federal3.jpg\"><img decoding=\"async\" class=\"alignnone size-medium wp-image-2189\" src=\"http:\/\/www.gentedebasquet.com.ar\/wp-content\/uploads\/2012\/03\/federal3-300x221.jpg\" \/><\/a><\/p>\n<p><em><strong>Se disput\u00f3 la\u00a0ante ultima\u00a0fecha de la fase regular del Torneo Federal y en la zona centro El Chorrillero no pudo ingresar a play- offs a pesar de la victoria y gran tarea de Franco Penachiotti. En la divis\u00f3n Patagonia, P\u00e9rfora con Gonzalez y Susbielles obtuvo un triunfo importante para poder alcanzar el segundo lugar. Resultados y actuaciones bahienses.<\/strong><\/em><\/p>\n<p><!--more--><\/p>\n<p>En la divisi\u00f3n centro,\u00a0<strong>El Chorrillero\u00a0<\/strong>venci\u00f3 como local a Facundo de La Rioja por 87-69. Tremendo partido de\u00a0<strong>Franco Penachiotti <\/strong>qui\u00e9n meti\u00f3\u00a019 puntos y captur\u00f3 19 rebotes. Desafortunadamente, pese a esta victoria abultada, el equipo puntano qued\u00f3 eliminado de los play-offs.<\/p>\n<p>Por el mismo grupo,\u00a0<strong>Sociedad Espa\u00f1ola<\/strong>\u00a0super\u00f3 como local a \u00a0<strong>Del Bono<\/strong>\u00a0por un abultado 95-66. En el equipo puntano\u00a0<strong>Ramiro Heinrich<\/strong>\u00a0fue clave con\u00a021 puntos y tom\u00f3 7 rebotes.\u00a0En el equipo Sanjuanino <strong>Francisco Hoffman\u00a0<\/strong>qui\u00e9n aport\u00f3 9 puntos y 5 rebotes mientr\u00e1s que\u00a0<strong>Jorge Alcaraz\u00a0<\/strong>cerr\u00f3 su planilla con 16 puntos y 7 rebotes.<\/p>\n<p>En el partido correspondiente a la divisi\u00f3 mediterr\u00e1nea, <strong>La Uni\u00f3n de Col\u00f3n<\/strong> cay\u00f3 sorpresivamente como local frente a Adelante por 66-78. En el perdedor <strong>Juan Cansina<\/strong> convirti\u00f3 3 unidades y baj\u00f3 3 rebotes.<\/p>\n<p>En la divisi\u00f3n Sur,\u00a0<strong>Deportivo P\u00e9rfora<\/strong>\u00a0triunf\u00f3 como local frente a <strong>Del Progreso de Roca <\/strong>87-66. En el ganador jugaron\u00a0<strong>Juan Daniel Gonzalez<\/strong>\u00a0qui\u00e9n termin\u00f3 con 4 puntos y 11 rebotes, mientras que\u00a0<strong>Santiago Susbielles<\/strong>\u00a0anot\u00f3 9 unidades y tom\u00f3 6 rebotes.\u00a0En el equipo rionegrino <strong>Hern\u00e1n Montenegro <\/strong>no anot\u00f3 y tom\u00f3 3 rebotes mientr\u00e1s que\u00a0<strong>Juan Manuel Fabi<\/strong>\u00a0convirti\u00f3 12 puntos y tom\u00f3 2 rebotes. Adem\u00e1s,\u00a0<strong>Diego Isgro\u00a0<\/strong>finaliz\u00f3 sin unidades y 1 rebote.<\/p>\n<p>En la divisi\u00f3n NEA\/NOA <strong>Atl\u00e9tico Gorriti<\/strong> cay\u00f3 en su visita a Sarmiento por 82-77. <strong>Juan Pablo Rotta<\/strong> convirti\u00f3 13 unidades y tom\u00f3 2 rebotes. En tanto, <strong>Rogelio Salinas<\/strong> cerr\u00f3 su planilla con 7 puntos y 2 recobres.<\/p>\n","protected":false},"excerpt":{"rendered":"<p>Se disput\u00f3 la\u00a0ante ultima\u00a0fecha de la fase regular del Torneo Federal y en la zona centro El Chorrillero no pudo ingresar a play- offs a pesar de la victoria y gran tarea de Franco Penachiotti. En la divis\u00f3n Patagonia, P\u00e9rfora con Gonzalez y Susbielles obtuvo un triunfo importante para poder alcanzar el segundo lugar. Resultados [&hellip;]<\/p>\n","protected":false},"author":1,"featured_media":0,"comment_status":"open","ping_status":"open","sticky":false,"template":"","format":"standard","meta":{"jnews-multi-image_gallery":[],"jnews_single_post":[],"jnews_primary_category":[],"footnotes":""},"categories":[34],"tags":[],"class_list":["post-2188","post","type-post","status-publish","format-standard","hentry","category-bahienses-afuera"],"yoast_head":"<!-- This site is optimized with the Yoast SEO plugin v27.5 - https:\/\/yoast.com\/product\/yoast-seo-wordpress\/ -->\n<title>Pennacchiotti la rompi\u00f3 pero su equipo qued\u00f3 eliminado - Gente de B\u00e1squet<\/title>\n<meta name=\"robots\" content=\"index, follow, max-snippet:-1, max-image-preview:large, max-video-preview:-1\" \/>\n<link rel=\"canonical\" href=\"http:\/\/gentedebasquet.com.ar\/sitio\/2012\/03\/24\/penachiotti-la-rompio-pero-su-equipo-quedo-eliminado\/\" \/>\n<meta property=\"og:locale\" content=\"es_ES\" \/>\n<meta property=\"og:type\" content=\"article\" \/>\n<meta property=\"og:title\" content=\"Pennacchiotti la rompi\u00f3 pero su equipo qued\u00f3 eliminado - Gente de B\u00e1squet\" \/>\n<meta property=\"og:description\" content=\"Se disput\u00f3 la\u00a0ante ultima\u00a0fecha de la fase regular del Torneo Federal y en la zona centro El Chorrillero no pudo ingresar a play- offs a pesar de la victoria y gran tarea de Franco Penachiotti. En la divis\u00f3n Patagonia, P\u00e9rfora con Gonzalez y Susbielles obtuvo un triunfo importante para poder alcanzar el segundo lugar. Resultados [&hellip;]\" \/>\n<meta property=\"og:url\" content=\"http:\/\/gentedebasquet.com.ar\/sitio\/2012\/03\/24\/penachiotti-la-rompio-pero-su-equipo-quedo-eliminado\/\" \/>\n<meta property=\"og:site_name\" content=\"Gente de B\u00e1squet\" \/>\n<meta property=\"article:published_time\" content=\"2012-03-24T16:46:34+00:00\" \/>\n<meta property=\"og:image\" content=\"http:\/\/www.gentedebasquet.com.ar\/wp-content\/uploads\/2012\/03\/federal3-300x221.jpg\" \/>\n<meta name=\"author\" content=\"Gente de B\u00e1squet\" \/>\n<meta name=\"twitter:card\" content=\"summary_large_image\" \/>\n<meta name=\"twitter:label1\" content=\"Escrito por\" \/>\n\t<meta name=\"twitter:data1\" content=\"Gente de B\u00e1squet\" \/>\n\t<meta name=\"twitter:label2\" content=\"Tiempo de lectura\" \/>\n\t<meta name=\"twitter:data2\" content=\"2 minutos\" \/>\n<script type=\"application\/ld+json\" class=\"yoast-schema-graph\">{\"@context\":\"https:\\\/\\\/schema.org\",\"@graph\":[{\"@type\":\"Article\",\"@id\":\"http:\\\/\\\/gentedebasquet.com.ar\\\/sitio\\\/2012\\\/03\\\/24\\\/penachiotti-la-rompio-pero-su-equipo-quedo-eliminado\\\/#article\",\"isPartOf\":{\"@id\":\"http:\\\/\\\/gentedebasquet.com.ar\\\/sitio\\\/2012\\\/03\\\/24\\\/penachiotti-la-rompio-pero-su-equipo-quedo-eliminado\\\/\"},\"author\":{\"name\":\"Gente de B\u00e1squet\",\"@id\":\"http:\\\/\\\/gentedebasquet.com.ar\\\/sitio\\\/#\\\/schema\\\/person\\\/ca0b63bbb977369988a7bbbdc519943a\"},\"headline\":\"Pennacchiotti la rompi\u00f3 pero su equipo qued\u00f3 eliminado\",\"datePublished\":\"2012-03-24T16:46:34+00:00\",\"mainEntityOfPage\":{\"@id\":\"http:\\\/\\\/gentedebasquet.com.ar\\\/sitio\\\/2012\\\/03\\\/24\\\/penachiotti-la-rompio-pero-su-equipo-quedo-eliminado\\\/\"},\"wordCount\":310,\"commentCount\":0,\"image\":{\"@id\":\"http:\\\/\\\/gentedebasquet.com.ar\\\/sitio\\\/2012\\\/03\\\/24\\\/penachiotti-la-rompio-pero-su-equipo-quedo-eliminado\\\/#primaryimage\"},\"thumbnailUrl\":\"http:\\\/\\\/www.gentedebasquet.com.ar\\\/wp-content\\\/uploads\\\/2012\\\/03\\\/federal3-300x221.jpg\",\"articleSection\":[\"Bahienses Afuera\"],\"inLanguage\":\"es\",\"potentialAction\":[{\"@type\":\"CommentAction\",\"name\":\"Comment\",\"target\":[\"http:\\\/\\\/gentedebasquet.com.ar\\\/sitio\\\/2012\\\/03\\\/24\\\/penachiotti-la-rompio-pero-su-equipo-quedo-eliminado\\\/#respond\"]}]},{\"@type\":\"WebPage\",\"@id\":\"http:\\\/\\\/gentedebasquet.com.ar\\\/sitio\\\/2012\\\/03\\\/24\\\/penachiotti-la-rompio-pero-su-equipo-quedo-eliminado\\\/\",\"url\":\"http:\\\/\\\/gentedebasquet.com.ar\\\/sitio\\\/2012\\\/03\\\/24\\\/penachiotti-la-rompio-pero-su-equipo-quedo-eliminado\\\/\",\"name\":\"Pennacchiotti la rompi\u00f3 pero su equipo qued\u00f3 eliminado - Gente de B\u00e1squet\",\"isPartOf\":{\"@id\":\"http:\\\/\\\/gentedebasquet.com.ar\\\/sitio\\\/#website\"},\"primaryImageOfPage\":{\"@id\":\"http:\\\/\\\/gentedebasquet.com.ar\\\/sitio\\\/2012\\\/03\\\/24\\\/penachiotti-la-rompio-pero-su-equipo-quedo-eliminado\\\/#primaryimage\"},\"image\":{\"@id\":\"http:\\\/\\\/gentedebasquet.com.ar\\\/sitio\\\/2012\\\/03\\\/24\\\/penachiotti-la-rompio-pero-su-equipo-quedo-eliminado\\\/#primaryimage\"},\"thumbnailUrl\":\"http:\\\/\\\/www.gentedebasquet.com.ar\\\/wp-content\\\/uploads\\\/2012\\\/03\\\/federal3-300x221.jpg\",\"datePublished\":\"2012-03-24T16:46:34+00:00\",\"author\":{\"@id\":\"http:\\\/\\\/gentedebasquet.com.ar\\\/sitio\\\/#\\\/schema\\\/person\\\/ca0b63bbb977369988a7bbbdc519943a\"},\"breadcrumb\":{\"@id\":\"http:\\\/\\\/gentedebasquet.com.ar\\\/sitio\\\/2012\\\/03\\\/24\\\/penachiotti-la-rompio-pero-su-equipo-quedo-eliminado\\\/#breadcrumb\"},\"inLanguage\":\"es\",\"potentialAction\":[{\"@type\":\"ReadAction\",\"target\":[\"http:\\\/\\\/gentedebasquet.com.ar\\\/sitio\\\/2012\\\/03\\\/24\\\/penachiotti-la-rompio-pero-su-equipo-quedo-eliminado\\\/\"]}]},{\"@type\":\"ImageObject\",\"inLanguage\":\"es\",\"@id\":\"http:\\\/\\\/gentedebasquet.com.ar\\\/sitio\\\/2012\\\/03\\\/24\\\/penachiotti-la-rompio-pero-su-equipo-quedo-eliminado\\\/#primaryimage\",\"url\":\"http:\\\/\\\/www.gentedebasquet.com.ar\\\/wp-content\\\/uploads\\\/2012\\\/03\\\/federal3-300x221.jpg\",\"contentUrl\":\"http:\\\/\\\/www.gentedebasquet.com.ar\\\/wp-content\\\/uploads\\\/2012\\\/03\\\/federal3-300x221.jpg\"},{\"@type\":\"BreadcrumbList\",\"@id\":\"http:\\\/\\\/gentedebasquet.com.ar\\\/sitio\\\/2012\\\/03\\\/24\\\/penachiotti-la-rompio-pero-su-equipo-quedo-eliminado\\\/#breadcrumb\",\"itemListElement\":[{\"@type\":\"ListItem\",\"position\":1,\"name\":\"Portada\",\"item\":\"http:\\\/\\\/gentedebasquet.com.ar\\\/sitio\\\/\"},{\"@type\":\"ListItem\",\"position\":2,\"name\":\"Pennacchiotti la rompi\u00f3 pero su equipo qued\u00f3 eliminado\"}]},{\"@type\":\"WebSite\",\"@id\":\"http:\\\/\\\/gentedebasquet.com.ar\\\/sitio\\\/#website\",\"url\":\"http:\\\/\\\/gentedebasquet.com.ar\\\/sitio\\\/\",\"name\":\"Gente de B\u00e1squet\",\"description\":\"La revista del basquet de Bah\u00eda Blanca\",\"potentialAction\":[{\"@type\":\"SearchAction\",\"target\":{\"@type\":\"EntryPoint\",\"urlTemplate\":\"http:\\\/\\\/gentedebasquet.com.ar\\\/sitio\\\/?s={search_term_string}\"},\"query-input\":{\"@type\":\"PropertyValueSpecification\",\"valueRequired\":true,\"valueName\":\"search_term_string\"}}],\"inLanguage\":\"es\"},{\"@type\":\"Person\",\"@id\":\"http:\\\/\\\/gentedebasquet.com.ar\\\/sitio\\\/#\\\/schema\\\/person\\\/ca0b63bbb977369988a7bbbdc519943a\",\"name\":\"Gente de B\u00e1squet\",\"image\":{\"@type\":\"ImageObject\",\"inLanguage\":\"es\",\"@id\":\"https:\\\/\\\/secure.gravatar.com\\\/avatar\\\/7f2c48bdc33b30088f941fb6082e555f2874c98e20cb159d7b92b50eadfce793?s=96&d=mm&r=g\",\"url\":\"https:\\\/\\\/secure.gravatar.com\\\/avatar\\\/7f2c48bdc33b30088f941fb6082e555f2874c98e20cb159d7b92b50eadfce793?s=96&d=mm&r=g\",\"contentUrl\":\"https:\\\/\\\/secure.gravatar.com\\\/avatar\\\/7f2c48bdc33b30088f941fb6082e555f2874c98e20cb159d7b92b50eadfce793?s=96&d=mm&r=g\",\"caption\":\"Gente de B\u00e1squet\"},\"sameAs\":[\"http:\\\/\\\/gentedebasquet.com.ar\\\/sitio\"],\"url\":\"https:\\\/\\\/gentedebasquet.com.ar\\\/sitio\\\/author\\\/ulises\\\/\"}]}<\/script>\n<!-- \/ Yoast SEO plugin. -->","yoast_head_json":{"title":"Pennacchiotti la rompi\u00f3 pero su equipo qued\u00f3 eliminado - Gente de B\u00e1squet","robots":{"index":"index","follow":"follow","max-snippet":"max-snippet:-1","max-image-preview":"max-image-preview:large","max-video-preview":"max-video-preview:-1"},"canonical":"http:\/\/gentedebasquet.com.ar\/sitio\/2012\/03\/24\/penachiotti-la-rompio-pero-su-equipo-quedo-eliminado\/","og_locale":"es_ES","og_type":"article","og_title":"Pennacchiotti la rompi\u00f3 pero su equipo qued\u00f3 eliminado - Gente de B\u00e1squet","og_description":"Se disput\u00f3 la\u00a0ante ultima\u00a0fecha de la fase regular del Torneo Federal y en la zona centro El Chorrillero no pudo ingresar a play- offs a pesar de la victoria y gran tarea de Franco Penachiotti. En la divis\u00f3n Patagonia, P\u00e9rfora con Gonzalez y Susbielles obtuvo un triunfo importante para poder alcanzar el segundo lugar. Resultados [&hellip;]","og_url":"http:\/\/gentedebasquet.com.ar\/sitio\/2012\/03\/24\/penachiotti-la-rompio-pero-su-equipo-quedo-eliminado\/","og_site_name":"Gente de B\u00e1squet","article_published_time":"2012-03-24T16:46:34+00:00","og_image":[{"url":"http:\/\/www.gentedebasquet.com.ar\/wp-content\/uploads\/2012\/03\/federal3-300x221.jpg","type":"","width":"","height":""}],"author":"Gente de B\u00e1squet","twitter_card":"summary_large_image","twitter_misc":{"Escrito por":"Gente de B\u00e1squet","Tiempo de lectura":"2 minutos"},"schema":{"@context":"https:\/\/schema.org","@graph":[{"@type":"Article","@id":"http:\/\/gentedebasquet.com.ar\/sitio\/2012\/03\/24\/penachiotti-la-rompio-pero-su-equipo-quedo-eliminado\/#article","isPartOf":{"@id":"http:\/\/gentedebasquet.com.ar\/sitio\/2012\/03\/24\/penachiotti-la-rompio-pero-su-equipo-quedo-eliminado\/"},"author":{"name":"Gente de B\u00e1squet","@id":"http:\/\/gentedebasquet.com.ar\/sitio\/#\/schema\/person\/ca0b63bbb977369988a7bbbdc519943a"},"headline":"Pennacchiotti la rompi\u00f3 pero su equipo qued\u00f3 eliminado","datePublished":"2012-03-24T16:46:34+00:00","mainEntityOfPage":{"@id":"http:\/\/gentedebasquet.com.ar\/sitio\/2012\/03\/24\/penachiotti-la-rompio-pero-su-equipo-quedo-eliminado\/"},"wordCount":310,"commentCount":0,"image":{"@id":"http:\/\/gentedebasquet.com.ar\/sitio\/2012\/03\/24\/penachiotti-la-rompio-pero-su-equipo-quedo-eliminado\/#primaryimage"},"thumbnailUrl":"http:\/\/www.gentedebasquet.com.ar\/wp-content\/uploads\/2012\/03\/federal3-300x221.jpg","articleSection":["Bahienses Afuera"],"inLanguage":"es","potentialAction":[{"@type":"CommentAction","name":"Comment","target":["http:\/\/gentedebasquet.com.ar\/sitio\/2012\/03\/24\/penachiotti-la-rompio-pero-su-equipo-quedo-eliminado\/#respond"]}]},{"@type":"WebPage","@id":"http:\/\/gentedebasquet.com.ar\/sitio\/2012\/03\/24\/penachiotti-la-rompio-pero-su-equipo-quedo-eliminado\/","url":"http:\/\/gentedebasquet.com.ar\/sitio\/2012\/03\/24\/penachiotti-la-rompio-pero-su-equipo-quedo-eliminado\/","name":"Pennacchiotti la rompi\u00f3 pero su equipo qued\u00f3 eliminado - Gente de B\u00e1squet","isPartOf":{"@id":"http:\/\/gentedebasquet.com.ar\/sitio\/#website"},"primaryImageOfPage":{"@id":"http:\/\/gentedebasquet.com.ar\/sitio\/2012\/03\/24\/penachiotti-la-rompio-pero-su-equipo-quedo-eliminado\/#primaryimage"},"image":{"@id":"http:\/\/gentedebasquet.com.ar\/sitio\/2012\/03\/24\/penachiotti-la-rompio-pero-su-equipo-quedo-eliminado\/#primaryimage"},"thumbnailUrl":"http:\/\/www.gentedebasquet.com.ar\/wp-content\/uploads\/2012\/03\/federal3-300x221.jpg","datePublished":"2012-03-24T16:46:34+00:00","author":{"@id":"http:\/\/gentedebasquet.com.ar\/sitio\/#\/schema\/person\/ca0b63bbb977369988a7bbbdc519943a"},"breadcrumb":{"@id":"http:\/\/gentedebasquet.com.ar\/sitio\/2012\/03\/24\/penachiotti-la-rompio-pero-su-equipo-quedo-eliminado\/#breadcrumb"},"inLanguage":"es","potentialAction":[{"@type":"ReadAction","target":["http:\/\/gentedebasquet.com.ar\/sitio\/2012\/03\/24\/penachiotti-la-rompio-pero-su-equipo-quedo-eliminado\/"]}]},{"@type":"ImageObject","inLanguage":"es","@id":"http:\/\/gentedebasquet.com.ar\/sitio\/2012\/03\/24\/penachiotti-la-rompio-pero-su-equipo-quedo-eliminado\/#primaryimage","url":"http:\/\/www.gentedebasquet.com.ar\/wp-content\/uploads\/2012\/03\/federal3-300x221.jpg","contentUrl":"http:\/\/www.gentedebasquet.com.ar\/wp-content\/uploads\/2012\/03\/federal3-300x221.jpg"},{"@type":"BreadcrumbList","@id":"http:\/\/gentedebasquet.com.ar\/sitio\/2012\/03\/24\/penachiotti-la-rompio-pero-su-equipo-quedo-eliminado\/#breadcrumb","itemListElement":[{"@type":"ListItem","position":1,"name":"Portada","item":"http:\/\/gentedebasquet.com.ar\/sitio\/"},{"@type":"ListItem","position":2,"name":"Pennacchiotti la rompi\u00f3 pero su equipo qued\u00f3 eliminado"}]},{"@type":"WebSite","@id":"http:\/\/gentedebasquet.com.ar\/sitio\/#website","url":"http:\/\/gentedebasquet.com.ar\/sitio\/","name":"Gente de B\u00e1squet","description":"La revista del basquet de Bah\u00eda Blanca","potentialAction":[{"@type":"SearchAction","target":{"@type":"EntryPoint","urlTemplate":"http:\/\/gentedebasquet.com.ar\/sitio\/?s={search_term_string}"},"query-input":{"@type":"PropertyValueSpecification","valueRequired":true,"valueName":"search_term_string"}}],"inLanguage":"es"},{"@type":"Person","@id":"http:\/\/gentedebasquet.com.ar\/sitio\/#\/schema\/person\/ca0b63bbb977369988a7bbbdc519943a","name":"Gente de B\u00e1squet","image":{"@type":"ImageObject","inLanguage":"es","@id":"https:\/\/secure.gravatar.com\/avatar\/7f2c48bdc33b30088f941fb6082e555f2874c98e20cb159d7b92b50eadfce793?s=96&d=mm&r=g","url":"https:\/\/secure.gravatar.com\/avatar\/7f2c48bdc33b30088f941fb6082e555f2874c98e20cb159d7b92b50eadfce793?s=96&d=mm&r=g","contentUrl":"https:\/\/secure.gravatar.com\/avatar\/7f2c48bdc33b30088f941fb6082e555f2874c98e20cb159d7b92b50eadfce793?s=96&d=mm&r=g","caption":"Gente de B\u00e1squet"},"sameAs":["http:\/\/gentedebasquet.com.ar\/sitio"],"url":"https:\/\/gentedebasquet.com.ar\/sitio\/author\/ulises\/"}]}},"_links":{"self":[{"href":"https:\/\/gentedebasquet.com.ar\/sitio\/wp-json\/wp\/v2\/posts\/2188","targetHints":{"allow":["GET"]}}],"collection":[{"href":"https:\/\/gentedebasquet.com.ar\/sitio\/wp-json\/wp\/v2\/posts"}],"about":[{"href":"https:\/\/gentedebasquet.com.ar\/sitio\/wp-json\/wp\/v2\/types\/post"}],"author":[{"embeddable":true,"href":"https:\/\/gentedebasquet.com.ar\/sitio\/wp-json\/wp\/v2\/users\/1"}],"replies":[{"embeddable":true,"href":"https:\/\/gentedebasquet.com.ar\/sitio\/wp-json\/wp\/v2\/comments?post=2188"}],"version-history":[{"count":0,"href":"https:\/\/gentedebasquet.com.ar\/sitio\/wp-json\/wp\/v2\/posts\/2188\/revisions"}],"wp:attachment":[{"href":"https:\/\/gentedebasquet.com.ar\/sitio\/wp-json\/wp\/v2\/media?parent=2188"}],"wp:term":[{"taxonomy":"category","embeddable":true,"href":"https:\/\/gentedebasquet.com.ar\/sitio\/wp-json\/wp\/v2\/categories?post=2188"},{"taxonomy":"post_tag","embeddable":true,"href":"https:\/\/gentedebasquet.com.ar\/sitio\/wp-json\/wp\/v2\/tags?post=2188"}],"curies":[{"name":"wp","href":"https:\/\/api.w.org\/{rel}","templated":true}]}}