{"id":2207,"date":"2012-03-28T14:45:05","date_gmt":"2012-03-28T14:45:05","guid":{"rendered":"http:\/\/www.gentedebasquet.com.ar\/?p=2207"},"modified":"2012-03-28T14:45:05","modified_gmt":"2012-03-28T14:45:05","slug":"la-charla-con-los-dirigentes-de-villa-mitre-duro-cinco-minutos","status":"publish","type":"post","link":"https:\/\/gentedebasquet.com.ar\/sitio\/2012\/03\/28\/la-charla-con-los-dirigentes-de-villa-mitre-duro-cinco-minutos\/","title":{"rendered":"\u201cLa charla con los dirigentes de Villa Mitre dur\u00f3 cinco minutos\u201d"},"content":{"rendered":"<p><a href=\"http:\/\/www.gentedebasquet.com.ar\/wp-content\/uploads\/2012\/03\/Silvio-Montero-DT.jpg\"><img decoding=\"async\" class=\"size-full wp-image-2208 aligncenter\" src=\"http:\/\/www.gentedebasquet.com.ar\/wp-content\/uploads\/2012\/03\/Silvio-Montero-DT.jpg\" alt=\"\" \/><\/a><\/p>\n<p style=\"text-align: justify\"><strong><em>Silvio Montero, el nuevo entrenador de Velocidad y Resistencia, dialog\u00f3 con GENTE DE B\u00c1SQUET y nos brind\u00f3 los motivos por los cuales decidi\u00f3 aceptar la oferta del Club de Rondeau y Avellaneda. Adem\u00e1s dej\u00f3 en claro cuales fueron los motivos por los que decidi\u00f3 alejarse de Villa Mitre y sostuvo que hasta pens\u00f3 en no dirigir Primera Divisi\u00f3n al menos por este a\u00f1o.<!--more--> <\/em><\/strong><\/p>\n<p style=\"text-align: justify\"><strong><em>\u00bfQu\u00e9 objetivo se han planteado para esta temporada?<\/em><\/strong><\/p>\n<p style=\"text-align: justify\">El objetivo es jugar los play off. Sabemos que va a ser dif\u00edcil porque el presupuesto es muy bajo. Tratamos de armar un equipo con jugadores que no ten\u00edan club y que quer\u00edan demostrar, y darles prioridad a los jugadores del club.<\/p>\n<p style=\"text-align: justify\"><strong><em>\u00bfSent\u00eds que es un retroceso en tu carrera dirigir a Velocidad luego de ser el entrenador de Villa Mitre?<\/em><\/strong><\/p>\n<p style=\"text-align: justify\">Yo ven\u00eda de un a\u00f1o muy especial de dirigir a Villa Mitre y jugar las finales, y quer\u00eda tener un a\u00f1o tranquilo. Hasta pens\u00e9 en no dirigir por esta temporada. Al d\u00eda siguiente de que se supo que yo no segu\u00eda en Villa Mitre, me llamaron de Velocidad diciendo que quer\u00edan hacer un trabajo tranquilo, de ac\u00e1 a dos o tres a\u00f1os, y eso es lo que m\u00e1s me sedujo para que yo aceptara la oferta.<\/p>\n<p style=\"text-align: justify\"><strong><em>\u00bfQu\u00e9 fue lo que te sedujo para venir a Velocidad? <\/em><\/strong><\/p>\n<p style=\"text-align: justify\">A m\u00ed me gustan los trabajos tranquilos y hasta prefiero los equipos sin chapa de candidatos. Dirigir a Villa Mitre fue lo mejor que me pas\u00f3 como t\u00e9cnico, pero si se puede evitar dirigir Primera y sobre todo a Villa Mitre, mucho mejor.<\/p>\n<p style=\"text-align: justify\"><strong><em>\u00bfTe fuiste dolido de Villa Mitre?<\/em><\/strong><\/p>\n<p style=\"text-align: justify\">La charla con los dirigentes dur\u00f3 cinco minutos. Yo quer\u00eda que la charla fuera de una manera y fue de otra, entonces a la menor duda que hubo directamente di un paso al costado.<\/p>\n<p style=\"text-align: justify\"><strong><em>\u00bfC\u00f3mo ves el nivel de Segunda?<\/em><\/strong><\/p>\n<p style=\"text-align: justify\">El nivel de Segunda es muy competitivo. Creo que este a\u00f1o habr\u00e1 cuatro equipos que van a sacar mucha ventaja y el resto vamos a pelear abajo.<\/p>\n","protected":false},"excerpt":{"rendered":"<p>Silvio Montero, el nuevo entrenador de Velocidad y Resistencia, dialog\u00f3 con GENTE DE B\u00c1SQUET y nos brind\u00f3 los motivos por los cuales decidi\u00f3 aceptar la oferta del Club de Rondeau y Avellaneda. Adem\u00e1s dej\u00f3 en claro cuales fueron los motivos por los que decidi\u00f3 alejarse de Villa Mitre y sostuvo que hasta pens\u00f3 en no [&hellip;]<\/p>\n","protected":false},"author":5,"featured_media":0,"comment_status":"open","ping_status":"open","sticky":false,"template":"","format":"standard","meta":{"jnews-multi-image_gallery":[],"jnews_single_post":[],"jnews_primary_category":[],"footnotes":""},"categories":[25],"tags":[21],"class_list":["post-2207","post","type-post","status-publish","format-standard","hentry","category-segunda","tag-velocidad"],"yoast_head":"<!-- This site is optimized with the Yoast SEO plugin v27.5 - https:\/\/yoast.com\/product\/yoast-seo-wordpress\/ -->\n<title>\u201cLa charla con los dirigentes de Villa Mitre dur\u00f3 cinco minutos\u201d - Gente de B\u00e1squet<\/title>\n<meta name=\"robots\" content=\"index, follow, max-snippet:-1, max-image-preview:large, max-video-preview:-1\" \/>\n<link rel=\"canonical\" href=\"https:\/\/gentedebasquet.com.ar\/sitio\/2012\/03\/28\/la-charla-con-los-dirigentes-de-villa-mitre-duro-cinco-minutos\/\" \/>\n<meta property=\"og:locale\" content=\"es_ES\" \/>\n<meta property=\"og:type\" content=\"article\" \/>\n<meta property=\"og:title\" content=\"\u201cLa charla con los dirigentes de Villa Mitre dur\u00f3 cinco minutos\u201d - Gente de B\u00e1squet\" \/>\n<meta property=\"og:description\" content=\"Silvio Montero, el nuevo entrenador de Velocidad y Resistencia, dialog\u00f3 con GENTE DE B\u00c1SQUET y nos brind\u00f3 los motivos por los cuales decidi\u00f3 aceptar la oferta del Club de Rondeau y Avellaneda. Adem\u00e1s dej\u00f3 en claro cuales fueron los motivos por los que decidi\u00f3 alejarse de Villa Mitre y sostuvo que hasta pens\u00f3 en no [&hellip;]\" \/>\n<meta property=\"og:url\" content=\"https:\/\/gentedebasquet.com.ar\/sitio\/2012\/03\/28\/la-charla-con-los-dirigentes-de-villa-mitre-duro-cinco-minutos\/\" \/>\n<meta property=\"og:site_name\" content=\"Gente de B\u00e1squet\" \/>\n<meta property=\"article:published_time\" content=\"2012-03-28T14:45:05+00:00\" \/>\n<meta property=\"og:image\" content=\"http:\/\/www.gentedebasquet.com.ar\/wp-content\/uploads\/2012\/03\/Silvio-Montero-DT.jpg\" \/>\n<meta name=\"author\" content=\"Mati Ortiz\" \/>\n<meta name=\"twitter:card\" content=\"summary_large_image\" \/>\n<meta name=\"twitter:label1\" content=\"Escrito por\" \/>\n\t<meta name=\"twitter:data1\" content=\"Mati Ortiz\" \/>\n\t<meta name=\"twitter:label2\" content=\"Tiempo de lectura\" \/>\n\t<meta name=\"twitter:data2\" content=\"2 minutos\" \/>\n<script type=\"application\/ld+json\" class=\"yoast-schema-graph\">{\"@context\":\"https:\\\/\\\/schema.org\",\"@graph\":[{\"@type\":\"Article\",\"@id\":\"https:\\\/\\\/gentedebasquet.com.ar\\\/sitio\\\/2012\\\/03\\\/28\\\/la-charla-con-los-dirigentes-de-villa-mitre-duro-cinco-minutos\\\/#article\",\"isPartOf\":{\"@id\":\"https:\\\/\\\/gentedebasquet.com.ar\\\/sitio\\\/2012\\\/03\\\/28\\\/la-charla-con-los-dirigentes-de-villa-mitre-duro-cinco-minutos\\\/\"},\"author\":{\"name\":\"Mati Ortiz\",\"@id\":\"http:\\\/\\\/gentedebasquet.com.ar\\\/sitio\\\/#\\\/schema\\\/person\\\/bdfda4f76826a67711ffbc5c019867b1\"},\"headline\":\"\u201cLa charla con los dirigentes de Villa Mitre dur\u00f3 cinco minutos\u201d\",\"datePublished\":\"2012-03-28T14:45:05+00:00\",\"mainEntityOfPage\":{\"@id\":\"https:\\\/\\\/gentedebasquet.com.ar\\\/sitio\\\/2012\\\/03\\\/28\\\/la-charla-con-los-dirigentes-de-villa-mitre-duro-cinco-minutos\\\/\"},\"wordCount\":366,\"commentCount\":30,\"image\":{\"@id\":\"https:\\\/\\\/gentedebasquet.com.ar\\\/sitio\\\/2012\\\/03\\\/28\\\/la-charla-con-los-dirigentes-de-villa-mitre-duro-cinco-minutos\\\/#primaryimage\"},\"thumbnailUrl\":\"http:\\\/\\\/www.gentedebasquet.com.ar\\\/wp-content\\\/uploads\\\/2012\\\/03\\\/Silvio-Montero-DT.jpg\",\"keywords\":[\"Velocidad\"],\"articleSection\":[\"Segunda\"],\"inLanguage\":\"es\",\"potentialAction\":[{\"@type\":\"CommentAction\",\"name\":\"Comment\",\"target\":[\"https:\\\/\\\/gentedebasquet.com.ar\\\/sitio\\\/2012\\\/03\\\/28\\\/la-charla-con-los-dirigentes-de-villa-mitre-duro-cinco-minutos\\\/#respond\"]}]},{\"@type\":\"WebPage\",\"@id\":\"https:\\\/\\\/gentedebasquet.com.ar\\\/sitio\\\/2012\\\/03\\\/28\\\/la-charla-con-los-dirigentes-de-villa-mitre-duro-cinco-minutos\\\/\",\"url\":\"https:\\\/\\\/gentedebasquet.com.ar\\\/sitio\\\/2012\\\/03\\\/28\\\/la-charla-con-los-dirigentes-de-villa-mitre-duro-cinco-minutos\\\/\",\"name\":\"\u201cLa charla con los dirigentes de Villa Mitre dur\u00f3 cinco minutos\u201d - Gente de B\u00e1squet\",\"isPartOf\":{\"@id\":\"http:\\\/\\\/gentedebasquet.com.ar\\\/sitio\\\/#website\"},\"primaryImageOfPage\":{\"@id\":\"https:\\\/\\\/gentedebasquet.com.ar\\\/sitio\\\/2012\\\/03\\\/28\\\/la-charla-con-los-dirigentes-de-villa-mitre-duro-cinco-minutos\\\/#primaryimage\"},\"image\":{\"@id\":\"https:\\\/\\\/gentedebasquet.com.ar\\\/sitio\\\/2012\\\/03\\\/28\\\/la-charla-con-los-dirigentes-de-villa-mitre-duro-cinco-minutos\\\/#primaryimage\"},\"thumbnailUrl\":\"http:\\\/\\\/www.gentedebasquet.com.ar\\\/wp-content\\\/uploads\\\/2012\\\/03\\\/Silvio-Montero-DT.jpg\",\"datePublished\":\"2012-03-28T14:45:05+00:00\",\"author\":{\"@id\":\"http:\\\/\\\/gentedebasquet.com.ar\\\/sitio\\\/#\\\/schema\\\/person\\\/bdfda4f76826a67711ffbc5c019867b1\"},\"breadcrumb\":{\"@id\":\"https:\\\/\\\/gentedebasquet.com.ar\\\/sitio\\\/2012\\\/03\\\/28\\\/la-charla-con-los-dirigentes-de-villa-mitre-duro-cinco-minutos\\\/#breadcrumb\"},\"inLanguage\":\"es\",\"potentialAction\":[{\"@type\":\"ReadAction\",\"target\":[\"https:\\\/\\\/gentedebasquet.com.ar\\\/sitio\\\/2012\\\/03\\\/28\\\/la-charla-con-los-dirigentes-de-villa-mitre-duro-cinco-minutos\\\/\"]}]},{\"@type\":\"ImageObject\",\"inLanguage\":\"es\",\"@id\":\"https:\\\/\\\/gentedebasquet.com.ar\\\/sitio\\\/2012\\\/03\\\/28\\\/la-charla-con-los-dirigentes-de-villa-mitre-duro-cinco-minutos\\\/#primaryimage\",\"url\":\"http:\\\/\\\/www.gentedebasquet.com.ar\\\/wp-content\\\/uploads\\\/2012\\\/03\\\/Silvio-Montero-DT.jpg\",\"contentUrl\":\"http:\\\/\\\/www.gentedebasquet.com.ar\\\/wp-content\\\/uploads\\\/2012\\\/03\\\/Silvio-Montero-DT.jpg\"},{\"@type\":\"BreadcrumbList\",\"@id\":\"https:\\\/\\\/gentedebasquet.com.ar\\\/sitio\\\/2012\\\/03\\\/28\\\/la-charla-con-los-dirigentes-de-villa-mitre-duro-cinco-minutos\\\/#breadcrumb\",\"itemListElement\":[{\"@type\":\"ListItem\",\"position\":1,\"name\":\"Portada\",\"item\":\"http:\\\/\\\/gentedebasquet.com.ar\\\/sitio\\\/\"},{\"@type\":\"ListItem\",\"position\":2,\"name\":\"\u201cLa charla con los dirigentes de Villa Mitre dur\u00f3 cinco minutos\u201d\"}]},{\"@type\":\"WebSite\",\"@id\":\"http:\\\/\\\/gentedebasquet.com.ar\\\/sitio\\\/#website\",\"url\":\"http:\\\/\\\/gentedebasquet.com.ar\\\/sitio\\\/\",\"name\":\"Gente de B\u00e1squet\",\"description\":\"La revista del basquet de Bah\u00eda Blanca\",\"potentialAction\":[{\"@type\":\"SearchAction\",\"target\":{\"@type\":\"EntryPoint\",\"urlTemplate\":\"http:\\\/\\\/gentedebasquet.com.ar\\\/sitio\\\/?s={search_term_string}\"},\"query-input\":{\"@type\":\"PropertyValueSpecification\",\"valueRequired\":true,\"valueName\":\"search_term_string\"}}],\"inLanguage\":\"es\"},{\"@type\":\"Person\",\"@id\":\"http:\\\/\\\/gentedebasquet.com.ar\\\/sitio\\\/#\\\/schema\\\/person\\\/bdfda4f76826a67711ffbc5c019867b1\",\"name\":\"Mati Ortiz\",\"image\":{\"@type\":\"ImageObject\",\"inLanguage\":\"es\",\"@id\":\"https:\\\/\\\/secure.gravatar.com\\\/avatar\\\/639f103875d0262257ad455ccde7a9fdf5a890a827f0e877d951e4fb1b0906e5?s=96&d=mm&r=g\",\"url\":\"https:\\\/\\\/secure.gravatar.com\\\/avatar\\\/639f103875d0262257ad455ccde7a9fdf5a890a827f0e877d951e4fb1b0906e5?s=96&d=mm&r=g\",\"contentUrl\":\"https:\\\/\\\/secure.gravatar.com\\\/avatar\\\/639f103875d0262257ad455ccde7a9fdf5a890a827f0e877d951e4fb1b0906e5?s=96&d=mm&r=g\",\"caption\":\"Mati Ortiz\"},\"url\":\"https:\\\/\\\/gentedebasquet.com.ar\\\/sitio\\\/author\\\/mati-ortiz\\\/\"}]}<\/script>\n<!-- \/ Yoast SEO plugin. -->","yoast_head_json":{"title":"\u201cLa charla con los dirigentes de Villa Mitre dur\u00f3 cinco minutos\u201d - Gente de B\u00e1squet","robots":{"index":"index","follow":"follow","max-snippet":"max-snippet:-1","max-image-preview":"max-image-preview:large","max-video-preview":"max-video-preview:-1"},"canonical":"https:\/\/gentedebasquet.com.ar\/sitio\/2012\/03\/28\/la-charla-con-los-dirigentes-de-villa-mitre-duro-cinco-minutos\/","og_locale":"es_ES","og_type":"article","og_title":"\u201cLa charla con los dirigentes de Villa Mitre dur\u00f3 cinco minutos\u201d - Gente de B\u00e1squet","og_description":"Silvio Montero, el nuevo entrenador de Velocidad y Resistencia, dialog\u00f3 con GENTE DE B\u00c1SQUET y nos brind\u00f3 los motivos por los cuales decidi\u00f3 aceptar la oferta del Club de Rondeau y Avellaneda. Adem\u00e1s dej\u00f3 en claro cuales fueron los motivos por los que decidi\u00f3 alejarse de Villa Mitre y sostuvo que hasta pens\u00f3 en no [&hellip;]","og_url":"https:\/\/gentedebasquet.com.ar\/sitio\/2012\/03\/28\/la-charla-con-los-dirigentes-de-villa-mitre-duro-cinco-minutos\/","og_site_name":"Gente de B\u00e1squet","article_published_time":"2012-03-28T14:45:05+00:00","og_image":[{"url":"http:\/\/www.gentedebasquet.com.ar\/wp-content\/uploads\/2012\/03\/Silvio-Montero-DT.jpg","type":"","width":"","height":""}],"author":"Mati Ortiz","twitter_card":"summary_large_image","twitter_misc":{"Escrito por":"Mati Ortiz","Tiempo de lectura":"2 minutos"},"schema":{"@context":"https:\/\/schema.org","@graph":[{"@type":"Article","@id":"https:\/\/gentedebasquet.com.ar\/sitio\/2012\/03\/28\/la-charla-con-los-dirigentes-de-villa-mitre-duro-cinco-minutos\/#article","isPartOf":{"@id":"https:\/\/gentedebasquet.com.ar\/sitio\/2012\/03\/28\/la-charla-con-los-dirigentes-de-villa-mitre-duro-cinco-minutos\/"},"author":{"name":"Mati Ortiz","@id":"http:\/\/gentedebasquet.com.ar\/sitio\/#\/schema\/person\/bdfda4f76826a67711ffbc5c019867b1"},"headline":"\u201cLa charla con los dirigentes de Villa Mitre dur\u00f3 cinco minutos\u201d","datePublished":"2012-03-28T14:45:05+00:00","mainEntityOfPage":{"@id":"https:\/\/gentedebasquet.com.ar\/sitio\/2012\/03\/28\/la-charla-con-los-dirigentes-de-villa-mitre-duro-cinco-minutos\/"},"wordCount":366,"commentCount":30,"image":{"@id":"https:\/\/gentedebasquet.com.ar\/sitio\/2012\/03\/28\/la-charla-con-los-dirigentes-de-villa-mitre-duro-cinco-minutos\/#primaryimage"},"thumbnailUrl":"http:\/\/www.gentedebasquet.com.ar\/wp-content\/uploads\/2012\/03\/Silvio-Montero-DT.jpg","keywords":["Velocidad"],"articleSection":["Segunda"],"inLanguage":"es","potentialAction":[{"@type":"CommentAction","name":"Comment","target":["https:\/\/gentedebasquet.com.ar\/sitio\/2012\/03\/28\/la-charla-con-los-dirigentes-de-villa-mitre-duro-cinco-minutos\/#respond"]}]},{"@type":"WebPage","@id":"https:\/\/gentedebasquet.com.ar\/sitio\/2012\/03\/28\/la-charla-con-los-dirigentes-de-villa-mitre-duro-cinco-minutos\/","url":"https:\/\/gentedebasquet.com.ar\/sitio\/2012\/03\/28\/la-charla-con-los-dirigentes-de-villa-mitre-duro-cinco-minutos\/","name":"\u201cLa charla con los dirigentes de Villa Mitre dur\u00f3 cinco minutos\u201d - Gente de B\u00e1squet","isPartOf":{"@id":"http:\/\/gentedebasquet.com.ar\/sitio\/#website"},"primaryImageOfPage":{"@id":"https:\/\/gentedebasquet.com.ar\/sitio\/2012\/03\/28\/la-charla-con-los-dirigentes-de-villa-mitre-duro-cinco-minutos\/#primaryimage"},"image":{"@id":"https:\/\/gentedebasquet.com.ar\/sitio\/2012\/03\/28\/la-charla-con-los-dirigentes-de-villa-mitre-duro-cinco-minutos\/#primaryimage"},"thumbnailUrl":"http:\/\/www.gentedebasquet.com.ar\/wp-content\/uploads\/2012\/03\/Silvio-Montero-DT.jpg","datePublished":"2012-03-28T14:45:05+00:00","author":{"@id":"http:\/\/gentedebasquet.com.ar\/sitio\/#\/schema\/person\/bdfda4f76826a67711ffbc5c019867b1"},"breadcrumb":{"@id":"https:\/\/gentedebasquet.com.ar\/sitio\/2012\/03\/28\/la-charla-con-los-dirigentes-de-villa-mitre-duro-cinco-minutos\/#breadcrumb"},"inLanguage":"es","potentialAction":[{"@type":"ReadAction","target":["https:\/\/gentedebasquet.com.ar\/sitio\/2012\/03\/28\/la-charla-con-los-dirigentes-de-villa-mitre-duro-cinco-minutos\/"]}]},{"@type":"ImageObject","inLanguage":"es","@id":"https:\/\/gentedebasquet.com.ar\/sitio\/2012\/03\/28\/la-charla-con-los-dirigentes-de-villa-mitre-duro-cinco-minutos\/#primaryimage","url":"http:\/\/www.gentedebasquet.com.ar\/wp-content\/uploads\/2012\/03\/Silvio-Montero-DT.jpg","contentUrl":"http:\/\/www.gentedebasquet.com.ar\/wp-content\/uploads\/2012\/03\/Silvio-Montero-DT.jpg"},{"@type":"BreadcrumbList","@id":"https:\/\/gentedebasquet.com.ar\/sitio\/2012\/03\/28\/la-charla-con-los-dirigentes-de-villa-mitre-duro-cinco-minutos\/#breadcrumb","itemListElement":[{"@type":"ListItem","position":1,"name":"Portada","item":"http:\/\/gentedebasquet.com.ar\/sitio\/"},{"@type":"ListItem","position":2,"name":"\u201cLa charla con los dirigentes de Villa Mitre dur\u00f3 cinco minutos\u201d"}]},{"@type":"WebSite","@id":"http:\/\/gentedebasquet.com.ar\/sitio\/#website","url":"http:\/\/gentedebasquet.com.ar\/sitio\/","name":"Gente de B\u00e1squet","description":"La revista del basquet de Bah\u00eda Blanca","potentialAction":[{"@type":"SearchAction","target":{"@type":"EntryPoint","urlTemplate":"http:\/\/gentedebasquet.com.ar\/sitio\/?s={search_term_string}"},"query-input":{"@type":"PropertyValueSpecification","valueRequired":true,"valueName":"search_term_string"}}],"inLanguage":"es"},{"@type":"Person","@id":"http:\/\/gentedebasquet.com.ar\/sitio\/#\/schema\/person\/bdfda4f76826a67711ffbc5c019867b1","name":"Mati Ortiz","image":{"@type":"ImageObject","inLanguage":"es","@id":"https:\/\/secure.gravatar.com\/avatar\/639f103875d0262257ad455ccde7a9fdf5a890a827f0e877d951e4fb1b0906e5?s=96&d=mm&r=g","url":"https:\/\/secure.gravatar.com\/avatar\/639f103875d0262257ad455ccde7a9fdf5a890a827f0e877d951e4fb1b0906e5?s=96&d=mm&r=g","contentUrl":"https:\/\/secure.gravatar.com\/avatar\/639f103875d0262257ad455ccde7a9fdf5a890a827f0e877d951e4fb1b0906e5?s=96&d=mm&r=g","caption":"Mati Ortiz"},"url":"https:\/\/gentedebasquet.com.ar\/sitio\/author\/mati-ortiz\/"}]}},"_links":{"self":[{"href":"https:\/\/gentedebasquet.com.ar\/sitio\/wp-json\/wp\/v2\/posts\/2207","targetHints":{"allow":["GET"]}}],"collection":[{"href":"https:\/\/gentedebasquet.com.ar\/sitio\/wp-json\/wp\/v2\/posts"}],"about":[{"href":"https:\/\/gentedebasquet.com.ar\/sitio\/wp-json\/wp\/v2\/types\/post"}],"author":[{"embeddable":true,"href":"https:\/\/gentedebasquet.com.ar\/sitio\/wp-json\/wp\/v2\/users\/5"}],"replies":[{"embeddable":true,"href":"https:\/\/gentedebasquet.com.ar\/sitio\/wp-json\/wp\/v2\/comments?post=2207"}],"version-history":[{"count":0,"href":"https:\/\/gentedebasquet.com.ar\/sitio\/wp-json\/wp\/v2\/posts\/2207\/revisions"}],"wp:attachment":[{"href":"https:\/\/gentedebasquet.com.ar\/sitio\/wp-json\/wp\/v2\/media?parent=2207"}],"wp:term":[{"taxonomy":"category","embeddable":true,"href":"https:\/\/gentedebasquet.com.ar\/sitio\/wp-json\/wp\/v2\/categories?post=2207"},{"taxonomy":"post_tag","embeddable":true,"href":"https:\/\/gentedebasquet.com.ar\/sitio\/wp-json\/wp\/v2\/tags?post=2207"}],"curies":[{"name":"wp","href":"https:\/\/api.w.org\/{rel}","templated":true}]}}