{"id":22839,"date":"2014-03-04T10:32:58","date_gmt":"2014-03-04T13:32:58","guid":{"rendered":"http:\/\/www.gentedebasquet.com.ar\/?p=22839"},"modified":"2014-03-04T10:32:58","modified_gmt":"2014-03-04T13:32:58","slug":"cierre-de-inscripcion-para-el-federal-femenino","status":"publish","type":"post","link":"https:\/\/gentedebasquet.com.ar\/sitio\/2014\/03\/04\/cierre-de-inscripcion-para-el-federal-femenino\/","title":{"rendered":"Cierre de inscripci\u00f3n para el Federal Femenino"},"content":{"rendered":"<p><strong>El pr\u00f3ximo viernes 7 a las 18 cierra el per\u00edodo de inscripci\u00f3n para el Torneo Federal Femenino de B\u00e1squet en su primera edici\u00f3n, organizado por la Confederaci\u00f3n Argentina de B\u00e1squetbol. En la web oficial www.federalfemenino.com.ar encontr\u00e1s los formularios. \u00bfHabr\u00e1 bahienses?<\/strong><\/p>\n<p>El\u00a0<strong>Torneo Federal Femenino de B\u00e1squet<\/strong>\u00a0que organiza la\u00a0<strong>Confederaci\u00f3n Argentina de B\u00e1squetbol (CABB)<\/strong>, vive una semana importante, ya que se vence el plazo para que los equipos interesados se inscriban.\u00a0<strong>El per\u00edodo de inscripci\u00f3n cierra el pr\u00f3ximo viernes 7 de marzo a las 18 horas.<\/strong><\/p>\n<p><strong>ALGUNAS PUNTOS A TENER EN CUENTA<\/strong><\/p>\n<p>&#8211; Para la inscripci\u00f3n es indispensable presentar completos los formularios que se encuentran en la secci\u00f3n\u00a0<a href=\"http:\/\/www.federalfemenino.com.ar\/descargas.php\"><strong>DESCARGAS\u00a0<\/strong><\/a>de la web del\u00a0<strong>Torneo Federal Femenino<\/strong>.<\/p>\n<p>&#8211; Estos formularios deber\u00e1n estar avalados por la respectiva Federaci\u00f3n de origen.<\/p>\n<p>&#8211; Al enviar los formularios de inscripci\u00f3n se deber\u00e1 abonar la primera cuota fijada de $2000.- La misma se podr\u00e1 hacer a trav\u00e9s de la cuenta de CABB:<\/p>\n<p>CABB\/TFB<br \/>\nBanco Naci\u00f3n<br \/>\nSucursal Monserrat 066<br \/>\nCuenta Corriente en pesos # 0160046455<br \/>\nCUIT: 30-53571755-5<br \/>\nCBU: 01100167-20001600464553<\/p>\n<p>O en efectivo en las oficinas del Torneo Federal: Alsina 1569 \u2013 Oficina 203 (Capital Federal)<\/p>\n<p>&#8211; Los clubes que conformen alianzas deportivas deber\u00e1n presentar el Acta de Constituci\u00f3n de Alianzas que se encuentra en la secci\u00f3n\u00a0<a href=\"http:\/\/www.federalfemenino.com.ar\/descargas.php\"><strong>DESCARGAS\u00a0<\/strong><\/a>.<\/p>\n<p><strong>CONSULTAS<\/strong><\/p>\n<p>&#8211; Las consultas se pueden realizar en las oficinas del Torneo Federal:<br \/>\nDirecci\u00f3n: Alsina 1569 \u2013 Oficina 203 (Capital Federal)<br \/>\nTel\u00e9fono: 011 \u2013 43834037 \/ 4381 4682<\/p>\n<p>O a trav\u00e9s de correo electr\u00f3nico:<br \/>\nAna Duque: dusal04@gmail.com<br \/>\nFederal Femenino: basquetbol@federalfemenino.com.ar<br \/>\nFederal Masculino: basquetbol@torneofederal.com.ar<\/p>\n<p><strong>Fuente:<\/strong> Federico Radulovich (Prensa Federal)<\/p>\n<p><strong>Foto:<\/strong> Mayra Westre (CABB).<\/p>\n","protected":false},"excerpt":{"rendered":"<p>Ser\u00e1 el pr\u00f3ximo viernes 7 a las 18. \u00bfHabr\u00e1 equipos bahienses?<\/p>\n","protected":false},"author":1,"featured_media":25579,"comment_status":"open","ping_status":"open","sticky":false,"template":"","format":"standard","meta":{"jnews-multi-image_gallery":[],"jnews_single_post":[],"jnews_primary_category":[],"footnotes":""},"categories":[102,33],"tags":[2,6,12],"class_list":["post-22839","post","type-post","status-publish","format-standard","has-post-thumbnail","hentry","category-federal-femenino","category-femenino","tag-9dejulio","tag-barracas-central","tag-independiente"],"yoast_head":"<!-- This site is optimized with the Yoast SEO plugin v27.5 - https:\/\/yoast.com\/product\/yoast-seo-wordpress\/ -->\n<title>Cierre de inscripci\u00f3n para el Federal Femenino - Gente de B\u00e1squet<\/title>\n<meta name=\"robots\" content=\"index, follow, max-snippet:-1, max-image-preview:large, max-video-preview:-1\" \/>\n<link rel=\"canonical\" href=\"https:\/\/gentedebasquet.com.ar\/sitio\/2014\/03\/04\/cierre-de-inscripcion-para-el-federal-femenino\/\" \/>\n<meta property=\"og:locale\" content=\"es_ES\" \/>\n<meta property=\"og:type\" content=\"article\" \/>\n<meta property=\"og:title\" content=\"Cierre de inscripci\u00f3n para el Federal Femenino - Gente de B\u00e1squet\" \/>\n<meta property=\"og:description\" content=\"Ser\u00e1 el pr\u00f3ximo viernes 7 a las 18. \u00bfHabr\u00e1 equipos bahienses?\" \/>\n<meta property=\"og:url\" content=\"https:\/\/gentedebasquet.com.ar\/sitio\/2014\/03\/04\/cierre-de-inscripcion-para-el-federal-femenino\/\" \/>\n<meta property=\"og:site_name\" content=\"Gente de B\u00e1squet\" \/>\n<meta property=\"article:published_time\" content=\"2014-03-04T13:32:58+00:00\" \/>\n<meta property=\"og:image\" content=\"https:\/\/gentedebasquet.com.ar\/sitio\/wp-content\/uploads\/2013\/11\/Federal-femenino-1.jpg\" \/>\n\t<meta property=\"og:image:width\" content=\"300\" \/>\n\t<meta property=\"og:image:height\" content=\"225\" \/>\n\t<meta property=\"og:image:type\" content=\"image\/jpeg\" \/>\n<meta name=\"author\" content=\"Gente de B\u00e1squet\" \/>\n<meta name=\"twitter:card\" content=\"summary_large_image\" \/>\n<meta name=\"twitter:label1\" content=\"Escrito por\" \/>\n\t<meta name=\"twitter:data1\" content=\"Gente de B\u00e1squet\" \/>\n\t<meta name=\"twitter:label2\" content=\"Tiempo de lectura\" \/>\n\t<meta name=\"twitter:data2\" content=\"1 minuto\" \/>\n<script type=\"application\/ld+json\" class=\"yoast-schema-graph\">{\"@context\":\"https:\\\/\\\/schema.org\",\"@graph\":[{\"@type\":\"Article\",\"@id\":\"https:\\\/\\\/gentedebasquet.com.ar\\\/sitio\\\/2014\\\/03\\\/04\\\/cierre-de-inscripcion-para-el-federal-femenino\\\/#article\",\"isPartOf\":{\"@id\":\"https:\\\/\\\/gentedebasquet.com.ar\\\/sitio\\\/2014\\\/03\\\/04\\\/cierre-de-inscripcion-para-el-federal-femenino\\\/\"},\"author\":{\"name\":\"Gente de B\u00e1squet\",\"@id\":\"https:\\\/\\\/gentedebasquet.com.ar\\\/sitio\\\/#\\\/schema\\\/person\\\/ca0b63bbb977369988a7bbbdc519943a\"},\"headline\":\"Cierre de inscripci\u00f3n para el Federal Femenino\",\"datePublished\":\"2014-03-04T13:32:58+00:00\",\"mainEntityOfPage\":{\"@id\":\"https:\\\/\\\/gentedebasquet.com.ar\\\/sitio\\\/2014\\\/03\\\/04\\\/cierre-de-inscripcion-para-el-federal-femenino\\\/\"},\"wordCount\":292,\"commentCount\":0,\"image\":{\"@id\":\"https:\\\/\\\/gentedebasquet.com.ar\\\/sitio\\\/2014\\\/03\\\/04\\\/cierre-de-inscripcion-para-el-federal-femenino\\\/#primaryimage\"},\"thumbnailUrl\":\"https:\\\/\\\/gentedebasquet.com.ar\\\/sitio\\\/wp-content\\\/uploads\\\/2013\\\/11\\\/Federal-femenino-1.jpg\",\"keywords\":[\"9 de Julio\",\"Barracas Central\",\"independiente\"],\"articleSection\":[\"Federal Femenino\",\"Femenino\"],\"inLanguage\":\"es\",\"potentialAction\":[{\"@type\":\"CommentAction\",\"name\":\"Comment\",\"target\":[\"https:\\\/\\\/gentedebasquet.com.ar\\\/sitio\\\/2014\\\/03\\\/04\\\/cierre-de-inscripcion-para-el-federal-femenino\\\/#respond\"]}]},{\"@type\":\"WebPage\",\"@id\":\"https:\\\/\\\/gentedebasquet.com.ar\\\/sitio\\\/2014\\\/03\\\/04\\\/cierre-de-inscripcion-para-el-federal-femenino\\\/\",\"url\":\"https:\\\/\\\/gentedebasquet.com.ar\\\/sitio\\\/2014\\\/03\\\/04\\\/cierre-de-inscripcion-para-el-federal-femenino\\\/\",\"name\":\"Cierre de inscripci\u00f3n para el Federal Femenino - Gente de B\u00e1squet\",\"isPartOf\":{\"@id\":\"https:\\\/\\\/gentedebasquet.com.ar\\\/sitio\\\/#website\"},\"primaryImageOfPage\":{\"@id\":\"https:\\\/\\\/gentedebasquet.com.ar\\\/sitio\\\/2014\\\/03\\\/04\\\/cierre-de-inscripcion-para-el-federal-femenino\\\/#primaryimage\"},\"image\":{\"@id\":\"https:\\\/\\\/gentedebasquet.com.ar\\\/sitio\\\/2014\\\/03\\\/04\\\/cierre-de-inscripcion-para-el-federal-femenino\\\/#primaryimage\"},\"thumbnailUrl\":\"https:\\\/\\\/gentedebasquet.com.ar\\\/sitio\\\/wp-content\\\/uploads\\\/2013\\\/11\\\/Federal-femenino-1.jpg\",\"datePublished\":\"2014-03-04T13:32:58+00:00\",\"author\":{\"@id\":\"https:\\\/\\\/gentedebasquet.com.ar\\\/sitio\\\/#\\\/schema\\\/person\\\/ca0b63bbb977369988a7bbbdc519943a\"},\"breadcrumb\":{\"@id\":\"https:\\\/\\\/gentedebasquet.com.ar\\\/sitio\\\/2014\\\/03\\\/04\\\/cierre-de-inscripcion-para-el-federal-femenino\\\/#breadcrumb\"},\"inLanguage\":\"es\",\"potentialAction\":[{\"@type\":\"ReadAction\",\"target\":[\"https:\\\/\\\/gentedebasquet.com.ar\\\/sitio\\\/2014\\\/03\\\/04\\\/cierre-de-inscripcion-para-el-federal-femenino\\\/\"]}]},{\"@type\":\"ImageObject\",\"inLanguage\":\"es\",\"@id\":\"https:\\\/\\\/gentedebasquet.com.ar\\\/sitio\\\/2014\\\/03\\\/04\\\/cierre-de-inscripcion-para-el-federal-femenino\\\/#primaryimage\",\"url\":\"https:\\\/\\\/gentedebasquet.com.ar\\\/sitio\\\/wp-content\\\/uploads\\\/2013\\\/11\\\/Federal-femenino-1.jpg\",\"contentUrl\":\"https:\\\/\\\/gentedebasquet.com.ar\\\/sitio\\\/wp-content\\\/uploads\\\/2013\\\/11\\\/Federal-femenino-1.jpg\",\"width\":300,\"height\":225},{\"@type\":\"BreadcrumbList\",\"@id\":\"https:\\\/\\\/gentedebasquet.com.ar\\\/sitio\\\/2014\\\/03\\\/04\\\/cierre-de-inscripcion-para-el-federal-femenino\\\/#breadcrumb\",\"itemListElement\":[{\"@type\":\"ListItem\",\"position\":1,\"name\":\"Portada\",\"item\":\"https:\\\/\\\/gentedebasquet.com.ar\\\/sitio\\\/\"},{\"@type\":\"ListItem\",\"position\":2,\"name\":\"Cierre de inscripci\u00f3n para el Federal Femenino\"}]},{\"@type\":\"WebSite\",\"@id\":\"https:\\\/\\\/gentedebasquet.com.ar\\\/sitio\\\/#website\",\"url\":\"https:\\\/\\\/gentedebasquet.com.ar\\\/sitio\\\/\",\"name\":\"Gente de B\u00e1squet\",\"description\":\"La revista del basquet de Bah\u00eda Blanca\",\"potentialAction\":[{\"@type\":\"SearchAction\",\"target\":{\"@type\":\"EntryPoint\",\"urlTemplate\":\"https:\\\/\\\/gentedebasquet.com.ar\\\/sitio\\\/?s={search_term_string}\"},\"query-input\":{\"@type\":\"PropertyValueSpecification\",\"valueRequired\":true,\"valueName\":\"search_term_string\"}}],\"inLanguage\":\"es\"},{\"@type\":\"Person\",\"@id\":\"https:\\\/\\\/gentedebasquet.com.ar\\\/sitio\\\/#\\\/schema\\\/person\\\/ca0b63bbb977369988a7bbbdc519943a\",\"name\":\"Gente de B\u00e1squet\",\"image\":{\"@type\":\"ImageObject\",\"inLanguage\":\"es\",\"@id\":\"https:\\\/\\\/secure.gravatar.com\\\/avatar\\\/7f2c48bdc33b30088f941fb6082e555f2874c98e20cb159d7b92b50eadfce793?s=96&d=mm&r=g\",\"url\":\"https:\\\/\\\/secure.gravatar.com\\\/avatar\\\/7f2c48bdc33b30088f941fb6082e555f2874c98e20cb159d7b92b50eadfce793?s=96&d=mm&r=g\",\"contentUrl\":\"https:\\\/\\\/secure.gravatar.com\\\/avatar\\\/7f2c48bdc33b30088f941fb6082e555f2874c98e20cb159d7b92b50eadfce793?s=96&d=mm&r=g\",\"caption\":\"Gente de B\u00e1squet\"},\"sameAs\":[\"http:\\\/\\\/gentedebasquet.com.ar\\\/sitio\"],\"url\":\"https:\\\/\\\/gentedebasquet.com.ar\\\/sitio\\\/author\\\/ulises\\\/\"}]}<\/script>\n<!-- \/ Yoast SEO plugin. -->","yoast_head_json":{"title":"Cierre de inscripci\u00f3n para el Federal Femenino - Gente de B\u00e1squet","robots":{"index":"index","follow":"follow","max-snippet":"max-snippet:-1","max-image-preview":"max-image-preview:large","max-video-preview":"max-video-preview:-1"},"canonical":"https:\/\/gentedebasquet.com.ar\/sitio\/2014\/03\/04\/cierre-de-inscripcion-para-el-federal-femenino\/","og_locale":"es_ES","og_type":"article","og_title":"Cierre de inscripci\u00f3n para el Federal Femenino - Gente de B\u00e1squet","og_description":"Ser\u00e1 el pr\u00f3ximo viernes 7 a las 18. \u00bfHabr\u00e1 equipos bahienses?","og_url":"https:\/\/gentedebasquet.com.ar\/sitio\/2014\/03\/04\/cierre-de-inscripcion-para-el-federal-femenino\/","og_site_name":"Gente de B\u00e1squet","article_published_time":"2014-03-04T13:32:58+00:00","og_image":[{"width":300,"height":225,"url":"https:\/\/gentedebasquet.com.ar\/sitio\/wp-content\/uploads\/2013\/11\/Federal-femenino-1.jpg","type":"image\/jpeg"}],"author":"Gente de B\u00e1squet","twitter_card":"summary_large_image","twitter_misc":{"Escrito por":"Gente de B\u00e1squet","Tiempo de lectura":"1 minuto"},"schema":{"@context":"https:\/\/schema.org","@graph":[{"@type":"Article","@id":"https:\/\/gentedebasquet.com.ar\/sitio\/2014\/03\/04\/cierre-de-inscripcion-para-el-federal-femenino\/#article","isPartOf":{"@id":"https:\/\/gentedebasquet.com.ar\/sitio\/2014\/03\/04\/cierre-de-inscripcion-para-el-federal-femenino\/"},"author":{"name":"Gente de B\u00e1squet","@id":"https:\/\/gentedebasquet.com.ar\/sitio\/#\/schema\/person\/ca0b63bbb977369988a7bbbdc519943a"},"headline":"Cierre de inscripci\u00f3n para el Federal Femenino","datePublished":"2014-03-04T13:32:58+00:00","mainEntityOfPage":{"@id":"https:\/\/gentedebasquet.com.ar\/sitio\/2014\/03\/04\/cierre-de-inscripcion-para-el-federal-femenino\/"},"wordCount":292,"commentCount":0,"image":{"@id":"https:\/\/gentedebasquet.com.ar\/sitio\/2014\/03\/04\/cierre-de-inscripcion-para-el-federal-femenino\/#primaryimage"},"thumbnailUrl":"https:\/\/gentedebasquet.com.ar\/sitio\/wp-content\/uploads\/2013\/11\/Federal-femenino-1.jpg","keywords":["9 de Julio","Barracas Central","independiente"],"articleSection":["Federal Femenino","Femenino"],"inLanguage":"es","potentialAction":[{"@type":"CommentAction","name":"Comment","target":["https:\/\/gentedebasquet.com.ar\/sitio\/2014\/03\/04\/cierre-de-inscripcion-para-el-federal-femenino\/#respond"]}]},{"@type":"WebPage","@id":"https:\/\/gentedebasquet.com.ar\/sitio\/2014\/03\/04\/cierre-de-inscripcion-para-el-federal-femenino\/","url":"https:\/\/gentedebasquet.com.ar\/sitio\/2014\/03\/04\/cierre-de-inscripcion-para-el-federal-femenino\/","name":"Cierre de inscripci\u00f3n para el Federal Femenino - Gente de B\u00e1squet","isPartOf":{"@id":"https:\/\/gentedebasquet.com.ar\/sitio\/#website"},"primaryImageOfPage":{"@id":"https:\/\/gentedebasquet.com.ar\/sitio\/2014\/03\/04\/cierre-de-inscripcion-para-el-federal-femenino\/#primaryimage"},"image":{"@id":"https:\/\/gentedebasquet.com.ar\/sitio\/2014\/03\/04\/cierre-de-inscripcion-para-el-federal-femenino\/#primaryimage"},"thumbnailUrl":"https:\/\/gentedebasquet.com.ar\/sitio\/wp-content\/uploads\/2013\/11\/Federal-femenino-1.jpg","datePublished":"2014-03-04T13:32:58+00:00","author":{"@id":"https:\/\/gentedebasquet.com.ar\/sitio\/#\/schema\/person\/ca0b63bbb977369988a7bbbdc519943a"},"breadcrumb":{"@id":"https:\/\/gentedebasquet.com.ar\/sitio\/2014\/03\/04\/cierre-de-inscripcion-para-el-federal-femenino\/#breadcrumb"},"inLanguage":"es","potentialAction":[{"@type":"ReadAction","target":["https:\/\/gentedebasquet.com.ar\/sitio\/2014\/03\/04\/cierre-de-inscripcion-para-el-federal-femenino\/"]}]},{"@type":"ImageObject","inLanguage":"es","@id":"https:\/\/gentedebasquet.com.ar\/sitio\/2014\/03\/04\/cierre-de-inscripcion-para-el-federal-femenino\/#primaryimage","url":"https:\/\/gentedebasquet.com.ar\/sitio\/wp-content\/uploads\/2013\/11\/Federal-femenino-1.jpg","contentUrl":"https:\/\/gentedebasquet.com.ar\/sitio\/wp-content\/uploads\/2013\/11\/Federal-femenino-1.jpg","width":300,"height":225},{"@type":"BreadcrumbList","@id":"https:\/\/gentedebasquet.com.ar\/sitio\/2014\/03\/04\/cierre-de-inscripcion-para-el-federal-femenino\/#breadcrumb","itemListElement":[{"@type":"ListItem","position":1,"name":"Portada","item":"https:\/\/gentedebasquet.com.ar\/sitio\/"},{"@type":"ListItem","position":2,"name":"Cierre de inscripci\u00f3n para el Federal Femenino"}]},{"@type":"WebSite","@id":"https:\/\/gentedebasquet.com.ar\/sitio\/#website","url":"https:\/\/gentedebasquet.com.ar\/sitio\/","name":"Gente de B\u00e1squet","description":"La revista del basquet de Bah\u00eda Blanca","potentialAction":[{"@type":"SearchAction","target":{"@type":"EntryPoint","urlTemplate":"https:\/\/gentedebasquet.com.ar\/sitio\/?s={search_term_string}"},"query-input":{"@type":"PropertyValueSpecification","valueRequired":true,"valueName":"search_term_string"}}],"inLanguage":"es"},{"@type":"Person","@id":"https:\/\/gentedebasquet.com.ar\/sitio\/#\/schema\/person\/ca0b63bbb977369988a7bbbdc519943a","name":"Gente de B\u00e1squet","image":{"@type":"ImageObject","inLanguage":"es","@id":"https:\/\/secure.gravatar.com\/avatar\/7f2c48bdc33b30088f941fb6082e555f2874c98e20cb159d7b92b50eadfce793?s=96&d=mm&r=g","url":"https:\/\/secure.gravatar.com\/avatar\/7f2c48bdc33b30088f941fb6082e555f2874c98e20cb159d7b92b50eadfce793?s=96&d=mm&r=g","contentUrl":"https:\/\/secure.gravatar.com\/avatar\/7f2c48bdc33b30088f941fb6082e555f2874c98e20cb159d7b92b50eadfce793?s=96&d=mm&r=g","caption":"Gente de B\u00e1squet"},"sameAs":["http:\/\/gentedebasquet.com.ar\/sitio"],"url":"https:\/\/gentedebasquet.com.ar\/sitio\/author\/ulises\/"}]}},"_links":{"self":[{"href":"https:\/\/gentedebasquet.com.ar\/sitio\/wp-json\/wp\/v2\/posts\/22839","targetHints":{"allow":["GET"]}}],"collection":[{"href":"https:\/\/gentedebasquet.com.ar\/sitio\/wp-json\/wp\/v2\/posts"}],"about":[{"href":"https:\/\/gentedebasquet.com.ar\/sitio\/wp-json\/wp\/v2\/types\/post"}],"author":[{"embeddable":true,"href":"https:\/\/gentedebasquet.com.ar\/sitio\/wp-json\/wp\/v2\/users\/1"}],"replies":[{"embeddable":true,"href":"https:\/\/gentedebasquet.com.ar\/sitio\/wp-json\/wp\/v2\/comments?post=22839"}],"version-history":[{"count":0,"href":"https:\/\/gentedebasquet.com.ar\/sitio\/wp-json\/wp\/v2\/posts\/22839\/revisions"}],"wp:featuredmedia":[{"embeddable":true,"href":"https:\/\/gentedebasquet.com.ar\/sitio\/wp-json\/wp\/v2\/media\/25579"}],"wp:attachment":[{"href":"https:\/\/gentedebasquet.com.ar\/sitio\/wp-json\/wp\/v2\/media?parent=22839"}],"wp:term":[{"taxonomy":"category","embeddable":true,"href":"https:\/\/gentedebasquet.com.ar\/sitio\/wp-json\/wp\/v2\/categories?post=22839"},{"taxonomy":"post_tag","embeddable":true,"href":"https:\/\/gentedebasquet.com.ar\/sitio\/wp-json\/wp\/v2\/tags?post=22839"}],"curies":[{"name":"wp","href":"https:\/\/api.w.org\/{rel}","templated":true}]}}