{"id":26967,"date":"2014-03-16T23:13:18","date_gmt":"2014-03-17T02:13:18","guid":{"rendered":"http:\/\/www.gentedebasquet.com.ar\/?p=26967"},"modified":"2014-03-16T23:13:18","modified_gmt":"2014-03-17T02:13:18","slug":"barracas-e-independiente-haran-historia","status":"publish","type":"post","link":"https:\/\/gentedebasquet.com.ar\/sitio\/2014\/03\/16\/barracas-e-independiente-haran-historia\/","title":{"rendered":"Barracas e Independiente har\u00e1n historia"},"content":{"rendered":"<p><strong>Este viernes 14 por la tarde, finaliz\u00f3 la pr\u00f3rroga al per\u00edodo para anotarse que ten\u00edan los clubes como hab\u00eda estipulado la Comisi\u00f3n Directiva. Habr\u00e1 22 equipos en la primera edici\u00f3n del Federal Femenino, representan a siete provincias de todo el pa\u00eds. Comienza el 16 de mayo.<\/strong><\/p>\n<p>El <strong>Torneo Federal Femenino de B\u00e1squetbol (TFFB)<\/strong> que organiza la <strong>Confederaci\u00f3n Argentina de B\u00e1squetbol (CABB)<\/strong> va tomando forma. Este viernes 14 por la tarde finaliz\u00f3 el per\u00edodo para que los clubes interesados en participar puedan inscribirse, luego de la pr\u00f3rroga que hab\u00eda estipulado la Comisi\u00f3n Directiva. Ser\u00e1n 22 los equipos que competir\u00e1n en la primera edici\u00f3n del Federal Femenino.<\/p>\n<p>El s\u00e1bado 12 de abril a las 10 horas en la sede de CABB situada en calle Montevideo 496 Piso 9 de la Capital Federal se har\u00e1 la presentaci\u00f3n oficial de la primera edici\u00f3n del Federal Femenino. All\u00ed se informar\u00e1 sobre conformaci\u00f3n de zonas, sistema de disputa, reglamento oficial, fechas y programa de partidos.<\/p>\n<p>En la pr\u00f3xima semana se informar\u00e1 a los clubes sobre la presentaci\u00f3n de los siguientes formularios, para los cuales tendr\u00e1n tiempo hasta el viernes 11 de abril a las 18 horas.<\/p>\n<h6>LOS CLUBES PARTICIPANTES SON:<\/h6>\n<p>&#8211; Club Deportivo Guaran\u00ed Antonio Franco<br \/>\nCiudad de origen: Posadas (Misiones)<\/p>\n<p>&#8211; Club Asociaci\u00f3n Civil Sol Dorado<br \/>\nCiudad de origen: Posadas (Misiones)<\/p>\n<p>&#8211; Club Tokio Deportivo y Social<br \/>\nCiudad de origen: Posadas (Misiones)<\/p>\n<p>&#8211; Asociaci\u00f3n Club Villa San Mart\u00edn<br \/>\nCiudad de origen: Resistencia (Chaco)<\/p>\n<p>&#8211; Alianza de Charata<br \/>\nCiudad de origen: Charata (Chaco)<\/p>\n<p>&#8211; Red Star B\u00e1squetbol Club<br \/>\nCiudad de origen: San Fernando del Valle (Catamarca)<\/p>\n<p>&#8211; Asociaci\u00f3n Atl\u00e9tica Banda Norte<br \/>\nCiudad de origen: R\u00edo Cuarto (C\u00f3rdoba)<\/p>\n<p>&#8211; Club Social y Deportivo Santa Rosa<br \/>\nCiudad de origen: Santa Fe (Santa Fe)<\/p>\n<p>&#8211; Club Atl\u00e9tico Ben Hur<br \/>\nCiudad de origen: Rosario (Santa Fe)<\/p>\n<p>&#8211; Club Atl\u00e9tico Independiente<br \/>\nCiudad de origen: Gualeguaych\u00fa (Entre R\u00edos)<\/p>\n<p>&#8211; Club Atl\u00e9tico Talleres<br \/>\nCiudad de origen: Paran\u00e1 (Entre R\u00edos)<\/p>\n<p>&#8211; Club General Jos\u00e9 de San Mart\u00edn<br \/>\nCiudad de origen: Jun\u00edn (Buenos Aires)<\/p>\n<p>&#8211; Club de Regatas<br \/>\nCiudad de origen: San Nicol\u00e1s (Buenos Aires)<\/p>\n<p>&#8211; Club Social Lan\u00fas<br \/>\nCiudad de origen: Lan\u00fas (Buenos Aires)<\/p>\n<p>&#8211; Club Deportivo Berazategui<br \/>\nCiudad de origen: Berazategui (Buenos Aires)<\/p>\n<p>&#8211; Club Atl\u00e9tico Lan\u00fas<br \/>\nCiudad de origen: Lan\u00fas (Buenos Aires)<\/p>\n<p>&#8211; Club Uni\u00f3n Florida<br \/>\nCiudad de origen: Florida (Buenos Aires)<\/p>\n<p>&#8211; Club Atl\u00e9tico V\u00e9lez Sarsfield<br \/>\nCiudad de origen: Capital Federal (Capital Federal)<\/p>\n<p>&#8211; Club Estrella de Berisso<br \/>\nCiudad de origen: Berisso (Buenos Aires)<\/p>\n<p>&#8211; Club Atl\u00e9tico Pe\u00f1arol<br \/>\nCiudad de origen: Mar del Plata (Buenos Aires)<\/p>\n<p>&#8211; <strong>Club Barracas Central<\/strong><br \/>\nCiudad de origen: Bah\u00eda Blanca (Buenos Aires)<\/p>\n<p>&#8211; <strong>Club Atl\u00e9tico Independiente<\/strong><br \/>\nCiudad de origen: Bah\u00eda Blanca (Buenos Aires)<\/p>\n<blockquote class=\"twitter-tweet\" lang=\"es\"><p>Confirmamos oficialmente nuestra participacion en el Torneo Federal Femenino <a href=\"https:\/\/twitter.com\/search?q=%23Vamosbosquebf&amp;src=hash\">#Vamosbosquebf<\/a> !<\/p>\n<p>\u2014 Gabriel M\u00e9rida (@gabrielmerida) <a href=\"https:\/\/twitter.com\/gabrielmerida\/statuses\/444601293135298560\">marzo 14, 2014<\/a><\/p><\/blockquote>\n<p>&nbsp;<\/p>\n<p><strong>Fuente:<\/strong> Federico Radulovich (Prensa Federal Femenino).<\/p>\n","protected":false},"excerpt":{"rendered":"<p>Representar\u00e1n a Bah\u00eda Blanca en la primera edici\u00f3n del Torneo Federal Femenino<\/p>\n","protected":false},"author":1,"featured_media":26968,"comment_status":"closed","ping_status":"open","sticky":false,"template":"","format":"standard","meta":{"jnews-multi-image_gallery":[],"jnews_single_post":[],"jnews_primary_category":[],"footnotes":""},"categories":[102,33,101],"tags":[6,143,184,12],"class_list":["post-26967","post","type-post","status-publish","format-standard","has-post-thumbnail","hentry","category-federal-femenino","category-femenino","category-slide","tag-barracas-central","tag-cabb","tag-federal-femenino","tag-independiente"],"yoast_head":"<!-- This site is optimized with the Yoast SEO plugin v27.5 - https:\/\/yoast.com\/product\/yoast-seo-wordpress\/ -->\n<title>Barracas e Independiente har\u00e1n historia - Gente de B\u00e1squet<\/title>\n<meta name=\"robots\" content=\"index, follow, max-snippet:-1, max-image-preview:large, max-video-preview:-1\" \/>\n<link rel=\"canonical\" href=\"https:\/\/gentedebasquet.com.ar\/sitio\/2014\/03\/16\/barracas-e-independiente-haran-historia\/\" \/>\n<meta property=\"og:locale\" content=\"es_ES\" \/>\n<meta property=\"og:type\" content=\"article\" \/>\n<meta property=\"og:title\" content=\"Barracas e Independiente har\u00e1n historia - Gente de B\u00e1squet\" \/>\n<meta property=\"og:description\" content=\"Representar\u00e1n a Bah\u00eda Blanca en la primera edici\u00f3n del Torneo Federal Femenino\" \/>\n<meta property=\"og:url\" content=\"https:\/\/gentedebasquet.com.ar\/sitio\/2014\/03\/16\/barracas-e-independiente-haran-historia\/\" \/>\n<meta property=\"og:site_name\" content=\"Gente de B\u00e1squet\" \/>\n<meta property=\"article:published_time\" content=\"2014-03-17T02:13:18+00:00\" \/>\n<meta property=\"og:image\" content=\"https:\/\/gentedebasquet.com.ar\/sitio\/wp-content\/uploads\/2014\/03\/Slide-Federal-Femenino.jpg\" \/>\n\t<meta property=\"og:image:width\" content=\"690\" \/>\n\t<meta property=\"og:image:height\" content=\"319\" \/>\n\t<meta property=\"og:image:type\" content=\"image\/jpeg\" \/>\n<meta name=\"author\" content=\"Gente de B\u00e1squet\" \/>\n<meta name=\"twitter:card\" content=\"summary_large_image\" \/>\n<meta name=\"twitter:label1\" content=\"Escrito por\" \/>\n\t<meta name=\"twitter:data1\" content=\"Gente de B\u00e1squet\" \/>\n\t<meta name=\"twitter:label2\" content=\"Tiempo de lectura\" \/>\n\t<meta name=\"twitter:data2\" content=\"3 minutos\" \/>\n<script type=\"application\/ld+json\" class=\"yoast-schema-graph\">{\"@context\":\"https:\\\/\\\/schema.org\",\"@graph\":[{\"@type\":\"Article\",\"@id\":\"https:\\\/\\\/gentedebasquet.com.ar\\\/sitio\\\/2014\\\/03\\\/16\\\/barracas-e-independiente-haran-historia\\\/#article\",\"isPartOf\":{\"@id\":\"https:\\\/\\\/gentedebasquet.com.ar\\\/sitio\\\/2014\\\/03\\\/16\\\/barracas-e-independiente-haran-historia\\\/\"},\"author\":{\"name\":\"Gente de B\u00e1squet\",\"@id\":\"https:\\\/\\\/gentedebasquet.com.ar\\\/sitio\\\/#\\\/schema\\\/person\\\/ca0b63bbb977369988a7bbbdc519943a\"},\"headline\":\"Barracas e Independiente har\u00e1n historia\",\"datePublished\":\"2014-03-17T02:13:18+00:00\",\"mainEntityOfPage\":{\"@id\":\"https:\\\/\\\/gentedebasquet.com.ar\\\/sitio\\\/2014\\\/03\\\/16\\\/barracas-e-independiente-haran-historia\\\/\"},\"wordCount\":507,\"image\":{\"@id\":\"https:\\\/\\\/gentedebasquet.com.ar\\\/sitio\\\/2014\\\/03\\\/16\\\/barracas-e-independiente-haran-historia\\\/#primaryimage\"},\"thumbnailUrl\":\"https:\\\/\\\/gentedebasquet.com.ar\\\/sitio\\\/wp-content\\\/uploads\\\/2014\\\/03\\\/Slide-Federal-Femenino.jpg\",\"keywords\":[\"Barracas Central\",\"CABB\",\"Federal Femenino\",\"independiente\"],\"articleSection\":[\"Federal Femenino\",\"Femenino\",\"Slide\"],\"inLanguage\":\"es\"},{\"@type\":\"WebPage\",\"@id\":\"https:\\\/\\\/gentedebasquet.com.ar\\\/sitio\\\/2014\\\/03\\\/16\\\/barracas-e-independiente-haran-historia\\\/\",\"url\":\"https:\\\/\\\/gentedebasquet.com.ar\\\/sitio\\\/2014\\\/03\\\/16\\\/barracas-e-independiente-haran-historia\\\/\",\"name\":\"Barracas e Independiente har\u00e1n historia - Gente de B\u00e1squet\",\"isPartOf\":{\"@id\":\"https:\\\/\\\/gentedebasquet.com.ar\\\/sitio\\\/#website\"},\"primaryImageOfPage\":{\"@id\":\"https:\\\/\\\/gentedebasquet.com.ar\\\/sitio\\\/2014\\\/03\\\/16\\\/barracas-e-independiente-haran-historia\\\/#primaryimage\"},\"image\":{\"@id\":\"https:\\\/\\\/gentedebasquet.com.ar\\\/sitio\\\/2014\\\/03\\\/16\\\/barracas-e-independiente-haran-historia\\\/#primaryimage\"},\"thumbnailUrl\":\"https:\\\/\\\/gentedebasquet.com.ar\\\/sitio\\\/wp-content\\\/uploads\\\/2014\\\/03\\\/Slide-Federal-Femenino.jpg\",\"datePublished\":\"2014-03-17T02:13:18+00:00\",\"author\":{\"@id\":\"https:\\\/\\\/gentedebasquet.com.ar\\\/sitio\\\/#\\\/schema\\\/person\\\/ca0b63bbb977369988a7bbbdc519943a\"},\"breadcrumb\":{\"@id\":\"https:\\\/\\\/gentedebasquet.com.ar\\\/sitio\\\/2014\\\/03\\\/16\\\/barracas-e-independiente-haran-historia\\\/#breadcrumb\"},\"inLanguage\":\"es\",\"potentialAction\":[{\"@type\":\"ReadAction\",\"target\":[\"https:\\\/\\\/gentedebasquet.com.ar\\\/sitio\\\/2014\\\/03\\\/16\\\/barracas-e-independiente-haran-historia\\\/\"]}]},{\"@type\":\"ImageObject\",\"inLanguage\":\"es\",\"@id\":\"https:\\\/\\\/gentedebasquet.com.ar\\\/sitio\\\/2014\\\/03\\\/16\\\/barracas-e-independiente-haran-historia\\\/#primaryimage\",\"url\":\"https:\\\/\\\/gentedebasquet.com.ar\\\/sitio\\\/wp-content\\\/uploads\\\/2014\\\/03\\\/Slide-Federal-Femenino.jpg\",\"contentUrl\":\"https:\\\/\\\/gentedebasquet.com.ar\\\/sitio\\\/wp-content\\\/uploads\\\/2014\\\/03\\\/Slide-Federal-Femenino.jpg\",\"width\":690,\"height\":319},{\"@type\":\"BreadcrumbList\",\"@id\":\"https:\\\/\\\/gentedebasquet.com.ar\\\/sitio\\\/2014\\\/03\\\/16\\\/barracas-e-independiente-haran-historia\\\/#breadcrumb\",\"itemListElement\":[{\"@type\":\"ListItem\",\"position\":1,\"name\":\"Portada\",\"item\":\"https:\\\/\\\/gentedebasquet.com.ar\\\/sitio\\\/\"},{\"@type\":\"ListItem\",\"position\":2,\"name\":\"Barracas e Independiente har\u00e1n historia\"}]},{\"@type\":\"WebSite\",\"@id\":\"https:\\\/\\\/gentedebasquet.com.ar\\\/sitio\\\/#website\",\"url\":\"https:\\\/\\\/gentedebasquet.com.ar\\\/sitio\\\/\",\"name\":\"Gente de B\u00e1squet\",\"description\":\"La revista del basquet de Bah\u00eda Blanca\",\"potentialAction\":[{\"@type\":\"SearchAction\",\"target\":{\"@type\":\"EntryPoint\",\"urlTemplate\":\"https:\\\/\\\/gentedebasquet.com.ar\\\/sitio\\\/?s={search_term_string}\"},\"query-input\":{\"@type\":\"PropertyValueSpecification\",\"valueRequired\":true,\"valueName\":\"search_term_string\"}}],\"inLanguage\":\"es\"},{\"@type\":\"Person\",\"@id\":\"https:\\\/\\\/gentedebasquet.com.ar\\\/sitio\\\/#\\\/schema\\\/person\\\/ca0b63bbb977369988a7bbbdc519943a\",\"name\":\"Gente de B\u00e1squet\",\"image\":{\"@type\":\"ImageObject\",\"inLanguage\":\"es\",\"@id\":\"https:\\\/\\\/secure.gravatar.com\\\/avatar\\\/7f2c48bdc33b30088f941fb6082e555f2874c98e20cb159d7b92b50eadfce793?s=96&d=mm&r=g\",\"url\":\"https:\\\/\\\/secure.gravatar.com\\\/avatar\\\/7f2c48bdc33b30088f941fb6082e555f2874c98e20cb159d7b92b50eadfce793?s=96&d=mm&r=g\",\"contentUrl\":\"https:\\\/\\\/secure.gravatar.com\\\/avatar\\\/7f2c48bdc33b30088f941fb6082e555f2874c98e20cb159d7b92b50eadfce793?s=96&d=mm&r=g\",\"caption\":\"Gente de B\u00e1squet\"},\"sameAs\":[\"http:\\\/\\\/gentedebasquet.com.ar\\\/sitio\"],\"url\":\"https:\\\/\\\/gentedebasquet.com.ar\\\/sitio\\\/author\\\/ulises\\\/\"}]}<\/script>\n<!-- \/ Yoast SEO plugin. -->","yoast_head_json":{"title":"Barracas e Independiente har\u00e1n historia - Gente de B\u00e1squet","robots":{"index":"index","follow":"follow","max-snippet":"max-snippet:-1","max-image-preview":"max-image-preview:large","max-video-preview":"max-video-preview:-1"},"canonical":"https:\/\/gentedebasquet.com.ar\/sitio\/2014\/03\/16\/barracas-e-independiente-haran-historia\/","og_locale":"es_ES","og_type":"article","og_title":"Barracas e Independiente har\u00e1n historia - Gente de B\u00e1squet","og_description":"Representar\u00e1n a Bah\u00eda Blanca en la primera edici\u00f3n del Torneo Federal Femenino","og_url":"https:\/\/gentedebasquet.com.ar\/sitio\/2014\/03\/16\/barracas-e-independiente-haran-historia\/","og_site_name":"Gente de B\u00e1squet","article_published_time":"2014-03-17T02:13:18+00:00","og_image":[{"width":690,"height":319,"url":"https:\/\/gentedebasquet.com.ar\/sitio\/wp-content\/uploads\/2014\/03\/Slide-Federal-Femenino.jpg","type":"image\/jpeg"}],"author":"Gente de B\u00e1squet","twitter_card":"summary_large_image","twitter_misc":{"Escrito por":"Gente de B\u00e1squet","Tiempo de lectura":"3 minutos"},"schema":{"@context":"https:\/\/schema.org","@graph":[{"@type":"Article","@id":"https:\/\/gentedebasquet.com.ar\/sitio\/2014\/03\/16\/barracas-e-independiente-haran-historia\/#article","isPartOf":{"@id":"https:\/\/gentedebasquet.com.ar\/sitio\/2014\/03\/16\/barracas-e-independiente-haran-historia\/"},"author":{"name":"Gente de B\u00e1squet","@id":"https:\/\/gentedebasquet.com.ar\/sitio\/#\/schema\/person\/ca0b63bbb977369988a7bbbdc519943a"},"headline":"Barracas e Independiente har\u00e1n historia","datePublished":"2014-03-17T02:13:18+00:00","mainEntityOfPage":{"@id":"https:\/\/gentedebasquet.com.ar\/sitio\/2014\/03\/16\/barracas-e-independiente-haran-historia\/"},"wordCount":507,"image":{"@id":"https:\/\/gentedebasquet.com.ar\/sitio\/2014\/03\/16\/barracas-e-independiente-haran-historia\/#primaryimage"},"thumbnailUrl":"https:\/\/gentedebasquet.com.ar\/sitio\/wp-content\/uploads\/2014\/03\/Slide-Federal-Femenino.jpg","keywords":["Barracas Central","CABB","Federal Femenino","independiente"],"articleSection":["Federal Femenino","Femenino","Slide"],"inLanguage":"es"},{"@type":"WebPage","@id":"https:\/\/gentedebasquet.com.ar\/sitio\/2014\/03\/16\/barracas-e-independiente-haran-historia\/","url":"https:\/\/gentedebasquet.com.ar\/sitio\/2014\/03\/16\/barracas-e-independiente-haran-historia\/","name":"Barracas e Independiente har\u00e1n historia - Gente de B\u00e1squet","isPartOf":{"@id":"https:\/\/gentedebasquet.com.ar\/sitio\/#website"},"primaryImageOfPage":{"@id":"https:\/\/gentedebasquet.com.ar\/sitio\/2014\/03\/16\/barracas-e-independiente-haran-historia\/#primaryimage"},"image":{"@id":"https:\/\/gentedebasquet.com.ar\/sitio\/2014\/03\/16\/barracas-e-independiente-haran-historia\/#primaryimage"},"thumbnailUrl":"https:\/\/gentedebasquet.com.ar\/sitio\/wp-content\/uploads\/2014\/03\/Slide-Federal-Femenino.jpg","datePublished":"2014-03-17T02:13:18+00:00","author":{"@id":"https:\/\/gentedebasquet.com.ar\/sitio\/#\/schema\/person\/ca0b63bbb977369988a7bbbdc519943a"},"breadcrumb":{"@id":"https:\/\/gentedebasquet.com.ar\/sitio\/2014\/03\/16\/barracas-e-independiente-haran-historia\/#breadcrumb"},"inLanguage":"es","potentialAction":[{"@type":"ReadAction","target":["https:\/\/gentedebasquet.com.ar\/sitio\/2014\/03\/16\/barracas-e-independiente-haran-historia\/"]}]},{"@type":"ImageObject","inLanguage":"es","@id":"https:\/\/gentedebasquet.com.ar\/sitio\/2014\/03\/16\/barracas-e-independiente-haran-historia\/#primaryimage","url":"https:\/\/gentedebasquet.com.ar\/sitio\/wp-content\/uploads\/2014\/03\/Slide-Federal-Femenino.jpg","contentUrl":"https:\/\/gentedebasquet.com.ar\/sitio\/wp-content\/uploads\/2014\/03\/Slide-Federal-Femenino.jpg","width":690,"height":319},{"@type":"BreadcrumbList","@id":"https:\/\/gentedebasquet.com.ar\/sitio\/2014\/03\/16\/barracas-e-independiente-haran-historia\/#breadcrumb","itemListElement":[{"@type":"ListItem","position":1,"name":"Portada","item":"https:\/\/gentedebasquet.com.ar\/sitio\/"},{"@type":"ListItem","position":2,"name":"Barracas e Independiente har\u00e1n historia"}]},{"@type":"WebSite","@id":"https:\/\/gentedebasquet.com.ar\/sitio\/#website","url":"https:\/\/gentedebasquet.com.ar\/sitio\/","name":"Gente de B\u00e1squet","description":"La revista del basquet de Bah\u00eda Blanca","potentialAction":[{"@type":"SearchAction","target":{"@type":"EntryPoint","urlTemplate":"https:\/\/gentedebasquet.com.ar\/sitio\/?s={search_term_string}"},"query-input":{"@type":"PropertyValueSpecification","valueRequired":true,"valueName":"search_term_string"}}],"inLanguage":"es"},{"@type":"Person","@id":"https:\/\/gentedebasquet.com.ar\/sitio\/#\/schema\/person\/ca0b63bbb977369988a7bbbdc519943a","name":"Gente de B\u00e1squet","image":{"@type":"ImageObject","inLanguage":"es","@id":"https:\/\/secure.gravatar.com\/avatar\/7f2c48bdc33b30088f941fb6082e555f2874c98e20cb159d7b92b50eadfce793?s=96&d=mm&r=g","url":"https:\/\/secure.gravatar.com\/avatar\/7f2c48bdc33b30088f941fb6082e555f2874c98e20cb159d7b92b50eadfce793?s=96&d=mm&r=g","contentUrl":"https:\/\/secure.gravatar.com\/avatar\/7f2c48bdc33b30088f941fb6082e555f2874c98e20cb159d7b92b50eadfce793?s=96&d=mm&r=g","caption":"Gente de B\u00e1squet"},"sameAs":["http:\/\/gentedebasquet.com.ar\/sitio"],"url":"https:\/\/gentedebasquet.com.ar\/sitio\/author\/ulises\/"}]}},"_links":{"self":[{"href":"https:\/\/gentedebasquet.com.ar\/sitio\/wp-json\/wp\/v2\/posts\/26967","targetHints":{"allow":["GET"]}}],"collection":[{"href":"https:\/\/gentedebasquet.com.ar\/sitio\/wp-json\/wp\/v2\/posts"}],"about":[{"href":"https:\/\/gentedebasquet.com.ar\/sitio\/wp-json\/wp\/v2\/types\/post"}],"author":[{"embeddable":true,"href":"https:\/\/gentedebasquet.com.ar\/sitio\/wp-json\/wp\/v2\/users\/1"}],"replies":[{"embeddable":true,"href":"https:\/\/gentedebasquet.com.ar\/sitio\/wp-json\/wp\/v2\/comments?post=26967"}],"version-history":[{"count":0,"href":"https:\/\/gentedebasquet.com.ar\/sitio\/wp-json\/wp\/v2\/posts\/26967\/revisions"}],"wp:featuredmedia":[{"embeddable":true,"href":"https:\/\/gentedebasquet.com.ar\/sitio\/wp-json\/wp\/v2\/media\/26968"}],"wp:attachment":[{"href":"https:\/\/gentedebasquet.com.ar\/sitio\/wp-json\/wp\/v2\/media?parent=26967"}],"wp:term":[{"taxonomy":"category","embeddable":true,"href":"https:\/\/gentedebasquet.com.ar\/sitio\/wp-json\/wp\/v2\/categories?post=26967"},{"taxonomy":"post_tag","embeddable":true,"href":"https:\/\/gentedebasquet.com.ar\/sitio\/wp-json\/wp\/v2\/tags?post=26967"}],"curies":[{"name":"wp","href":"https:\/\/api.w.org\/{rel}","templated":true}]}}