{"id":26985,"date":"2014-03-15T00:38:11","date_gmt":"2014-03-15T03:38:11","guid":{"rendered":"http:\/\/www.gentedebasquet.com.ar\/?p=26985"},"modified":"2014-03-15T00:38:11","modified_gmt":"2014-03-15T03:38:11","slug":"manu-parker-y-duncan-no-paran","status":"publish","type":"post","link":"https:\/\/gentedebasquet.com.ar\/sitio\/2014\/03\/15\/manu-parker-y-duncan-no-paran\/","title":{"rendered":"Manu, Parker y Duncan no paran"},"content":{"rendered":"<p><strong>El bahiense Emanuel Gin\u00f3bili, el franc\u00e9s Tony Parker y el interno nacido en Islas V\u00edrgenes Tim Duncan alcanzaron el segundo lugar en la historia dentro de los tr\u00edos m\u00e1s ganadores. Lograron su 491\u00ba triunfo en la NBA y superaron a los legendarios Lakers de Magic Johnson, Kareem Abdul- Jabbar y Michael Cooper.<\/strong><\/p>\n<p>La proeza la lograron el la amplia victoria sobre Los \u00c1ngeles Lakers, por 119 a 85, triunfo que les permite seguir liderando la Confedercia Oeste con registro de 49-16. Segundo, con 48-17, aparece Oklahoma City Thunder.<\/p>\n<p>Ese triunfo los dej\u00f3 a \u00absolo\u00bb 49 del mejor terceto de la historia: solo\u00a0Larry Bird, Kevin McHale y Robert Parish de Boston ganaron m\u00e1s partidos juntos, 540, entre 1980-1992. De esta manera, una temporada m\u00e1s del terceto de San Antonio le permitir\u00eda alcanzar la cima.<\/p>\n<p>Ante los Lakers, <strong>Emanuel Gin\u00f3bili<\/strong> cerr\u00f3 su planilla personal con 7 puntos (1\/3 3p, 2\/6 2p), 3 rebotes, 4 asistencias, 1 robo, 1 p\u00e9rdida y 3 faltas personales en 14m03.<\/p>\n<p>Para m\u00e1s datos, cabe aclarar que The\u00a0Spurs Big Three tambi\u00e9n empat\u00f3 al grupo de los Lakers en el tercer lugar de la lista de todos los tiempos con 663 apariciones conjuntas, s\u00f3lo por detr\u00e1s de los Celtics (729) y de Detroit, con Isiah Thomas, Bill Laimbeer y Vinnie Johnson (711).<\/p>\n<blockquote><p>No estamos pensando en ese registro, y creo que vamos a ganar un poco m\u00e1s. Pero m\u00e1s all\u00e1 de esa estad\u00edstica, sabemos que estamos en una posici\u00f3n \u00fanica. Haber jugado juntos durante 12 temporadas con el mismo entrenador es algo que no sucede muy a menudo. Estamos muy agradecidos a todos, la organizaci\u00f3n, la ciudad, los hinchas, todo, por darnos una oportunidad como esta\u00bb, coment\u00f3 Manu.<\/p><\/blockquote>\n<h6>Tr\u00edos NBA con m\u00e1s partidos:<\/h6>\n<p>Larry Bird, Kevin McHale y Robert Parish (Boston Celtics): 729 partidos<\/p>\n<p>Isiah Thomas, Bill Laimbeer y Vinnie Johnson (Detroit Pistons): 711 partidos<\/p>\n<p><strong>Tim Duncan, Tony Parker y Manu Ginobili (San Antonio Spurs): 664 partidos<\/strong><\/p>\n<p>Magic Johnson, Kareem Abdul-Jabbar y Michael Cooper (Los \u00c1ngeles Lakers): 663 partidos<\/p>\n<p>Bill Russell, Sam Jones y Satch Sanders (Boston Celtics): 632 partidos<\/p>\n<h6>Tr\u00edos NBA con m\u00e1s victorias:<\/h6>\n<p>Larry Bird, Kevin McHale y Robert Parish (Boston Celtics): 540 victorias<\/p>\n<p><strong>Tim Duncan, Tony Parker y Manu Ginobili (San Antonio Spurs): 491 victorias<\/strong><\/p>\n<p>Magic Johnson, Kareem Abdul-Jabbar y Michael Cooper (Los \u00c1ngeles Lakers): 490 victorias<\/p>\n<p>Bill Russell, Sam Jones y K.C. Jones (Boston Celtics): 468 victorias<\/p>\n<p>Bill Russell, Sam Jones y Satch Sanders (Boston Celtics): 463 victorias<\/p>\n<p><iframe loading=\"lazy\" src=\"\/\/www.youtube.com\/embed\/owJCvRYi_eY\" height=\"315\" width=\"560\" allowfullscreen=\"\" frameborder=\"0\"><\/iframe><\/p>\n<p><iframe loading=\"lazy\" src=\"\/\/www.youtube.com\/embed\/fR6md0eNr9I\" height=\"315\" width=\"560\" allowfullscreen=\"\" frameborder=\"0\"><\/iframe><\/p>\n<p><strong>Fuente:<\/strong> NBA.com, @InfoManu, Spurs Nation.<\/p>\n<p><strong>Foto:<\/strong> @InfoManu.<\/p>\n","protected":false},"excerpt":{"rendered":"<p>Se convirtieron en el segundo tr\u00edo m\u00e1s ganador de la historia de la NBA.<\/p>\n","protected":false},"author":1,"featured_media":26988,"comment_status":"closed","ping_status":"open","sticky":false,"template":"","format":"standard","meta":{"jnews-multi-image_gallery":[],"jnews_single_post":[],"jnews_primary_category":[],"footnotes":""},"categories":[34,101],"tags":[146,187,105,106,188,189],"class_list":["post-26985","post","type-post","status-publish","format-standard","has-post-thumbnail","hentry","category-bahienses-afuera","category-slide","tag-emanuel-ginobili","tag-lakers","tag-nba","tag-spurs","tag-tim-duncan","tag-tomy-parker"],"yoast_head":"<!-- This site is optimized with the Yoast SEO plugin v27.5 - https:\/\/yoast.com\/product\/yoast-seo-wordpress\/ -->\n<title>Manu, Parker y Duncan no paran - Gente de B\u00e1squet<\/title>\n<meta name=\"robots\" content=\"index, follow, max-snippet:-1, max-image-preview:large, max-video-preview:-1\" \/>\n<link rel=\"canonical\" href=\"https:\/\/gentedebasquet.com.ar\/sitio\/2014\/03\/15\/manu-parker-y-duncan-no-paran\/\" \/>\n<meta property=\"og:locale\" content=\"es_ES\" \/>\n<meta property=\"og:type\" content=\"article\" \/>\n<meta property=\"og:title\" content=\"Manu, Parker y Duncan no paran - Gente de B\u00e1squet\" \/>\n<meta property=\"og:description\" content=\"Se convirtieron en el segundo tr\u00edo m\u00e1s ganador de la historia de la NBA.\" \/>\n<meta property=\"og:url\" content=\"https:\/\/gentedebasquet.com.ar\/sitio\/2014\/03\/15\/manu-parker-y-duncan-no-paran\/\" \/>\n<meta property=\"og:site_name\" content=\"Gente de B\u00e1squet\" \/>\n<meta property=\"article:published_time\" content=\"2014-03-15T03:38:11+00:00\" \/>\n<meta property=\"og:image\" content=\"https:\/\/gentedebasquet.com.ar\/sitio\/wp-content\/uploads\/2014\/03\/The-Big-Three-2.jpg\" \/>\n\t<meta property=\"og:image:width\" content=\"690\" \/>\n\t<meta property=\"og:image:height\" content=\"319\" \/>\n\t<meta property=\"og:image:type\" content=\"image\/jpeg\" \/>\n<meta name=\"author\" content=\"Gente de B\u00e1squet\" \/>\n<meta name=\"twitter:card\" content=\"summary_large_image\" \/>\n<meta name=\"twitter:label1\" content=\"Escrito por\" \/>\n\t<meta name=\"twitter:data1\" content=\"Gente de B\u00e1squet\" \/>\n\t<meta name=\"twitter:label2\" content=\"Tiempo de lectura\" \/>\n\t<meta name=\"twitter:data2\" content=\"2 minutos\" \/>\n<script type=\"application\/ld+json\" class=\"yoast-schema-graph\">{\"@context\":\"https:\\\/\\\/schema.org\",\"@graph\":[{\"@type\":\"Article\",\"@id\":\"https:\\\/\\\/gentedebasquet.com.ar\\\/sitio\\\/2014\\\/03\\\/15\\\/manu-parker-y-duncan-no-paran\\\/#article\",\"isPartOf\":{\"@id\":\"https:\\\/\\\/gentedebasquet.com.ar\\\/sitio\\\/2014\\\/03\\\/15\\\/manu-parker-y-duncan-no-paran\\\/\"},\"author\":{\"name\":\"Gente de B\u00e1squet\",\"@id\":\"https:\\\/\\\/gentedebasquet.com.ar\\\/sitio\\\/#\\\/schema\\\/person\\\/ca0b63bbb977369988a7bbbdc519943a\"},\"headline\":\"Manu, Parker y Duncan no paran\",\"datePublished\":\"2014-03-15T03:38:11+00:00\",\"mainEntityOfPage\":{\"@id\":\"https:\\\/\\\/gentedebasquet.com.ar\\\/sitio\\\/2014\\\/03\\\/15\\\/manu-parker-y-duncan-no-paran\\\/\"},\"wordCount\":416,\"image\":{\"@id\":\"https:\\\/\\\/gentedebasquet.com.ar\\\/sitio\\\/2014\\\/03\\\/15\\\/manu-parker-y-duncan-no-paran\\\/#primaryimage\"},\"thumbnailUrl\":\"https:\\\/\\\/gentedebasquet.com.ar\\\/sitio\\\/wp-content\\\/uploads\\\/2014\\\/03\\\/The-Big-Three-2.jpg\",\"keywords\":[\"Emanuel Gin\u00f3bili\",\"Lakers\",\"NBA\",\"Spurs\",\"Tim Duncan\",\"Tomy Parker\"],\"articleSection\":[\"Bahienses Afuera\",\"Slide\"],\"inLanguage\":\"es\"},{\"@type\":\"WebPage\",\"@id\":\"https:\\\/\\\/gentedebasquet.com.ar\\\/sitio\\\/2014\\\/03\\\/15\\\/manu-parker-y-duncan-no-paran\\\/\",\"url\":\"https:\\\/\\\/gentedebasquet.com.ar\\\/sitio\\\/2014\\\/03\\\/15\\\/manu-parker-y-duncan-no-paran\\\/\",\"name\":\"Manu, Parker y Duncan no paran - Gente de B\u00e1squet\",\"isPartOf\":{\"@id\":\"https:\\\/\\\/gentedebasquet.com.ar\\\/sitio\\\/#website\"},\"primaryImageOfPage\":{\"@id\":\"https:\\\/\\\/gentedebasquet.com.ar\\\/sitio\\\/2014\\\/03\\\/15\\\/manu-parker-y-duncan-no-paran\\\/#primaryimage\"},\"image\":{\"@id\":\"https:\\\/\\\/gentedebasquet.com.ar\\\/sitio\\\/2014\\\/03\\\/15\\\/manu-parker-y-duncan-no-paran\\\/#primaryimage\"},\"thumbnailUrl\":\"https:\\\/\\\/gentedebasquet.com.ar\\\/sitio\\\/wp-content\\\/uploads\\\/2014\\\/03\\\/The-Big-Three-2.jpg\",\"datePublished\":\"2014-03-15T03:38:11+00:00\",\"author\":{\"@id\":\"https:\\\/\\\/gentedebasquet.com.ar\\\/sitio\\\/#\\\/schema\\\/person\\\/ca0b63bbb977369988a7bbbdc519943a\"},\"breadcrumb\":{\"@id\":\"https:\\\/\\\/gentedebasquet.com.ar\\\/sitio\\\/2014\\\/03\\\/15\\\/manu-parker-y-duncan-no-paran\\\/#breadcrumb\"},\"inLanguage\":\"es\",\"potentialAction\":[{\"@type\":\"ReadAction\",\"target\":[\"https:\\\/\\\/gentedebasquet.com.ar\\\/sitio\\\/2014\\\/03\\\/15\\\/manu-parker-y-duncan-no-paran\\\/\"]}]},{\"@type\":\"ImageObject\",\"inLanguage\":\"es\",\"@id\":\"https:\\\/\\\/gentedebasquet.com.ar\\\/sitio\\\/2014\\\/03\\\/15\\\/manu-parker-y-duncan-no-paran\\\/#primaryimage\",\"url\":\"https:\\\/\\\/gentedebasquet.com.ar\\\/sitio\\\/wp-content\\\/uploads\\\/2014\\\/03\\\/The-Big-Three-2.jpg\",\"contentUrl\":\"https:\\\/\\\/gentedebasquet.com.ar\\\/sitio\\\/wp-content\\\/uploads\\\/2014\\\/03\\\/The-Big-Three-2.jpg\",\"width\":690,\"height\":319},{\"@type\":\"BreadcrumbList\",\"@id\":\"https:\\\/\\\/gentedebasquet.com.ar\\\/sitio\\\/2014\\\/03\\\/15\\\/manu-parker-y-duncan-no-paran\\\/#breadcrumb\",\"itemListElement\":[{\"@type\":\"ListItem\",\"position\":1,\"name\":\"Portada\",\"item\":\"https:\\\/\\\/gentedebasquet.com.ar\\\/sitio\\\/\"},{\"@type\":\"ListItem\",\"position\":2,\"name\":\"Manu, Parker y Duncan no paran\"}]},{\"@type\":\"WebSite\",\"@id\":\"https:\\\/\\\/gentedebasquet.com.ar\\\/sitio\\\/#website\",\"url\":\"https:\\\/\\\/gentedebasquet.com.ar\\\/sitio\\\/\",\"name\":\"Gente de B\u00e1squet\",\"description\":\"La revista del basquet de Bah\u00eda Blanca\",\"potentialAction\":[{\"@type\":\"SearchAction\",\"target\":{\"@type\":\"EntryPoint\",\"urlTemplate\":\"https:\\\/\\\/gentedebasquet.com.ar\\\/sitio\\\/?s={search_term_string}\"},\"query-input\":{\"@type\":\"PropertyValueSpecification\",\"valueRequired\":true,\"valueName\":\"search_term_string\"}}],\"inLanguage\":\"es\"},{\"@type\":\"Person\",\"@id\":\"https:\\\/\\\/gentedebasquet.com.ar\\\/sitio\\\/#\\\/schema\\\/person\\\/ca0b63bbb977369988a7bbbdc519943a\",\"name\":\"Gente de B\u00e1squet\",\"image\":{\"@type\":\"ImageObject\",\"inLanguage\":\"es\",\"@id\":\"https:\\\/\\\/secure.gravatar.com\\\/avatar\\\/7f2c48bdc33b30088f941fb6082e555f2874c98e20cb159d7b92b50eadfce793?s=96&d=mm&r=g\",\"url\":\"https:\\\/\\\/secure.gravatar.com\\\/avatar\\\/7f2c48bdc33b30088f941fb6082e555f2874c98e20cb159d7b92b50eadfce793?s=96&d=mm&r=g\",\"contentUrl\":\"https:\\\/\\\/secure.gravatar.com\\\/avatar\\\/7f2c48bdc33b30088f941fb6082e555f2874c98e20cb159d7b92b50eadfce793?s=96&d=mm&r=g\",\"caption\":\"Gente de B\u00e1squet\"},\"sameAs\":[\"http:\\\/\\\/gentedebasquet.com.ar\\\/sitio\"],\"url\":\"https:\\\/\\\/gentedebasquet.com.ar\\\/sitio\\\/author\\\/ulises\\\/\"}]}<\/script>\n<!-- \/ Yoast SEO plugin. -->","yoast_head_json":{"title":"Manu, Parker y Duncan no paran - Gente de B\u00e1squet","robots":{"index":"index","follow":"follow","max-snippet":"max-snippet:-1","max-image-preview":"max-image-preview:large","max-video-preview":"max-video-preview:-1"},"canonical":"https:\/\/gentedebasquet.com.ar\/sitio\/2014\/03\/15\/manu-parker-y-duncan-no-paran\/","og_locale":"es_ES","og_type":"article","og_title":"Manu, Parker y Duncan no paran - Gente de B\u00e1squet","og_description":"Se convirtieron en el segundo tr\u00edo m\u00e1s ganador de la historia de la NBA.","og_url":"https:\/\/gentedebasquet.com.ar\/sitio\/2014\/03\/15\/manu-parker-y-duncan-no-paran\/","og_site_name":"Gente de B\u00e1squet","article_published_time":"2014-03-15T03:38:11+00:00","og_image":[{"width":690,"height":319,"url":"https:\/\/gentedebasquet.com.ar\/sitio\/wp-content\/uploads\/2014\/03\/The-Big-Three-2.jpg","type":"image\/jpeg"}],"author":"Gente de B\u00e1squet","twitter_card":"summary_large_image","twitter_misc":{"Escrito por":"Gente de B\u00e1squet","Tiempo de lectura":"2 minutos"},"schema":{"@context":"https:\/\/schema.org","@graph":[{"@type":"Article","@id":"https:\/\/gentedebasquet.com.ar\/sitio\/2014\/03\/15\/manu-parker-y-duncan-no-paran\/#article","isPartOf":{"@id":"https:\/\/gentedebasquet.com.ar\/sitio\/2014\/03\/15\/manu-parker-y-duncan-no-paran\/"},"author":{"name":"Gente de B\u00e1squet","@id":"https:\/\/gentedebasquet.com.ar\/sitio\/#\/schema\/person\/ca0b63bbb977369988a7bbbdc519943a"},"headline":"Manu, Parker y Duncan no paran","datePublished":"2014-03-15T03:38:11+00:00","mainEntityOfPage":{"@id":"https:\/\/gentedebasquet.com.ar\/sitio\/2014\/03\/15\/manu-parker-y-duncan-no-paran\/"},"wordCount":416,"image":{"@id":"https:\/\/gentedebasquet.com.ar\/sitio\/2014\/03\/15\/manu-parker-y-duncan-no-paran\/#primaryimage"},"thumbnailUrl":"https:\/\/gentedebasquet.com.ar\/sitio\/wp-content\/uploads\/2014\/03\/The-Big-Three-2.jpg","keywords":["Emanuel Gin\u00f3bili","Lakers","NBA","Spurs","Tim Duncan","Tomy Parker"],"articleSection":["Bahienses Afuera","Slide"],"inLanguage":"es"},{"@type":"WebPage","@id":"https:\/\/gentedebasquet.com.ar\/sitio\/2014\/03\/15\/manu-parker-y-duncan-no-paran\/","url":"https:\/\/gentedebasquet.com.ar\/sitio\/2014\/03\/15\/manu-parker-y-duncan-no-paran\/","name":"Manu, Parker y Duncan no paran - Gente de B\u00e1squet","isPartOf":{"@id":"https:\/\/gentedebasquet.com.ar\/sitio\/#website"},"primaryImageOfPage":{"@id":"https:\/\/gentedebasquet.com.ar\/sitio\/2014\/03\/15\/manu-parker-y-duncan-no-paran\/#primaryimage"},"image":{"@id":"https:\/\/gentedebasquet.com.ar\/sitio\/2014\/03\/15\/manu-parker-y-duncan-no-paran\/#primaryimage"},"thumbnailUrl":"https:\/\/gentedebasquet.com.ar\/sitio\/wp-content\/uploads\/2014\/03\/The-Big-Three-2.jpg","datePublished":"2014-03-15T03:38:11+00:00","author":{"@id":"https:\/\/gentedebasquet.com.ar\/sitio\/#\/schema\/person\/ca0b63bbb977369988a7bbbdc519943a"},"breadcrumb":{"@id":"https:\/\/gentedebasquet.com.ar\/sitio\/2014\/03\/15\/manu-parker-y-duncan-no-paran\/#breadcrumb"},"inLanguage":"es","potentialAction":[{"@type":"ReadAction","target":["https:\/\/gentedebasquet.com.ar\/sitio\/2014\/03\/15\/manu-parker-y-duncan-no-paran\/"]}]},{"@type":"ImageObject","inLanguage":"es","@id":"https:\/\/gentedebasquet.com.ar\/sitio\/2014\/03\/15\/manu-parker-y-duncan-no-paran\/#primaryimage","url":"https:\/\/gentedebasquet.com.ar\/sitio\/wp-content\/uploads\/2014\/03\/The-Big-Three-2.jpg","contentUrl":"https:\/\/gentedebasquet.com.ar\/sitio\/wp-content\/uploads\/2014\/03\/The-Big-Three-2.jpg","width":690,"height":319},{"@type":"BreadcrumbList","@id":"https:\/\/gentedebasquet.com.ar\/sitio\/2014\/03\/15\/manu-parker-y-duncan-no-paran\/#breadcrumb","itemListElement":[{"@type":"ListItem","position":1,"name":"Portada","item":"https:\/\/gentedebasquet.com.ar\/sitio\/"},{"@type":"ListItem","position":2,"name":"Manu, Parker y Duncan no paran"}]},{"@type":"WebSite","@id":"https:\/\/gentedebasquet.com.ar\/sitio\/#website","url":"https:\/\/gentedebasquet.com.ar\/sitio\/","name":"Gente de B\u00e1squet","description":"La revista del basquet de Bah\u00eda Blanca","potentialAction":[{"@type":"SearchAction","target":{"@type":"EntryPoint","urlTemplate":"https:\/\/gentedebasquet.com.ar\/sitio\/?s={search_term_string}"},"query-input":{"@type":"PropertyValueSpecification","valueRequired":true,"valueName":"search_term_string"}}],"inLanguage":"es"},{"@type":"Person","@id":"https:\/\/gentedebasquet.com.ar\/sitio\/#\/schema\/person\/ca0b63bbb977369988a7bbbdc519943a","name":"Gente de B\u00e1squet","image":{"@type":"ImageObject","inLanguage":"es","@id":"https:\/\/secure.gravatar.com\/avatar\/7f2c48bdc33b30088f941fb6082e555f2874c98e20cb159d7b92b50eadfce793?s=96&d=mm&r=g","url":"https:\/\/secure.gravatar.com\/avatar\/7f2c48bdc33b30088f941fb6082e555f2874c98e20cb159d7b92b50eadfce793?s=96&d=mm&r=g","contentUrl":"https:\/\/secure.gravatar.com\/avatar\/7f2c48bdc33b30088f941fb6082e555f2874c98e20cb159d7b92b50eadfce793?s=96&d=mm&r=g","caption":"Gente de B\u00e1squet"},"sameAs":["http:\/\/gentedebasquet.com.ar\/sitio"],"url":"https:\/\/gentedebasquet.com.ar\/sitio\/author\/ulises\/"}]}},"_links":{"self":[{"href":"https:\/\/gentedebasquet.com.ar\/sitio\/wp-json\/wp\/v2\/posts\/26985","targetHints":{"allow":["GET"]}}],"collection":[{"href":"https:\/\/gentedebasquet.com.ar\/sitio\/wp-json\/wp\/v2\/posts"}],"about":[{"href":"https:\/\/gentedebasquet.com.ar\/sitio\/wp-json\/wp\/v2\/types\/post"}],"author":[{"embeddable":true,"href":"https:\/\/gentedebasquet.com.ar\/sitio\/wp-json\/wp\/v2\/users\/1"}],"replies":[{"embeddable":true,"href":"https:\/\/gentedebasquet.com.ar\/sitio\/wp-json\/wp\/v2\/comments?post=26985"}],"version-history":[{"count":0,"href":"https:\/\/gentedebasquet.com.ar\/sitio\/wp-json\/wp\/v2\/posts\/26985\/revisions"}],"wp:featuredmedia":[{"embeddable":true,"href":"https:\/\/gentedebasquet.com.ar\/sitio\/wp-json\/wp\/v2\/media\/26988"}],"wp:attachment":[{"href":"https:\/\/gentedebasquet.com.ar\/sitio\/wp-json\/wp\/v2\/media?parent=26985"}],"wp:term":[{"taxonomy":"category","embeddable":true,"href":"https:\/\/gentedebasquet.com.ar\/sitio\/wp-json\/wp\/v2\/categories?post=26985"},{"taxonomy":"post_tag","embeddable":true,"href":"https:\/\/gentedebasquet.com.ar\/sitio\/wp-json\/wp\/v2\/tags?post=26985"}],"curies":[{"name":"wp","href":"https:\/\/api.w.org\/{rel}","templated":true}]}}