{"id":27091,"date":"2014-03-17T12:38:28","date_gmt":"2014-03-17T15:38:28","guid":{"rendered":"http:\/\/www.gentedebasquet.com.ar\/?p=27091"},"modified":"2014-03-17T12:38:28","modified_gmt":"2014-03-17T15:38:28","slug":"duro-reves-de-canarias-ante-fuenlabrada","status":"publish","type":"post","link":"https:\/\/gentedebasquet.com.ar\/sitio\/2014\/03\/17\/duro-reves-de-canarias-ante-fuenlabrada\/","title":{"rendered":"Duro rev\u00e9s de Canarias"},"content":{"rendered":"<p><strong>El Iberostar Tenerife perdi\u00f3 su noveno partido consecutivo al ceder en su visita al Fuenlabrada por 84 a 68. Nicol\u00e1s Richotti sum\u00f3 11 puntos en 34 minutos. Tambi\u00e9n hubo 3 unidades de Juan Guti\u00e9rrez.<\/strong><\/p>\n<p>Iberostar Tenerife contin\u00faa en ca\u00edda libre. Este fin de semana sufri\u00f3 la novena derrota en fila, al perder como visitante en Fuenlabrada por 84 a 68. As\u00ed, el conjunto canarista acumula 9 victorias y 14 derrotas, ubic\u00e1ndose en el 13\u00ba puesto de la Liga ACB espa\u00f1ola con 23 puntos.<\/p>\n<p>El equipo de <strong>Nicol\u00e1s Richotti<\/strong> no gana desde el 3 de enero, cuando venci\u00f3 como local 75 a 59 a Cajasol. Desde all\u00ed, cay\u00f3 de manera consecutiva con Valencia, Bilbao, La Bruixa d&#8217;Or, Monbus, Zaragoza, Barcelona, Real Madrid, Estudiantes y este \u00faltimo juego ante Fuenlabrada.<\/p>\n<p>El bahiense sum\u00f3 11 puntos (1\/6 3p, 3\/7 2p, 2\/3 TL), 3 rebotes, 3 asistencias, 1 robo, 4 p\u00e9rdidas y 1 bloqueo en 34m50. Por su parte, el pivot argentino Juan Pedro Guti\u00e9rrez colabor\u00f3 con 3 unidades en 13m04.<\/p>\n<p><span style=\"color: #0000ff;\"><strong><a href=\"http:\/\/www.acb.com\/fichas\/LACB58206.php\" target=\"_blank\" rel=\"noopener\">ESTAD\u00cdSTICAS OFICIALES<\/a><\/strong><\/span><\/p>\n<blockquote class=\"twitter-tweet\" lang=\"es\"><p>Nada, no pudo ser, hay q seguir trabajando y no bajar los brazos. Tenemos q estar mas unidos que nunca. <a href=\"https:\/\/twitter.com\/search?q=%23vamoscanarias&amp;src=hash\">#vamoscanarias<\/a><\/p>\n<p>\u2014 Nicol\u00e1s Richotti (@nico_rchtt) <a href=\"https:\/\/twitter.com\/nico_rchtt\/statuses\/445202957253230593\">marzo 16, 2014<\/a><\/p><\/blockquote>\n<p>&nbsp;<\/p>\n<p><strong>Fuente:<\/strong> Prensa Canarias y ACB.com<\/p>\n<p><strong>Foto:<\/strong> Prensa Canarias.<\/p>\n","protected":false},"excerpt":{"rendered":"<p>El equipo de Nicol\u00e1s Richotti (11 puntos) cay\u00f3 84 a 68 con Fuenlabrada.<\/p>\n","protected":false},"author":1,"featured_media":27092,"comment_status":"closed","ping_status":"open","sticky":false,"template":"","format":"standard","meta":{"jnews-multi-image_gallery":[],"jnews_single_post":[],"jnews_primary_category":[],"footnotes":""},"categories":[34,101],"tags":[118,196,197,198],"class_list":["post-27091","post","type-post","status-publish","format-standard","has-post-thumbnail","hentry","category-bahienses-afuera","category-slide","tag-canarias","tag-fuenlabrada","tag-liga-endesa","tag-nicolas-richotti"],"yoast_head":"<!-- This site is optimized with the Yoast SEO plugin v27.5 - https:\/\/yoast.com\/product\/yoast-seo-wordpress\/ -->\n<title>Duro rev\u00e9s de Canarias - Gente de B\u00e1squet<\/title>\n<meta name=\"robots\" content=\"index, follow, max-snippet:-1, max-image-preview:large, max-video-preview:-1\" \/>\n<link rel=\"canonical\" href=\"https:\/\/gentedebasquet.com.ar\/sitio\/2014\/03\/17\/duro-reves-de-canarias-ante-fuenlabrada\/\" \/>\n<meta property=\"og:locale\" content=\"es_ES\" \/>\n<meta property=\"og:type\" content=\"article\" \/>\n<meta property=\"og:title\" content=\"Duro rev\u00e9s de Canarias - Gente de B\u00e1squet\" \/>\n<meta property=\"og:description\" content=\"El equipo de Nicol\u00e1s Richotti (11 puntos) cay\u00f3 84 a 68 con Fuenlabrada.\" \/>\n<meta property=\"og:url\" content=\"https:\/\/gentedebasquet.com.ar\/sitio\/2014\/03\/17\/duro-reves-de-canarias-ante-fuenlabrada\/\" \/>\n<meta property=\"og:site_name\" content=\"Gente de B\u00e1squet\" \/>\n<meta property=\"article:published_time\" content=\"2014-03-17T15:38:28+00:00\" \/>\n<meta property=\"og:image\" content=\"https:\/\/gentedebasquet.com.ar\/sitio\/wp-content\/uploads\/2014\/03\/FUE1.jpg\" \/>\n\t<meta property=\"og:image:width\" content=\"690\" \/>\n\t<meta property=\"og:image:height\" content=\"319\" \/>\n\t<meta property=\"og:image:type\" content=\"image\/jpeg\" \/>\n<meta name=\"author\" content=\"Gente de B\u00e1squet\" \/>\n<meta name=\"twitter:card\" content=\"summary_large_image\" \/>\n<meta name=\"twitter:label1\" content=\"Escrito por\" \/>\n\t<meta name=\"twitter:data1\" content=\"Gente de B\u00e1squet\" \/>\n\t<meta name=\"twitter:label2\" content=\"Tiempo de lectura\" \/>\n\t<meta name=\"twitter:data2\" content=\"1 minuto\" \/>\n<script type=\"application\/ld+json\" class=\"yoast-schema-graph\">{\"@context\":\"https:\\\/\\\/schema.org\",\"@graph\":[{\"@type\":\"Article\",\"@id\":\"https:\\\/\\\/gentedebasquet.com.ar\\\/sitio\\\/2014\\\/03\\\/17\\\/duro-reves-de-canarias-ante-fuenlabrada\\\/#article\",\"isPartOf\":{\"@id\":\"https:\\\/\\\/gentedebasquet.com.ar\\\/sitio\\\/2014\\\/03\\\/17\\\/duro-reves-de-canarias-ante-fuenlabrada\\\/\"},\"author\":{\"name\":\"Gente de B\u00e1squet\",\"@id\":\"https:\\\/\\\/gentedebasquet.com.ar\\\/sitio\\\/#\\\/schema\\\/person\\\/ca0b63bbb977369988a7bbbdc519943a\"},\"headline\":\"Duro rev\u00e9s de Canarias\",\"datePublished\":\"2014-03-17T15:38:28+00:00\",\"mainEntityOfPage\":{\"@id\":\"https:\\\/\\\/gentedebasquet.com.ar\\\/sitio\\\/2014\\\/03\\\/17\\\/duro-reves-de-canarias-ante-fuenlabrada\\\/\"},\"wordCount\":199,\"image\":{\"@id\":\"https:\\\/\\\/gentedebasquet.com.ar\\\/sitio\\\/2014\\\/03\\\/17\\\/duro-reves-de-canarias-ante-fuenlabrada\\\/#primaryimage\"},\"thumbnailUrl\":\"https:\\\/\\\/gentedebasquet.com.ar\\\/sitio\\\/wp-content\\\/uploads\\\/2014\\\/03\\\/FUE1.jpg\",\"keywords\":[\"Canarias\",\"Fuenlabrada\",\"Liga Endesa\",\"Nicol\u00e1s Richotti\"],\"articleSection\":[\"Bahienses Afuera\",\"Slide\"],\"inLanguage\":\"es\"},{\"@type\":\"WebPage\",\"@id\":\"https:\\\/\\\/gentedebasquet.com.ar\\\/sitio\\\/2014\\\/03\\\/17\\\/duro-reves-de-canarias-ante-fuenlabrada\\\/\",\"url\":\"https:\\\/\\\/gentedebasquet.com.ar\\\/sitio\\\/2014\\\/03\\\/17\\\/duro-reves-de-canarias-ante-fuenlabrada\\\/\",\"name\":\"Duro rev\u00e9s de Canarias - Gente de B\u00e1squet\",\"isPartOf\":{\"@id\":\"https:\\\/\\\/gentedebasquet.com.ar\\\/sitio\\\/#website\"},\"primaryImageOfPage\":{\"@id\":\"https:\\\/\\\/gentedebasquet.com.ar\\\/sitio\\\/2014\\\/03\\\/17\\\/duro-reves-de-canarias-ante-fuenlabrada\\\/#primaryimage\"},\"image\":{\"@id\":\"https:\\\/\\\/gentedebasquet.com.ar\\\/sitio\\\/2014\\\/03\\\/17\\\/duro-reves-de-canarias-ante-fuenlabrada\\\/#primaryimage\"},\"thumbnailUrl\":\"https:\\\/\\\/gentedebasquet.com.ar\\\/sitio\\\/wp-content\\\/uploads\\\/2014\\\/03\\\/FUE1.jpg\",\"datePublished\":\"2014-03-17T15:38:28+00:00\",\"author\":{\"@id\":\"https:\\\/\\\/gentedebasquet.com.ar\\\/sitio\\\/#\\\/schema\\\/person\\\/ca0b63bbb977369988a7bbbdc519943a\"},\"breadcrumb\":{\"@id\":\"https:\\\/\\\/gentedebasquet.com.ar\\\/sitio\\\/2014\\\/03\\\/17\\\/duro-reves-de-canarias-ante-fuenlabrada\\\/#breadcrumb\"},\"inLanguage\":\"es\",\"potentialAction\":[{\"@type\":\"ReadAction\",\"target\":[\"https:\\\/\\\/gentedebasquet.com.ar\\\/sitio\\\/2014\\\/03\\\/17\\\/duro-reves-de-canarias-ante-fuenlabrada\\\/\"]}]},{\"@type\":\"ImageObject\",\"inLanguage\":\"es\",\"@id\":\"https:\\\/\\\/gentedebasquet.com.ar\\\/sitio\\\/2014\\\/03\\\/17\\\/duro-reves-de-canarias-ante-fuenlabrada\\\/#primaryimage\",\"url\":\"https:\\\/\\\/gentedebasquet.com.ar\\\/sitio\\\/wp-content\\\/uploads\\\/2014\\\/03\\\/FUE1.jpg\",\"contentUrl\":\"https:\\\/\\\/gentedebasquet.com.ar\\\/sitio\\\/wp-content\\\/uploads\\\/2014\\\/03\\\/FUE1.jpg\",\"width\":690,\"height\":319},{\"@type\":\"BreadcrumbList\",\"@id\":\"https:\\\/\\\/gentedebasquet.com.ar\\\/sitio\\\/2014\\\/03\\\/17\\\/duro-reves-de-canarias-ante-fuenlabrada\\\/#breadcrumb\",\"itemListElement\":[{\"@type\":\"ListItem\",\"position\":1,\"name\":\"Portada\",\"item\":\"https:\\\/\\\/gentedebasquet.com.ar\\\/sitio\\\/\"},{\"@type\":\"ListItem\",\"position\":2,\"name\":\"Duro rev\u00e9s de Canarias\"}]},{\"@type\":\"WebSite\",\"@id\":\"https:\\\/\\\/gentedebasquet.com.ar\\\/sitio\\\/#website\",\"url\":\"https:\\\/\\\/gentedebasquet.com.ar\\\/sitio\\\/\",\"name\":\"Gente de B\u00e1squet\",\"description\":\"La revista del basquet de Bah\u00eda Blanca\",\"potentialAction\":[{\"@type\":\"SearchAction\",\"target\":{\"@type\":\"EntryPoint\",\"urlTemplate\":\"https:\\\/\\\/gentedebasquet.com.ar\\\/sitio\\\/?s={search_term_string}\"},\"query-input\":{\"@type\":\"PropertyValueSpecification\",\"valueRequired\":true,\"valueName\":\"search_term_string\"}}],\"inLanguage\":\"es\"},{\"@type\":\"Person\",\"@id\":\"https:\\\/\\\/gentedebasquet.com.ar\\\/sitio\\\/#\\\/schema\\\/person\\\/ca0b63bbb977369988a7bbbdc519943a\",\"name\":\"Gente de B\u00e1squet\",\"image\":{\"@type\":\"ImageObject\",\"inLanguage\":\"es\",\"@id\":\"https:\\\/\\\/secure.gravatar.com\\\/avatar\\\/7f2c48bdc33b30088f941fb6082e555f2874c98e20cb159d7b92b50eadfce793?s=96&d=mm&r=g\",\"url\":\"https:\\\/\\\/secure.gravatar.com\\\/avatar\\\/7f2c48bdc33b30088f941fb6082e555f2874c98e20cb159d7b92b50eadfce793?s=96&d=mm&r=g\",\"contentUrl\":\"https:\\\/\\\/secure.gravatar.com\\\/avatar\\\/7f2c48bdc33b30088f941fb6082e555f2874c98e20cb159d7b92b50eadfce793?s=96&d=mm&r=g\",\"caption\":\"Gente de B\u00e1squet\"},\"sameAs\":[\"http:\\\/\\\/gentedebasquet.com.ar\\\/sitio\"],\"url\":\"https:\\\/\\\/gentedebasquet.com.ar\\\/sitio\\\/author\\\/ulises\\\/\"}]}<\/script>\n<!-- \/ Yoast SEO plugin. -->","yoast_head_json":{"title":"Duro rev\u00e9s de Canarias - Gente de B\u00e1squet","robots":{"index":"index","follow":"follow","max-snippet":"max-snippet:-1","max-image-preview":"max-image-preview:large","max-video-preview":"max-video-preview:-1"},"canonical":"https:\/\/gentedebasquet.com.ar\/sitio\/2014\/03\/17\/duro-reves-de-canarias-ante-fuenlabrada\/","og_locale":"es_ES","og_type":"article","og_title":"Duro rev\u00e9s de Canarias - Gente de B\u00e1squet","og_description":"El equipo de Nicol\u00e1s Richotti (11 puntos) cay\u00f3 84 a 68 con Fuenlabrada.","og_url":"https:\/\/gentedebasquet.com.ar\/sitio\/2014\/03\/17\/duro-reves-de-canarias-ante-fuenlabrada\/","og_site_name":"Gente de B\u00e1squet","article_published_time":"2014-03-17T15:38:28+00:00","og_image":[{"width":690,"height":319,"url":"https:\/\/gentedebasquet.com.ar\/sitio\/wp-content\/uploads\/2014\/03\/FUE1.jpg","type":"image\/jpeg"}],"author":"Gente de B\u00e1squet","twitter_card":"summary_large_image","twitter_misc":{"Escrito por":"Gente de B\u00e1squet","Tiempo de lectura":"1 minuto"},"schema":{"@context":"https:\/\/schema.org","@graph":[{"@type":"Article","@id":"https:\/\/gentedebasquet.com.ar\/sitio\/2014\/03\/17\/duro-reves-de-canarias-ante-fuenlabrada\/#article","isPartOf":{"@id":"https:\/\/gentedebasquet.com.ar\/sitio\/2014\/03\/17\/duro-reves-de-canarias-ante-fuenlabrada\/"},"author":{"name":"Gente de B\u00e1squet","@id":"https:\/\/gentedebasquet.com.ar\/sitio\/#\/schema\/person\/ca0b63bbb977369988a7bbbdc519943a"},"headline":"Duro rev\u00e9s de Canarias","datePublished":"2014-03-17T15:38:28+00:00","mainEntityOfPage":{"@id":"https:\/\/gentedebasquet.com.ar\/sitio\/2014\/03\/17\/duro-reves-de-canarias-ante-fuenlabrada\/"},"wordCount":199,"image":{"@id":"https:\/\/gentedebasquet.com.ar\/sitio\/2014\/03\/17\/duro-reves-de-canarias-ante-fuenlabrada\/#primaryimage"},"thumbnailUrl":"https:\/\/gentedebasquet.com.ar\/sitio\/wp-content\/uploads\/2014\/03\/FUE1.jpg","keywords":["Canarias","Fuenlabrada","Liga Endesa","Nicol\u00e1s Richotti"],"articleSection":["Bahienses Afuera","Slide"],"inLanguage":"es"},{"@type":"WebPage","@id":"https:\/\/gentedebasquet.com.ar\/sitio\/2014\/03\/17\/duro-reves-de-canarias-ante-fuenlabrada\/","url":"https:\/\/gentedebasquet.com.ar\/sitio\/2014\/03\/17\/duro-reves-de-canarias-ante-fuenlabrada\/","name":"Duro rev\u00e9s de Canarias - Gente de B\u00e1squet","isPartOf":{"@id":"https:\/\/gentedebasquet.com.ar\/sitio\/#website"},"primaryImageOfPage":{"@id":"https:\/\/gentedebasquet.com.ar\/sitio\/2014\/03\/17\/duro-reves-de-canarias-ante-fuenlabrada\/#primaryimage"},"image":{"@id":"https:\/\/gentedebasquet.com.ar\/sitio\/2014\/03\/17\/duro-reves-de-canarias-ante-fuenlabrada\/#primaryimage"},"thumbnailUrl":"https:\/\/gentedebasquet.com.ar\/sitio\/wp-content\/uploads\/2014\/03\/FUE1.jpg","datePublished":"2014-03-17T15:38:28+00:00","author":{"@id":"https:\/\/gentedebasquet.com.ar\/sitio\/#\/schema\/person\/ca0b63bbb977369988a7bbbdc519943a"},"breadcrumb":{"@id":"https:\/\/gentedebasquet.com.ar\/sitio\/2014\/03\/17\/duro-reves-de-canarias-ante-fuenlabrada\/#breadcrumb"},"inLanguage":"es","potentialAction":[{"@type":"ReadAction","target":["https:\/\/gentedebasquet.com.ar\/sitio\/2014\/03\/17\/duro-reves-de-canarias-ante-fuenlabrada\/"]}]},{"@type":"ImageObject","inLanguage":"es","@id":"https:\/\/gentedebasquet.com.ar\/sitio\/2014\/03\/17\/duro-reves-de-canarias-ante-fuenlabrada\/#primaryimage","url":"https:\/\/gentedebasquet.com.ar\/sitio\/wp-content\/uploads\/2014\/03\/FUE1.jpg","contentUrl":"https:\/\/gentedebasquet.com.ar\/sitio\/wp-content\/uploads\/2014\/03\/FUE1.jpg","width":690,"height":319},{"@type":"BreadcrumbList","@id":"https:\/\/gentedebasquet.com.ar\/sitio\/2014\/03\/17\/duro-reves-de-canarias-ante-fuenlabrada\/#breadcrumb","itemListElement":[{"@type":"ListItem","position":1,"name":"Portada","item":"https:\/\/gentedebasquet.com.ar\/sitio\/"},{"@type":"ListItem","position":2,"name":"Duro rev\u00e9s de Canarias"}]},{"@type":"WebSite","@id":"https:\/\/gentedebasquet.com.ar\/sitio\/#website","url":"https:\/\/gentedebasquet.com.ar\/sitio\/","name":"Gente de B\u00e1squet","description":"La revista del basquet de Bah\u00eda Blanca","potentialAction":[{"@type":"SearchAction","target":{"@type":"EntryPoint","urlTemplate":"https:\/\/gentedebasquet.com.ar\/sitio\/?s={search_term_string}"},"query-input":{"@type":"PropertyValueSpecification","valueRequired":true,"valueName":"search_term_string"}}],"inLanguage":"es"},{"@type":"Person","@id":"https:\/\/gentedebasquet.com.ar\/sitio\/#\/schema\/person\/ca0b63bbb977369988a7bbbdc519943a","name":"Gente de B\u00e1squet","image":{"@type":"ImageObject","inLanguage":"es","@id":"https:\/\/secure.gravatar.com\/avatar\/7f2c48bdc33b30088f941fb6082e555f2874c98e20cb159d7b92b50eadfce793?s=96&d=mm&r=g","url":"https:\/\/secure.gravatar.com\/avatar\/7f2c48bdc33b30088f941fb6082e555f2874c98e20cb159d7b92b50eadfce793?s=96&d=mm&r=g","contentUrl":"https:\/\/secure.gravatar.com\/avatar\/7f2c48bdc33b30088f941fb6082e555f2874c98e20cb159d7b92b50eadfce793?s=96&d=mm&r=g","caption":"Gente de B\u00e1squet"},"sameAs":["http:\/\/gentedebasquet.com.ar\/sitio"],"url":"https:\/\/gentedebasquet.com.ar\/sitio\/author\/ulises\/"}]}},"_links":{"self":[{"href":"https:\/\/gentedebasquet.com.ar\/sitio\/wp-json\/wp\/v2\/posts\/27091","targetHints":{"allow":["GET"]}}],"collection":[{"href":"https:\/\/gentedebasquet.com.ar\/sitio\/wp-json\/wp\/v2\/posts"}],"about":[{"href":"https:\/\/gentedebasquet.com.ar\/sitio\/wp-json\/wp\/v2\/types\/post"}],"author":[{"embeddable":true,"href":"https:\/\/gentedebasquet.com.ar\/sitio\/wp-json\/wp\/v2\/users\/1"}],"replies":[{"embeddable":true,"href":"https:\/\/gentedebasquet.com.ar\/sitio\/wp-json\/wp\/v2\/comments?post=27091"}],"version-history":[{"count":0,"href":"https:\/\/gentedebasquet.com.ar\/sitio\/wp-json\/wp\/v2\/posts\/27091\/revisions"}],"wp:featuredmedia":[{"embeddable":true,"href":"https:\/\/gentedebasquet.com.ar\/sitio\/wp-json\/wp\/v2\/media\/27092"}],"wp:attachment":[{"href":"https:\/\/gentedebasquet.com.ar\/sitio\/wp-json\/wp\/v2\/media?parent=27091"}],"wp:term":[{"taxonomy":"category","embeddable":true,"href":"https:\/\/gentedebasquet.com.ar\/sitio\/wp-json\/wp\/v2\/categories?post=27091"},{"taxonomy":"post_tag","embeddable":true,"href":"https:\/\/gentedebasquet.com.ar\/sitio\/wp-json\/wp\/v2\/tags?post=27091"}],"curies":[{"name":"wp","href":"https:\/\/api.w.org\/{rel}","templated":true}]}}