{"id":27400,"date":"2014-03-21T01:36:56","date_gmt":"2014-03-21T04:36:56","guid":{"rendered":"http:\/\/www.gentedebasquet.com.ar\/?p=27400"},"modified":"2014-03-21T01:36:56","modified_gmt":"2014-03-21T04:36:56","slug":"mantuvo-su-linea","status":"publish","type":"post","link":"https:\/\/gentedebasquet.com.ar\/sitio\/2014\/03\/21\/mantuvo-su-linea\/","title":{"rendered":"Mantuvo su l\u00ednea"},"content":{"rendered":"<p><b>Argentino venci\u00f3 como local a Pac\u00edfico por 69 a 65 y comenz\u00f3 de la mejor manera el torneo de Segunda. En un partido parejo, que estuvo 10 minutos parado por un corte de luz, el due\u00f1o de casa fue m\u00e1s certero en los tiros libres\u00a0(9\/10 T1 en el 4C) y logr\u00f3 sellar una victoria auspiciosa en el debut. En el ganador (no cont\u00f3 con Susbielles) que no tuvo punter\u00eda de larga distancia (2\/22 T3) hubo una buena actuaci\u00f3n de Reiner que arrim\u00f3 13 puntos, bien acompa\u00f1ado por Rava (11, Sacomani (10) y Massa (10). En el \u201cVerde\u201d (sin Caspe) no alcanz\u00f3 con las 21 unidades que sum\u00f3 Larrandart.<\/b><\/p>\n<p>El inicio mostr\u00f3 mucho m\u00e1s metido a la visita que de la mano de un Larrandart muy efectivo (, 3\/3 T2) y con la conducci\u00f3n de Sella (3 + 2 asistencias) arrancaba 11-4 arribal, ante un local que no encontraba respuestas en ambos costados de la cancha. Pero Pac\u00edfico comenz\u00f3 a perder balones (6) y abusar del tiro de 3 puntos (1\/7) y Argentino lo aprovech\u00f3 con Reiner (6) atacando el aro y con la efectividad de Nu\u00f1ez (4) para estampar un parcial de 10 a 0 y pasar al frente (14-11). Pese a que ambos siguieron intentando de lejos sin \u00e9xito (cerraron el per\u00edodo con 0\/7 y 1\/7 en triples respectivamente), el \u201cverde\u201d lo cerr\u00f3 mejor disfrutando de un buen pasaje de Bonino (termin\u00f3 con 6) y los primeros 10 minutos terminaron igualados en 17.<\/p>\n<p>Tras dos tiros libres convertidos por Bonino por un empuj\u00f3n de Massa que deriv\u00f3 en una falta antideportiva en el cierre del primer parcial, el juego se reanud\u00f3 y la paridad se mantuvo pero el juego erra err\u00e1tico con m\u00e1s errores que virtudes para que con poco m\u00e1s de 4 minutos jugados, el local gane por 2 (25-23). Ah\u00ed se produce un momento clave, porque luego de un doble de Storani, Sella recibe una falta t\u00e9cnica y posterior expulsi\u00f3n tras un insulto al \u00e1rbitro, algo que Massa no desaprovech\u00f3 desde la l\u00ednea (4\/4) y posteriormente un doble y falta de Rava, hizo que Argentino estampe un parcial de 9-0 para sacar la m\u00e1xima (34-23). Pac\u00edfico volvi\u00f3 al juego gracias a Larrandart (7) que se hac\u00eda valer en la pintura, pero apareci\u00f3 Sacomani (6) anotando cerca del cesto y Argentino mantuvo un buen margen al entretiempo ya que ganaba 41 a 32.<\/p>\n<p>Tras el descanso en vestuarios, la historia pareci\u00f3 cambiar, porque Argentino entr\u00f3 impreciso (5 p\u00e9rdidas) y sin efectividad (1\/9 TC) y el visitante sac\u00f3 provecho a pura bomba, porque Mart\u00ednez anot\u00f3 dos triples, Larrandart y Sacrist\u00e1n se sumaron con uno propio, y Pac\u00edfico marc\u00f3 un parcial de 16 a 4 para pasar al frente (48-45) ya pasada la mitad del tercer cuarto. Tras esa gran r\u00e1faga, la visita se qued\u00f3 sin gol en el per\u00edmetro y logr\u00f3 sumar con Pollio (4), pero la experiencia de Massa (6) y el ingreso de Garayzar (5) le cambiaron la cara a un Argentino que volvi\u00f3 a imponer su juego, y lleg\u00f3 al cuarto final, interrupci\u00f3n mediante (ver aparte), ganando 56 a 53.<\/p>\n<p>El comienzo del \u00faltimo per\u00edodo comenz\u00f3 con ambos equipos peleados con el aro ya que pasaron m\u00e1s de 4 minutos para ver un gol de campo, algo que ayud\u00f3 al local que buscando infracciones y facturando desde la l\u00ednea (7\/8) sac\u00f3 10 de ventaja (63-53) porque Pac\u00edfico segu\u00eda sin poder sumar (0\/3 TC, 0\/4 TL). La visita encontr\u00f3 en Sacrist\u00e1n (8) la v\u00eda para poder achicar el margen, pero la mano de Rava (6) y la seguridad de Reiner, sumado al pobre desempe\u00f1o desde la l\u00ednea de su rival (cerr\u00f3 el cuarto con 4\/10) hicieron que Argentino festeje y comience la temporada con una sonrisa.<\/p>\n<h6>As\u00ed inici\u00f3 el partido<\/h6>\n<p>[vimeo]http:\/\/vimeo.com\/89677441[\/vimeo]<\/p>\n<p>&nbsp;<\/p>\n<p>&nbsp;<\/p>\n<p><b><span style=\"text-decoration: underline;\">S\u00edntesis:<\/span><\/b><\/p>\n<p><b>Argentino (69): <\/b>Juan Ignacio Reiner 13, Hern\u00e1n Rava 11, Bruno Sacomani 10, Mariano Nu\u00f1ez 8, Mart\u00edn Faelis 6 (FI). Ramiro Garayzar 7, Alan Gonz\u00e1lez 0, Cesar Massa 10, Nicol\u00e1s Antonelli 1, Tom\u00e1s Bruni 1, Alfredo Storani 2. DT: Juan Garayzar.<\/p>\n<p><b>Pac\u00edfico (65):<\/b> Ignacio Sella 3 (x), Sebasti\u00e1n Mart\u00ednez 11, Fernando Bonino 8 (x), Joaqu\u00edn Larrandart 21, Pablo Pollio 8 (FI). Facundo Wattson 1, Ignacio Ercoli 0, Manuel Sacrist\u00e1n 13, Franco Mastandrea 0, Lucas Ruiz 0.<\/p>\n<p><b>Parciales:<\/b> 17-17, 41-32 (24-15), 56-53 (15-21), 69-65 (13-12).<\/p>\n<p><b>\u00c1rbitros:<\/b> Horacio Sed\u00e1n \u2013 Mauro Reyes.<\/p>\n<p><b>Estadio:<\/b> Ardubilio Severini.<\/p>\n<p><a class=\"modalf iframe\" title=\"Planilla\" href=\"https:\/\/docs.google.com\/spreadsheet\/pub?key=0AhbXVENzjQ5adGN4X3JGRmk0ZGYtNzdHUHMtd1IwUlE&amp;single=true&amp;gid=0&amp;output=html\" target=\"_blank\" rel=\"noopener\">Ver Planilla<\/a><\/p>\n<p>&nbsp;<\/p>\n<h6>La palabra de Juany Reiner<\/h6>\n\n<p>&nbsp;<\/p>\n<h6>Juego demorado<\/h6>\n<p>El partido se vio frenado por 10 minutos cuando faltaban 11 segundos para finalizar el tercer cuarto, ya que la cancha se qued\u00f3 sin energ\u00eda el\u00e9ctrica. Tras el regreso de la luz, el juego volvi\u00f3 a disputarse de manera normal.<\/p>\n<h6>Ambos con bajas<\/h6>\n<p>Argentino no pudo contar con Sebasti\u00e1n Susbielles qui\u00e9n esper\u00f3 por la llegada del transfer pero no lleg\u00f3 a tiempo para poder formar parte del plantel en este partido. Pac\u00edfico no cont\u00f3 con Ignacio Caspe, su m\u00e1s\u00a0 reciente refuerzo, qui\u00e9n debe finalizar algunas tareas personales y probablemente est\u00e9 disponible para la pr\u00f3xima fecha.<\/p>\n","protected":false},"excerpt":{"rendered":"<p>Argentino le gan\u00f3 a Pac\u00edfico 69 a 65 y comenz\u00f3 el torneo con una sonrisa.<\/p>\n","protected":false},"author":1,"featured_media":27403,"comment_status":"closed","ping_status":"open","sticky":false,"template":"","format":"standard","meta":{"jnews-multi-image_gallery":[],"jnews_single_post":[],"jnews_primary_category":[],"footnotes":""},"categories":[25,101],"tags":[4,211,212,17],"class_list":["post-27400","post","type-post","status-publish","format-standard","has-post-thumbnail","hentry","category-segunda","category-slide","tag-argentino","tag-joaquin-larrandart","tag-juan-ignacio-reiner","tag-pacifico"],"yoast_head":"<!-- This site is optimized with the Yoast SEO plugin v27.5 - https:\/\/yoast.com\/product\/yoast-seo-wordpress\/ -->\n<title>Mantuvo su l\u00ednea - Gente de B\u00e1squet<\/title>\n<meta name=\"robots\" content=\"index, follow, max-snippet:-1, max-image-preview:large, max-video-preview:-1\" \/>\n<link rel=\"canonical\" href=\"http:\/\/gentedebasquet.com.ar\/sitio\/2014\/03\/21\/mantuvo-su-linea\/\" \/>\n<meta property=\"og:locale\" content=\"es_ES\" \/>\n<meta property=\"og:type\" content=\"article\" \/>\n<meta property=\"og:title\" content=\"Mantuvo su l\u00ednea - Gente de B\u00e1squet\" \/>\n<meta property=\"og:description\" content=\"Argentino le gan\u00f3 a Pac\u00edfico 69 a 65 y comenz\u00f3 el torneo con una sonrisa.\" \/>\n<meta property=\"og:url\" content=\"http:\/\/gentedebasquet.com.ar\/sitio\/2014\/03\/21\/mantuvo-su-linea\/\" \/>\n<meta property=\"og:site_name\" content=\"Gente de B\u00e1squet\" \/>\n<meta property=\"article:published_time\" content=\"2014-03-21T04:36:56+00:00\" \/>\n<meta property=\"og:image\" content=\"http:\/\/gentedebasquet.com.ar\/sitio\/wp-content\/uploads\/2014\/03\/Reiner.jpg\" \/>\n\t<meta property=\"og:image:width\" content=\"690\" \/>\n\t<meta property=\"og:image:height\" content=\"319\" \/>\n\t<meta property=\"og:image:type\" content=\"image\/jpeg\" \/>\n<meta name=\"author\" content=\"Gente de B\u00e1squet\" \/>\n<meta name=\"twitter:card\" content=\"summary_large_image\" \/>\n<meta name=\"twitter:label1\" content=\"Escrito por\" \/>\n\t<meta name=\"twitter:data1\" content=\"Gente de B\u00e1squet\" \/>\n\t<meta name=\"twitter:label2\" content=\"Tiempo de lectura\" \/>\n\t<meta name=\"twitter:data2\" content=\"4 minutos\" \/>\n<script type=\"application\/ld+json\" class=\"yoast-schema-graph\">{\"@context\":\"https:\\\/\\\/schema.org\",\"@graph\":[{\"@type\":\"Article\",\"@id\":\"http:\\\/\\\/gentedebasquet.com.ar\\\/sitio\\\/2014\\\/03\\\/21\\\/mantuvo-su-linea\\\/#article\",\"isPartOf\":{\"@id\":\"http:\\\/\\\/gentedebasquet.com.ar\\\/sitio\\\/2014\\\/03\\\/21\\\/mantuvo-su-linea\\\/\"},\"author\":{\"name\":\"Gente de B\u00e1squet\",\"@id\":\"https:\\\/\\\/gentedebasquet.com.ar\\\/sitio\\\/#\\\/schema\\\/person\\\/ca0b63bbb977369988a7bbbdc519943a\"},\"headline\":\"Mantuvo su l\u00ednea\",\"datePublished\":\"2014-03-21T04:36:56+00:00\",\"mainEntityOfPage\":{\"@id\":\"http:\\\/\\\/gentedebasquet.com.ar\\\/sitio\\\/2014\\\/03\\\/21\\\/mantuvo-su-linea\\\/\"},\"wordCount\":828,\"image\":{\"@id\":\"http:\\\/\\\/gentedebasquet.com.ar\\\/sitio\\\/2014\\\/03\\\/21\\\/mantuvo-su-linea\\\/#primaryimage\"},\"thumbnailUrl\":\"https:\\\/\\\/gentedebasquet.com.ar\\\/sitio\\\/wp-content\\\/uploads\\\/2014\\\/03\\\/Reiner.jpg\",\"keywords\":[\"Argentino\",\"Joaqu\u00edn Larrandart\",\"Juan Ignacio Reiner\",\"Pacifico\"],\"articleSection\":[\"Segunda\",\"Slide\"],\"inLanguage\":\"es\"},{\"@type\":\"WebPage\",\"@id\":\"http:\\\/\\\/gentedebasquet.com.ar\\\/sitio\\\/2014\\\/03\\\/21\\\/mantuvo-su-linea\\\/\",\"url\":\"http:\\\/\\\/gentedebasquet.com.ar\\\/sitio\\\/2014\\\/03\\\/21\\\/mantuvo-su-linea\\\/\",\"name\":\"Mantuvo su l\u00ednea - Gente de B\u00e1squet\",\"isPartOf\":{\"@id\":\"https:\\\/\\\/gentedebasquet.com.ar\\\/sitio\\\/#website\"},\"primaryImageOfPage\":{\"@id\":\"http:\\\/\\\/gentedebasquet.com.ar\\\/sitio\\\/2014\\\/03\\\/21\\\/mantuvo-su-linea\\\/#primaryimage\"},\"image\":{\"@id\":\"http:\\\/\\\/gentedebasquet.com.ar\\\/sitio\\\/2014\\\/03\\\/21\\\/mantuvo-su-linea\\\/#primaryimage\"},\"thumbnailUrl\":\"https:\\\/\\\/gentedebasquet.com.ar\\\/sitio\\\/wp-content\\\/uploads\\\/2014\\\/03\\\/Reiner.jpg\",\"datePublished\":\"2014-03-21T04:36:56+00:00\",\"author\":{\"@id\":\"https:\\\/\\\/gentedebasquet.com.ar\\\/sitio\\\/#\\\/schema\\\/person\\\/ca0b63bbb977369988a7bbbdc519943a\"},\"breadcrumb\":{\"@id\":\"http:\\\/\\\/gentedebasquet.com.ar\\\/sitio\\\/2014\\\/03\\\/21\\\/mantuvo-su-linea\\\/#breadcrumb\"},\"inLanguage\":\"es\",\"potentialAction\":[{\"@type\":\"ReadAction\",\"target\":[\"http:\\\/\\\/gentedebasquet.com.ar\\\/sitio\\\/2014\\\/03\\\/21\\\/mantuvo-su-linea\\\/\"]}]},{\"@type\":\"ImageObject\",\"inLanguage\":\"es\",\"@id\":\"http:\\\/\\\/gentedebasquet.com.ar\\\/sitio\\\/2014\\\/03\\\/21\\\/mantuvo-su-linea\\\/#primaryimage\",\"url\":\"https:\\\/\\\/gentedebasquet.com.ar\\\/sitio\\\/wp-content\\\/uploads\\\/2014\\\/03\\\/Reiner.jpg\",\"contentUrl\":\"https:\\\/\\\/gentedebasquet.com.ar\\\/sitio\\\/wp-content\\\/uploads\\\/2014\\\/03\\\/Reiner.jpg\",\"width\":690,\"height\":319},{\"@type\":\"BreadcrumbList\",\"@id\":\"http:\\\/\\\/gentedebasquet.com.ar\\\/sitio\\\/2014\\\/03\\\/21\\\/mantuvo-su-linea\\\/#breadcrumb\",\"itemListElement\":[{\"@type\":\"ListItem\",\"position\":1,\"name\":\"Portada\",\"item\":\"https:\\\/\\\/gentedebasquet.com.ar\\\/sitio\\\/\"},{\"@type\":\"ListItem\",\"position\":2,\"name\":\"Mantuvo su l\u00ednea\"}]},{\"@type\":\"WebSite\",\"@id\":\"https:\\\/\\\/gentedebasquet.com.ar\\\/sitio\\\/#website\",\"url\":\"https:\\\/\\\/gentedebasquet.com.ar\\\/sitio\\\/\",\"name\":\"Gente de B\u00e1squet\",\"description\":\"La revista del basquet de Bah\u00eda Blanca\",\"potentialAction\":[{\"@type\":\"SearchAction\",\"target\":{\"@type\":\"EntryPoint\",\"urlTemplate\":\"https:\\\/\\\/gentedebasquet.com.ar\\\/sitio\\\/?s={search_term_string}\"},\"query-input\":{\"@type\":\"PropertyValueSpecification\",\"valueRequired\":true,\"valueName\":\"search_term_string\"}}],\"inLanguage\":\"es\"},{\"@type\":\"Person\",\"@id\":\"https:\\\/\\\/gentedebasquet.com.ar\\\/sitio\\\/#\\\/schema\\\/person\\\/ca0b63bbb977369988a7bbbdc519943a\",\"name\":\"Gente de B\u00e1squet\",\"image\":{\"@type\":\"ImageObject\",\"inLanguage\":\"es\",\"@id\":\"https:\\\/\\\/secure.gravatar.com\\\/avatar\\\/7f2c48bdc33b30088f941fb6082e555f2874c98e20cb159d7b92b50eadfce793?s=96&d=mm&r=g\",\"url\":\"https:\\\/\\\/secure.gravatar.com\\\/avatar\\\/7f2c48bdc33b30088f941fb6082e555f2874c98e20cb159d7b92b50eadfce793?s=96&d=mm&r=g\",\"contentUrl\":\"https:\\\/\\\/secure.gravatar.com\\\/avatar\\\/7f2c48bdc33b30088f941fb6082e555f2874c98e20cb159d7b92b50eadfce793?s=96&d=mm&r=g\",\"caption\":\"Gente de B\u00e1squet\"},\"sameAs\":[\"http:\\\/\\\/gentedebasquet.com.ar\\\/sitio\"],\"url\":\"https:\\\/\\\/gentedebasquet.com.ar\\\/sitio\\\/author\\\/ulises\\\/\"}]}<\/script>\n<!-- \/ Yoast SEO plugin. -->","yoast_head_json":{"title":"Mantuvo su l\u00ednea - Gente de B\u00e1squet","robots":{"index":"index","follow":"follow","max-snippet":"max-snippet:-1","max-image-preview":"max-image-preview:large","max-video-preview":"max-video-preview:-1"},"canonical":"http:\/\/gentedebasquet.com.ar\/sitio\/2014\/03\/21\/mantuvo-su-linea\/","og_locale":"es_ES","og_type":"article","og_title":"Mantuvo su l\u00ednea - Gente de B\u00e1squet","og_description":"Argentino le gan\u00f3 a Pac\u00edfico 69 a 65 y comenz\u00f3 el torneo con una sonrisa.","og_url":"http:\/\/gentedebasquet.com.ar\/sitio\/2014\/03\/21\/mantuvo-su-linea\/","og_site_name":"Gente de B\u00e1squet","article_published_time":"2014-03-21T04:36:56+00:00","og_image":[{"width":690,"height":319,"url":"http:\/\/gentedebasquet.com.ar\/sitio\/wp-content\/uploads\/2014\/03\/Reiner.jpg","type":"image\/jpeg"}],"author":"Gente de B\u00e1squet","twitter_card":"summary_large_image","twitter_misc":{"Escrito por":"Gente de B\u00e1squet","Tiempo de lectura":"4 minutos"},"schema":{"@context":"https:\/\/schema.org","@graph":[{"@type":"Article","@id":"http:\/\/gentedebasquet.com.ar\/sitio\/2014\/03\/21\/mantuvo-su-linea\/#article","isPartOf":{"@id":"http:\/\/gentedebasquet.com.ar\/sitio\/2014\/03\/21\/mantuvo-su-linea\/"},"author":{"name":"Gente de B\u00e1squet","@id":"https:\/\/gentedebasquet.com.ar\/sitio\/#\/schema\/person\/ca0b63bbb977369988a7bbbdc519943a"},"headline":"Mantuvo su l\u00ednea","datePublished":"2014-03-21T04:36:56+00:00","mainEntityOfPage":{"@id":"http:\/\/gentedebasquet.com.ar\/sitio\/2014\/03\/21\/mantuvo-su-linea\/"},"wordCount":828,"image":{"@id":"http:\/\/gentedebasquet.com.ar\/sitio\/2014\/03\/21\/mantuvo-su-linea\/#primaryimage"},"thumbnailUrl":"https:\/\/gentedebasquet.com.ar\/sitio\/wp-content\/uploads\/2014\/03\/Reiner.jpg","keywords":["Argentino","Joaqu\u00edn Larrandart","Juan Ignacio Reiner","Pacifico"],"articleSection":["Segunda","Slide"],"inLanguage":"es"},{"@type":"WebPage","@id":"http:\/\/gentedebasquet.com.ar\/sitio\/2014\/03\/21\/mantuvo-su-linea\/","url":"http:\/\/gentedebasquet.com.ar\/sitio\/2014\/03\/21\/mantuvo-su-linea\/","name":"Mantuvo su l\u00ednea - Gente de B\u00e1squet","isPartOf":{"@id":"https:\/\/gentedebasquet.com.ar\/sitio\/#website"},"primaryImageOfPage":{"@id":"http:\/\/gentedebasquet.com.ar\/sitio\/2014\/03\/21\/mantuvo-su-linea\/#primaryimage"},"image":{"@id":"http:\/\/gentedebasquet.com.ar\/sitio\/2014\/03\/21\/mantuvo-su-linea\/#primaryimage"},"thumbnailUrl":"https:\/\/gentedebasquet.com.ar\/sitio\/wp-content\/uploads\/2014\/03\/Reiner.jpg","datePublished":"2014-03-21T04:36:56+00:00","author":{"@id":"https:\/\/gentedebasquet.com.ar\/sitio\/#\/schema\/person\/ca0b63bbb977369988a7bbbdc519943a"},"breadcrumb":{"@id":"http:\/\/gentedebasquet.com.ar\/sitio\/2014\/03\/21\/mantuvo-su-linea\/#breadcrumb"},"inLanguage":"es","potentialAction":[{"@type":"ReadAction","target":["http:\/\/gentedebasquet.com.ar\/sitio\/2014\/03\/21\/mantuvo-su-linea\/"]}]},{"@type":"ImageObject","inLanguage":"es","@id":"http:\/\/gentedebasquet.com.ar\/sitio\/2014\/03\/21\/mantuvo-su-linea\/#primaryimage","url":"https:\/\/gentedebasquet.com.ar\/sitio\/wp-content\/uploads\/2014\/03\/Reiner.jpg","contentUrl":"https:\/\/gentedebasquet.com.ar\/sitio\/wp-content\/uploads\/2014\/03\/Reiner.jpg","width":690,"height":319},{"@type":"BreadcrumbList","@id":"http:\/\/gentedebasquet.com.ar\/sitio\/2014\/03\/21\/mantuvo-su-linea\/#breadcrumb","itemListElement":[{"@type":"ListItem","position":1,"name":"Portada","item":"https:\/\/gentedebasquet.com.ar\/sitio\/"},{"@type":"ListItem","position":2,"name":"Mantuvo su l\u00ednea"}]},{"@type":"WebSite","@id":"https:\/\/gentedebasquet.com.ar\/sitio\/#website","url":"https:\/\/gentedebasquet.com.ar\/sitio\/","name":"Gente de B\u00e1squet","description":"La revista del basquet de Bah\u00eda Blanca","potentialAction":[{"@type":"SearchAction","target":{"@type":"EntryPoint","urlTemplate":"https:\/\/gentedebasquet.com.ar\/sitio\/?s={search_term_string}"},"query-input":{"@type":"PropertyValueSpecification","valueRequired":true,"valueName":"search_term_string"}}],"inLanguage":"es"},{"@type":"Person","@id":"https:\/\/gentedebasquet.com.ar\/sitio\/#\/schema\/person\/ca0b63bbb977369988a7bbbdc519943a","name":"Gente de B\u00e1squet","image":{"@type":"ImageObject","inLanguage":"es","@id":"https:\/\/secure.gravatar.com\/avatar\/7f2c48bdc33b30088f941fb6082e555f2874c98e20cb159d7b92b50eadfce793?s=96&d=mm&r=g","url":"https:\/\/secure.gravatar.com\/avatar\/7f2c48bdc33b30088f941fb6082e555f2874c98e20cb159d7b92b50eadfce793?s=96&d=mm&r=g","contentUrl":"https:\/\/secure.gravatar.com\/avatar\/7f2c48bdc33b30088f941fb6082e555f2874c98e20cb159d7b92b50eadfce793?s=96&d=mm&r=g","caption":"Gente de B\u00e1squet"},"sameAs":["http:\/\/gentedebasquet.com.ar\/sitio"],"url":"https:\/\/gentedebasquet.com.ar\/sitio\/author\/ulises\/"}]}},"_links":{"self":[{"href":"https:\/\/gentedebasquet.com.ar\/sitio\/wp-json\/wp\/v2\/posts\/27400","targetHints":{"allow":["GET"]}}],"collection":[{"href":"https:\/\/gentedebasquet.com.ar\/sitio\/wp-json\/wp\/v2\/posts"}],"about":[{"href":"https:\/\/gentedebasquet.com.ar\/sitio\/wp-json\/wp\/v2\/types\/post"}],"author":[{"embeddable":true,"href":"https:\/\/gentedebasquet.com.ar\/sitio\/wp-json\/wp\/v2\/users\/1"}],"replies":[{"embeddable":true,"href":"https:\/\/gentedebasquet.com.ar\/sitio\/wp-json\/wp\/v2\/comments?post=27400"}],"version-history":[{"count":0,"href":"https:\/\/gentedebasquet.com.ar\/sitio\/wp-json\/wp\/v2\/posts\/27400\/revisions"}],"wp:featuredmedia":[{"embeddable":true,"href":"https:\/\/gentedebasquet.com.ar\/sitio\/wp-json\/wp\/v2\/media\/27403"}],"wp:attachment":[{"href":"https:\/\/gentedebasquet.com.ar\/sitio\/wp-json\/wp\/v2\/media?parent=27400"}],"wp:term":[{"taxonomy":"category","embeddable":true,"href":"https:\/\/gentedebasquet.com.ar\/sitio\/wp-json\/wp\/v2\/categories?post=27400"},{"taxonomy":"post_tag","embeddable":true,"href":"https:\/\/gentedebasquet.com.ar\/sitio\/wp-json\/wp\/v2\/tags?post=27400"}],"curies":[{"name":"wp","href":"https:\/\/api.w.org\/{rel}","templated":true}]}}