{"id":27486,"date":"2014-03-21T23:02:18","date_gmt":"2014-03-22T02:02:18","guid":{"rendered":"http:\/\/www.gentedebasquet.com.ar\/?p=27486"},"modified":"2014-03-21T23:02:18","modified_gmt":"2014-03-22T02:02:18","slug":"ojeda-y-platense-al-frente","status":"publish","type":"post","link":"https:\/\/gentedebasquet.com.ar\/sitio\/2014\/03\/21\/ojeda-y-platense-al-frente\/","title":{"rendered":"Ojeda y Platense, al frente"},"content":{"rendered":"<p><strong>El Calamar derrot\u00f3 a Atenas 72-68 en el inicio de la serie reclasificaci\u00f3n del Torno Federal. Nicol\u00e1s Ojeda sum\u00f3 10 puntos; en frente, Mat\u00edas Chaves colabor\u00f3 con 27. Adem\u00e1s, ganaron Santa Rita (20 unidades de Nahuel Rizzo) y P\u00e9rfora (no jug\u00f3 Juan Daniel Gonz\u00e1lez). Perdieron Uni\u00f3n de Sunchales (Ruiz) y Espa\u00f1ola de San Luis (Jos\u00e9 Guti\u00e9rrez).<\/strong><\/p>\n<p>El juego entre Paltense y Atenas Patagones fue parejo como se espera de la serie . El Calamar logr\u00f3 quedarse con el duelo, disputado en Obras Sanitarias, por 72-68, y se puso 1-0. En el local, hubo 10 puntos (0\/1 3p, 4\/9 2p, 2\/3 TL), 10 rebotes y 1 asistencias en 28m50 de <strong>Nicol\u00e1s Ojeda<\/strong>. En frente, <strong>Mat\u00edas Chaves<\/strong> totaliz\u00f3 27 unidades para ser el m\u00e1ximo anotador del partido (1\/7 3p, 10\/11 2p, 4\/4 TL); adem\u00e1s, sum\u00f3 4 recobres, 1 asistencia y 2 robos en 38m09.<\/p>\n<p>Por su parte, Santa Rita de Esquina comenz\u00f3 ganando la serie ante Villa San Mart\u00edn. Se impuso como local 76-58 con 20 puntos (2\/3 3p, 7\/9 2p), 7 rebotes, 3 asistencias y 1 robo en 31m47 de <strong>Nahuel Rizzo<\/strong>.<\/p>\n<p>Adem\u00e1s, P\u00e9rfora de Plaza Huincul venci\u00f3 como visitante a Hind\u00fa Club de C\u00f3rdoba 81-79, y comenz\u00f3 1-0 arriba su llave. El interno bahiense <strong>Juan Daniel Gonz\u00e1lez<\/strong> no ingres\u00f3.<\/p>\n<p>Finalmente, hubo dos representantes de la ciudad que perdieron su primer juego de reclasificaci\u00f3n. <strong>Jos\u00e9 Guti\u00e9rrez<\/strong> colabor\u00f3 con 14 tantos (0\/2 3p, 6\/11 2p, 2\/6 TL) y 5 rebotes en 32m04 en la derrota de Uni\u00f3n de Sunchales con Rivadavia de Mendoza 75-74. Y <strong>Juan Manuel Ruiz<\/strong> aport\u00f3 15 unidades (3\/9 3p, 3\/4 2p) y 8 tableros en 33m19.<\/p>\n<p>&nbsp;<\/p>\n<h5>Reclasificaci\u00f3n<\/h5>\n<h5>Regi\u00f3n Norte<\/h5>\n<p><strong>Nahuel Rizzo (Santa Rita)<\/strong><\/p>\n<p>Santa Rita de Esquina vs Villa San Mart\u00edn de Resistencia<br \/>\nJuego 1 &#8211; Santa Rita <a href=\"http:\/\/www.fibalivestats.com\/matches\/16999\/11\/24\/37\/83YoUyKG9D5s\/\" target=\"_blank\" rel=\"noopener\">76-58<\/a> Villa San Mart\u00edn<br \/>\nJuego 2 &#8211; Local: Villa San Mart\u00edn &#8211; Viernes 28 de marzo &#8211; 21.30 hs<br \/>\nEn caso de ser necesario, Juego 3 &#8211; Local: Santa Rita &#8211; Domingo 30 de marzo &#8211; 22 hs<\/p>\n<p>Nicol\u00e1s Avellaneda de Sgo. del Estero vs Sporstmen Unidos de Rosario<br \/>\nJuego 1 &#8211; Local: Sportsmen Unidos &#8211; Domingo 23 de marzo &#8211; 21 hs<br \/>\nJuego 2 &#8211; Local: Nicol\u00e1s Avellaneda (Estadio Ciudad) &#8211; Viernes 28 de marzo &#8211; 22 hs<br \/>\nEn caso de ser necesario, Juego 3 &#8211; Local: Nicol\u00e1s Avellaneda (Estadio Ciudad) &#8211; Domingo 30 de marzo &#8211; 22 hs<\/p>\n<p>Independiente de Tucum\u00e1n vs Pe\u00f1arol de Rosario del Tala<br \/>\nJuego 1 &#8211; Local: Pe\u00f1arol &#8211; Viernes 21 de marzo &#8211; 21.30 hs<br \/>\nJuego 2 &#8211; Local: Independiente &#8211; Viernes 28 de marzo &#8211; 22 hs<br \/>\nEn caso de ser necesario, Juego 3 &#8211; Local: Independiente &#8211; Domingo 30 de marzo &#8211; 21.30 hs<\/p>\n<p>Parque Sur de Concepci\u00f3n del Uruguay vs Tokio de Posadas<br \/>\nJuego 1 &#8211; Local: Tokio &#8211; Viernes 21 de marzo &#8211; 22 hs<br \/>\nJuego 2 &#8211; Local: Parque Sur &#8211; Jueves 27 de marzo &#8211; 21.30 hs<br \/>\nEn caso de ser necesario, Juego 3 &#8211; Local: Parque Sur &#8211; S\u00e1bado 29 de marzo &#8211; 21 hs<\/p>\n<p><strong>Juan Manuel Ruiz (Uni\u00f3n de Sunchales)<\/strong><\/p>\n<p>Uni\u00f3n de Sunchales vs Talleres de Taf\u00ed Viejo<br \/>\nJuego 1 &#8211; Talleres <a href=\"http:\/\/www.fibalivestats.com\/matches\/16999\/11\/24\/35\/74bVWOKigsrSY\/\" target=\"_blank\" rel=\"noopener\">66-59<\/a> Uni\u00f3n<br \/>\nJuego 2 &#8211; Local: Uni\u00f3n &#8211; Jueves 27 de marzo &#8211; 21.30 hs<br \/>\nEn caso de ser necesario, Juego 3 &#8211; Local: Uni\u00f3n &#8211; S\u00e1bado 29 de marzo &#8211; 21 hs<\/p>\n<p>Regatas de Concepci\u00f3n del Uruguay vs Ferrocarril de Concordia<br \/>\nJuego 1 &#8211; Local: Regatas &#8211; Viernes 21 de marzo &#8211; 21.30 hs<br \/>\nJuego 2 &#8211; Local: Ferrocarril &#8211; Viernes 28 de marzo &#8211; 21.30 hs<br \/>\nEn caso de ser necesario, Juego 3 &#8211; Local: Regatas &#8211; Domingo 30 de marzo &#8211; 21.30 hs<\/p>\n<p>Se recuerda que UNCAus de S\u00e1enz Pe\u00f1a (Conferencia Nor-Noreste) y Atl\u00e9tico Rosario del Tala (Conferencia Litoral) han clasificado de manera directa a Cuartos de Final Regional<\/p>\n<h5>Regi\u00f3n Sur<\/h5>\n<p><strong>Jos\u00e9 Guti\u00e9rrez (Espa\u00f1ola de San Luis)<\/strong><\/p>\n<p>Sociedad Espa\u00f1ola de San Luis vs Centro Deportivo Rivadavia<br \/>\nJuego 1 &#8211; Espa\u00f1ola <a href=\"http:\/\/www.fibalivestats.com\/matches\/16999\/11\/24\/32\/97eN7kqKlzKs\/\" target=\"_blank\" rel=\"noopener\">74-75<\/a> Rivadavia<br \/>\nJuego 2 &#8211; Local: Rivadavia &#8211; Viernes 28 de marzo &#8211; 22 hs<br \/>\nEn caso de ser necesario, Juego 3 &#8211; Local: Espa\u00f1ola &#8211; Domingo 30 de marzo &#8211; 21 hs<\/p>\n<p><strong>Juan Daniel Gonz\u00e1lez (P\u00e9rfora de Plaza Huincul)<\/strong><\/p>\n<p>Hind\u00fa Club de C\u00f3rdoba vs P\u00e9rfora de Plaza Huincul<br \/>\nJuego 1 &#8211; Hind\u00fa <a href=\"http:\/\/www.fibalivestats.com\/matches\/16999\/11\/24\/38\/23taEbdb5pY\/\" target=\"_blank\" rel=\"noopener\">79-81<\/a> P\u00e9rfora<br \/>\nJuego 2 &#8211; Local: P\u00e9rfora &#8211; Viernes 28 de marzo &#8211; 22 hs<br \/>\nEn caso de ser necesario, Juego 3 &#8211; Local: Hind\u00fa Club &#8211; Domingo 30 de marzo &#8211; 21 hs<\/p>\n<p>Ferrocarril Oeste de Capital Federal vs Anzorena de Mendoza<br \/>\nJuego 1 &#8211; Local: Anzorena &#8211; Viernes 21 de marzo &#8211; 21.30 hs<br \/>\nJuego 2 &#8211; Local: Ferrocarril Oeste &#8211; Viernes 28 de marzo &#8211; 21 hs<br \/>\nEn caso de ser necesario, Juego 3 &#8211; Local: Ferrocarril Oeste &#8211; Domingo 30 de marzo &#8211; 20 hs<\/p>\n<p>Independiente de Tandil vs San Lorenzo de Capital Federal<br \/>\nJuego 1 &#8211; Local: Independiente &#8211; Viernes 21 de marzo &#8211; 21.30 hs<br \/>\nJuego 2 &#8211; Local: San Lorenzo &#8211; Viernes 28 de marzo &#8211; 21 hs<br \/>\nEn caso de ser necesario, Juego 3 &#8211; Local: Independiente &#8211; Domingo 30 de marzo &#8211; 21.30 hs<\/p>\n<p><strong>Mat\u00edas Chavez (Atenas Patagones) &#8211; Jos\u00e9 Nicol\u00e1s Ojeda (Platense)<\/strong><\/p>\n<p>Atenas de Patagones vs Platense de Capital Federal<br \/>\nJuego 1 &#8211; (en Obras Sanitarias) Platense <a href=\"http:\/\/www.fibalivestats.com\/matches\/16999\/11\/24\/29\/80XVD097vpows\/\" target=\"_blank\" rel=\"noopener\">72-68<\/a> Atenas<br \/>\nJuego 2 &#8211; Local: Atenas &#8211; Viernes 28 de marzo &#8211; 21.30 hs<br \/>\nEn caso de ser necesario, Juego 3 &#8211; Local: Atenas &#8211; Domingo 30 de marzo &#8211; 21.30 hs<\/p>\n<p>Se recuerda que BHY Tiro Federal de Morteros (Conferencia Centro-Oeste), <strong>Estudiantes de Olavarr\u00eda<\/strong> (Conferencia Capital-Bonaerense) e Hispano Americano de R\u00edo Gallegos (Conferencia Patagonia) han clasificado de manera directa a Cuartos de Final Regional.<\/p>\n<p>Adem\u00e1s, <strong>H\u00e9ctor Santini<\/strong> (entrenador de Uni\u00f3n Vecinal de La Plata), <strong>Mauro Mi\u00e9rez<\/strong> (estudiantes de La Plata) y <strong>Francisco Gayt\u00e1n<\/strong> (Del Progreso de General Roca), mantuvieron la categor\u00eda pero finalizaron su participaci\u00f3n en la presente temporada.<\/p>\n<p><strong>Fuente:<\/strong>\u00a0Prensa Torneo Federal y Poste Bajo<\/p>\n<p><strong>Foto:<\/strong>\u00a0Poste Bajo.<\/p>\n","protected":false},"excerpt":{"rendered":"<p>Vencieron a Atenas Patagones (Chaves) en la reclasificaci\u00f3n del Federal.<\/p>\n","protected":false},"author":1,"featured_media":27487,"comment_status":"closed","ping_status":"open","sticky":false,"template":"","format":"standard","meta":{"jnews-multi-image_gallery":[],"jnews_single_post":[],"jnews_primary_category":[],"footnotes":""},"categories":[34,36,39,101],"tags":[85,122,51,145,40],"class_list":["post-27486","post","type-post","status-publish","format-standard","has-post-thumbnail","hentry","category-bahienses-afuera","category-federal","category-nacional","category-slide","tag-atenas-patagones","tag-jose-nicolas-ojeda","tag-matias-chaves","tag-platense","tag-torneo-federal"],"yoast_head":"<!-- This site is optimized with the Yoast SEO plugin v27.5 - https:\/\/yoast.com\/product\/yoast-seo-wordpress\/ -->\n<title>Ojeda y Platense, al frente - Gente de B\u00e1squet<\/title>\n<meta name=\"robots\" content=\"index, follow, max-snippet:-1, max-image-preview:large, max-video-preview:-1\" \/>\n<link rel=\"canonical\" href=\"https:\/\/gentedebasquet.com.ar\/sitio\/2014\/03\/21\/ojeda-y-platense-al-frente\/\" \/>\n<meta property=\"og:locale\" content=\"es_ES\" \/>\n<meta property=\"og:type\" content=\"article\" \/>\n<meta property=\"og:title\" content=\"Ojeda y Platense, al frente - Gente de B\u00e1squet\" \/>\n<meta property=\"og:description\" content=\"Vencieron a Atenas Patagones (Chaves) en la reclasificaci\u00f3n del Federal.\" \/>\n<meta property=\"og:url\" content=\"https:\/\/gentedebasquet.com.ar\/sitio\/2014\/03\/21\/ojeda-y-platense-al-frente\/\" \/>\n<meta property=\"og:site_name\" content=\"Gente de B\u00e1squet\" \/>\n<meta property=\"article:published_time\" content=\"2014-03-22T02:02:18+00:00\" \/>\n<meta property=\"og:image\" content=\"https:\/\/gentedebasquet.com.ar\/sitio\/wp-content\/uploads\/2014\/03\/Platense-Atenas.jpg\" \/>\n\t<meta property=\"og:image:width\" content=\"690\" \/>\n\t<meta property=\"og:image:height\" content=\"319\" \/>\n\t<meta property=\"og:image:type\" content=\"image\/jpeg\" \/>\n<meta name=\"author\" content=\"Gente de B\u00e1squet\" \/>\n<meta name=\"twitter:card\" content=\"summary_large_image\" \/>\n<meta name=\"twitter:label1\" content=\"Escrito por\" \/>\n\t<meta name=\"twitter:data1\" content=\"Gente de B\u00e1squet\" \/>\n\t<meta name=\"twitter:label2\" content=\"Tiempo de lectura\" \/>\n\t<meta name=\"twitter:data2\" content=\"5 minutos\" \/>\n<script type=\"application\/ld+json\" class=\"yoast-schema-graph\">{\"@context\":\"https:\\\/\\\/schema.org\",\"@graph\":[{\"@type\":\"Article\",\"@id\":\"https:\\\/\\\/gentedebasquet.com.ar\\\/sitio\\\/2014\\\/03\\\/21\\\/ojeda-y-platense-al-frente\\\/#article\",\"isPartOf\":{\"@id\":\"https:\\\/\\\/gentedebasquet.com.ar\\\/sitio\\\/2014\\\/03\\\/21\\\/ojeda-y-platense-al-frente\\\/\"},\"author\":{\"name\":\"Gente de B\u00e1squet\",\"@id\":\"https:\\\/\\\/gentedebasquet.com.ar\\\/sitio\\\/#\\\/schema\\\/person\\\/ca0b63bbb977369988a7bbbdc519943a\"},\"headline\":\"Ojeda y Platense, al frente\",\"datePublished\":\"2014-03-22T02:02:18+00:00\",\"mainEntityOfPage\":{\"@id\":\"https:\\\/\\\/gentedebasquet.com.ar\\\/sitio\\\/2014\\\/03\\\/21\\\/ojeda-y-platense-al-frente\\\/\"},\"wordCount\":933,\"image\":{\"@id\":\"https:\\\/\\\/gentedebasquet.com.ar\\\/sitio\\\/2014\\\/03\\\/21\\\/ojeda-y-platense-al-frente\\\/#primaryimage\"},\"thumbnailUrl\":\"https:\\\/\\\/gentedebasquet.com.ar\\\/sitio\\\/wp-content\\\/uploads\\\/2014\\\/03\\\/Platense-Atenas.jpg\",\"keywords\":[\"Atenas Patagones\",\"Jos\u00e9 Nicol\u00e1s Ojeda\",\"Mat\u00edas Chaves\",\"Platense\",\"Torneo Federal\"],\"articleSection\":[\"Bahienses Afuera\",\"Federal\",\"Nacional\",\"Slide\"],\"inLanguage\":\"es\"},{\"@type\":\"WebPage\",\"@id\":\"https:\\\/\\\/gentedebasquet.com.ar\\\/sitio\\\/2014\\\/03\\\/21\\\/ojeda-y-platense-al-frente\\\/\",\"url\":\"https:\\\/\\\/gentedebasquet.com.ar\\\/sitio\\\/2014\\\/03\\\/21\\\/ojeda-y-platense-al-frente\\\/\",\"name\":\"Ojeda y Platense, al frente - Gente de B\u00e1squet\",\"isPartOf\":{\"@id\":\"https:\\\/\\\/gentedebasquet.com.ar\\\/sitio\\\/#website\"},\"primaryImageOfPage\":{\"@id\":\"https:\\\/\\\/gentedebasquet.com.ar\\\/sitio\\\/2014\\\/03\\\/21\\\/ojeda-y-platense-al-frente\\\/#primaryimage\"},\"image\":{\"@id\":\"https:\\\/\\\/gentedebasquet.com.ar\\\/sitio\\\/2014\\\/03\\\/21\\\/ojeda-y-platense-al-frente\\\/#primaryimage\"},\"thumbnailUrl\":\"https:\\\/\\\/gentedebasquet.com.ar\\\/sitio\\\/wp-content\\\/uploads\\\/2014\\\/03\\\/Platense-Atenas.jpg\",\"datePublished\":\"2014-03-22T02:02:18+00:00\",\"author\":{\"@id\":\"https:\\\/\\\/gentedebasquet.com.ar\\\/sitio\\\/#\\\/schema\\\/person\\\/ca0b63bbb977369988a7bbbdc519943a\"},\"breadcrumb\":{\"@id\":\"https:\\\/\\\/gentedebasquet.com.ar\\\/sitio\\\/2014\\\/03\\\/21\\\/ojeda-y-platense-al-frente\\\/#breadcrumb\"},\"inLanguage\":\"es\",\"potentialAction\":[{\"@type\":\"ReadAction\",\"target\":[\"https:\\\/\\\/gentedebasquet.com.ar\\\/sitio\\\/2014\\\/03\\\/21\\\/ojeda-y-platense-al-frente\\\/\"]}]},{\"@type\":\"ImageObject\",\"inLanguage\":\"es\",\"@id\":\"https:\\\/\\\/gentedebasquet.com.ar\\\/sitio\\\/2014\\\/03\\\/21\\\/ojeda-y-platense-al-frente\\\/#primaryimage\",\"url\":\"https:\\\/\\\/gentedebasquet.com.ar\\\/sitio\\\/wp-content\\\/uploads\\\/2014\\\/03\\\/Platense-Atenas.jpg\",\"contentUrl\":\"https:\\\/\\\/gentedebasquet.com.ar\\\/sitio\\\/wp-content\\\/uploads\\\/2014\\\/03\\\/Platense-Atenas.jpg\",\"width\":690,\"height\":319},{\"@type\":\"BreadcrumbList\",\"@id\":\"https:\\\/\\\/gentedebasquet.com.ar\\\/sitio\\\/2014\\\/03\\\/21\\\/ojeda-y-platense-al-frente\\\/#breadcrumb\",\"itemListElement\":[{\"@type\":\"ListItem\",\"position\":1,\"name\":\"Portada\",\"item\":\"https:\\\/\\\/gentedebasquet.com.ar\\\/sitio\\\/\"},{\"@type\":\"ListItem\",\"position\":2,\"name\":\"Ojeda y Platense, al frente\"}]},{\"@type\":\"WebSite\",\"@id\":\"https:\\\/\\\/gentedebasquet.com.ar\\\/sitio\\\/#website\",\"url\":\"https:\\\/\\\/gentedebasquet.com.ar\\\/sitio\\\/\",\"name\":\"Gente de B\u00e1squet\",\"description\":\"La revista del basquet de Bah\u00eda Blanca\",\"potentialAction\":[{\"@type\":\"SearchAction\",\"target\":{\"@type\":\"EntryPoint\",\"urlTemplate\":\"https:\\\/\\\/gentedebasquet.com.ar\\\/sitio\\\/?s={search_term_string}\"},\"query-input\":{\"@type\":\"PropertyValueSpecification\",\"valueRequired\":true,\"valueName\":\"search_term_string\"}}],\"inLanguage\":\"es\"},{\"@type\":\"Person\",\"@id\":\"https:\\\/\\\/gentedebasquet.com.ar\\\/sitio\\\/#\\\/schema\\\/person\\\/ca0b63bbb977369988a7bbbdc519943a\",\"name\":\"Gente de B\u00e1squet\",\"image\":{\"@type\":\"ImageObject\",\"inLanguage\":\"es\",\"@id\":\"https:\\\/\\\/secure.gravatar.com\\\/avatar\\\/7f2c48bdc33b30088f941fb6082e555f2874c98e20cb159d7b92b50eadfce793?s=96&d=mm&r=g\",\"url\":\"https:\\\/\\\/secure.gravatar.com\\\/avatar\\\/7f2c48bdc33b30088f941fb6082e555f2874c98e20cb159d7b92b50eadfce793?s=96&d=mm&r=g\",\"contentUrl\":\"https:\\\/\\\/secure.gravatar.com\\\/avatar\\\/7f2c48bdc33b30088f941fb6082e555f2874c98e20cb159d7b92b50eadfce793?s=96&d=mm&r=g\",\"caption\":\"Gente de B\u00e1squet\"},\"sameAs\":[\"http:\\\/\\\/gentedebasquet.com.ar\\\/sitio\"],\"url\":\"https:\\\/\\\/gentedebasquet.com.ar\\\/sitio\\\/author\\\/ulises\\\/\"}]}<\/script>\n<!-- \/ Yoast SEO plugin. -->","yoast_head_json":{"title":"Ojeda y Platense, al frente - Gente de B\u00e1squet","robots":{"index":"index","follow":"follow","max-snippet":"max-snippet:-1","max-image-preview":"max-image-preview:large","max-video-preview":"max-video-preview:-1"},"canonical":"https:\/\/gentedebasquet.com.ar\/sitio\/2014\/03\/21\/ojeda-y-platense-al-frente\/","og_locale":"es_ES","og_type":"article","og_title":"Ojeda y Platense, al frente - Gente de B\u00e1squet","og_description":"Vencieron a Atenas Patagones (Chaves) en la reclasificaci\u00f3n del Federal.","og_url":"https:\/\/gentedebasquet.com.ar\/sitio\/2014\/03\/21\/ojeda-y-platense-al-frente\/","og_site_name":"Gente de B\u00e1squet","article_published_time":"2014-03-22T02:02:18+00:00","og_image":[{"width":690,"height":319,"url":"https:\/\/gentedebasquet.com.ar\/sitio\/wp-content\/uploads\/2014\/03\/Platense-Atenas.jpg","type":"image\/jpeg"}],"author":"Gente de B\u00e1squet","twitter_card":"summary_large_image","twitter_misc":{"Escrito por":"Gente de B\u00e1squet","Tiempo de lectura":"5 minutos"},"schema":{"@context":"https:\/\/schema.org","@graph":[{"@type":"Article","@id":"https:\/\/gentedebasquet.com.ar\/sitio\/2014\/03\/21\/ojeda-y-platense-al-frente\/#article","isPartOf":{"@id":"https:\/\/gentedebasquet.com.ar\/sitio\/2014\/03\/21\/ojeda-y-platense-al-frente\/"},"author":{"name":"Gente de B\u00e1squet","@id":"https:\/\/gentedebasquet.com.ar\/sitio\/#\/schema\/person\/ca0b63bbb977369988a7bbbdc519943a"},"headline":"Ojeda y Platense, al frente","datePublished":"2014-03-22T02:02:18+00:00","mainEntityOfPage":{"@id":"https:\/\/gentedebasquet.com.ar\/sitio\/2014\/03\/21\/ojeda-y-platense-al-frente\/"},"wordCount":933,"image":{"@id":"https:\/\/gentedebasquet.com.ar\/sitio\/2014\/03\/21\/ojeda-y-platense-al-frente\/#primaryimage"},"thumbnailUrl":"https:\/\/gentedebasquet.com.ar\/sitio\/wp-content\/uploads\/2014\/03\/Platense-Atenas.jpg","keywords":["Atenas Patagones","Jos\u00e9 Nicol\u00e1s Ojeda","Mat\u00edas Chaves","Platense","Torneo Federal"],"articleSection":["Bahienses Afuera","Federal","Nacional","Slide"],"inLanguage":"es"},{"@type":"WebPage","@id":"https:\/\/gentedebasquet.com.ar\/sitio\/2014\/03\/21\/ojeda-y-platense-al-frente\/","url":"https:\/\/gentedebasquet.com.ar\/sitio\/2014\/03\/21\/ojeda-y-platense-al-frente\/","name":"Ojeda y Platense, al frente - Gente de B\u00e1squet","isPartOf":{"@id":"https:\/\/gentedebasquet.com.ar\/sitio\/#website"},"primaryImageOfPage":{"@id":"https:\/\/gentedebasquet.com.ar\/sitio\/2014\/03\/21\/ojeda-y-platense-al-frente\/#primaryimage"},"image":{"@id":"https:\/\/gentedebasquet.com.ar\/sitio\/2014\/03\/21\/ojeda-y-platense-al-frente\/#primaryimage"},"thumbnailUrl":"https:\/\/gentedebasquet.com.ar\/sitio\/wp-content\/uploads\/2014\/03\/Platense-Atenas.jpg","datePublished":"2014-03-22T02:02:18+00:00","author":{"@id":"https:\/\/gentedebasquet.com.ar\/sitio\/#\/schema\/person\/ca0b63bbb977369988a7bbbdc519943a"},"breadcrumb":{"@id":"https:\/\/gentedebasquet.com.ar\/sitio\/2014\/03\/21\/ojeda-y-platense-al-frente\/#breadcrumb"},"inLanguage":"es","potentialAction":[{"@type":"ReadAction","target":["https:\/\/gentedebasquet.com.ar\/sitio\/2014\/03\/21\/ojeda-y-platense-al-frente\/"]}]},{"@type":"ImageObject","inLanguage":"es","@id":"https:\/\/gentedebasquet.com.ar\/sitio\/2014\/03\/21\/ojeda-y-platense-al-frente\/#primaryimage","url":"https:\/\/gentedebasquet.com.ar\/sitio\/wp-content\/uploads\/2014\/03\/Platense-Atenas.jpg","contentUrl":"https:\/\/gentedebasquet.com.ar\/sitio\/wp-content\/uploads\/2014\/03\/Platense-Atenas.jpg","width":690,"height":319},{"@type":"BreadcrumbList","@id":"https:\/\/gentedebasquet.com.ar\/sitio\/2014\/03\/21\/ojeda-y-platense-al-frente\/#breadcrumb","itemListElement":[{"@type":"ListItem","position":1,"name":"Portada","item":"https:\/\/gentedebasquet.com.ar\/sitio\/"},{"@type":"ListItem","position":2,"name":"Ojeda y Platense, al frente"}]},{"@type":"WebSite","@id":"https:\/\/gentedebasquet.com.ar\/sitio\/#website","url":"https:\/\/gentedebasquet.com.ar\/sitio\/","name":"Gente de B\u00e1squet","description":"La revista del basquet de Bah\u00eda Blanca","potentialAction":[{"@type":"SearchAction","target":{"@type":"EntryPoint","urlTemplate":"https:\/\/gentedebasquet.com.ar\/sitio\/?s={search_term_string}"},"query-input":{"@type":"PropertyValueSpecification","valueRequired":true,"valueName":"search_term_string"}}],"inLanguage":"es"},{"@type":"Person","@id":"https:\/\/gentedebasquet.com.ar\/sitio\/#\/schema\/person\/ca0b63bbb977369988a7bbbdc519943a","name":"Gente de B\u00e1squet","image":{"@type":"ImageObject","inLanguage":"es","@id":"https:\/\/secure.gravatar.com\/avatar\/7f2c48bdc33b30088f941fb6082e555f2874c98e20cb159d7b92b50eadfce793?s=96&d=mm&r=g","url":"https:\/\/secure.gravatar.com\/avatar\/7f2c48bdc33b30088f941fb6082e555f2874c98e20cb159d7b92b50eadfce793?s=96&d=mm&r=g","contentUrl":"https:\/\/secure.gravatar.com\/avatar\/7f2c48bdc33b30088f941fb6082e555f2874c98e20cb159d7b92b50eadfce793?s=96&d=mm&r=g","caption":"Gente de B\u00e1squet"},"sameAs":["http:\/\/gentedebasquet.com.ar\/sitio"],"url":"https:\/\/gentedebasquet.com.ar\/sitio\/author\/ulises\/"}]}},"_links":{"self":[{"href":"https:\/\/gentedebasquet.com.ar\/sitio\/wp-json\/wp\/v2\/posts\/27486","targetHints":{"allow":["GET"]}}],"collection":[{"href":"https:\/\/gentedebasquet.com.ar\/sitio\/wp-json\/wp\/v2\/posts"}],"about":[{"href":"https:\/\/gentedebasquet.com.ar\/sitio\/wp-json\/wp\/v2\/types\/post"}],"author":[{"embeddable":true,"href":"https:\/\/gentedebasquet.com.ar\/sitio\/wp-json\/wp\/v2\/users\/1"}],"replies":[{"embeddable":true,"href":"https:\/\/gentedebasquet.com.ar\/sitio\/wp-json\/wp\/v2\/comments?post=27486"}],"version-history":[{"count":0,"href":"https:\/\/gentedebasquet.com.ar\/sitio\/wp-json\/wp\/v2\/posts\/27486\/revisions"}],"wp:featuredmedia":[{"embeddable":true,"href":"https:\/\/gentedebasquet.com.ar\/sitio\/wp-json\/wp\/v2\/media\/27487"}],"wp:attachment":[{"href":"https:\/\/gentedebasquet.com.ar\/sitio\/wp-json\/wp\/v2\/media?parent=27486"}],"wp:term":[{"taxonomy":"category","embeddable":true,"href":"https:\/\/gentedebasquet.com.ar\/sitio\/wp-json\/wp\/v2\/categories?post=27486"},{"taxonomy":"post_tag","embeddable":true,"href":"https:\/\/gentedebasquet.com.ar\/sitio\/wp-json\/wp\/v2\/tags?post=27486"}],"curies":[{"name":"wp","href":"https:\/\/api.w.org\/{rel}","templated":true}]}}