{"id":27806,"date":"2014-03-25T17:31:59","date_gmt":"2014-03-25T20:31:59","guid":{"rendered":"http:\/\/www.gentedebasquet.com.ar\/?p=27806"},"modified":"2014-03-25T17:31:59","modified_gmt":"2014-03-25T20:31:59","slug":"sella-4-partidos-afuera","status":"publish","type":"post","link":"https:\/\/gentedebasquet.com.ar\/sitio\/2014\/03\/25\/sella-4-partidos-afuera\/","title":{"rendered":"Sella, 4 partidos afuera"},"content":{"rendered":"<p><strong>El base de Pacifico fue sancionado con 4 (cuatro) partidos de suspensi\u00f3n por insultar al segundo juez del encuentro que disput\u00f3 su equipo, Pac\u00edfico, <a href=\"http:\/\/www.gentedebasquet.com.ar\/mantuvo-su-linea\/\" target=\"_blank\" rel=\"noopener\">ante Argentino<\/a>. El juego fue v\u00e1lido por la 1\u00ba fecha y Sella ya se perdi\u00f3 el cotejo ante Estrella, por la segunda, por lo que volver\u00e1 a ser tenido en cuenta ante Velocidad, en la 6\u00ba jornada.<\/strong><\/p>\n<p><em>Expte. Nro. 01\/14<\/em><\/p>\n<p><em>Partido: ARGENTINO &#8211; PACIFICO<\/em><\/p>\n<p><em>Categor\u00eda: SEGUNDA<\/em><\/p>\n<p><em>Fecha: 20 de Marzo de 2014<\/em><\/p>\n<p><em>BAHIA BLANCA, 25 de Marzo de 2014.-<\/em><\/p>\n<p><em>Y VISTOS: El informe producido por los sres. Jueces de donde surge que durante el transcurso del segundo periodo y luego de hab\u00e9rsele sancionado una falta t\u00e9cnica fue descalificado del mismo el Sr. Ignacio Manuel Sella, carnet n\u00ba 7569 jugador del club Pacifico por insultar al segundo juez este Tribunal resuelve: Sancionar al Sr. Ignacio Manuel Sella, carnet n\u00ba 7569 jugador del club Pacifico con la pena de SUSPENSION por 4 encuentros de conformidad a lo previsto en el art. 107 inc. \u201cg\u201d del C.P.-<\/em><\/p>\n","protected":false},"excerpt":{"rendered":"<p>Fue sancionado por insultar al juez Mauro Reyes en Argentino &#8211; Pac\u00edfico.<\/p>\n","protected":false},"author":1,"featured_media":25405,"comment_status":"closed","ping_status":"open","sticky":false,"template":"","format":"standard","meta":{"jnews-multi-image_gallery":[],"jnews_single_post":[],"jnews_primary_category":[],"footnotes":""},"categories":[24],"tags":[256,257,17,258],"class_list":["post-27806","post","type-post","status-publish","format-standard","has-post-thumbnail","hentry","category-overtime","tag-ignacio-sella","tag-mauro-reyes","tag-pacifico","tag-tribunal-de-disciplina"],"yoast_head":"<!-- This site is optimized with the Yoast SEO plugin v27.5 - https:\/\/yoast.com\/product\/yoast-seo-wordpress\/ -->\n<title>Sella, 4 partidos afuera - Gente de B\u00e1squet<\/title>\n<meta name=\"robots\" content=\"index, follow, max-snippet:-1, max-image-preview:large, max-video-preview:-1\" \/>\n<link rel=\"canonical\" href=\"https:\/\/gentedebasquet.com.ar\/sitio\/2014\/03\/25\/sella-4-partidos-afuera\/\" \/>\n<meta property=\"og:locale\" content=\"es_ES\" \/>\n<meta property=\"og:type\" content=\"article\" \/>\n<meta property=\"og:title\" content=\"Sella, 4 partidos afuera - Gente de B\u00e1squet\" \/>\n<meta property=\"og:description\" content=\"Fue sancionado por insultar al juez Mauro Reyes en Argentino - Pac\u00edfico.\" \/>\n<meta property=\"og:url\" content=\"https:\/\/gentedebasquet.com.ar\/sitio\/2014\/03\/25\/sella-4-partidos-afuera\/\" \/>\n<meta property=\"og:site_name\" content=\"Gente de B\u00e1squet\" \/>\n<meta property=\"article:published_time\" content=\"2014-03-25T20:31:59+00:00\" \/>\n<meta property=\"og:image\" content=\"https:\/\/gentedebasquet.com.ar\/sitio\/wp-content\/uploads\/2013\/12\/Asociacion-Bahiense-de-Basquet.jpg\" \/>\n\t<meta property=\"og:image:width\" content=\"300\" \/>\n\t<meta property=\"og:image:height\" content=\"226\" \/>\n\t<meta property=\"og:image:type\" content=\"image\/jpeg\" \/>\n<meta name=\"author\" content=\"Gente de B\u00e1squet\" \/>\n<meta name=\"twitter:card\" content=\"summary_large_image\" \/>\n<meta name=\"twitter:label1\" content=\"Escrito por\" \/>\n\t<meta name=\"twitter:data1\" content=\"Gente de B\u00e1squet\" \/>\n\t<meta name=\"twitter:label2\" content=\"Tiempo de lectura\" \/>\n\t<meta name=\"twitter:data2\" content=\"1 minuto\" \/>\n<script type=\"application\/ld+json\" class=\"yoast-schema-graph\">{\"@context\":\"https:\\\/\\\/schema.org\",\"@graph\":[{\"@type\":\"Article\",\"@id\":\"https:\\\/\\\/gentedebasquet.com.ar\\\/sitio\\\/2014\\\/03\\\/25\\\/sella-4-partidos-afuera\\\/#article\",\"isPartOf\":{\"@id\":\"https:\\\/\\\/gentedebasquet.com.ar\\\/sitio\\\/2014\\\/03\\\/25\\\/sella-4-partidos-afuera\\\/\"},\"author\":{\"name\":\"Gente de B\u00e1squet\",\"@id\":\"https:\\\/\\\/gentedebasquet.com.ar\\\/sitio\\\/#\\\/schema\\\/person\\\/ca0b63bbb977369988a7bbbdc519943a\"},\"headline\":\"Sella, 4 partidos afuera\",\"datePublished\":\"2014-03-25T20:31:59+00:00\",\"mainEntityOfPage\":{\"@id\":\"https:\\\/\\\/gentedebasquet.com.ar\\\/sitio\\\/2014\\\/03\\\/25\\\/sella-4-partidos-afuera\\\/\"},\"wordCount\":167,\"image\":{\"@id\":\"https:\\\/\\\/gentedebasquet.com.ar\\\/sitio\\\/2014\\\/03\\\/25\\\/sella-4-partidos-afuera\\\/#primaryimage\"},\"thumbnailUrl\":\"https:\\\/\\\/gentedebasquet.com.ar\\\/sitio\\\/wp-content\\\/uploads\\\/2013\\\/12\\\/Asociacion-Bahiense-de-Basquet.jpg\",\"keywords\":[\"Ignacio Sella\",\"Mauro Reyes\",\"Pacifico\",\"Tribunal de Disciplina\"],\"articleSection\":[\"#Overtime\"],\"inLanguage\":\"es\"},{\"@type\":\"WebPage\",\"@id\":\"https:\\\/\\\/gentedebasquet.com.ar\\\/sitio\\\/2014\\\/03\\\/25\\\/sella-4-partidos-afuera\\\/\",\"url\":\"https:\\\/\\\/gentedebasquet.com.ar\\\/sitio\\\/2014\\\/03\\\/25\\\/sella-4-partidos-afuera\\\/\",\"name\":\"Sella, 4 partidos afuera - Gente de B\u00e1squet\",\"isPartOf\":{\"@id\":\"https:\\\/\\\/gentedebasquet.com.ar\\\/sitio\\\/#website\"},\"primaryImageOfPage\":{\"@id\":\"https:\\\/\\\/gentedebasquet.com.ar\\\/sitio\\\/2014\\\/03\\\/25\\\/sella-4-partidos-afuera\\\/#primaryimage\"},\"image\":{\"@id\":\"https:\\\/\\\/gentedebasquet.com.ar\\\/sitio\\\/2014\\\/03\\\/25\\\/sella-4-partidos-afuera\\\/#primaryimage\"},\"thumbnailUrl\":\"https:\\\/\\\/gentedebasquet.com.ar\\\/sitio\\\/wp-content\\\/uploads\\\/2013\\\/12\\\/Asociacion-Bahiense-de-Basquet.jpg\",\"datePublished\":\"2014-03-25T20:31:59+00:00\",\"author\":{\"@id\":\"https:\\\/\\\/gentedebasquet.com.ar\\\/sitio\\\/#\\\/schema\\\/person\\\/ca0b63bbb977369988a7bbbdc519943a\"},\"breadcrumb\":{\"@id\":\"https:\\\/\\\/gentedebasquet.com.ar\\\/sitio\\\/2014\\\/03\\\/25\\\/sella-4-partidos-afuera\\\/#breadcrumb\"},\"inLanguage\":\"es\",\"potentialAction\":[{\"@type\":\"ReadAction\",\"target\":[\"https:\\\/\\\/gentedebasquet.com.ar\\\/sitio\\\/2014\\\/03\\\/25\\\/sella-4-partidos-afuera\\\/\"]}]},{\"@type\":\"ImageObject\",\"inLanguage\":\"es\",\"@id\":\"https:\\\/\\\/gentedebasquet.com.ar\\\/sitio\\\/2014\\\/03\\\/25\\\/sella-4-partidos-afuera\\\/#primaryimage\",\"url\":\"https:\\\/\\\/gentedebasquet.com.ar\\\/sitio\\\/wp-content\\\/uploads\\\/2013\\\/12\\\/Asociacion-Bahiense-de-Basquet.jpg\",\"contentUrl\":\"https:\\\/\\\/gentedebasquet.com.ar\\\/sitio\\\/wp-content\\\/uploads\\\/2013\\\/12\\\/Asociacion-Bahiense-de-Basquet.jpg\",\"width\":300,\"height\":226},{\"@type\":\"BreadcrumbList\",\"@id\":\"https:\\\/\\\/gentedebasquet.com.ar\\\/sitio\\\/2014\\\/03\\\/25\\\/sella-4-partidos-afuera\\\/#breadcrumb\",\"itemListElement\":[{\"@type\":\"ListItem\",\"position\":1,\"name\":\"Portada\",\"item\":\"https:\\\/\\\/gentedebasquet.com.ar\\\/sitio\\\/\"},{\"@type\":\"ListItem\",\"position\":2,\"name\":\"Sella, 4 partidos afuera\"}]},{\"@type\":\"WebSite\",\"@id\":\"https:\\\/\\\/gentedebasquet.com.ar\\\/sitio\\\/#website\",\"url\":\"https:\\\/\\\/gentedebasquet.com.ar\\\/sitio\\\/\",\"name\":\"Gente de B\u00e1squet\",\"description\":\"La revista del basquet de Bah\u00eda Blanca\",\"potentialAction\":[{\"@type\":\"SearchAction\",\"target\":{\"@type\":\"EntryPoint\",\"urlTemplate\":\"https:\\\/\\\/gentedebasquet.com.ar\\\/sitio\\\/?s={search_term_string}\"},\"query-input\":{\"@type\":\"PropertyValueSpecification\",\"valueRequired\":true,\"valueName\":\"search_term_string\"}}],\"inLanguage\":\"es\"},{\"@type\":\"Person\",\"@id\":\"https:\\\/\\\/gentedebasquet.com.ar\\\/sitio\\\/#\\\/schema\\\/person\\\/ca0b63bbb977369988a7bbbdc519943a\",\"name\":\"Gente de B\u00e1squet\",\"image\":{\"@type\":\"ImageObject\",\"inLanguage\":\"es\",\"@id\":\"https:\\\/\\\/secure.gravatar.com\\\/avatar\\\/7f2c48bdc33b30088f941fb6082e555f2874c98e20cb159d7b92b50eadfce793?s=96&d=mm&r=g\",\"url\":\"https:\\\/\\\/secure.gravatar.com\\\/avatar\\\/7f2c48bdc33b30088f941fb6082e555f2874c98e20cb159d7b92b50eadfce793?s=96&d=mm&r=g\",\"contentUrl\":\"https:\\\/\\\/secure.gravatar.com\\\/avatar\\\/7f2c48bdc33b30088f941fb6082e555f2874c98e20cb159d7b92b50eadfce793?s=96&d=mm&r=g\",\"caption\":\"Gente de B\u00e1squet\"},\"sameAs\":[\"http:\\\/\\\/gentedebasquet.com.ar\\\/sitio\"],\"url\":\"https:\\\/\\\/gentedebasquet.com.ar\\\/sitio\\\/author\\\/ulises\\\/\"}]}<\/script>\n<!-- \/ Yoast SEO plugin. -->","yoast_head_json":{"title":"Sella, 4 partidos afuera - Gente de B\u00e1squet","robots":{"index":"index","follow":"follow","max-snippet":"max-snippet:-1","max-image-preview":"max-image-preview:large","max-video-preview":"max-video-preview:-1"},"canonical":"https:\/\/gentedebasquet.com.ar\/sitio\/2014\/03\/25\/sella-4-partidos-afuera\/","og_locale":"es_ES","og_type":"article","og_title":"Sella, 4 partidos afuera - Gente de B\u00e1squet","og_description":"Fue sancionado por insultar al juez Mauro Reyes en Argentino - Pac\u00edfico.","og_url":"https:\/\/gentedebasquet.com.ar\/sitio\/2014\/03\/25\/sella-4-partidos-afuera\/","og_site_name":"Gente de B\u00e1squet","article_published_time":"2014-03-25T20:31:59+00:00","og_image":[{"width":300,"height":226,"url":"https:\/\/gentedebasquet.com.ar\/sitio\/wp-content\/uploads\/2013\/12\/Asociacion-Bahiense-de-Basquet.jpg","type":"image\/jpeg"}],"author":"Gente de B\u00e1squet","twitter_card":"summary_large_image","twitter_misc":{"Escrito por":"Gente de B\u00e1squet","Tiempo de lectura":"1 minuto"},"schema":{"@context":"https:\/\/schema.org","@graph":[{"@type":"Article","@id":"https:\/\/gentedebasquet.com.ar\/sitio\/2014\/03\/25\/sella-4-partidos-afuera\/#article","isPartOf":{"@id":"https:\/\/gentedebasquet.com.ar\/sitio\/2014\/03\/25\/sella-4-partidos-afuera\/"},"author":{"name":"Gente de B\u00e1squet","@id":"https:\/\/gentedebasquet.com.ar\/sitio\/#\/schema\/person\/ca0b63bbb977369988a7bbbdc519943a"},"headline":"Sella, 4 partidos afuera","datePublished":"2014-03-25T20:31:59+00:00","mainEntityOfPage":{"@id":"https:\/\/gentedebasquet.com.ar\/sitio\/2014\/03\/25\/sella-4-partidos-afuera\/"},"wordCount":167,"image":{"@id":"https:\/\/gentedebasquet.com.ar\/sitio\/2014\/03\/25\/sella-4-partidos-afuera\/#primaryimage"},"thumbnailUrl":"https:\/\/gentedebasquet.com.ar\/sitio\/wp-content\/uploads\/2013\/12\/Asociacion-Bahiense-de-Basquet.jpg","keywords":["Ignacio Sella","Mauro Reyes","Pacifico","Tribunal de Disciplina"],"articleSection":["#Overtime"],"inLanguage":"es"},{"@type":"WebPage","@id":"https:\/\/gentedebasquet.com.ar\/sitio\/2014\/03\/25\/sella-4-partidos-afuera\/","url":"https:\/\/gentedebasquet.com.ar\/sitio\/2014\/03\/25\/sella-4-partidos-afuera\/","name":"Sella, 4 partidos afuera - Gente de B\u00e1squet","isPartOf":{"@id":"https:\/\/gentedebasquet.com.ar\/sitio\/#website"},"primaryImageOfPage":{"@id":"https:\/\/gentedebasquet.com.ar\/sitio\/2014\/03\/25\/sella-4-partidos-afuera\/#primaryimage"},"image":{"@id":"https:\/\/gentedebasquet.com.ar\/sitio\/2014\/03\/25\/sella-4-partidos-afuera\/#primaryimage"},"thumbnailUrl":"https:\/\/gentedebasquet.com.ar\/sitio\/wp-content\/uploads\/2013\/12\/Asociacion-Bahiense-de-Basquet.jpg","datePublished":"2014-03-25T20:31:59+00:00","author":{"@id":"https:\/\/gentedebasquet.com.ar\/sitio\/#\/schema\/person\/ca0b63bbb977369988a7bbbdc519943a"},"breadcrumb":{"@id":"https:\/\/gentedebasquet.com.ar\/sitio\/2014\/03\/25\/sella-4-partidos-afuera\/#breadcrumb"},"inLanguage":"es","potentialAction":[{"@type":"ReadAction","target":["https:\/\/gentedebasquet.com.ar\/sitio\/2014\/03\/25\/sella-4-partidos-afuera\/"]}]},{"@type":"ImageObject","inLanguage":"es","@id":"https:\/\/gentedebasquet.com.ar\/sitio\/2014\/03\/25\/sella-4-partidos-afuera\/#primaryimage","url":"https:\/\/gentedebasquet.com.ar\/sitio\/wp-content\/uploads\/2013\/12\/Asociacion-Bahiense-de-Basquet.jpg","contentUrl":"https:\/\/gentedebasquet.com.ar\/sitio\/wp-content\/uploads\/2013\/12\/Asociacion-Bahiense-de-Basquet.jpg","width":300,"height":226},{"@type":"BreadcrumbList","@id":"https:\/\/gentedebasquet.com.ar\/sitio\/2014\/03\/25\/sella-4-partidos-afuera\/#breadcrumb","itemListElement":[{"@type":"ListItem","position":1,"name":"Portada","item":"https:\/\/gentedebasquet.com.ar\/sitio\/"},{"@type":"ListItem","position":2,"name":"Sella, 4 partidos afuera"}]},{"@type":"WebSite","@id":"https:\/\/gentedebasquet.com.ar\/sitio\/#website","url":"https:\/\/gentedebasquet.com.ar\/sitio\/","name":"Gente de B\u00e1squet","description":"La revista del basquet de Bah\u00eda Blanca","potentialAction":[{"@type":"SearchAction","target":{"@type":"EntryPoint","urlTemplate":"https:\/\/gentedebasquet.com.ar\/sitio\/?s={search_term_string}"},"query-input":{"@type":"PropertyValueSpecification","valueRequired":true,"valueName":"search_term_string"}}],"inLanguage":"es"},{"@type":"Person","@id":"https:\/\/gentedebasquet.com.ar\/sitio\/#\/schema\/person\/ca0b63bbb977369988a7bbbdc519943a","name":"Gente de B\u00e1squet","image":{"@type":"ImageObject","inLanguage":"es","@id":"https:\/\/secure.gravatar.com\/avatar\/7f2c48bdc33b30088f941fb6082e555f2874c98e20cb159d7b92b50eadfce793?s=96&d=mm&r=g","url":"https:\/\/secure.gravatar.com\/avatar\/7f2c48bdc33b30088f941fb6082e555f2874c98e20cb159d7b92b50eadfce793?s=96&d=mm&r=g","contentUrl":"https:\/\/secure.gravatar.com\/avatar\/7f2c48bdc33b30088f941fb6082e555f2874c98e20cb159d7b92b50eadfce793?s=96&d=mm&r=g","caption":"Gente de B\u00e1squet"},"sameAs":["http:\/\/gentedebasquet.com.ar\/sitio"],"url":"https:\/\/gentedebasquet.com.ar\/sitio\/author\/ulises\/"}]}},"_links":{"self":[{"href":"https:\/\/gentedebasquet.com.ar\/sitio\/wp-json\/wp\/v2\/posts\/27806","targetHints":{"allow":["GET"]}}],"collection":[{"href":"https:\/\/gentedebasquet.com.ar\/sitio\/wp-json\/wp\/v2\/posts"}],"about":[{"href":"https:\/\/gentedebasquet.com.ar\/sitio\/wp-json\/wp\/v2\/types\/post"}],"author":[{"embeddable":true,"href":"https:\/\/gentedebasquet.com.ar\/sitio\/wp-json\/wp\/v2\/users\/1"}],"replies":[{"embeddable":true,"href":"https:\/\/gentedebasquet.com.ar\/sitio\/wp-json\/wp\/v2\/comments?post=27806"}],"version-history":[{"count":0,"href":"https:\/\/gentedebasquet.com.ar\/sitio\/wp-json\/wp\/v2\/posts\/27806\/revisions"}],"wp:featuredmedia":[{"embeddable":true,"href":"https:\/\/gentedebasquet.com.ar\/sitio\/wp-json\/wp\/v2\/media\/25405"}],"wp:attachment":[{"href":"https:\/\/gentedebasquet.com.ar\/sitio\/wp-json\/wp\/v2\/media?parent=27806"}],"wp:term":[{"taxonomy":"category","embeddable":true,"href":"https:\/\/gentedebasquet.com.ar\/sitio\/wp-json\/wp\/v2\/categories?post=27806"},{"taxonomy":"post_tag","embeddable":true,"href":"https:\/\/gentedebasquet.com.ar\/sitio\/wp-json\/wp\/v2\/tags?post=27806"}],"curies":[{"name":"wp","href":"https:\/\/api.w.org\/{rel}","templated":true}]}}