{"id":29344,"date":"2014-04-11T23:41:15","date_gmt":"2014-04-12T02:41:15","guid":{"rendered":"http:\/\/www.gentedebasquet.com.ar\/?p=29344"},"modified":"2014-04-11T23:41:15","modified_gmt":"2014-04-12T02:41:15","slug":"de-la-gran-7","status":"publish","type":"post","link":"https:\/\/gentedebasquet.com.ar\/sitio\/2014\/04\/11\/de-la-gran-7\/","title":{"rendered":"De la gran 7"},"content":{"rendered":"<p><b>Sportivo Bahiense consigui\u00f3 su s\u00e9ptimo triunfo consecutivo. Derrot\u00f3 80-72 a Los Andes en cancha de Velocidad y contin\u00faa dejando rivales por el camino. El tricolor comenz\u00f3 a gestar la victoria a partir de la gran defensa que impuso en el tercer segmento (solo le convirtieron 11 puntos). La figura de la noche fue Nicol\u00e1s Mart\u00ednez (21 pts \u2013 10\/14 en T2). El interno fue acompa\u00f1ado en el goleo por Gentili (15), Lucas Santarelli (12), Tom\u00e1s Santarelli (12) y Ferm\u00edn Iriarte (11). Por el lado del conjunto puntaltense sobresalieron Guido Canella (19 pts \u2013 8\/10 T2), Jerem\u00edas Gonc\u00e1lvez (12) e Ignacio Luppino (11 pts \u2013 3\/6 en T3).<\/b><\/p>\n<p>A pesar de que Los Andes comenz\u00f3 adelant\u00e1ndose con un pasaje de 7-0, el primer cuarto fue muy parejo. Canella estuvo intratable con sus tiros a media distancia (4\/4 en T2) y tom\u00f3 gran parte de las responsabilidades en ataque. El ingreso desde el banco de Chaves (5) hizo que el local tenga otra v\u00eda de gol desde el per\u00edmetro y a partir de ellos se fue arriba por la m\u00ednima al primer descanso (20-19). Sportivo por su parte, pudo dominar la pintura de la mano de su pareja de internos. Mart\u00ednez (7) y Tom\u00e1s Santarelli (7) dominaron la zona pintada a su antojo, y por eso el tricolor se mantuvo en partido.<\/p>\n<p>El segundo cap\u00edtulo fue muy discutido, trabado y cortado por faltas. El conjunto de Alvarez encontr\u00f3 en Lucas Santarelli (4) y Gentili (7) a sus principales exponentes en ataque que hasta ese momento no hab\u00edan entrado mucho en juego. La defensa de los de calle Alvarado no fue la mejor en este segmento. Los Andes rompi\u00f3 f\u00e1cilmente la primera l\u00ednea, cargo de faltas a sus rivales y aprovech\u00f3 muy bien los tiros desde la l\u00ednea de libres. El conjunto de Carbonell convirti\u00f3 14\/18 en tiros libres y se fue un punto abajo al descanso largo (38-39).<\/p>\n<p>En el tercer segmento se dio el quiebre del partido. Fiel a su estilo, Sportivo ahog\u00f3 a su rival mediante su defensa, solo le convirtieron 11 puntos en el cuarto y oblig\u00f3 a Los Andes a sumar 7 perdidas. Adem\u00e1s el tricolor tuvo buena circulaci\u00f3n de bal\u00f3n en ataque y goleo repartido. A falta de 3:10 para el cierre meti\u00f3 un parcial de 18-7 a su favor (45-57) que le permiti\u00f3 cerrar el cuarto tranquilo. De cara al \u00faltimo descanso el visitante se fue arriba 49-62.<\/p>\n<p>Entre Mart\u00ednez (8) e Iriarte (4) comandaron un pasaje de 11-3 cuando promediaba el cuarto (52-73). Todo parec\u00eda cerrado, sin embargo, a Luppino (3\/4 en T3 en el segmento) se le calent\u00f3 la mano y puso a su equipo nuevamente en partido (66-75). Los Andes lleg\u00f3 a poner siete puntos (70-77) gracias a un doble de Canella pero el tricolor tuvo el aplomo suficiente para definirlo desde la l\u00ednea de libres. As\u00ed Sportivo consigui\u00f3 otra victoria importante ante un rival, a priori, directo en la lucha por la cima de la tabla de posiciones. Siete son las victorias que suma el conjunto de calle Alvarado en esta etapa regular.\u00a0<b><br \/>\n<\/b><\/p>\n<p>&nbsp;<\/p>\n<h6>Bomba de Gentili<\/h6>\n<p>[vimeo]http:\/\/vimeo.com\/91771100[\/vimeo]<\/p>\n<p>&nbsp;<\/p>\n<p><span style=\"text-decoration: underline;\"><em><b>S\u00edntesis:<\/b><\/em><\/span><\/p>\n<p><b>Los Andes 72:<\/b>\u00a0Gerem\u00edas Gonc\u00e1lvez 12, Nicol\u00e1s Themtham 8 (X), Guido Canella 19, Daniel Agalupe 9 (X), Mauricio Gonz\u00e1lez 2 (FI). Gast\u00f3n Chaves 9 (X), Gonzalo Lull 2, Ignacio Luppino 11, Leandro Cabezas 0. DT: Leandro Carbonell.<\/p>\n<p><b>Sportivo Bahiense 80:\u00a0<\/b>Gustavo Gentili 15, Yoel Asnaghi 3, Lucas Santarelli 12, Tom\u00e1s Santarelli 12, Nicol\u00e1s Mart\u00ednez 21 (FI). Germ\u00e1n Rausemberg 2, Fabi\u00e1n Gendana 2, Axel Hammerschmidt 2, Ferm\u00edn Iriarte 11. DT: Fernando Alvarez.<b><\/b><\/p>\n<p><b>Parciales:<\/b>\u00a020-19, 38-39 (18-20), 49-62 (11-23), 72-80 (23-18).<\/p>\n<p><b>\u00c1rbitros:<\/b>\u00a0Emanuel S\u00e1nchez \u2013 Sebasti\u00e1n Arcas.<\/p>\n<p><b>Estadio:<\/b>\u00a0Pedro S\u00e1nchez (Velocidad y Resistencia).<\/p>\n<p><a class=\"modalf iframe\" title=\"Planilla\" href=\"https:\/\/docs.google.com\/spreadsheet\/pub?key=0AlqhOUGB8zPmdEtmQjBTbU5kaldaWERwM2EwdU1NeEE&amp;single=true&amp;gid=0&amp;output=html\" target=\"_blank\" rel=\"noopener\">Ver Planilla<\/a><\/p>\n","protected":false},"excerpt":{"rendered":"<p>En un partido caliente, Sportivo venci\u00f3 80-72 a Los Andes y obtuvo el 7mo triunfo al hilo<\/p>\n","protected":false},"author":1,"featured_media":29345,"comment_status":"closed","ping_status":"open","sticky":false,"template":"","format":"standard","meta":{"jnews-multi-image_gallery":[],"jnews_single_post":[],"jnews_primary_category":[],"footnotes":""},"categories":[25,101],"tags":[331,233,332,152,255,20],"class_list":["post-29344","post","type-post","status-publish","format-standard","has-post-thumbnail","hentry","category-segunda","category-slide","tag-guido-canella","tag-gustavo-gentili","tag-jeremias-goncalvez","tag-los-andes","tag-nicolas-martinez","tag-sportivo-bahiense"],"yoast_head":"<!-- This site is optimized with the Yoast SEO plugin v27.5 - https:\/\/yoast.com\/product\/yoast-seo-wordpress\/ -->\n<title>De la gran 7 - Gente de B\u00e1squet<\/title>\n<meta name=\"robots\" content=\"index, follow, max-snippet:-1, max-image-preview:large, max-video-preview:-1\" \/>\n<link rel=\"canonical\" href=\"https:\/\/gentedebasquet.com.ar\/sitio\/2014\/04\/11\/de-la-gran-7\/\" \/>\n<meta property=\"og:locale\" content=\"es_ES\" \/>\n<meta property=\"og:type\" content=\"article\" \/>\n<meta property=\"og:title\" content=\"De la gran 7 - Gente de B\u00e1squet\" \/>\n<meta property=\"og:description\" content=\"En un partido caliente, Sportivo venci\u00f3 80-72 a Los Andes y obtuvo el 7mo triunfo al hilo\" \/>\n<meta property=\"og:url\" content=\"https:\/\/gentedebasquet.com.ar\/sitio\/2014\/04\/11\/de-la-gran-7\/\" \/>\n<meta property=\"og:site_name\" content=\"Gente de B\u00e1squet\" \/>\n<meta property=\"article:published_time\" content=\"2014-04-12T02:41:15+00:00\" \/>\n<meta property=\"og:image\" content=\"https:\/\/gentedebasquet.com.ar\/sitio\/wp-content\/uploads\/2014\/04\/Gentili1.jpg\" \/>\n\t<meta property=\"og:image:width\" content=\"690\" \/>\n\t<meta property=\"og:image:height\" content=\"319\" \/>\n\t<meta property=\"og:image:type\" content=\"image\/jpeg\" \/>\n<meta name=\"author\" content=\"Gente de B\u00e1squet\" \/>\n<meta name=\"twitter:card\" content=\"summary_large_image\" \/>\n<meta name=\"twitter:label1\" content=\"Escrito por\" \/>\n\t<meta name=\"twitter:data1\" content=\"Gente de B\u00e1squet\" \/>\n\t<meta name=\"twitter:label2\" content=\"Tiempo de lectura\" \/>\n\t<meta name=\"twitter:data2\" content=\"3 minutos\" \/>\n<script type=\"application\/ld+json\" class=\"yoast-schema-graph\">{\"@context\":\"https:\\\/\\\/schema.org\",\"@graph\":[{\"@type\":\"Article\",\"@id\":\"https:\\\/\\\/gentedebasquet.com.ar\\\/sitio\\\/2014\\\/04\\\/11\\\/de-la-gran-7\\\/#article\",\"isPartOf\":{\"@id\":\"https:\\\/\\\/gentedebasquet.com.ar\\\/sitio\\\/2014\\\/04\\\/11\\\/de-la-gran-7\\\/\"},\"author\":{\"name\":\"Gente de B\u00e1squet\",\"@id\":\"https:\\\/\\\/gentedebasquet.com.ar\\\/sitio\\\/#\\\/schema\\\/person\\\/ca0b63bbb977369988a7bbbdc519943a\"},\"headline\":\"De la gran 7\",\"datePublished\":\"2014-04-12T02:41:15+00:00\",\"mainEntityOfPage\":{\"@id\":\"https:\\\/\\\/gentedebasquet.com.ar\\\/sitio\\\/2014\\\/04\\\/11\\\/de-la-gran-7\\\/\"},\"wordCount\":610,\"image\":{\"@id\":\"https:\\\/\\\/gentedebasquet.com.ar\\\/sitio\\\/2014\\\/04\\\/11\\\/de-la-gran-7\\\/#primaryimage\"},\"thumbnailUrl\":\"https:\\\/\\\/gentedebasquet.com.ar\\\/sitio\\\/wp-content\\\/uploads\\\/2014\\\/04\\\/Gentili1.jpg\",\"keywords\":[\"Guido Canella\",\"Gustavo Gentili\",\"Jerem\u00edas Gonc\u00e1lvez\",\"Los Andes\",\"Nicol\u00e1s Mart\u00ednez\",\"Sportivo Bahiense\"],\"articleSection\":[\"Segunda\",\"Slide\"],\"inLanguage\":\"es\"},{\"@type\":\"WebPage\",\"@id\":\"https:\\\/\\\/gentedebasquet.com.ar\\\/sitio\\\/2014\\\/04\\\/11\\\/de-la-gran-7\\\/\",\"url\":\"https:\\\/\\\/gentedebasquet.com.ar\\\/sitio\\\/2014\\\/04\\\/11\\\/de-la-gran-7\\\/\",\"name\":\"De la gran 7 - Gente de B\u00e1squet\",\"isPartOf\":{\"@id\":\"https:\\\/\\\/gentedebasquet.com.ar\\\/sitio\\\/#website\"},\"primaryImageOfPage\":{\"@id\":\"https:\\\/\\\/gentedebasquet.com.ar\\\/sitio\\\/2014\\\/04\\\/11\\\/de-la-gran-7\\\/#primaryimage\"},\"image\":{\"@id\":\"https:\\\/\\\/gentedebasquet.com.ar\\\/sitio\\\/2014\\\/04\\\/11\\\/de-la-gran-7\\\/#primaryimage\"},\"thumbnailUrl\":\"https:\\\/\\\/gentedebasquet.com.ar\\\/sitio\\\/wp-content\\\/uploads\\\/2014\\\/04\\\/Gentili1.jpg\",\"datePublished\":\"2014-04-12T02:41:15+00:00\",\"author\":{\"@id\":\"https:\\\/\\\/gentedebasquet.com.ar\\\/sitio\\\/#\\\/schema\\\/person\\\/ca0b63bbb977369988a7bbbdc519943a\"},\"breadcrumb\":{\"@id\":\"https:\\\/\\\/gentedebasquet.com.ar\\\/sitio\\\/2014\\\/04\\\/11\\\/de-la-gran-7\\\/#breadcrumb\"},\"inLanguage\":\"es\",\"potentialAction\":[{\"@type\":\"ReadAction\",\"target\":[\"https:\\\/\\\/gentedebasquet.com.ar\\\/sitio\\\/2014\\\/04\\\/11\\\/de-la-gran-7\\\/\"]}]},{\"@type\":\"ImageObject\",\"inLanguage\":\"es\",\"@id\":\"https:\\\/\\\/gentedebasquet.com.ar\\\/sitio\\\/2014\\\/04\\\/11\\\/de-la-gran-7\\\/#primaryimage\",\"url\":\"https:\\\/\\\/gentedebasquet.com.ar\\\/sitio\\\/wp-content\\\/uploads\\\/2014\\\/04\\\/Gentili1.jpg\",\"contentUrl\":\"https:\\\/\\\/gentedebasquet.com.ar\\\/sitio\\\/wp-content\\\/uploads\\\/2014\\\/04\\\/Gentili1.jpg\",\"width\":690,\"height\":319},{\"@type\":\"BreadcrumbList\",\"@id\":\"https:\\\/\\\/gentedebasquet.com.ar\\\/sitio\\\/2014\\\/04\\\/11\\\/de-la-gran-7\\\/#breadcrumb\",\"itemListElement\":[{\"@type\":\"ListItem\",\"position\":1,\"name\":\"Portada\",\"item\":\"https:\\\/\\\/gentedebasquet.com.ar\\\/sitio\\\/\"},{\"@type\":\"ListItem\",\"position\":2,\"name\":\"De la gran 7\"}]},{\"@type\":\"WebSite\",\"@id\":\"https:\\\/\\\/gentedebasquet.com.ar\\\/sitio\\\/#website\",\"url\":\"https:\\\/\\\/gentedebasquet.com.ar\\\/sitio\\\/\",\"name\":\"Gente de B\u00e1squet\",\"description\":\"La revista del basquet de Bah\u00eda Blanca\",\"potentialAction\":[{\"@type\":\"SearchAction\",\"target\":{\"@type\":\"EntryPoint\",\"urlTemplate\":\"https:\\\/\\\/gentedebasquet.com.ar\\\/sitio\\\/?s={search_term_string}\"},\"query-input\":{\"@type\":\"PropertyValueSpecification\",\"valueRequired\":true,\"valueName\":\"search_term_string\"}}],\"inLanguage\":\"es\"},{\"@type\":\"Person\",\"@id\":\"https:\\\/\\\/gentedebasquet.com.ar\\\/sitio\\\/#\\\/schema\\\/person\\\/ca0b63bbb977369988a7bbbdc519943a\",\"name\":\"Gente de B\u00e1squet\",\"image\":{\"@type\":\"ImageObject\",\"inLanguage\":\"es\",\"@id\":\"https:\\\/\\\/secure.gravatar.com\\\/avatar\\\/7f2c48bdc33b30088f941fb6082e555f2874c98e20cb159d7b92b50eadfce793?s=96&d=mm&r=g\",\"url\":\"https:\\\/\\\/secure.gravatar.com\\\/avatar\\\/7f2c48bdc33b30088f941fb6082e555f2874c98e20cb159d7b92b50eadfce793?s=96&d=mm&r=g\",\"contentUrl\":\"https:\\\/\\\/secure.gravatar.com\\\/avatar\\\/7f2c48bdc33b30088f941fb6082e555f2874c98e20cb159d7b92b50eadfce793?s=96&d=mm&r=g\",\"caption\":\"Gente de B\u00e1squet\"},\"sameAs\":[\"http:\\\/\\\/gentedebasquet.com.ar\\\/sitio\"],\"url\":\"https:\\\/\\\/gentedebasquet.com.ar\\\/sitio\\\/author\\\/ulises\\\/\"}]}<\/script>\n<!-- \/ Yoast SEO plugin. -->","yoast_head_json":{"title":"De la gran 7 - Gente de B\u00e1squet","robots":{"index":"index","follow":"follow","max-snippet":"max-snippet:-1","max-image-preview":"max-image-preview:large","max-video-preview":"max-video-preview:-1"},"canonical":"https:\/\/gentedebasquet.com.ar\/sitio\/2014\/04\/11\/de-la-gran-7\/","og_locale":"es_ES","og_type":"article","og_title":"De la gran 7 - Gente de B\u00e1squet","og_description":"En un partido caliente, Sportivo venci\u00f3 80-72 a Los Andes y obtuvo el 7mo triunfo al hilo","og_url":"https:\/\/gentedebasquet.com.ar\/sitio\/2014\/04\/11\/de-la-gran-7\/","og_site_name":"Gente de B\u00e1squet","article_published_time":"2014-04-12T02:41:15+00:00","og_image":[{"width":690,"height":319,"url":"https:\/\/gentedebasquet.com.ar\/sitio\/wp-content\/uploads\/2014\/04\/Gentili1.jpg","type":"image\/jpeg"}],"author":"Gente de B\u00e1squet","twitter_card":"summary_large_image","twitter_misc":{"Escrito por":"Gente de B\u00e1squet","Tiempo de lectura":"3 minutos"},"schema":{"@context":"https:\/\/schema.org","@graph":[{"@type":"Article","@id":"https:\/\/gentedebasquet.com.ar\/sitio\/2014\/04\/11\/de-la-gran-7\/#article","isPartOf":{"@id":"https:\/\/gentedebasquet.com.ar\/sitio\/2014\/04\/11\/de-la-gran-7\/"},"author":{"name":"Gente de B\u00e1squet","@id":"https:\/\/gentedebasquet.com.ar\/sitio\/#\/schema\/person\/ca0b63bbb977369988a7bbbdc519943a"},"headline":"De la gran 7","datePublished":"2014-04-12T02:41:15+00:00","mainEntityOfPage":{"@id":"https:\/\/gentedebasquet.com.ar\/sitio\/2014\/04\/11\/de-la-gran-7\/"},"wordCount":610,"image":{"@id":"https:\/\/gentedebasquet.com.ar\/sitio\/2014\/04\/11\/de-la-gran-7\/#primaryimage"},"thumbnailUrl":"https:\/\/gentedebasquet.com.ar\/sitio\/wp-content\/uploads\/2014\/04\/Gentili1.jpg","keywords":["Guido Canella","Gustavo Gentili","Jerem\u00edas Gonc\u00e1lvez","Los Andes","Nicol\u00e1s Mart\u00ednez","Sportivo Bahiense"],"articleSection":["Segunda","Slide"],"inLanguage":"es"},{"@type":"WebPage","@id":"https:\/\/gentedebasquet.com.ar\/sitio\/2014\/04\/11\/de-la-gran-7\/","url":"https:\/\/gentedebasquet.com.ar\/sitio\/2014\/04\/11\/de-la-gran-7\/","name":"De la gran 7 - Gente de B\u00e1squet","isPartOf":{"@id":"https:\/\/gentedebasquet.com.ar\/sitio\/#website"},"primaryImageOfPage":{"@id":"https:\/\/gentedebasquet.com.ar\/sitio\/2014\/04\/11\/de-la-gran-7\/#primaryimage"},"image":{"@id":"https:\/\/gentedebasquet.com.ar\/sitio\/2014\/04\/11\/de-la-gran-7\/#primaryimage"},"thumbnailUrl":"https:\/\/gentedebasquet.com.ar\/sitio\/wp-content\/uploads\/2014\/04\/Gentili1.jpg","datePublished":"2014-04-12T02:41:15+00:00","author":{"@id":"https:\/\/gentedebasquet.com.ar\/sitio\/#\/schema\/person\/ca0b63bbb977369988a7bbbdc519943a"},"breadcrumb":{"@id":"https:\/\/gentedebasquet.com.ar\/sitio\/2014\/04\/11\/de-la-gran-7\/#breadcrumb"},"inLanguage":"es","potentialAction":[{"@type":"ReadAction","target":["https:\/\/gentedebasquet.com.ar\/sitio\/2014\/04\/11\/de-la-gran-7\/"]}]},{"@type":"ImageObject","inLanguage":"es","@id":"https:\/\/gentedebasquet.com.ar\/sitio\/2014\/04\/11\/de-la-gran-7\/#primaryimage","url":"https:\/\/gentedebasquet.com.ar\/sitio\/wp-content\/uploads\/2014\/04\/Gentili1.jpg","contentUrl":"https:\/\/gentedebasquet.com.ar\/sitio\/wp-content\/uploads\/2014\/04\/Gentili1.jpg","width":690,"height":319},{"@type":"BreadcrumbList","@id":"https:\/\/gentedebasquet.com.ar\/sitio\/2014\/04\/11\/de-la-gran-7\/#breadcrumb","itemListElement":[{"@type":"ListItem","position":1,"name":"Portada","item":"https:\/\/gentedebasquet.com.ar\/sitio\/"},{"@type":"ListItem","position":2,"name":"De la gran 7"}]},{"@type":"WebSite","@id":"https:\/\/gentedebasquet.com.ar\/sitio\/#website","url":"https:\/\/gentedebasquet.com.ar\/sitio\/","name":"Gente de B\u00e1squet","description":"La revista del basquet de Bah\u00eda Blanca","potentialAction":[{"@type":"SearchAction","target":{"@type":"EntryPoint","urlTemplate":"https:\/\/gentedebasquet.com.ar\/sitio\/?s={search_term_string}"},"query-input":{"@type":"PropertyValueSpecification","valueRequired":true,"valueName":"search_term_string"}}],"inLanguage":"es"},{"@type":"Person","@id":"https:\/\/gentedebasquet.com.ar\/sitio\/#\/schema\/person\/ca0b63bbb977369988a7bbbdc519943a","name":"Gente de B\u00e1squet","image":{"@type":"ImageObject","inLanguage":"es","@id":"https:\/\/secure.gravatar.com\/avatar\/7f2c48bdc33b30088f941fb6082e555f2874c98e20cb159d7b92b50eadfce793?s=96&d=mm&r=g","url":"https:\/\/secure.gravatar.com\/avatar\/7f2c48bdc33b30088f941fb6082e555f2874c98e20cb159d7b92b50eadfce793?s=96&d=mm&r=g","contentUrl":"https:\/\/secure.gravatar.com\/avatar\/7f2c48bdc33b30088f941fb6082e555f2874c98e20cb159d7b92b50eadfce793?s=96&d=mm&r=g","caption":"Gente de B\u00e1squet"},"sameAs":["http:\/\/gentedebasquet.com.ar\/sitio"],"url":"https:\/\/gentedebasquet.com.ar\/sitio\/author\/ulises\/"}]}},"_links":{"self":[{"href":"https:\/\/gentedebasquet.com.ar\/sitio\/wp-json\/wp\/v2\/posts\/29344","targetHints":{"allow":["GET"]}}],"collection":[{"href":"https:\/\/gentedebasquet.com.ar\/sitio\/wp-json\/wp\/v2\/posts"}],"about":[{"href":"https:\/\/gentedebasquet.com.ar\/sitio\/wp-json\/wp\/v2\/types\/post"}],"author":[{"embeddable":true,"href":"https:\/\/gentedebasquet.com.ar\/sitio\/wp-json\/wp\/v2\/users\/1"}],"replies":[{"embeddable":true,"href":"https:\/\/gentedebasquet.com.ar\/sitio\/wp-json\/wp\/v2\/comments?post=29344"}],"version-history":[{"count":0,"href":"https:\/\/gentedebasquet.com.ar\/sitio\/wp-json\/wp\/v2\/posts\/29344\/revisions"}],"wp:featuredmedia":[{"embeddable":true,"href":"https:\/\/gentedebasquet.com.ar\/sitio\/wp-json\/wp\/v2\/media\/29345"}],"wp:attachment":[{"href":"https:\/\/gentedebasquet.com.ar\/sitio\/wp-json\/wp\/v2\/media?parent=29344"}],"wp:term":[{"taxonomy":"category","embeddable":true,"href":"https:\/\/gentedebasquet.com.ar\/sitio\/wp-json\/wp\/v2\/categories?post=29344"},{"taxonomy":"post_tag","embeddable":true,"href":"https:\/\/gentedebasquet.com.ar\/sitio\/wp-json\/wp\/v2\/tags?post=29344"}],"curies":[{"name":"wp","href":"https:\/\/api.w.org\/{rel}","templated":true}]}}