{"id":3395,"date":"2012-05-05T03:17:59","date_gmt":"2012-05-05T03:17:59","guid":{"rendered":"http:\/\/www.gentedebasquet.com.ar\/?p=3395"},"modified":"2012-05-05T03:17:59","modified_gmt":"2012-05-05T03:17:59","slug":"independiente-metio-la-quinta","status":"publish","type":"post","link":"https:\/\/gentedebasquet.com.ar\/sitio\/2012\/05\/05\/independiente-metio-la-quinta\/","title":{"rendered":"Independiente meti\u00f3 la quinta"},"content":{"rendered":"<p><strong><em><a href=\"http:\/\/www.gentedebasquet.com.ar\/wp-content\/uploads\/2012\/05\/DSC063872.jpg\"><img decoding=\"async\" class=\"alignleft size-full wp-image-3421\" title=\"DSC06387\" src=\"http:\/\/www.gentedebasquet.com.ar\/wp-content\/uploads\/2012\/05\/DSC063872.jpg\" alt=\"\" width=\"448\" height=\"335\" \/><\/a>En un partido complicado, Independiente triunf\u00f3 como local ante Estrella por 80 a 62. De esta manera, el \u201cViola\u201d lleg\u00f3 a su quinta victoria de manera consecutiva y su rival se llev\u00f3 la quinta derrota del campeonato. En el conjunto de Palumbo se destac\u00f3 St\u00e9fano Barba con 28 puntos y 12 rebotes, convirti\u00e9ndose en la figura del encuentro. En la visita se destac\u00f3 Cardone con 16 tantos y 5 recobres.<\/em><\/strong><\/p>\n<p><!--more--><\/p>\n<p>El primer cuarto comenz\u00f3 favorable a Estrella desde el salto inicial, convirtiendo un parcial de 4 a 0. A su vez, utiliz\u00f3 la defensa personal a presi\u00f3n intentando provocar errores en el rival. Sin embargo las desinteligencias fueron por parte de ambos y el cuarto contabiliz\u00f3 11 p\u00e9rdidas. Adem\u00e1s el visitante, due\u00f1o del per\u00edodo, opt\u00f3 por los recambios y \u00e9stos le dieron resultado. Es as\u00ed que termin\u00f3 llev\u00e1ndose el cuarto por 22 a 16.<\/p>\n<p>En la segunda parte, Independiente sali\u00f3 decidido a llevarse el encuentro, comenzando con un parcial de 9 a 2 a falta de 7 minutos para el cierre. Tambi\u00e9n apost\u00f3 a Bianco que desde el banco le aport\u00f3 3 puntos y un rebote de forma inmediata. Sin embargo, el partido entr\u00f3 en una meseta y sobre el cierre las p\u00e9rdidas volvieron a tomar su lugar. En total se contabilizaron 10 en este cuarto. Faltando 13 segundos para el final, Independiente convirti\u00f3 un doble luego de m\u00e1s de dos minutos sin puntos, demostrando el bajo nivel en ese instante. Finalmente, Independiente se fue al descanso ganando 34 a 31.<\/p>\n<p>La segunda mitad comenz\u00f3 con Estrella como protagonista, intentando estar arriba en el marcador nuevamente. Un parcial de 5-2 les dio esperanzas pero el \u201cViola\u201d, de la mano de Barba, le retruc\u00f3 con un gran parcial de 9-2 a falta de 3 minutos y medio para el cierre. A partir de aqu\u00ed Estrella se qued\u00f3 sin respuestas y no pudo remontar el marcador que faltando un minuto lo ve\u00eda abajo por 10 puntos. El cuarto fue para el local por 55 a 46 reafirmando lo hecho en los partidos anteriores.<\/p>\n<p>En el \u00faltimo per\u00edodo, Estrella volvi\u00f3 a utilizar la presi\u00f3n en la defensa personal pero le fue in\u00fatil. Las imprecisiones en el conjunto visitante favorecieron a su rival que se llev\u00f3 f\u00e1cilmente el cuarto. A su vez, el equipo se carg\u00f3 de faltas y Specogna tuvo que abandonar el campo por llegar al l\u00edmite. Independiente, por su parte, sufri\u00f3 las p\u00e9rdidas de Sagripandi y Montanaro tambi\u00e9n por acumulaci\u00f3n de faltas. Finalmente, el partido termin\u00f3 80 a 62 e Independiente festej\u00f3 ante un rival que ofreci\u00f3 una pobre resistencia.<\/p>\n<p>Cabe destacar que a la salida del estadio la hinchada de Estrella protagoniz\u00f3 disturbios que provocaron las corridas y las pedradas de la parcialidad local.<\/p>\n<p>&nbsp;<\/p>\n<p><span style=\"text-decoration: underline;\">Sintesis<\/span>:<\/p>\n<p><strong>Independiente (80)<\/strong>:<\/p>\n<p>Iniciales: Musumeci, J. 13, Sagripandi, B. 4, Barba, S. 28, Montanaro, M. 9, Donato 4.<\/p>\n<p>Ingresaron: Massa, C. 0, Bianco, A. 14, De La Torre, G. 0, Scarpaci, N. 6, Mambreani, A. 2.<\/p>\n<p>DT: Palumbo, Juan Sergio<\/p>\n<p><strong>Estrella (62)<\/strong>:<\/p>\n<p>Iniciales: Specogna, M. 13, Deminicis, E. 2, Macazaga, M. 0, Cardone, 16, C\u00e1mara, N. 15<\/p>\n<p>Ingresaron: Diez, F. 0, Cuchan, J. 0, Gonzalez, D. 3, Carci, D. 2, Almir\u00f3n, Agust\u00edn, 9, Almir\u00f3n, Andr\u00e9s, 2.<\/p>\n<p><strong>Parciales<\/strong>: 16-22; 34-31; 55-46<\/p>\n<p><strong>5 Faltas<\/strong>: Sagripandi, B; Montanaro, M; Specogna, M.<\/p>\n<p><strong>\u00c1rbitros<\/strong>: Ramallo, A; Stuardo, M.<\/p>\n<p><strong>Estadio:<\/strong> Ra\u00fal y N\u00e9stor Barral.<\/p>\n<p><a class=\"modalf iframe\" title=\"Planilla\" href=\"https:\/\/docs.google.com\/spreadsheet\/pub?key=0AhWH6MgjN9X5dEQzMlJwZHBtMnpkcnE5Zzl6NTc1OFE&amp;single=true&amp;gid=0&amp;output=html\">Ver Planilla<\/a><\/p>\n","protected":false},"excerpt":{"rendered":"<p>En un partido complicado, Independiente triunf\u00f3 como local ante Estrella por 80 a 62. De esta manera, el \u201cViola\u201d lleg\u00f3 a su quinta victoria de manera consecutiva y su rival se llev\u00f3 la quinta derrota del campeonato. En el conjunto de Palumbo se destac\u00f3 St\u00e9fano Barba con 28 puntos y 12 rebotes, convirti\u00e9ndose en la [&hellip;]<\/p>\n","protected":false},"author":10,"featured_media":0,"comment_status":"open","ping_status":"open","sticky":false,"template":"","format":"standard","meta":{"jnews-multi-image_gallery":[],"jnews_single_post":[],"jnews_primary_category":[],"footnotes":""},"categories":[25],"tags":[10,12],"class_list":["post-3395","post","type-post","status-publish","format-standard","hentry","category-segunda","tag-estrella","tag-independiente"],"yoast_head":"<!-- This site is optimized with the Yoast SEO plugin v27.5 - https:\/\/yoast.com\/product\/yoast-seo-wordpress\/ -->\n<title>Independiente meti\u00f3 la quinta - Gente de B\u00e1squet<\/title>\n<meta name=\"robots\" content=\"index, follow, max-snippet:-1, max-image-preview:large, max-video-preview:-1\" \/>\n<link rel=\"canonical\" href=\"https:\/\/gentedebasquet.com.ar\/sitio\/2012\/05\/05\/independiente-metio-la-quinta\/\" \/>\n<meta property=\"og:locale\" content=\"es_ES\" \/>\n<meta property=\"og:type\" content=\"article\" \/>\n<meta property=\"og:title\" content=\"Independiente meti\u00f3 la quinta - Gente de B\u00e1squet\" \/>\n<meta property=\"og:description\" content=\"En un partido complicado, Independiente triunf\u00f3 como local ante Estrella por 80 a 62. De esta manera, el \u201cViola\u201d lleg\u00f3 a su quinta victoria de manera consecutiva y su rival se llev\u00f3 la quinta derrota del campeonato. En el conjunto de Palumbo se destac\u00f3 St\u00e9fano Barba con 28 puntos y 12 rebotes, convirti\u00e9ndose en la [&hellip;]\" \/>\n<meta property=\"og:url\" content=\"https:\/\/gentedebasquet.com.ar\/sitio\/2012\/05\/05\/independiente-metio-la-quinta\/\" \/>\n<meta property=\"og:site_name\" content=\"Gente de B\u00e1squet\" \/>\n<meta property=\"article:published_time\" content=\"2012-05-05T03:17:59+00:00\" \/>\n<meta property=\"og:image\" content=\"http:\/\/www.gentedebasquet.com.ar\/wp-content\/uploads\/2012\/05\/DSC063872.jpg\" \/>\n<meta name=\"author\" content=\"Emiliano Roza\" \/>\n<meta name=\"twitter:card\" content=\"summary_large_image\" \/>\n<meta name=\"twitter:label1\" content=\"Escrito por\" \/>\n\t<meta name=\"twitter:data1\" content=\"Emiliano Roza\" \/>\n\t<meta name=\"twitter:label2\" content=\"Tiempo de lectura\" \/>\n\t<meta name=\"twitter:data2\" content=\"3 minutos\" \/>\n<script type=\"application\/ld+json\" class=\"yoast-schema-graph\">{\"@context\":\"https:\\\/\\\/schema.org\",\"@graph\":[{\"@type\":\"Article\",\"@id\":\"https:\\\/\\\/gentedebasquet.com.ar\\\/sitio\\\/2012\\\/05\\\/05\\\/independiente-metio-la-quinta\\\/#article\",\"isPartOf\":{\"@id\":\"https:\\\/\\\/gentedebasquet.com.ar\\\/sitio\\\/2012\\\/05\\\/05\\\/independiente-metio-la-quinta\\\/\"},\"author\":{\"name\":\"Emiliano Roza\",\"@id\":\"https:\\\/\\\/gentedebasquet.com.ar\\\/sitio\\\/#\\\/schema\\\/person\\\/745db2a44dc7729cfc1c6faaa16d895b\"},\"headline\":\"Independiente meti\u00f3 la quinta\",\"datePublished\":\"2012-05-05T03:17:59+00:00\",\"mainEntityOfPage\":{\"@id\":\"https:\\\/\\\/gentedebasquet.com.ar\\\/sitio\\\/2012\\\/05\\\/05\\\/independiente-metio-la-quinta\\\/\"},\"wordCount\":537,\"commentCount\":62,\"image\":{\"@id\":\"https:\\\/\\\/gentedebasquet.com.ar\\\/sitio\\\/2012\\\/05\\\/05\\\/independiente-metio-la-quinta\\\/#primaryimage\"},\"thumbnailUrl\":\"http:\\\/\\\/www.gentedebasquet.com.ar\\\/wp-content\\\/uploads\\\/2012\\\/05\\\/DSC063872.jpg\",\"keywords\":[\"Estrella\",\"independiente\"],\"articleSection\":[\"Segunda\"],\"inLanguage\":\"es\",\"potentialAction\":[{\"@type\":\"CommentAction\",\"name\":\"Comment\",\"target\":[\"https:\\\/\\\/gentedebasquet.com.ar\\\/sitio\\\/2012\\\/05\\\/05\\\/independiente-metio-la-quinta\\\/#respond\"]}]},{\"@type\":\"WebPage\",\"@id\":\"https:\\\/\\\/gentedebasquet.com.ar\\\/sitio\\\/2012\\\/05\\\/05\\\/independiente-metio-la-quinta\\\/\",\"url\":\"https:\\\/\\\/gentedebasquet.com.ar\\\/sitio\\\/2012\\\/05\\\/05\\\/independiente-metio-la-quinta\\\/\",\"name\":\"Independiente meti\u00f3 la quinta - Gente de B\u00e1squet\",\"isPartOf\":{\"@id\":\"https:\\\/\\\/gentedebasquet.com.ar\\\/sitio\\\/#website\"},\"primaryImageOfPage\":{\"@id\":\"https:\\\/\\\/gentedebasquet.com.ar\\\/sitio\\\/2012\\\/05\\\/05\\\/independiente-metio-la-quinta\\\/#primaryimage\"},\"image\":{\"@id\":\"https:\\\/\\\/gentedebasquet.com.ar\\\/sitio\\\/2012\\\/05\\\/05\\\/independiente-metio-la-quinta\\\/#primaryimage\"},\"thumbnailUrl\":\"http:\\\/\\\/www.gentedebasquet.com.ar\\\/wp-content\\\/uploads\\\/2012\\\/05\\\/DSC063872.jpg\",\"datePublished\":\"2012-05-05T03:17:59+00:00\",\"author\":{\"@id\":\"https:\\\/\\\/gentedebasquet.com.ar\\\/sitio\\\/#\\\/schema\\\/person\\\/745db2a44dc7729cfc1c6faaa16d895b\"},\"breadcrumb\":{\"@id\":\"https:\\\/\\\/gentedebasquet.com.ar\\\/sitio\\\/2012\\\/05\\\/05\\\/independiente-metio-la-quinta\\\/#breadcrumb\"},\"inLanguage\":\"es\",\"potentialAction\":[{\"@type\":\"ReadAction\",\"target\":[\"https:\\\/\\\/gentedebasquet.com.ar\\\/sitio\\\/2012\\\/05\\\/05\\\/independiente-metio-la-quinta\\\/\"]}]},{\"@type\":\"ImageObject\",\"inLanguage\":\"es\",\"@id\":\"https:\\\/\\\/gentedebasquet.com.ar\\\/sitio\\\/2012\\\/05\\\/05\\\/independiente-metio-la-quinta\\\/#primaryimage\",\"url\":\"http:\\\/\\\/www.gentedebasquet.com.ar\\\/wp-content\\\/uploads\\\/2012\\\/05\\\/DSC063872.jpg\",\"contentUrl\":\"http:\\\/\\\/www.gentedebasquet.com.ar\\\/wp-content\\\/uploads\\\/2012\\\/05\\\/DSC063872.jpg\"},{\"@type\":\"BreadcrumbList\",\"@id\":\"https:\\\/\\\/gentedebasquet.com.ar\\\/sitio\\\/2012\\\/05\\\/05\\\/independiente-metio-la-quinta\\\/#breadcrumb\",\"itemListElement\":[{\"@type\":\"ListItem\",\"position\":1,\"name\":\"Portada\",\"item\":\"https:\\\/\\\/gentedebasquet.com.ar\\\/sitio\\\/\"},{\"@type\":\"ListItem\",\"position\":2,\"name\":\"Independiente meti\u00f3 la quinta\"}]},{\"@type\":\"WebSite\",\"@id\":\"https:\\\/\\\/gentedebasquet.com.ar\\\/sitio\\\/#website\",\"url\":\"https:\\\/\\\/gentedebasquet.com.ar\\\/sitio\\\/\",\"name\":\"Gente de B\u00e1squet\",\"description\":\"La revista del basquet de Bah\u00eda Blanca\",\"potentialAction\":[{\"@type\":\"SearchAction\",\"target\":{\"@type\":\"EntryPoint\",\"urlTemplate\":\"https:\\\/\\\/gentedebasquet.com.ar\\\/sitio\\\/?s={search_term_string}\"},\"query-input\":{\"@type\":\"PropertyValueSpecification\",\"valueRequired\":true,\"valueName\":\"search_term_string\"}}],\"inLanguage\":\"es\"},{\"@type\":\"Person\",\"@id\":\"https:\\\/\\\/gentedebasquet.com.ar\\\/sitio\\\/#\\\/schema\\\/person\\\/745db2a44dc7729cfc1c6faaa16d895b\",\"name\":\"Emiliano Roza\",\"image\":{\"@type\":\"ImageObject\",\"inLanguage\":\"es\",\"@id\":\"https:\\\/\\\/secure.gravatar.com\\\/avatar\\\/04256ceef48211167df8402e69580be023beb74ca857078daaf21e35d6076e03?s=96&d=mm&r=g\",\"url\":\"https:\\\/\\\/secure.gravatar.com\\\/avatar\\\/04256ceef48211167df8402e69580be023beb74ca857078daaf21e35d6076e03?s=96&d=mm&r=g\",\"contentUrl\":\"https:\\\/\\\/secure.gravatar.com\\\/avatar\\\/04256ceef48211167df8402e69580be023beb74ca857078daaf21e35d6076e03?s=96&d=mm&r=g\",\"caption\":\"Emiliano Roza\"},\"url\":\"https:\\\/\\\/gentedebasquet.com.ar\\\/sitio\\\/author\\\/emilianor\\\/\"}]}<\/script>\n<!-- \/ Yoast SEO plugin. -->","yoast_head_json":{"title":"Independiente meti\u00f3 la quinta - Gente de B\u00e1squet","robots":{"index":"index","follow":"follow","max-snippet":"max-snippet:-1","max-image-preview":"max-image-preview:large","max-video-preview":"max-video-preview:-1"},"canonical":"https:\/\/gentedebasquet.com.ar\/sitio\/2012\/05\/05\/independiente-metio-la-quinta\/","og_locale":"es_ES","og_type":"article","og_title":"Independiente meti\u00f3 la quinta - Gente de B\u00e1squet","og_description":"En un partido complicado, Independiente triunf\u00f3 como local ante Estrella por 80 a 62. De esta manera, el \u201cViola\u201d lleg\u00f3 a su quinta victoria de manera consecutiva y su rival se llev\u00f3 la quinta derrota del campeonato. En el conjunto de Palumbo se destac\u00f3 St\u00e9fano Barba con 28 puntos y 12 rebotes, convirti\u00e9ndose en la [&hellip;]","og_url":"https:\/\/gentedebasquet.com.ar\/sitio\/2012\/05\/05\/independiente-metio-la-quinta\/","og_site_name":"Gente de B\u00e1squet","article_published_time":"2012-05-05T03:17:59+00:00","og_image":[{"url":"http:\/\/www.gentedebasquet.com.ar\/wp-content\/uploads\/2012\/05\/DSC063872.jpg","type":"","width":"","height":""}],"author":"Emiliano Roza","twitter_card":"summary_large_image","twitter_misc":{"Escrito por":"Emiliano Roza","Tiempo de lectura":"3 minutos"},"schema":{"@context":"https:\/\/schema.org","@graph":[{"@type":"Article","@id":"https:\/\/gentedebasquet.com.ar\/sitio\/2012\/05\/05\/independiente-metio-la-quinta\/#article","isPartOf":{"@id":"https:\/\/gentedebasquet.com.ar\/sitio\/2012\/05\/05\/independiente-metio-la-quinta\/"},"author":{"name":"Emiliano Roza","@id":"https:\/\/gentedebasquet.com.ar\/sitio\/#\/schema\/person\/745db2a44dc7729cfc1c6faaa16d895b"},"headline":"Independiente meti\u00f3 la quinta","datePublished":"2012-05-05T03:17:59+00:00","mainEntityOfPage":{"@id":"https:\/\/gentedebasquet.com.ar\/sitio\/2012\/05\/05\/independiente-metio-la-quinta\/"},"wordCount":537,"commentCount":62,"image":{"@id":"https:\/\/gentedebasquet.com.ar\/sitio\/2012\/05\/05\/independiente-metio-la-quinta\/#primaryimage"},"thumbnailUrl":"http:\/\/www.gentedebasquet.com.ar\/wp-content\/uploads\/2012\/05\/DSC063872.jpg","keywords":["Estrella","independiente"],"articleSection":["Segunda"],"inLanguage":"es","potentialAction":[{"@type":"CommentAction","name":"Comment","target":["https:\/\/gentedebasquet.com.ar\/sitio\/2012\/05\/05\/independiente-metio-la-quinta\/#respond"]}]},{"@type":"WebPage","@id":"https:\/\/gentedebasquet.com.ar\/sitio\/2012\/05\/05\/independiente-metio-la-quinta\/","url":"https:\/\/gentedebasquet.com.ar\/sitio\/2012\/05\/05\/independiente-metio-la-quinta\/","name":"Independiente meti\u00f3 la quinta - Gente de B\u00e1squet","isPartOf":{"@id":"https:\/\/gentedebasquet.com.ar\/sitio\/#website"},"primaryImageOfPage":{"@id":"https:\/\/gentedebasquet.com.ar\/sitio\/2012\/05\/05\/independiente-metio-la-quinta\/#primaryimage"},"image":{"@id":"https:\/\/gentedebasquet.com.ar\/sitio\/2012\/05\/05\/independiente-metio-la-quinta\/#primaryimage"},"thumbnailUrl":"http:\/\/www.gentedebasquet.com.ar\/wp-content\/uploads\/2012\/05\/DSC063872.jpg","datePublished":"2012-05-05T03:17:59+00:00","author":{"@id":"https:\/\/gentedebasquet.com.ar\/sitio\/#\/schema\/person\/745db2a44dc7729cfc1c6faaa16d895b"},"breadcrumb":{"@id":"https:\/\/gentedebasquet.com.ar\/sitio\/2012\/05\/05\/independiente-metio-la-quinta\/#breadcrumb"},"inLanguage":"es","potentialAction":[{"@type":"ReadAction","target":["https:\/\/gentedebasquet.com.ar\/sitio\/2012\/05\/05\/independiente-metio-la-quinta\/"]}]},{"@type":"ImageObject","inLanguage":"es","@id":"https:\/\/gentedebasquet.com.ar\/sitio\/2012\/05\/05\/independiente-metio-la-quinta\/#primaryimage","url":"http:\/\/www.gentedebasquet.com.ar\/wp-content\/uploads\/2012\/05\/DSC063872.jpg","contentUrl":"http:\/\/www.gentedebasquet.com.ar\/wp-content\/uploads\/2012\/05\/DSC063872.jpg"},{"@type":"BreadcrumbList","@id":"https:\/\/gentedebasquet.com.ar\/sitio\/2012\/05\/05\/independiente-metio-la-quinta\/#breadcrumb","itemListElement":[{"@type":"ListItem","position":1,"name":"Portada","item":"https:\/\/gentedebasquet.com.ar\/sitio\/"},{"@type":"ListItem","position":2,"name":"Independiente meti\u00f3 la quinta"}]},{"@type":"WebSite","@id":"https:\/\/gentedebasquet.com.ar\/sitio\/#website","url":"https:\/\/gentedebasquet.com.ar\/sitio\/","name":"Gente de B\u00e1squet","description":"La revista del basquet de Bah\u00eda Blanca","potentialAction":[{"@type":"SearchAction","target":{"@type":"EntryPoint","urlTemplate":"https:\/\/gentedebasquet.com.ar\/sitio\/?s={search_term_string}"},"query-input":{"@type":"PropertyValueSpecification","valueRequired":true,"valueName":"search_term_string"}}],"inLanguage":"es"},{"@type":"Person","@id":"https:\/\/gentedebasquet.com.ar\/sitio\/#\/schema\/person\/745db2a44dc7729cfc1c6faaa16d895b","name":"Emiliano Roza","image":{"@type":"ImageObject","inLanguage":"es","@id":"https:\/\/secure.gravatar.com\/avatar\/04256ceef48211167df8402e69580be023beb74ca857078daaf21e35d6076e03?s=96&d=mm&r=g","url":"https:\/\/secure.gravatar.com\/avatar\/04256ceef48211167df8402e69580be023beb74ca857078daaf21e35d6076e03?s=96&d=mm&r=g","contentUrl":"https:\/\/secure.gravatar.com\/avatar\/04256ceef48211167df8402e69580be023beb74ca857078daaf21e35d6076e03?s=96&d=mm&r=g","caption":"Emiliano Roza"},"url":"https:\/\/gentedebasquet.com.ar\/sitio\/author\/emilianor\/"}]}},"_links":{"self":[{"href":"https:\/\/gentedebasquet.com.ar\/sitio\/wp-json\/wp\/v2\/posts\/3395","targetHints":{"allow":["GET"]}}],"collection":[{"href":"https:\/\/gentedebasquet.com.ar\/sitio\/wp-json\/wp\/v2\/posts"}],"about":[{"href":"https:\/\/gentedebasquet.com.ar\/sitio\/wp-json\/wp\/v2\/types\/post"}],"author":[{"embeddable":true,"href":"https:\/\/gentedebasquet.com.ar\/sitio\/wp-json\/wp\/v2\/users\/10"}],"replies":[{"embeddable":true,"href":"https:\/\/gentedebasquet.com.ar\/sitio\/wp-json\/wp\/v2\/comments?post=3395"}],"version-history":[{"count":0,"href":"https:\/\/gentedebasquet.com.ar\/sitio\/wp-json\/wp\/v2\/posts\/3395\/revisions"}],"wp:attachment":[{"href":"https:\/\/gentedebasquet.com.ar\/sitio\/wp-json\/wp\/v2\/media?parent=3395"}],"wp:term":[{"taxonomy":"category","embeddable":true,"href":"https:\/\/gentedebasquet.com.ar\/sitio\/wp-json\/wp\/v2\/categories?post=3395"},{"taxonomy":"post_tag","embeddable":true,"href":"https:\/\/gentedebasquet.com.ar\/sitio\/wp-json\/wp\/v2\/tags?post=3395"}],"curies":[{"name":"wp","href":"https:\/\/api.w.org\/{rel}","templated":true}]}}