{"id":35382,"date":"2014-07-06T22:56:20","date_gmt":"2014-07-07T01:56:20","guid":{"rendered":"http:\/\/www.gentedebasquet.com.ar\/?p=35382"},"modified":"2014-07-06T22:56:20","modified_gmt":"2014-07-07T01:56:20","slug":"independiente-de-cabeza-a-la-fase-regional","status":"publish","type":"post","link":"https:\/\/gentedebasquet.com.ar\/sitio\/2014\/07\/06\/independiente-de-cabeza-a-la-fase-regional\/","title":{"rendered":"Independiente, de cabeza a la Fase Regional"},"content":{"rendered":"<p><strong>Con una mentalidad arrolladora, el Viola derrot\u00f3 a Barracas Central por 81 a 51 y clasific\u00f3 a la siguiente instancia del Torneo Federal Femenino. Bel\u00e9n Tombesi (17 y 20 rebotes), Sol Sosa (16 y 9) y Nadia Vrizz (15) se destacaron en el local. Mientras que Natalia Pirillo (13 con 3\/7 t3) sobresali\u00f3 en la visita. En la pr\u00f3xima instancia, las dirigidas por Viviana Albizu enfrentar\u00e1n a V\u00e9lez Sarsfield, Estrella de Berisso, Berazategui y Pe\u00f1arol de Mar del Plata.\u00a0<\/strong><\/p>\n<p>Barracas Central mostr\u00f3 en el comienzo mucho sacrificio defensivo y un par de contra ataques que lo pusieron en ventaja 4-0 y 7-1; mientras que Independiente acumul\u00f3 6 de sus 27 p\u00e9rdidas en esos primeros 4m. Pero r\u00e1pidamente el Viola iba a poner las cosas en su lugar: sell\u00f3 un parcial de 12-0, con Josefina Calvento y Nadia Vrizz al mando, y lo estir\u00f3 a 21-2 al cierre del 1C, cuando Bel\u00e9n Tombesi y Sol Sosa comenzaron a adue\u00f1arse de la pintura.<\/p>\n<p>Hasta ese momento, la ventaja \u201creal\u201d de Independiente era de solo 4 puntos, ya que Barracas hab\u00eda ganado el duelo de ida 66-57 y contaba con ese h\u00e1ndicap para avanzar a la Fase Regional del Torneo Federal Femenino. Pero a partir del 2C la diferencia comenz\u00f3 a ser imposible de remontar para el visitante. Si bien Natalia Pirillo acert\u00f3 a distancia y Barracas recort\u00f3 aprovechando 2m53 de sequ\u00eda en el local (22-14), Sosa par\u00f3 la remontada con un acierto desde los 6.75m y nuevamente Tombesi tom\u00f3 preponderancia cerca de los tableros.<\/p>\n<p>As\u00ed, aprovechando la ausencia de Daniela Civardi (se carg\u00f3 de faltas) y con una bomba de Johanna Scheffer, Independiente volvi\u00f3 a escapar (32-16 a 4m59 del descanso largo). M\u00e1s a\u00fan, comenz\u00f3 el complemento con buena defensa y corriendo la cancha de la mano de la mejor Nadia Vrizz del a\u00f1o. Barracas nunca se entreg\u00f3, mantuvo la intensidad defensiva y forz\u00f3 mediante De la Puente y Roc\u00edo Conti, pero cada vez estaba m\u00e1s lejos de ponerse en partido.<\/p>\n<p>Otro triple de Scheffer, a 6m31 del cierre del 3C, le dio ventaja al local de 26 tantos (52-26) y pr\u00e1cticamente la clasificaci\u00f3n. La doble conducci\u00f3n De la Puente \u2013 Labiano esta vez no dio sus frutos y la diferencia f\u00edsica de las aleras fue determinante hasta que el duelo dej\u00f3 de ser tal. Independiente logr\u00f3 la diferencia de puntos que necesitaba y dio un paso que quedar\u00e1 grabado en la historia del b\u00e1squetbol bahiense. Barracas deber\u00e1 entender que tambi\u00e9n contribuy\u00f3. El tiempo lo dir\u00e1.<\/p>\n<p>&nbsp;<\/p>\n<p><span style=\"text-decoration: underline;\"><em><strong>S\u00edntesis:<\/strong><\/em><\/span><\/p>\n<p><strong>Independiente 81:\u00a0<\/strong>Sof\u00eda Bailetti 2, Nadia Vrizz 15, Josefina Calvento 8, Bel\u00e9n Tombesi 17 y Sol Sosa 16 (FI); Daniela De Mori 0, Johanna Scheffer 10, Vanina Rodr\u00edguez 2, Soledad Vidaurreta 5 y Marianella Pye 6. \u00a0DT: Viviana Albizu.<\/p>\n<p><strong>Barracas 51:\u00a0<\/strong>Ayel\u00e9n De la Puente 8, Julieta Ortiz 4, Maribel Gal\u00e9 4, Florencia Arias 1 y Daniela Civardi 4 (FI); Bel\u00e9n Labiano 0, Natalia Pirillo 13, Vanina Eguren 3, Mariana Arias 2, Georgina Fornetti 4 y Roc\u00edo Conti 8. \u00a0DT: Gabriel M\u00e9rida.<\/p>\n<p><strong>Parciales: <\/strong>22-9, 41-21 (19-12), 63-34 (22-13) y 81-51 (18-17).<\/p>\n<p><strong>\u00c1rbitros:\u00a0<\/strong>Emanuel S\u00e1nchez (Bah\u00eda Blanca) &#8211; Mar\u00eda Jos\u00e9 Delgado (Bol\u00edvar).<\/p>\n<p><strong>Estadio:\u00a0<\/strong>Ra\u00fal y N\u00e9stor Barral (Independiente).<\/p>\n<p><a href=\"http:\/\/www.fibalivestats.com\/matches\/44277\/12\/16\/20\/69K8qbdxa5Ss\/\" target=\"_blank\" rel=\"noopener\"><strong><span style=\"color: #0000ff;\">ESTAD\u00cdSTICAS OFICIALES<\/span><\/strong><\/a><\/p>\n<p>&nbsp;<\/p>\n<table width=\"100%\" border=\"2\">\n<tbody>\n<tr>\n<td align=\"center\" bgcolor=\"#000000\"><span style=\"color: #ffffff;\"><a href=\"http:\/\/www.gentedebasquet.com.ar\/fixture-federal-femenino\/\" target=\"_blank\" rel=\"noopener\"><span style=\"color: #ffffff; font-family: tahoma, verdana, arial, helvetica, sans-serif; font-size: small;\"><span style=\"color: #ffffff; font-family: Georgia, 'Times New Roman', 'Bitstream Charter', Times, serif;\">FIXTURE \u00a0&#8211;\u00a0CONFERENCIA CAPITAL SUR BONAERENSE<\/span><\/span><\/a><\/span><\/td>\n<\/tr>\n<\/tbody>\n<\/table>\n<p>&nbsp;<\/p>\n<h5><span style=\"color: #ff6600;\">CONFERENCIA CAPITAL SUR BONAERENSE<\/span><\/h5>\n<h6>POSICIONES FINALES<\/h6>\n<p>1- Lan\u00fas 15 (7-1)<\/p>\n<p>2- Uni\u00f3n Florida 15 (7-1)<\/p>\n<p>3- Social Lan\u00fas 12 (4-4)<\/p>\n<p>4- Independiente 9 (1-7)<\/p>\n<p>5- Barracas Central 9 (1-7)<\/p>\n<p>&nbsp;<\/p>\n<h5><span style=\"color: #ff6600;\">FASE REGIONAL<\/span><\/h5>\n<h6>AS\u00cd COMIENZAN<\/h6>\n<p>1- V\u00e9lez Sarsfield 12<\/p>\n<p>2- Lan\u00fas 11<\/p>\n<p>3- Uni\u00f3n Florida 11<\/p>\n<p>4- Berazategui 10<\/p>\n<p>5- Social Lan\u00fas 8<\/p>\n<p>6- Estrella (Berisso) 8<\/p>\n<p>7- Pe\u00f1arol (Mar del Plata) 6<\/p>\n<p>8- Independiente 6<\/p>\n<p><strong>Foto:<\/strong> Romina Sald\u00edas.<\/p>\n","protected":false},"excerpt":{"rendered":"<p>Venci\u00f3 a Barracas 81 a 51 y avanz\u00f3 a la siguiente instancia del Federal Femenino<\/p>\n","protected":false},"author":1,"featured_media":35407,"comment_status":"closed","ping_status":"open","sticky":false,"template":"","format":"standard","meta":{"jnews-multi-image_gallery":[],"jnews_single_post":[],"jnews_primary_category":[],"footnotes":""},"categories":[102,33,101],"tags":[6,623,12,818,819,820,821,731],"class_list":["post-35382","post","type-post","status-publish","format-standard","has-post-thumbnail","hentry","category-federal-femenino","category-femenino","category-slide","tag-barracas-central","tag-belen-tombesi","tag-independiente","tag-johanna-scheffer","tag-juan-iturralde","tag-maria-sol-sosa","tag-nadia-vrizz","tag-viviana-albizu"],"yoast_head":"<!-- This site is optimized with the Yoast SEO plugin v27.4 - https:\/\/yoast.com\/product\/yoast-seo-wordpress\/ -->\n<title>Independiente, de cabeza a la Fase Regional - Gente de B\u00e1squet<\/title>\n<meta name=\"robots\" content=\"index, follow, max-snippet:-1, max-image-preview:large, max-video-preview:-1\" \/>\n<link rel=\"canonical\" href=\"http:\/\/gentedebasquet.com.ar\/sitio\/2014\/07\/06\/independiente-de-cabeza-a-la-fase-regional\/\" \/>\n<meta property=\"og:locale\" content=\"es_ES\" \/>\n<meta property=\"og:type\" content=\"article\" \/>\n<meta property=\"og:title\" content=\"Independiente, de cabeza a la Fase Regional - Gente de B\u00e1squet\" \/>\n<meta property=\"og:description\" content=\"Venci\u00f3 a Barracas 81 a 51 y avanz\u00f3 a la siguiente instancia del Federal Femenino\" \/>\n<meta property=\"og:url\" content=\"http:\/\/gentedebasquet.com.ar\/sitio\/2014\/07\/06\/independiente-de-cabeza-a-la-fase-regional\/\" \/>\n<meta property=\"og:site_name\" content=\"Gente de B\u00e1squet\" \/>\n<meta property=\"article:published_time\" content=\"2014-07-07T01:56:20+00:00\" \/>\n<meta property=\"og:image\" content=\"http:\/\/gentedebasquet.com.ar\/sitio\/wp-content\/uploads\/2014\/07\/TFFB-Independiente-Barracas-Tombesi.jpg\" \/>\n\t<meta property=\"og:image:width\" content=\"690\" \/>\n\t<meta property=\"og:image:height\" content=\"319\" \/>\n\t<meta property=\"og:image:type\" content=\"image\/jpeg\" \/>\n<meta name=\"author\" content=\"Gente de B\u00e1squet\" \/>\n<meta name=\"twitter:card\" content=\"summary_large_image\" \/>\n<meta name=\"twitter:label1\" content=\"Escrito por\" \/>\n\t<meta name=\"twitter:data1\" content=\"Gente de B\u00e1squet\" \/>\n\t<meta name=\"twitter:label2\" content=\"Tiempo de lectura\" \/>\n\t<meta name=\"twitter:data2\" content=\"3 minutos\" \/>\n<script type=\"application\/ld+json\" class=\"yoast-schema-graph\">{\"@context\":\"https:\\\/\\\/schema.org\",\"@graph\":[{\"@type\":\"Article\",\"@id\":\"http:\\\/\\\/gentedebasquet.com.ar\\\/sitio\\\/2014\\\/07\\\/06\\\/independiente-de-cabeza-a-la-fase-regional\\\/#article\",\"isPartOf\":{\"@id\":\"http:\\\/\\\/gentedebasquet.com.ar\\\/sitio\\\/2014\\\/07\\\/06\\\/independiente-de-cabeza-a-la-fase-regional\\\/\"},\"author\":{\"name\":\"Gente de B\u00e1squet\",\"@id\":\"http:\\\/\\\/gentedebasquet.com.ar\\\/sitio\\\/#\\\/schema\\\/person\\\/ca0b63bbb977369988a7bbbdc519943a\"},\"headline\":\"Independiente, de cabeza a la Fase Regional\",\"datePublished\":\"2014-07-07T01:56:20+00:00\",\"mainEntityOfPage\":{\"@id\":\"http:\\\/\\\/gentedebasquet.com.ar\\\/sitio\\\/2014\\\/07\\\/06\\\/independiente-de-cabeza-a-la-fase-regional\\\/\"},\"wordCount\":605,\"image\":{\"@id\":\"http:\\\/\\\/gentedebasquet.com.ar\\\/sitio\\\/2014\\\/07\\\/06\\\/independiente-de-cabeza-a-la-fase-regional\\\/#primaryimage\"},\"thumbnailUrl\":\"https:\\\/\\\/gentedebasquet.com.ar\\\/sitio\\\/wp-content\\\/uploads\\\/2014\\\/07\\\/TFFB-Independiente-Barracas-Tombesi.jpg\",\"keywords\":[\"Barracas Central\",\"Bel\u00e9n Tombesi\",\"independiente\",\"Johanna Scheffer\",\"Juan Iturralde\",\"Mar\u00eda Sol Sosa\",\"Nadia Vrizz\",\"Viviana Albizu\"],\"articleSection\":[\"Federal Femenino\",\"Femenino\",\"Slide\"],\"inLanguage\":\"es\"},{\"@type\":\"WebPage\",\"@id\":\"http:\\\/\\\/gentedebasquet.com.ar\\\/sitio\\\/2014\\\/07\\\/06\\\/independiente-de-cabeza-a-la-fase-regional\\\/\",\"url\":\"http:\\\/\\\/gentedebasquet.com.ar\\\/sitio\\\/2014\\\/07\\\/06\\\/independiente-de-cabeza-a-la-fase-regional\\\/\",\"name\":\"Independiente, de cabeza a la Fase Regional - Gente de B\u00e1squet\",\"isPartOf\":{\"@id\":\"http:\\\/\\\/gentedebasquet.com.ar\\\/sitio\\\/#website\"},\"primaryImageOfPage\":{\"@id\":\"http:\\\/\\\/gentedebasquet.com.ar\\\/sitio\\\/2014\\\/07\\\/06\\\/independiente-de-cabeza-a-la-fase-regional\\\/#primaryimage\"},\"image\":{\"@id\":\"http:\\\/\\\/gentedebasquet.com.ar\\\/sitio\\\/2014\\\/07\\\/06\\\/independiente-de-cabeza-a-la-fase-regional\\\/#primaryimage\"},\"thumbnailUrl\":\"https:\\\/\\\/gentedebasquet.com.ar\\\/sitio\\\/wp-content\\\/uploads\\\/2014\\\/07\\\/TFFB-Independiente-Barracas-Tombesi.jpg\",\"datePublished\":\"2014-07-07T01:56:20+00:00\",\"author\":{\"@id\":\"http:\\\/\\\/gentedebasquet.com.ar\\\/sitio\\\/#\\\/schema\\\/person\\\/ca0b63bbb977369988a7bbbdc519943a\"},\"breadcrumb\":{\"@id\":\"http:\\\/\\\/gentedebasquet.com.ar\\\/sitio\\\/2014\\\/07\\\/06\\\/independiente-de-cabeza-a-la-fase-regional\\\/#breadcrumb\"},\"inLanguage\":\"es\",\"potentialAction\":[{\"@type\":\"ReadAction\",\"target\":[\"http:\\\/\\\/gentedebasquet.com.ar\\\/sitio\\\/2014\\\/07\\\/06\\\/independiente-de-cabeza-a-la-fase-regional\\\/\"]}]},{\"@type\":\"ImageObject\",\"inLanguage\":\"es\",\"@id\":\"http:\\\/\\\/gentedebasquet.com.ar\\\/sitio\\\/2014\\\/07\\\/06\\\/independiente-de-cabeza-a-la-fase-regional\\\/#primaryimage\",\"url\":\"https:\\\/\\\/gentedebasquet.com.ar\\\/sitio\\\/wp-content\\\/uploads\\\/2014\\\/07\\\/TFFB-Independiente-Barracas-Tombesi.jpg\",\"contentUrl\":\"https:\\\/\\\/gentedebasquet.com.ar\\\/sitio\\\/wp-content\\\/uploads\\\/2014\\\/07\\\/TFFB-Independiente-Barracas-Tombesi.jpg\",\"width\":690,\"height\":319},{\"@type\":\"BreadcrumbList\",\"@id\":\"http:\\\/\\\/gentedebasquet.com.ar\\\/sitio\\\/2014\\\/07\\\/06\\\/independiente-de-cabeza-a-la-fase-regional\\\/#breadcrumb\",\"itemListElement\":[{\"@type\":\"ListItem\",\"position\":1,\"name\":\"Portada\",\"item\":\"http:\\\/\\\/gentedebasquet.com.ar\\\/sitio\\\/\"},{\"@type\":\"ListItem\",\"position\":2,\"name\":\"Independiente, de cabeza a la Fase Regional\"}]},{\"@type\":\"WebSite\",\"@id\":\"http:\\\/\\\/gentedebasquet.com.ar\\\/sitio\\\/#website\",\"url\":\"http:\\\/\\\/gentedebasquet.com.ar\\\/sitio\\\/\",\"name\":\"Gente de B\u00e1squet\",\"description\":\"La revista del basquet de Bah\u00eda Blanca\",\"potentialAction\":[{\"@type\":\"SearchAction\",\"target\":{\"@type\":\"EntryPoint\",\"urlTemplate\":\"http:\\\/\\\/gentedebasquet.com.ar\\\/sitio\\\/?s={search_term_string}\"},\"query-input\":{\"@type\":\"PropertyValueSpecification\",\"valueRequired\":true,\"valueName\":\"search_term_string\"}}],\"inLanguage\":\"es\"},{\"@type\":\"Person\",\"@id\":\"http:\\\/\\\/gentedebasquet.com.ar\\\/sitio\\\/#\\\/schema\\\/person\\\/ca0b63bbb977369988a7bbbdc519943a\",\"name\":\"Gente de B\u00e1squet\",\"image\":{\"@type\":\"ImageObject\",\"inLanguage\":\"es\",\"@id\":\"https:\\\/\\\/secure.gravatar.com\\\/avatar\\\/7f2c48bdc33b30088f941fb6082e555f2874c98e20cb159d7b92b50eadfce793?s=96&d=mm&r=g\",\"url\":\"https:\\\/\\\/secure.gravatar.com\\\/avatar\\\/7f2c48bdc33b30088f941fb6082e555f2874c98e20cb159d7b92b50eadfce793?s=96&d=mm&r=g\",\"contentUrl\":\"https:\\\/\\\/secure.gravatar.com\\\/avatar\\\/7f2c48bdc33b30088f941fb6082e555f2874c98e20cb159d7b92b50eadfce793?s=96&d=mm&r=g\",\"caption\":\"Gente de B\u00e1squet\"},\"sameAs\":[\"http:\\\/\\\/gentedebasquet.com.ar\\\/sitio\"],\"url\":\"https:\\\/\\\/gentedebasquet.com.ar\\\/sitio\\\/author\\\/ulises\\\/\"}]}<\/script>\n<!-- \/ Yoast SEO plugin. -->","yoast_head_json":{"title":"Independiente, de cabeza a la Fase Regional - Gente de B\u00e1squet","robots":{"index":"index","follow":"follow","max-snippet":"max-snippet:-1","max-image-preview":"max-image-preview:large","max-video-preview":"max-video-preview:-1"},"canonical":"http:\/\/gentedebasquet.com.ar\/sitio\/2014\/07\/06\/independiente-de-cabeza-a-la-fase-regional\/","og_locale":"es_ES","og_type":"article","og_title":"Independiente, de cabeza a la Fase Regional - Gente de B\u00e1squet","og_description":"Venci\u00f3 a Barracas 81 a 51 y avanz\u00f3 a la siguiente instancia del Federal Femenino","og_url":"http:\/\/gentedebasquet.com.ar\/sitio\/2014\/07\/06\/independiente-de-cabeza-a-la-fase-regional\/","og_site_name":"Gente de B\u00e1squet","article_published_time":"2014-07-07T01:56:20+00:00","og_image":[{"width":690,"height":319,"url":"http:\/\/gentedebasquet.com.ar\/sitio\/wp-content\/uploads\/2014\/07\/TFFB-Independiente-Barracas-Tombesi.jpg","type":"image\/jpeg"}],"author":"Gente de B\u00e1squet","twitter_card":"summary_large_image","twitter_misc":{"Escrito por":"Gente de B\u00e1squet","Tiempo de lectura":"3 minutos"},"schema":{"@context":"https:\/\/schema.org","@graph":[{"@type":"Article","@id":"http:\/\/gentedebasquet.com.ar\/sitio\/2014\/07\/06\/independiente-de-cabeza-a-la-fase-regional\/#article","isPartOf":{"@id":"http:\/\/gentedebasquet.com.ar\/sitio\/2014\/07\/06\/independiente-de-cabeza-a-la-fase-regional\/"},"author":{"name":"Gente de B\u00e1squet","@id":"http:\/\/gentedebasquet.com.ar\/sitio\/#\/schema\/person\/ca0b63bbb977369988a7bbbdc519943a"},"headline":"Independiente, de cabeza a la Fase Regional","datePublished":"2014-07-07T01:56:20+00:00","mainEntityOfPage":{"@id":"http:\/\/gentedebasquet.com.ar\/sitio\/2014\/07\/06\/independiente-de-cabeza-a-la-fase-regional\/"},"wordCount":605,"image":{"@id":"http:\/\/gentedebasquet.com.ar\/sitio\/2014\/07\/06\/independiente-de-cabeza-a-la-fase-regional\/#primaryimage"},"thumbnailUrl":"https:\/\/gentedebasquet.com.ar\/sitio\/wp-content\/uploads\/2014\/07\/TFFB-Independiente-Barracas-Tombesi.jpg","keywords":["Barracas Central","Bel\u00e9n Tombesi","independiente","Johanna Scheffer","Juan Iturralde","Mar\u00eda Sol Sosa","Nadia Vrizz","Viviana Albizu"],"articleSection":["Federal Femenino","Femenino","Slide"],"inLanguage":"es"},{"@type":"WebPage","@id":"http:\/\/gentedebasquet.com.ar\/sitio\/2014\/07\/06\/independiente-de-cabeza-a-la-fase-regional\/","url":"http:\/\/gentedebasquet.com.ar\/sitio\/2014\/07\/06\/independiente-de-cabeza-a-la-fase-regional\/","name":"Independiente, de cabeza a la Fase Regional - Gente de B\u00e1squet","isPartOf":{"@id":"http:\/\/gentedebasquet.com.ar\/sitio\/#website"},"primaryImageOfPage":{"@id":"http:\/\/gentedebasquet.com.ar\/sitio\/2014\/07\/06\/independiente-de-cabeza-a-la-fase-regional\/#primaryimage"},"image":{"@id":"http:\/\/gentedebasquet.com.ar\/sitio\/2014\/07\/06\/independiente-de-cabeza-a-la-fase-regional\/#primaryimage"},"thumbnailUrl":"https:\/\/gentedebasquet.com.ar\/sitio\/wp-content\/uploads\/2014\/07\/TFFB-Independiente-Barracas-Tombesi.jpg","datePublished":"2014-07-07T01:56:20+00:00","author":{"@id":"http:\/\/gentedebasquet.com.ar\/sitio\/#\/schema\/person\/ca0b63bbb977369988a7bbbdc519943a"},"breadcrumb":{"@id":"http:\/\/gentedebasquet.com.ar\/sitio\/2014\/07\/06\/independiente-de-cabeza-a-la-fase-regional\/#breadcrumb"},"inLanguage":"es","potentialAction":[{"@type":"ReadAction","target":["http:\/\/gentedebasquet.com.ar\/sitio\/2014\/07\/06\/independiente-de-cabeza-a-la-fase-regional\/"]}]},{"@type":"ImageObject","inLanguage":"es","@id":"http:\/\/gentedebasquet.com.ar\/sitio\/2014\/07\/06\/independiente-de-cabeza-a-la-fase-regional\/#primaryimage","url":"https:\/\/gentedebasquet.com.ar\/sitio\/wp-content\/uploads\/2014\/07\/TFFB-Independiente-Barracas-Tombesi.jpg","contentUrl":"https:\/\/gentedebasquet.com.ar\/sitio\/wp-content\/uploads\/2014\/07\/TFFB-Independiente-Barracas-Tombesi.jpg","width":690,"height":319},{"@type":"BreadcrumbList","@id":"http:\/\/gentedebasquet.com.ar\/sitio\/2014\/07\/06\/independiente-de-cabeza-a-la-fase-regional\/#breadcrumb","itemListElement":[{"@type":"ListItem","position":1,"name":"Portada","item":"http:\/\/gentedebasquet.com.ar\/sitio\/"},{"@type":"ListItem","position":2,"name":"Independiente, de cabeza a la Fase Regional"}]},{"@type":"WebSite","@id":"http:\/\/gentedebasquet.com.ar\/sitio\/#website","url":"http:\/\/gentedebasquet.com.ar\/sitio\/","name":"Gente de B\u00e1squet","description":"La revista del basquet de Bah\u00eda Blanca","potentialAction":[{"@type":"SearchAction","target":{"@type":"EntryPoint","urlTemplate":"http:\/\/gentedebasquet.com.ar\/sitio\/?s={search_term_string}"},"query-input":{"@type":"PropertyValueSpecification","valueRequired":true,"valueName":"search_term_string"}}],"inLanguage":"es"},{"@type":"Person","@id":"http:\/\/gentedebasquet.com.ar\/sitio\/#\/schema\/person\/ca0b63bbb977369988a7bbbdc519943a","name":"Gente de B\u00e1squet","image":{"@type":"ImageObject","inLanguage":"es","@id":"https:\/\/secure.gravatar.com\/avatar\/7f2c48bdc33b30088f941fb6082e555f2874c98e20cb159d7b92b50eadfce793?s=96&d=mm&r=g","url":"https:\/\/secure.gravatar.com\/avatar\/7f2c48bdc33b30088f941fb6082e555f2874c98e20cb159d7b92b50eadfce793?s=96&d=mm&r=g","contentUrl":"https:\/\/secure.gravatar.com\/avatar\/7f2c48bdc33b30088f941fb6082e555f2874c98e20cb159d7b92b50eadfce793?s=96&d=mm&r=g","caption":"Gente de B\u00e1squet"},"sameAs":["http:\/\/gentedebasquet.com.ar\/sitio"],"url":"https:\/\/gentedebasquet.com.ar\/sitio\/author\/ulises\/"}]}},"_links":{"self":[{"href":"https:\/\/gentedebasquet.com.ar\/sitio\/wp-json\/wp\/v2\/posts\/35382","targetHints":{"allow":["GET"]}}],"collection":[{"href":"https:\/\/gentedebasquet.com.ar\/sitio\/wp-json\/wp\/v2\/posts"}],"about":[{"href":"https:\/\/gentedebasquet.com.ar\/sitio\/wp-json\/wp\/v2\/types\/post"}],"author":[{"embeddable":true,"href":"https:\/\/gentedebasquet.com.ar\/sitio\/wp-json\/wp\/v2\/users\/1"}],"replies":[{"embeddable":true,"href":"https:\/\/gentedebasquet.com.ar\/sitio\/wp-json\/wp\/v2\/comments?post=35382"}],"version-history":[{"count":0,"href":"https:\/\/gentedebasquet.com.ar\/sitio\/wp-json\/wp\/v2\/posts\/35382\/revisions"}],"wp:featuredmedia":[{"embeddable":true,"href":"https:\/\/gentedebasquet.com.ar\/sitio\/wp-json\/wp\/v2\/media\/35407"}],"wp:attachment":[{"href":"https:\/\/gentedebasquet.com.ar\/sitio\/wp-json\/wp\/v2\/media?parent=35382"}],"wp:term":[{"taxonomy":"category","embeddable":true,"href":"https:\/\/gentedebasquet.com.ar\/sitio\/wp-json\/wp\/v2\/categories?post=35382"},{"taxonomy":"post_tag","embeddable":true,"href":"https:\/\/gentedebasquet.com.ar\/sitio\/wp-json\/wp\/v2\/tags?post=35382"}],"curies":[{"name":"wp","href":"https:\/\/api.w.org\/{rel}","templated":true}]}}