{"id":35522,"date":"2014-07-10T02:17:08","date_gmt":"2014-07-10T05:17:08","guid":{"rendered":"http:\/\/www.gentedebasquet.com.ar\/?p=35522"},"modified":"2014-07-10T02:17:08","modified_gmt":"2014-07-10T05:17:08","slug":"la-noche-del-9","status":"publish","type":"post","link":"https:\/\/gentedebasquet.com.ar\/sitio\/2014\/07\/10\/la-noche-del-9\/","title":{"rendered":"La noche del \u00ab9\u00bb"},"content":{"rendered":"<p><b>En el d\u00eda de la Independencia, la noche fue del 9; no solo por el triunfo de 9 de Julio sobre Estudiantes por 84 a 81, sino porque su principal figura result\u00f3 ser Gonzalo Spikerman (camiseta N\u00ba 9). \u201cSpiki\u201d termin\u00f3 con 28 puntos (5\/8 T3) siendo el goleador del encuentro, acompa\u00f1ado por Agust\u00edn Pena (16, 5\/8 T2) y Agust\u00edn Dottori (14, 11 en 2\u00baT, 10 rebotes y 4 robos). Mientras que Federico Radavero, el nueve del \u201calbo\u201d, termin\u00f3 como goleador de su equipo (22, 2\/4 T3 y 8 rebotes), seguido por Francisco Gonz\u00e1lez (13, 6\/7 T2) y Mat\u00edas Oyhamburo (13).<\/b><\/p>\n<p>El elenco local comenz\u00f3 muy intenso desde el vamos, hilvanando un parcial de 10-0 con Pena (7) manejando los tiempo correctamente y Spikerman (7) muy enfocado con el aro en primer t\u00e9rmino; pero despu\u00e9s Rizzo-Z\u00e1rate (8 entre ambos) aportaron lo suyo debajo del cesto. Mientras que por el lado del \u201calbo\u201d, las imprecisiones estuvieron latentes (7) y fueron la principal barrera del equipo para intentar lograr la fluidez necesaria en ofensiva; y por eso el due\u00f1o de casa domin\u00f3 el desarrollo de principio a fin.<\/p>\n<p>Spikerman (9, 100% TC) mantuvo su mano intacta en el comienzo del segundo chico y Pena (7, 100% efectividad) tambi\u00e9n se mostr\u00f3 sumamente certero rompiendo la primera l\u00ednea de la zona que ensay\u00f3 Estudiantes. Si bien mantuvo la diferencia al cabo de la primera mitad, tuvo que soportar el aporte de Gonz\u00e1lez (9, 4\/4 T2) y un buen pasaje de Torres (4 con volcada incluida), dentro de una ofensiva muy profunda (9\/12 T2) donde se tomaron lanzamientos de alto porcentaje. Sin embargo las p\u00e9rdidas (5) una vez m\u00e1s le jugaron en contra y de haberse acercado a seis unidades, quedaron doce puntos abajo.<\/p>\n<p>Con un parcial de 15-2, Estudiantes dio vuelta el marcador con un intenso Radavero (8, 3 robos y 3 rebotes) y Oyhamburo (8) m\u00e1s involucrado en ataque, sum\u00e1ndole puntos a su buena conducci\u00f3n. Como si fuera un boxeador que esquiva el golpe de KO, \u201c9\u201d despert\u00f3 justo a tiempo para no permitir que se le escaparan en el marcador, a pesar de sus reiteradas imprecisiones, movilidad y eficacia (4\/16 TC). M\u00e1s all\u00e1 que la visita termin\u00f3 ganando el cuarto 21-9, quedaron igualados, como al principio, pero con otro escenario para cada uno.<\/p>\n<p>Presionando la primera l\u00ednea, Dottori (8) encontr\u00f3 decididamente su momento en el encuentro para contribuir en ataque, que junto a la mano encendida de Spikerman (10, 2\/3 T3) fueron las armas m\u00e1s claras con las que cont\u00f3 el local para volver a tomar distancias (74-65). No obstante Radavero (9) y Buzzo (6) se complementaron para darle al \u201calbo\u201d la efectividad que necesitaban desde el per\u00edmetro (3\/4 T3), logrando los espacios necesarios para abrir el juego. Aunque los rompimientos y las segundas chances obtenidas no fueron bien redituadas por la ineficacia desde la l\u00ednea (7\/15 T1). Justamente esa v\u00eda fue la que le hizo esquivo forzar un suplementario, y en contrapartida, permitirle a Rizzo (5\/6 T1) darle el triunfo a 9 de Julio.<em> <\/em><\/p>\n<p>&nbsp;<\/p>\n<p><strong><em><span style=\"text-decoration: underline;\">S\u00edntesis: <\/span><\/em><\/strong><\/p>\n<p><strong>9 de Julio 84: <\/strong>Agust\u00edn Pena 16, Gonzalo Spikerman 28, Agust\u00edn Dottori 14 (x), Nahuel Rizzo 11 y Alexis Z\u00e1rate 11<strong> <\/strong>(F.I.); Fernando Pe\u00f1alver 2 (x), Mauro Bl\u00e1zquez 0, Mat\u00edas L\u00f3pez 0, Francisco Bonaguro 2, Milton Ruesga 0 y Marcos Davi 0. DT: Emiliano Rold\u00e1n.<\/p>\n<p><strong>Estudiantes 81: <\/strong>Mat\u00edas Oyhamburo 11, Santiago Rodr\u00edguez 1, Leandro Cecchi 5, An\u00edbal Buzzo 11 y Federico Radavero 22 (F.I.); Sebasti\u00e1n Cinti 5, Gonzalo Torres 6, Francisco Gonz\u00e1lez 13, Tom\u00e1s Scarpaci 0 y Mart\u00edn Cleppe 5. DT: Guillermo L\u00f3pez.<\/p>\n<p><strong>Parciales: <\/strong>22-14, 48-36 (26-22), 57-57 (9-21) y 84-81 (27-24).<\/p>\n<p><strong>\u00c1rbitros: <\/strong>Javier S\u00e1nchez y Mauro Reyes.<\/p>\n<p><strong>Estadio: <\/strong>\u201cN\u00e9stor Damiani\u201d (9 de Julio).<\/p>\n<p><a class=\"modalf iframe\" title=\"Planilla\" href=\"https:\/\/docs.google.com\/spreadsheets\/d\/1rgRx1tB4VeDYjPOjF2sz19yx3rmXaJp0LnLVSs1XREo\/pubhtml\" target=\"_blank\" rel=\"noopener\">Ver Planilla<\/a><\/p>\n<p>&nbsp;<\/p>\n<h6><b>Para tener en cuenta<\/b><\/h6>\n<p>Tal vez sea una mera coincidencia o un tradicional juego de palabras y datos; pero anoche para muchos se vivi\u00f3 un d\u00eda muy especial ya que luego de conmemorarse el d\u00eda de la Independencia, de haber quedado disf\u00f3nicos al festejar el triunfo de la Selecci\u00f3n Argentina en el mundial, nos dispusimos a cumplir con nuestras obligaciones. En mi caso particular, de comunicador social y apasionado de la profesi\u00f3n y este hermoso deporte. En el caso de varios que se hicieron presentes en el \u201cN\u00e9stor Damiani\u201d, ir a cumplir con la responsabilidad con sus respectivos clubes, familiares, allegados y hasta con la instituci\u00f3n que representan.<\/p>\n<p>Una frase me sorprendi\u00f3 al ingresar al estadio que tal vez fue un aliciente m\u00e1s con el que contaron los jugadores anoche: \u201cDespu\u00e9s de la demostraci\u00f3n de entrega que hizo Argentina, es imposible no motivarse\u201d.<\/p>\n<p>Es cierto. Son posturas, compromisos y hasta obligaciones; pero considero, como seguramente considerar\u00e1 gran parte de la ciudad, que la fecha de anoche se debi\u00f3 haber postergado para poder darle rienda suelta a la alegr\u00eda de haber pasado a una final mundialista, para poder cruzar la ciudad con tranquilidad y no \u201ca las corridas\u201d para llegar a la cancha evitando algunos inadaptados con piedras amenazantes al querer pasarlos, o por qu\u00e9 no dejar que las familias o grupos de pertenencia puedan unir sus lazos al compartir esa ilusi\u00f3n que todos tenemos.<\/p>\n<p>Ya est\u00e1. No se posterg\u00f3. Y seguramente alguien dir\u00e1 que nadie present\u00f3 un reclamo formal pero considero que no hac\u00eda falta. Ser\u00eda bueno tener en cuenta estos detalles, como se han tenido en cuenta con otros eventos deportivos. Es una humilde opini\u00f3n de este periodista que d\u00eda a d\u00eda intenta hacer las cosas de la forma correcta.<\/p>\n","protected":false},"excerpt":{"rendered":"<p>\u00a1Viva la patria! 9 de Julio venci\u00f3 como local a Estudiantes 84-81<\/p>\n","protected":false},"author":1,"featured_media":35524,"comment_status":"closed","ping_status":"open","sticky":false,"template":"","format":"standard","meta":{"jnews-multi-image_gallery":[],"jnews_single_post":[],"jnews_primary_category":[],"footnotes":""},"categories":[23,101],"tags":[2,241,11,599,826,141],"class_list":["post-35522","post","type-post","status-publish","format-standard","has-post-thumbnail","hentry","category-primera","category-slide","tag-9dejulio","tag-agustin-dottori","tag-estudiantes","tag-federico-radavero","tag-francisco-gon","tag-gonzalo-spikerman"],"yoast_head":"<!-- This site is optimized with the Yoast SEO plugin v27.5 - https:\/\/yoast.com\/product\/yoast-seo-wordpress\/ -->\n<title>La noche del &quot;9&quot; - Gente de B\u00e1squet<\/title>\n<meta name=\"robots\" content=\"index, follow, max-snippet:-1, max-image-preview:large, max-video-preview:-1\" \/>\n<link rel=\"canonical\" href=\"https:\/\/gentedebasquet.com.ar\/sitio\/2014\/07\/10\/la-noche-del-9\/\" \/>\n<meta property=\"og:locale\" content=\"es_ES\" \/>\n<meta property=\"og:type\" content=\"article\" \/>\n<meta property=\"og:title\" content=\"La noche del &quot;9&quot; - Gente de B\u00e1squet\" \/>\n<meta property=\"og:description\" content=\"\u00a1Viva la patria! 9 de Julio venci\u00f3 como local a Estudiantes 84-81\" \/>\n<meta property=\"og:url\" content=\"https:\/\/gentedebasquet.com.ar\/sitio\/2014\/07\/10\/la-noche-del-9\/\" \/>\n<meta property=\"og:site_name\" content=\"Gente de B\u00e1squet\" \/>\n<meta property=\"article:published_time\" content=\"2014-07-10T05:17:08+00:00\" \/>\n<meta property=\"og:image\" content=\"https:\/\/gentedebasquet.com.ar\/sitio\/wp-content\/uploads\/2014\/07\/DSCF3717.jpg\" \/>\n\t<meta property=\"og:image:width\" content=\"690\" \/>\n\t<meta property=\"og:image:height\" content=\"391\" \/>\n\t<meta property=\"og:image:type\" content=\"image\/jpeg\" \/>\n<meta name=\"author\" content=\"Gente de B\u00e1squet\" \/>\n<meta name=\"twitter:card\" content=\"summary_large_image\" \/>\n<meta name=\"twitter:label1\" content=\"Escrito por\" \/>\n\t<meta name=\"twitter:data1\" content=\"Gente de B\u00e1squet\" \/>\n\t<meta name=\"twitter:label2\" content=\"Tiempo de lectura\" \/>\n\t<meta name=\"twitter:data2\" content=\"4 minutos\" \/>\n<script type=\"application\/ld+json\" class=\"yoast-schema-graph\">{\"@context\":\"https:\\\/\\\/schema.org\",\"@graph\":[{\"@type\":\"Article\",\"@id\":\"https:\\\/\\\/gentedebasquet.com.ar\\\/sitio\\\/2014\\\/07\\\/10\\\/la-noche-del-9\\\/#article\",\"isPartOf\":{\"@id\":\"https:\\\/\\\/gentedebasquet.com.ar\\\/sitio\\\/2014\\\/07\\\/10\\\/la-noche-del-9\\\/\"},\"author\":{\"name\":\"Gente de B\u00e1squet\",\"@id\":\"https:\\\/\\\/gentedebasquet.com.ar\\\/sitio\\\/#\\\/schema\\\/person\\\/ca0b63bbb977369988a7bbbdc519943a\"},\"headline\":\"La noche del \u00ab9\u00bb\",\"datePublished\":\"2014-07-10T05:17:08+00:00\",\"mainEntityOfPage\":{\"@id\":\"https:\\\/\\\/gentedebasquet.com.ar\\\/sitio\\\/2014\\\/07\\\/10\\\/la-noche-del-9\\\/\"},\"wordCount\":895,\"image\":{\"@id\":\"https:\\\/\\\/gentedebasquet.com.ar\\\/sitio\\\/2014\\\/07\\\/10\\\/la-noche-del-9\\\/#primaryimage\"},\"thumbnailUrl\":\"https:\\\/\\\/gentedebasquet.com.ar\\\/sitio\\\/wp-content\\\/uploads\\\/2014\\\/07\\\/DSCF3717.jpg\",\"keywords\":[\"9 de Julio\",\"Agust\u00edn Dottori\",\"Estudiantes\",\"Federico Radavero\",\"Francisco Gon\",\"Gonzalo Spikerman\"],\"articleSection\":[\"Primera\",\"Slide\"],\"inLanguage\":\"es\"},{\"@type\":\"WebPage\",\"@id\":\"https:\\\/\\\/gentedebasquet.com.ar\\\/sitio\\\/2014\\\/07\\\/10\\\/la-noche-del-9\\\/\",\"url\":\"https:\\\/\\\/gentedebasquet.com.ar\\\/sitio\\\/2014\\\/07\\\/10\\\/la-noche-del-9\\\/\",\"name\":\"La noche del \\\"9\\\" - Gente de B\u00e1squet\",\"isPartOf\":{\"@id\":\"https:\\\/\\\/gentedebasquet.com.ar\\\/sitio\\\/#website\"},\"primaryImageOfPage\":{\"@id\":\"https:\\\/\\\/gentedebasquet.com.ar\\\/sitio\\\/2014\\\/07\\\/10\\\/la-noche-del-9\\\/#primaryimage\"},\"image\":{\"@id\":\"https:\\\/\\\/gentedebasquet.com.ar\\\/sitio\\\/2014\\\/07\\\/10\\\/la-noche-del-9\\\/#primaryimage\"},\"thumbnailUrl\":\"https:\\\/\\\/gentedebasquet.com.ar\\\/sitio\\\/wp-content\\\/uploads\\\/2014\\\/07\\\/DSCF3717.jpg\",\"datePublished\":\"2014-07-10T05:17:08+00:00\",\"author\":{\"@id\":\"https:\\\/\\\/gentedebasquet.com.ar\\\/sitio\\\/#\\\/schema\\\/person\\\/ca0b63bbb977369988a7bbbdc519943a\"},\"breadcrumb\":{\"@id\":\"https:\\\/\\\/gentedebasquet.com.ar\\\/sitio\\\/2014\\\/07\\\/10\\\/la-noche-del-9\\\/#breadcrumb\"},\"inLanguage\":\"es\",\"potentialAction\":[{\"@type\":\"ReadAction\",\"target\":[\"https:\\\/\\\/gentedebasquet.com.ar\\\/sitio\\\/2014\\\/07\\\/10\\\/la-noche-del-9\\\/\"]}]},{\"@type\":\"ImageObject\",\"inLanguage\":\"es\",\"@id\":\"https:\\\/\\\/gentedebasquet.com.ar\\\/sitio\\\/2014\\\/07\\\/10\\\/la-noche-del-9\\\/#primaryimage\",\"url\":\"https:\\\/\\\/gentedebasquet.com.ar\\\/sitio\\\/wp-content\\\/uploads\\\/2014\\\/07\\\/DSCF3717.jpg\",\"contentUrl\":\"https:\\\/\\\/gentedebasquet.com.ar\\\/sitio\\\/wp-content\\\/uploads\\\/2014\\\/07\\\/DSCF3717.jpg\",\"width\":690,\"height\":391},{\"@type\":\"BreadcrumbList\",\"@id\":\"https:\\\/\\\/gentedebasquet.com.ar\\\/sitio\\\/2014\\\/07\\\/10\\\/la-noche-del-9\\\/#breadcrumb\",\"itemListElement\":[{\"@type\":\"ListItem\",\"position\":1,\"name\":\"Portada\",\"item\":\"https:\\\/\\\/gentedebasquet.com.ar\\\/sitio\\\/\"},{\"@type\":\"ListItem\",\"position\":2,\"name\":\"La noche del \u00ab9\u00bb\"}]},{\"@type\":\"WebSite\",\"@id\":\"https:\\\/\\\/gentedebasquet.com.ar\\\/sitio\\\/#website\",\"url\":\"https:\\\/\\\/gentedebasquet.com.ar\\\/sitio\\\/\",\"name\":\"Gente de B\u00e1squet\",\"description\":\"La revista del basquet de Bah\u00eda Blanca\",\"potentialAction\":[{\"@type\":\"SearchAction\",\"target\":{\"@type\":\"EntryPoint\",\"urlTemplate\":\"https:\\\/\\\/gentedebasquet.com.ar\\\/sitio\\\/?s={search_term_string}\"},\"query-input\":{\"@type\":\"PropertyValueSpecification\",\"valueRequired\":true,\"valueName\":\"search_term_string\"}}],\"inLanguage\":\"es\"},{\"@type\":\"Person\",\"@id\":\"https:\\\/\\\/gentedebasquet.com.ar\\\/sitio\\\/#\\\/schema\\\/person\\\/ca0b63bbb977369988a7bbbdc519943a\",\"name\":\"Gente de B\u00e1squet\",\"image\":{\"@type\":\"ImageObject\",\"inLanguage\":\"es\",\"@id\":\"https:\\\/\\\/secure.gravatar.com\\\/avatar\\\/7f2c48bdc33b30088f941fb6082e555f2874c98e20cb159d7b92b50eadfce793?s=96&d=mm&r=g\",\"url\":\"https:\\\/\\\/secure.gravatar.com\\\/avatar\\\/7f2c48bdc33b30088f941fb6082e555f2874c98e20cb159d7b92b50eadfce793?s=96&d=mm&r=g\",\"contentUrl\":\"https:\\\/\\\/secure.gravatar.com\\\/avatar\\\/7f2c48bdc33b30088f941fb6082e555f2874c98e20cb159d7b92b50eadfce793?s=96&d=mm&r=g\",\"caption\":\"Gente de B\u00e1squet\"},\"sameAs\":[\"http:\\\/\\\/gentedebasquet.com.ar\\\/sitio\"],\"url\":\"https:\\\/\\\/gentedebasquet.com.ar\\\/sitio\\\/author\\\/ulises\\\/\"}]}<\/script>\n<!-- \/ Yoast SEO plugin. -->","yoast_head_json":{"title":"La noche del \"9\" - Gente de B\u00e1squet","robots":{"index":"index","follow":"follow","max-snippet":"max-snippet:-1","max-image-preview":"max-image-preview:large","max-video-preview":"max-video-preview:-1"},"canonical":"https:\/\/gentedebasquet.com.ar\/sitio\/2014\/07\/10\/la-noche-del-9\/","og_locale":"es_ES","og_type":"article","og_title":"La noche del \"9\" - Gente de B\u00e1squet","og_description":"\u00a1Viva la patria! 9 de Julio venci\u00f3 como local a Estudiantes 84-81","og_url":"https:\/\/gentedebasquet.com.ar\/sitio\/2014\/07\/10\/la-noche-del-9\/","og_site_name":"Gente de B\u00e1squet","article_published_time":"2014-07-10T05:17:08+00:00","og_image":[{"width":690,"height":391,"url":"https:\/\/gentedebasquet.com.ar\/sitio\/wp-content\/uploads\/2014\/07\/DSCF3717.jpg","type":"image\/jpeg"}],"author":"Gente de B\u00e1squet","twitter_card":"summary_large_image","twitter_misc":{"Escrito por":"Gente de B\u00e1squet","Tiempo de lectura":"4 minutos"},"schema":{"@context":"https:\/\/schema.org","@graph":[{"@type":"Article","@id":"https:\/\/gentedebasquet.com.ar\/sitio\/2014\/07\/10\/la-noche-del-9\/#article","isPartOf":{"@id":"https:\/\/gentedebasquet.com.ar\/sitio\/2014\/07\/10\/la-noche-del-9\/"},"author":{"name":"Gente de B\u00e1squet","@id":"https:\/\/gentedebasquet.com.ar\/sitio\/#\/schema\/person\/ca0b63bbb977369988a7bbbdc519943a"},"headline":"La noche del \u00ab9\u00bb","datePublished":"2014-07-10T05:17:08+00:00","mainEntityOfPage":{"@id":"https:\/\/gentedebasquet.com.ar\/sitio\/2014\/07\/10\/la-noche-del-9\/"},"wordCount":895,"image":{"@id":"https:\/\/gentedebasquet.com.ar\/sitio\/2014\/07\/10\/la-noche-del-9\/#primaryimage"},"thumbnailUrl":"https:\/\/gentedebasquet.com.ar\/sitio\/wp-content\/uploads\/2014\/07\/DSCF3717.jpg","keywords":["9 de Julio","Agust\u00edn Dottori","Estudiantes","Federico Radavero","Francisco Gon","Gonzalo Spikerman"],"articleSection":["Primera","Slide"],"inLanguage":"es"},{"@type":"WebPage","@id":"https:\/\/gentedebasquet.com.ar\/sitio\/2014\/07\/10\/la-noche-del-9\/","url":"https:\/\/gentedebasquet.com.ar\/sitio\/2014\/07\/10\/la-noche-del-9\/","name":"La noche del \"9\" - Gente de B\u00e1squet","isPartOf":{"@id":"https:\/\/gentedebasquet.com.ar\/sitio\/#website"},"primaryImageOfPage":{"@id":"https:\/\/gentedebasquet.com.ar\/sitio\/2014\/07\/10\/la-noche-del-9\/#primaryimage"},"image":{"@id":"https:\/\/gentedebasquet.com.ar\/sitio\/2014\/07\/10\/la-noche-del-9\/#primaryimage"},"thumbnailUrl":"https:\/\/gentedebasquet.com.ar\/sitio\/wp-content\/uploads\/2014\/07\/DSCF3717.jpg","datePublished":"2014-07-10T05:17:08+00:00","author":{"@id":"https:\/\/gentedebasquet.com.ar\/sitio\/#\/schema\/person\/ca0b63bbb977369988a7bbbdc519943a"},"breadcrumb":{"@id":"https:\/\/gentedebasquet.com.ar\/sitio\/2014\/07\/10\/la-noche-del-9\/#breadcrumb"},"inLanguage":"es","potentialAction":[{"@type":"ReadAction","target":["https:\/\/gentedebasquet.com.ar\/sitio\/2014\/07\/10\/la-noche-del-9\/"]}]},{"@type":"ImageObject","inLanguage":"es","@id":"https:\/\/gentedebasquet.com.ar\/sitio\/2014\/07\/10\/la-noche-del-9\/#primaryimage","url":"https:\/\/gentedebasquet.com.ar\/sitio\/wp-content\/uploads\/2014\/07\/DSCF3717.jpg","contentUrl":"https:\/\/gentedebasquet.com.ar\/sitio\/wp-content\/uploads\/2014\/07\/DSCF3717.jpg","width":690,"height":391},{"@type":"BreadcrumbList","@id":"https:\/\/gentedebasquet.com.ar\/sitio\/2014\/07\/10\/la-noche-del-9\/#breadcrumb","itemListElement":[{"@type":"ListItem","position":1,"name":"Portada","item":"https:\/\/gentedebasquet.com.ar\/sitio\/"},{"@type":"ListItem","position":2,"name":"La noche del \u00ab9\u00bb"}]},{"@type":"WebSite","@id":"https:\/\/gentedebasquet.com.ar\/sitio\/#website","url":"https:\/\/gentedebasquet.com.ar\/sitio\/","name":"Gente de B\u00e1squet","description":"La revista del basquet de Bah\u00eda Blanca","potentialAction":[{"@type":"SearchAction","target":{"@type":"EntryPoint","urlTemplate":"https:\/\/gentedebasquet.com.ar\/sitio\/?s={search_term_string}"},"query-input":{"@type":"PropertyValueSpecification","valueRequired":true,"valueName":"search_term_string"}}],"inLanguage":"es"},{"@type":"Person","@id":"https:\/\/gentedebasquet.com.ar\/sitio\/#\/schema\/person\/ca0b63bbb977369988a7bbbdc519943a","name":"Gente de B\u00e1squet","image":{"@type":"ImageObject","inLanguage":"es","@id":"https:\/\/secure.gravatar.com\/avatar\/7f2c48bdc33b30088f941fb6082e555f2874c98e20cb159d7b92b50eadfce793?s=96&d=mm&r=g","url":"https:\/\/secure.gravatar.com\/avatar\/7f2c48bdc33b30088f941fb6082e555f2874c98e20cb159d7b92b50eadfce793?s=96&d=mm&r=g","contentUrl":"https:\/\/secure.gravatar.com\/avatar\/7f2c48bdc33b30088f941fb6082e555f2874c98e20cb159d7b92b50eadfce793?s=96&d=mm&r=g","caption":"Gente de B\u00e1squet"},"sameAs":["http:\/\/gentedebasquet.com.ar\/sitio"],"url":"https:\/\/gentedebasquet.com.ar\/sitio\/author\/ulises\/"}]}},"_links":{"self":[{"href":"https:\/\/gentedebasquet.com.ar\/sitio\/wp-json\/wp\/v2\/posts\/35522","targetHints":{"allow":["GET"]}}],"collection":[{"href":"https:\/\/gentedebasquet.com.ar\/sitio\/wp-json\/wp\/v2\/posts"}],"about":[{"href":"https:\/\/gentedebasquet.com.ar\/sitio\/wp-json\/wp\/v2\/types\/post"}],"author":[{"embeddable":true,"href":"https:\/\/gentedebasquet.com.ar\/sitio\/wp-json\/wp\/v2\/users\/1"}],"replies":[{"embeddable":true,"href":"https:\/\/gentedebasquet.com.ar\/sitio\/wp-json\/wp\/v2\/comments?post=35522"}],"version-history":[{"count":0,"href":"https:\/\/gentedebasquet.com.ar\/sitio\/wp-json\/wp\/v2\/posts\/35522\/revisions"}],"wp:featuredmedia":[{"embeddable":true,"href":"https:\/\/gentedebasquet.com.ar\/sitio\/wp-json\/wp\/v2\/media\/35524"}],"wp:attachment":[{"href":"https:\/\/gentedebasquet.com.ar\/sitio\/wp-json\/wp\/v2\/media?parent=35522"}],"wp:term":[{"taxonomy":"category","embeddable":true,"href":"https:\/\/gentedebasquet.com.ar\/sitio\/wp-json\/wp\/v2\/categories?post=35522"},{"taxonomy":"post_tag","embeddable":true,"href":"https:\/\/gentedebasquet.com.ar\/sitio\/wp-json\/wp\/v2\/tags?post=35522"}],"curies":[{"name":"wp","href":"https:\/\/api.w.org\/{rel}","templated":true}]}}