{"id":35536,"date":"2014-07-10T03:06:57","date_gmt":"2014-07-10T06:06:57","guid":{"rendered":"http:\/\/www.gentedebasquet.com.ar\/?p=35536"},"modified":"2014-07-10T03:06:57","modified_gmt":"2014-07-10T06:06:57","slug":"avenida-liniers","status":"publish","type":"post","link":"https:\/\/gentedebasquet.com.ar\/sitio\/2014\/07\/10\/avenida-liniers\/","title":{"rendered":"Avenida Liniers"},"content":{"rendered":"<p><b>El \u00abChivo\u00bb venci\u00f3 como local a Napost\u00e1 por 86 a 79 en el cl\u00e1sico de la Av. Alem y se mantiene en la cima del torneo junto a Bahiense y Villa Mitre a falta de una fecha. El \u201cAlbinegro\u201d domin\u00f3 el juego, supo aguantar la embestida del visitante, y cerr\u00f3 con autoridad un partido clave. El due\u00f1o de casa, que puso a cinco jugadores en dos d\u00edgitos, tuvo actuaciones claves de G. Mart\u00ednez (19, 8\/8 T1) y Starc (18 + 10 rebotes), ya que entre ambos combinaron 17 puntos en el 4C. Por \u201cNapo\u201d, no alcanz\u00f3 con las tareas de Redivo (22) y Aguirre (16).<\/b><\/p>\n<p>El inicio de partido, que obviamente se atras\u00f3 varios minutos por la prolongaci\u00f3n del encuentro de Argentina, inici\u00f3 impreciso. Liniers encontraba gol externo con las bombas de Torre y Pizzo, pero no estaba seguro en el traslado (4 p\u00e9rdidas), mientras que Napost\u00e1 disfrutaba del los puntos que tiene en las manos Redivo (5) m\u00e1s la conducci\u00f3n de Aguirre, aunque le costaba jugar c\u00f3modo en la pintura, por lo que a mediados del cuarto, Liniers venc\u00eda 8 a 7. M\u00e1s all\u00e1 que Aguirre (6) cerr\u00f3 de buena manera el parcial, el visitante nunca termin\u00f3 de encontrar fluidez en ataque y lo sufri\u00f3, porque el due\u00f1o de casa se hizo fuerte en el tablero propio, y disfrut\u00f3 de una r\u00e1faga goleadora de Torre (cerr\u00f3 con 8), corri\u00f3 la cancha con G. Mart\u00ednez (6) y puso la pelota en la pintura para que Starc (4) consiga sumar y los de L\u00f3pez se terminaron el primer per\u00edodo ganando 21 a 15.<\/p>\n<p>El visitante entr\u00f3 dormido al segundo cuarto, m\u00e1s all\u00e1 de una anotaci\u00f3n desde la l\u00ednea de Bellozas, los de Bonis no ten\u00edan punter\u00eda (0\/5 TC) y Liniers disfrutando de la conexi\u00f3n entre Pizzo (5) y Starc en la pintura, marcaba un parcial de 7-1 para distanciarse a 12 (28-16) a 6.58. Con los movimientos en el banco, Napost\u00e1 sali\u00f3 favorecido, porque su rival se sec\u00f3 sumando \u00fanicamente por arrestos individuales, y el visitante disfrut\u00f3 un momento sumamente efectivo (4\/4 TC) encabezados por las bombas de E. Meneses (6, 2\/2 T3) y la energ\u00eda de Bellozas en la pintura, para estampar una racha de 12 a 4 que achic\u00f3 los guarismos a 3.34 por jugar: 32-28. Pese a que Bellozas (termin\u00f3 con 9) sigui\u00f3 siendo la bandera de su equipo disputando cada bal\u00f3n y mostr\u00e1ndose muy activo en ofensiva, Liniers volvi\u00f3 a mostrarse como el due\u00f1o del juego, gracias al productivo ingreso de Miguel (5) y la buena mano de G. Mart\u00ednez (4), el \u201cChivo\u201d sac\u00f3 ventajas nuevamente y se fue a los vestuarios con 10 de luz: 46-36.<\/p>\n<p>Tras el descanso largo, el panorama no pod\u00eda ser mejor para el visitante, ya que entr\u00f3 perfecto en ataque (4\/4 TC) con Redivo (5) y Campa\u00f1a (5) castigando tanto lejos como cerca del cesto, para establecer un parcial de 10-0 que igual\u00f3 el juego en 46 en poco m\u00e1s de 3 minutos, frente a un Liniers que entr\u00f3 ap\u00e1tico en ambos costados de la cancha. Aunque el propio Lucio volv\u00eda a castigar de larga distancia, su equipo entraba en un bache ofensivo tomando tiros de bajos porcentajes, y el local encontr\u00f3 respuestas en el per\u00edmetro con las penetraciones de M. Mart\u00ednez (6) y la buena mano de Torre (5) para volver a estirar las ventajas (60-52). Pese a una nueva bomba, en este caso de Miguel, Napost\u00e1 respondi\u00f3 con Aguirre (6) que aprovechaba las distracciones ajenas y anotaba dos triples consecutivos, y con los tiros libres de Redivo (cerr\u00f3 con 10) que dejaba a su equipo a tan solo 3 unidades (63-60) a falta del cuarto final.<\/p>\n<p>Ya en el \u00faltimo per\u00edodo, Liniers encontr\u00f3 en la capacidad anotadora de Starc (4), la forma de sumar ya que no estaba teniendo ofensivas de calidad (el resto 0\/4 TC), y Napost\u00e1 poniendo la bola cerca del cesto para que Bellozas y Campa\u00f1a hagan su juego, y sumando con Redivo, termin\u00f3 de igualar el juego (67-67) a 6.40 para el final. Un \u00a0nuevo acierto de Fabricio, m\u00e1s una bomba de G. Mart\u00ednez, sacaban una luz para el local (73-67) que luego la mantendr\u00eda gracias al propio Gonzalo sumando desde la l\u00ednea (4\/4 T1) para que el \u201cChivo\u201d llegue a los 2 minutos finales arriba por 4 (77-73) frente a un Napost\u00e1 que con el goleo de Redivo y la actitud de Bellozas parec\u00eda no rendirse y se manten\u00eda en partido, dentro de un tr\u00e1mite opaco. Un triple de Mat\u00edas Mart\u00ednez parec\u00eda darle ponerle el fin al juego, pero su equipo tuvo malas decisiones en ataque, sumado a un par de libres fallados, y con Redivo a la cabeza (3) m\u00e1s los T1 de Aguirre, Napost\u00e1 se puso a 2 (80-78) a falta de 21.3 segundos. Pero hasta ah\u00ed lleg\u00f3 el visitante, porque a Liniers no le tembl\u00f3 el pulso en los tiros libres (6\/6 T1) y as\u00ed el \u201cAlbinegro\u201d se lleva un triunfo importante para mantenerse en la cima y tener aspiraciones de quedarse con el 1.<\/p>\n<p>&nbsp;<\/p>\n<h6>Miguel anota el triple, \u00a0Bellozas lucha y suma en el cierre del primer tiempo<\/h6>\n<p>[vimeo]http:\/\/vimeo.com\/100373514[\/vimeo]<\/p>\n<p>&nbsp;<\/p>\n<h6>Gonzalo Mart\u00ednez suma dos tiros libres importantes en el final del partido<\/h6>\n<p>[vimeo]http:\/\/vimeo.com\/100373515[\/vimeo]<\/p>\n<p>&nbsp;<\/p>\n<p><em><b><span style=\"text-decoration: underline;\">S\u00edntesis:<\/span><\/b><\/em><\/p>\n<p><b>Liniers 86:<\/b> Santiago Torre 13, Gonzalo Mart\u00ednez 19, Mariano Pizzo 10 (x), Fabricio Starc 18, Juli\u00e1n Marinsalta 0 (FI).\u00a0 Mat\u00edas Mart\u00ednez 16, Cristian Miguel 8, Ariel Ramos 2, Ger\u00f3nimo Fern\u00e1ndez Ch\u00e1vez 0. DT: Juan Mart\u00edn L\u00f3pez.<\/p>\n<p><b>Napost\u00e1 79:<\/b> Ramiro Aguirre 16, Lucio Redivo 22, Gast\u00f3n Videla 4, Tom\u00e1s Tajan 5, Mauro Campa\u00f1a 11(FI). Ezequiel Meneses 8, Juan Ignacio Bellozas 13 (x), Augusto Meneses 0. DT: Luciano Bonis.<\/p>\n<p><b>Parciales:<\/b> 21-15, 46-36 (25-21), 63-60 (17-24), 86-79 (23-19).<\/p>\n<p><b>\u00c1rbitros:<\/b> Jorge Scheffer \u2013 Horacio Sed\u00e1n.<\/p>\n<p><b>Estadio:<\/b> Hern\u00e1n Sagasti.<\/p>\n<p><a class=\"modalf iframe\" title=\"Planilla\" href=\"https:\/\/docs.google.com\/spreadsheets\/d\/11F45XQzCj6lt4DJ8szOxWZF1b24QjHz_wY_baCj5pfs\/pubhtml\" target=\"_blank\" rel=\"noopener\">Ver Planilla<\/a><\/p>\n","protected":false},"excerpt":{"rendered":"<p>El \u00abChivo\u00bb venci\u00f3 como local a Napost\u00e1 por 86 a 79 y sigue arriba<\/p>\n","protected":false},"author":1,"featured_media":35537,"comment_status":"closed","ping_status":"open","sticky":false,"template":"","format":"standard","meta":{"jnews-multi-image_gallery":[],"jnews_single_post":[],"jnews_primary_category":[],"footnotes":""},"categories":[23,101],"tags":[242,329,14,155,15],"class_list":["post-35536","post","type-post","status-publish","format-standard","has-post-thumbnail","hentry","category-primera","category-slide","tag-fabricio-starc","tag-gonzalo-martinez","tag-liniers","tag-lucio-redivo","tag-naposta"],"yoast_head":"<!-- This site is optimized with the Yoast SEO plugin v27.5 - https:\/\/yoast.com\/product\/yoast-seo-wordpress\/ -->\n<title>Avenida Liniers - Gente de B\u00e1squet<\/title>\n<meta name=\"robots\" content=\"index, follow, max-snippet:-1, max-image-preview:large, max-video-preview:-1\" \/>\n<link rel=\"canonical\" href=\"https:\/\/gentedebasquet.com.ar\/sitio\/2014\/07\/10\/avenida-liniers\/\" \/>\n<meta property=\"og:locale\" content=\"es_ES\" \/>\n<meta property=\"og:type\" content=\"article\" \/>\n<meta property=\"og:title\" content=\"Avenida Liniers - Gente de B\u00e1squet\" \/>\n<meta property=\"og:description\" content=\"El &quot;Chivo&quot; venci\u00f3 como local a Napost\u00e1 por 86 a 79 y sigue arriba\" \/>\n<meta property=\"og:url\" content=\"https:\/\/gentedebasquet.com.ar\/sitio\/2014\/07\/10\/avenida-liniers\/\" \/>\n<meta property=\"og:site_name\" content=\"Gente de B\u00e1squet\" \/>\n<meta property=\"article:published_time\" content=\"2014-07-10T06:06:57+00:00\" \/>\n<meta property=\"og:image\" content=\"https:\/\/gentedebasquet.com.ar\/sitio\/wp-content\/uploads\/2014\/07\/10525063_744855952222214_1006146423_n.jpg\" \/>\n\t<meta property=\"og:image:width\" content=\"690\" \/>\n\t<meta property=\"og:image:height\" content=\"319\" \/>\n\t<meta property=\"og:image:type\" content=\"image\/jpeg\" \/>\n<meta name=\"author\" content=\"Gente de B\u00e1squet\" \/>\n<meta name=\"twitter:card\" content=\"summary_large_image\" \/>\n<meta name=\"twitter:label1\" content=\"Escrito por\" \/>\n\t<meta name=\"twitter:data1\" content=\"Gente de B\u00e1squet\" \/>\n\t<meta name=\"twitter:label2\" content=\"Tiempo de lectura\" \/>\n\t<meta name=\"twitter:data2\" content=\"5 minutos\" \/>\n<script type=\"application\/ld+json\" class=\"yoast-schema-graph\">{\"@context\":\"https:\\\/\\\/schema.org\",\"@graph\":[{\"@type\":\"Article\",\"@id\":\"https:\\\/\\\/gentedebasquet.com.ar\\\/sitio\\\/2014\\\/07\\\/10\\\/avenida-liniers\\\/#article\",\"isPartOf\":{\"@id\":\"https:\\\/\\\/gentedebasquet.com.ar\\\/sitio\\\/2014\\\/07\\\/10\\\/avenida-liniers\\\/\"},\"author\":{\"name\":\"Gente de B\u00e1squet\",\"@id\":\"https:\\\/\\\/gentedebasquet.com.ar\\\/sitio\\\/#\\\/schema\\\/person\\\/ca0b63bbb977369988a7bbbdc519943a\"},\"headline\":\"Avenida Liniers\",\"datePublished\":\"2014-07-10T06:06:57+00:00\",\"mainEntityOfPage\":{\"@id\":\"https:\\\/\\\/gentedebasquet.com.ar\\\/sitio\\\/2014\\\/07\\\/10\\\/avenida-liniers\\\/\"},\"wordCount\":951,\"image\":{\"@id\":\"https:\\\/\\\/gentedebasquet.com.ar\\\/sitio\\\/2014\\\/07\\\/10\\\/avenida-liniers\\\/#primaryimage\"},\"thumbnailUrl\":\"https:\\\/\\\/gentedebasquet.com.ar\\\/sitio\\\/wp-content\\\/uploads\\\/2014\\\/07\\\/10525063_744855952222214_1006146423_n.jpg\",\"keywords\":[\"Fabricio Starc\",\"Gonzalo Mart\u00ednez\",\"Liniers\",\"Lucio Redivo\",\"Naposta\"],\"articleSection\":[\"Primera\",\"Slide\"],\"inLanguage\":\"es\"},{\"@type\":\"WebPage\",\"@id\":\"https:\\\/\\\/gentedebasquet.com.ar\\\/sitio\\\/2014\\\/07\\\/10\\\/avenida-liniers\\\/\",\"url\":\"https:\\\/\\\/gentedebasquet.com.ar\\\/sitio\\\/2014\\\/07\\\/10\\\/avenida-liniers\\\/\",\"name\":\"Avenida Liniers - Gente de B\u00e1squet\",\"isPartOf\":{\"@id\":\"https:\\\/\\\/gentedebasquet.com.ar\\\/sitio\\\/#website\"},\"primaryImageOfPage\":{\"@id\":\"https:\\\/\\\/gentedebasquet.com.ar\\\/sitio\\\/2014\\\/07\\\/10\\\/avenida-liniers\\\/#primaryimage\"},\"image\":{\"@id\":\"https:\\\/\\\/gentedebasquet.com.ar\\\/sitio\\\/2014\\\/07\\\/10\\\/avenida-liniers\\\/#primaryimage\"},\"thumbnailUrl\":\"https:\\\/\\\/gentedebasquet.com.ar\\\/sitio\\\/wp-content\\\/uploads\\\/2014\\\/07\\\/10525063_744855952222214_1006146423_n.jpg\",\"datePublished\":\"2014-07-10T06:06:57+00:00\",\"author\":{\"@id\":\"https:\\\/\\\/gentedebasquet.com.ar\\\/sitio\\\/#\\\/schema\\\/person\\\/ca0b63bbb977369988a7bbbdc519943a\"},\"breadcrumb\":{\"@id\":\"https:\\\/\\\/gentedebasquet.com.ar\\\/sitio\\\/2014\\\/07\\\/10\\\/avenida-liniers\\\/#breadcrumb\"},\"inLanguage\":\"es\",\"potentialAction\":[{\"@type\":\"ReadAction\",\"target\":[\"https:\\\/\\\/gentedebasquet.com.ar\\\/sitio\\\/2014\\\/07\\\/10\\\/avenida-liniers\\\/\"]}]},{\"@type\":\"ImageObject\",\"inLanguage\":\"es\",\"@id\":\"https:\\\/\\\/gentedebasquet.com.ar\\\/sitio\\\/2014\\\/07\\\/10\\\/avenida-liniers\\\/#primaryimage\",\"url\":\"https:\\\/\\\/gentedebasquet.com.ar\\\/sitio\\\/wp-content\\\/uploads\\\/2014\\\/07\\\/10525063_744855952222214_1006146423_n.jpg\",\"contentUrl\":\"https:\\\/\\\/gentedebasquet.com.ar\\\/sitio\\\/wp-content\\\/uploads\\\/2014\\\/07\\\/10525063_744855952222214_1006146423_n.jpg\",\"width\":690,\"height\":319},{\"@type\":\"BreadcrumbList\",\"@id\":\"https:\\\/\\\/gentedebasquet.com.ar\\\/sitio\\\/2014\\\/07\\\/10\\\/avenida-liniers\\\/#breadcrumb\",\"itemListElement\":[{\"@type\":\"ListItem\",\"position\":1,\"name\":\"Portada\",\"item\":\"https:\\\/\\\/gentedebasquet.com.ar\\\/sitio\\\/\"},{\"@type\":\"ListItem\",\"position\":2,\"name\":\"Avenida Liniers\"}]},{\"@type\":\"WebSite\",\"@id\":\"https:\\\/\\\/gentedebasquet.com.ar\\\/sitio\\\/#website\",\"url\":\"https:\\\/\\\/gentedebasquet.com.ar\\\/sitio\\\/\",\"name\":\"Gente de B\u00e1squet\",\"description\":\"La revista del basquet de Bah\u00eda Blanca\",\"potentialAction\":[{\"@type\":\"SearchAction\",\"target\":{\"@type\":\"EntryPoint\",\"urlTemplate\":\"https:\\\/\\\/gentedebasquet.com.ar\\\/sitio\\\/?s={search_term_string}\"},\"query-input\":{\"@type\":\"PropertyValueSpecification\",\"valueRequired\":true,\"valueName\":\"search_term_string\"}}],\"inLanguage\":\"es\"},{\"@type\":\"Person\",\"@id\":\"https:\\\/\\\/gentedebasquet.com.ar\\\/sitio\\\/#\\\/schema\\\/person\\\/ca0b63bbb977369988a7bbbdc519943a\",\"name\":\"Gente de B\u00e1squet\",\"image\":{\"@type\":\"ImageObject\",\"inLanguage\":\"es\",\"@id\":\"https:\\\/\\\/secure.gravatar.com\\\/avatar\\\/7f2c48bdc33b30088f941fb6082e555f2874c98e20cb159d7b92b50eadfce793?s=96&d=mm&r=g\",\"url\":\"https:\\\/\\\/secure.gravatar.com\\\/avatar\\\/7f2c48bdc33b30088f941fb6082e555f2874c98e20cb159d7b92b50eadfce793?s=96&d=mm&r=g\",\"contentUrl\":\"https:\\\/\\\/secure.gravatar.com\\\/avatar\\\/7f2c48bdc33b30088f941fb6082e555f2874c98e20cb159d7b92b50eadfce793?s=96&d=mm&r=g\",\"caption\":\"Gente de B\u00e1squet\"},\"sameAs\":[\"http:\\\/\\\/gentedebasquet.com.ar\\\/sitio\"],\"url\":\"https:\\\/\\\/gentedebasquet.com.ar\\\/sitio\\\/author\\\/ulises\\\/\"}]}<\/script>\n<!-- \/ Yoast SEO plugin. -->","yoast_head_json":{"title":"Avenida Liniers - Gente de B\u00e1squet","robots":{"index":"index","follow":"follow","max-snippet":"max-snippet:-1","max-image-preview":"max-image-preview:large","max-video-preview":"max-video-preview:-1"},"canonical":"https:\/\/gentedebasquet.com.ar\/sitio\/2014\/07\/10\/avenida-liniers\/","og_locale":"es_ES","og_type":"article","og_title":"Avenida Liniers - Gente de B\u00e1squet","og_description":"El \"Chivo\" venci\u00f3 como local a Napost\u00e1 por 86 a 79 y sigue arriba","og_url":"https:\/\/gentedebasquet.com.ar\/sitio\/2014\/07\/10\/avenida-liniers\/","og_site_name":"Gente de B\u00e1squet","article_published_time":"2014-07-10T06:06:57+00:00","og_image":[{"width":690,"height":319,"url":"https:\/\/gentedebasquet.com.ar\/sitio\/wp-content\/uploads\/2014\/07\/10525063_744855952222214_1006146423_n.jpg","type":"image\/jpeg"}],"author":"Gente de B\u00e1squet","twitter_card":"summary_large_image","twitter_misc":{"Escrito por":"Gente de B\u00e1squet","Tiempo de lectura":"5 minutos"},"schema":{"@context":"https:\/\/schema.org","@graph":[{"@type":"Article","@id":"https:\/\/gentedebasquet.com.ar\/sitio\/2014\/07\/10\/avenida-liniers\/#article","isPartOf":{"@id":"https:\/\/gentedebasquet.com.ar\/sitio\/2014\/07\/10\/avenida-liniers\/"},"author":{"name":"Gente de B\u00e1squet","@id":"https:\/\/gentedebasquet.com.ar\/sitio\/#\/schema\/person\/ca0b63bbb977369988a7bbbdc519943a"},"headline":"Avenida Liniers","datePublished":"2014-07-10T06:06:57+00:00","mainEntityOfPage":{"@id":"https:\/\/gentedebasquet.com.ar\/sitio\/2014\/07\/10\/avenida-liniers\/"},"wordCount":951,"image":{"@id":"https:\/\/gentedebasquet.com.ar\/sitio\/2014\/07\/10\/avenida-liniers\/#primaryimage"},"thumbnailUrl":"https:\/\/gentedebasquet.com.ar\/sitio\/wp-content\/uploads\/2014\/07\/10525063_744855952222214_1006146423_n.jpg","keywords":["Fabricio Starc","Gonzalo Mart\u00ednez","Liniers","Lucio Redivo","Naposta"],"articleSection":["Primera","Slide"],"inLanguage":"es"},{"@type":"WebPage","@id":"https:\/\/gentedebasquet.com.ar\/sitio\/2014\/07\/10\/avenida-liniers\/","url":"https:\/\/gentedebasquet.com.ar\/sitio\/2014\/07\/10\/avenida-liniers\/","name":"Avenida Liniers - Gente de B\u00e1squet","isPartOf":{"@id":"https:\/\/gentedebasquet.com.ar\/sitio\/#website"},"primaryImageOfPage":{"@id":"https:\/\/gentedebasquet.com.ar\/sitio\/2014\/07\/10\/avenida-liniers\/#primaryimage"},"image":{"@id":"https:\/\/gentedebasquet.com.ar\/sitio\/2014\/07\/10\/avenida-liniers\/#primaryimage"},"thumbnailUrl":"https:\/\/gentedebasquet.com.ar\/sitio\/wp-content\/uploads\/2014\/07\/10525063_744855952222214_1006146423_n.jpg","datePublished":"2014-07-10T06:06:57+00:00","author":{"@id":"https:\/\/gentedebasquet.com.ar\/sitio\/#\/schema\/person\/ca0b63bbb977369988a7bbbdc519943a"},"breadcrumb":{"@id":"https:\/\/gentedebasquet.com.ar\/sitio\/2014\/07\/10\/avenida-liniers\/#breadcrumb"},"inLanguage":"es","potentialAction":[{"@type":"ReadAction","target":["https:\/\/gentedebasquet.com.ar\/sitio\/2014\/07\/10\/avenida-liniers\/"]}]},{"@type":"ImageObject","inLanguage":"es","@id":"https:\/\/gentedebasquet.com.ar\/sitio\/2014\/07\/10\/avenida-liniers\/#primaryimage","url":"https:\/\/gentedebasquet.com.ar\/sitio\/wp-content\/uploads\/2014\/07\/10525063_744855952222214_1006146423_n.jpg","contentUrl":"https:\/\/gentedebasquet.com.ar\/sitio\/wp-content\/uploads\/2014\/07\/10525063_744855952222214_1006146423_n.jpg","width":690,"height":319},{"@type":"BreadcrumbList","@id":"https:\/\/gentedebasquet.com.ar\/sitio\/2014\/07\/10\/avenida-liniers\/#breadcrumb","itemListElement":[{"@type":"ListItem","position":1,"name":"Portada","item":"https:\/\/gentedebasquet.com.ar\/sitio\/"},{"@type":"ListItem","position":2,"name":"Avenida Liniers"}]},{"@type":"WebSite","@id":"https:\/\/gentedebasquet.com.ar\/sitio\/#website","url":"https:\/\/gentedebasquet.com.ar\/sitio\/","name":"Gente de B\u00e1squet","description":"La revista del basquet de Bah\u00eda Blanca","potentialAction":[{"@type":"SearchAction","target":{"@type":"EntryPoint","urlTemplate":"https:\/\/gentedebasquet.com.ar\/sitio\/?s={search_term_string}"},"query-input":{"@type":"PropertyValueSpecification","valueRequired":true,"valueName":"search_term_string"}}],"inLanguage":"es"},{"@type":"Person","@id":"https:\/\/gentedebasquet.com.ar\/sitio\/#\/schema\/person\/ca0b63bbb977369988a7bbbdc519943a","name":"Gente de B\u00e1squet","image":{"@type":"ImageObject","inLanguage":"es","@id":"https:\/\/secure.gravatar.com\/avatar\/7f2c48bdc33b30088f941fb6082e555f2874c98e20cb159d7b92b50eadfce793?s=96&d=mm&r=g","url":"https:\/\/secure.gravatar.com\/avatar\/7f2c48bdc33b30088f941fb6082e555f2874c98e20cb159d7b92b50eadfce793?s=96&d=mm&r=g","contentUrl":"https:\/\/secure.gravatar.com\/avatar\/7f2c48bdc33b30088f941fb6082e555f2874c98e20cb159d7b92b50eadfce793?s=96&d=mm&r=g","caption":"Gente de B\u00e1squet"},"sameAs":["http:\/\/gentedebasquet.com.ar\/sitio"],"url":"https:\/\/gentedebasquet.com.ar\/sitio\/author\/ulises\/"}]}},"_links":{"self":[{"href":"https:\/\/gentedebasquet.com.ar\/sitio\/wp-json\/wp\/v2\/posts\/35536","targetHints":{"allow":["GET"]}}],"collection":[{"href":"https:\/\/gentedebasquet.com.ar\/sitio\/wp-json\/wp\/v2\/posts"}],"about":[{"href":"https:\/\/gentedebasquet.com.ar\/sitio\/wp-json\/wp\/v2\/types\/post"}],"author":[{"embeddable":true,"href":"https:\/\/gentedebasquet.com.ar\/sitio\/wp-json\/wp\/v2\/users\/1"}],"replies":[{"embeddable":true,"href":"https:\/\/gentedebasquet.com.ar\/sitio\/wp-json\/wp\/v2\/comments?post=35536"}],"version-history":[{"count":0,"href":"https:\/\/gentedebasquet.com.ar\/sitio\/wp-json\/wp\/v2\/posts\/35536\/revisions"}],"wp:featuredmedia":[{"embeddable":true,"href":"https:\/\/gentedebasquet.com.ar\/sitio\/wp-json\/wp\/v2\/media\/35537"}],"wp:attachment":[{"href":"https:\/\/gentedebasquet.com.ar\/sitio\/wp-json\/wp\/v2\/media?parent=35536"}],"wp:term":[{"taxonomy":"category","embeddable":true,"href":"https:\/\/gentedebasquet.com.ar\/sitio\/wp-json\/wp\/v2\/categories?post=35536"},{"taxonomy":"post_tag","embeddable":true,"href":"https:\/\/gentedebasquet.com.ar\/sitio\/wp-json\/wp\/v2\/tags?post=35536"}],"curies":[{"name":"wp","href":"https:\/\/api.w.org\/{rel}","templated":true}]}}