{"id":35777,"date":"2014-07-18T15:07:24","date_gmt":"2014-07-18T18:07:24","guid":{"rendered":"http:\/\/www.gentedebasquet.com.ar\/?p=35777"},"modified":"2014-07-18T15:07:24","modified_gmt":"2014-07-18T18:07:24","slug":"fjellerup-al-mundial-u17","status":"publish","type":"post","link":"https:\/\/gentedebasquet.com.ar\/sitio\/2014\/07\/18\/fjellerup-al-mundial-u17\/","title":{"rendered":"Fjellerup, al Mundial U17"},"content":{"rendered":"<p><strong>El cuerpo t\u00e9cnico liderado por Silvio Santander defini\u00f3 los 12 integrantes de la Selecci\u00f3n Nacional U17 masculina, que disputar\u00e1 el Mundial de la categor\u00eda entre el 8 y el 16 de agosto en los Emiratos \u00c1rabes Unidos. Habr\u00e1 partidos amistosos ante la Selecci\u00f3n U19 de Santa Fe y gira previa por Europa.<\/strong><\/p>\n<p>Cada vez falta menos para el Mundial U17 masculino, y la Selecci\u00f3n Nacional Argentina ya tiene su plantel definido. El Mundial se jugar\u00e1 en Dub\u00e1i, Emiratos \u00c1rabes Unidos, entre el 8 y el 16 de agosto. En dicho torneo, Argentina integrar\u00e1 el Grupo \u201cD\u201d junto a China, Egipto y Serbia.<\/p>\n<p>El equipo argentino est\u00e1 cursando su \u00faltima concentraci\u00f3n de cara a la cita ecum\u00e9nica. Esta \u00faltima etapa de la preparaci\u00f3n comenz\u00f3 el 9 de julio en el CeNARD, con 17 jugadores, que trabajan bajo las \u00f3rdenes de Silvio Santander (Director T\u00e9cnico), Herman Mandole y Germ\u00e1n Intonio (asistentes t\u00e9cnicos) y Eduardo Costamagna (Preparador F\u00edsico).<\/p>\n<p>Sobre la lista de 12 integrantes del plantel, el entrenador Silvio Santander explic\u00f3 a cabb.com.ar:\u00a0\u201cvamos a llevar a Guillermo Aliende y Fernando Zurbriggen en la base, con la alternativa de M\u00e1ximo Fjellerup (1.94 metro de altura) como tercer base buscando levantar la talla en ese puesto. Llevamos a dos grandes, Onetto y Galardo (2.06 metros cada uno), que por diferentes motivos no pudieron estar en procesos anteriores. Eso nos va a permitir correr algunos jugadores de puesto y entonces poder utilizar a Jeffrey Merchant y Laurato Riego de 4, a Lucio Delfino de 3 o bien a Agust\u00edn M\u00e1s Delfino y Ayan Carvalho de 2\u201d.<\/p>\n<p>Para concluir, Santander se refiri\u00f3 a Lautaro Berra, un jugador de buena proyecci\u00f3n que finalmente no qued\u00f3 entre la lista de 12.\u00a0\u201cDejamos afuera a Berra a \u00faltimo momento. Pero es un jugador de primer a\u00f1o (nacido en 1998) al cual le vemos un muy buen futuro\u201d.<\/p>\n<p>El equipo argentino continuar\u00e1 trabajando en el CeNARD hasta el domingo 20 de julio. Ese d\u00eda partir\u00e1 hacia la ciudad de Santa Fe, donde se medir\u00e1 en partidos preparatorios con la Selecci\u00f3n Provincial U19 santafesina (se prepara para el Argentino U19).<\/p>\n<p>Los amistosos en Santa Fe ser\u00e1n el lunes 21 y martes 22. Posteriormente, el jueves 24, la Selecci\u00f3n Argentina partir\u00e1 hacia Europa para realizar una gira previa al Mundial, que incluir\u00e1 partidos en Montpellier, Francia, y Bologna, Italia. Finalmente, nuestra selecci\u00f3n arribar\u00e1 a Duba\u00ed el d\u00eda domingo 3 de agosto.<\/p>\n<h6><b>SELECCI\u00d3N NACIONAL U17<\/b><\/h6>\n<p>-ALIENDE, Guillermo Alfonzo<br \/>\nClub: Ol\u00edmpico de La Banda &#8211; Santiago del Estero<br \/>\nAltura: 1.79 metro<br \/>\nPosici\u00f3n: base<br \/>\nA\u00f1o de nacimiento: 1997<\/p>\n<p>-ZURBRIGGEN, Fernando<br \/>\nClub: Banco Provincial &#8211; Santa Fe<br \/>\nAltura: 1.85 metro<br \/>\nPosici\u00f3n: base<br \/>\nA\u00f1o de nacimiento: 1997<\/p>\n<p>-FJELLERUP, M\u00e1ximo Hugo<br \/>\nClub: Bah\u00eda Basket &#8211; Bah\u00eda Blanca<br \/>\nAltura: 1.94 metro<br \/>\nPosici\u00f3n: base\/escolta<br \/>\nA\u00f1o de nacimiento: 1997<\/p>\n<p>-BORSATTI, Mat\u00edas<br \/>\nClub: Sionista de Paran\u00e1 &#8211; Entre R\u00edos<br \/>\nAltura: 1.91 metro<br \/>\nPosici\u00f3n: escolta<br \/>\nA\u00f1o de nacimiento: 1997<\/p>\n<p>-MAS DELFINO, Jorge Agust\u00edn<br \/>\nClub: Atenas de C\u00f3rdoba &#8211; C\u00f3rdoba<br \/>\nAltura: 1.94 metro<br \/>\nPosici\u00f3n: escolta\/alero<br \/>\nA\u00f1o de nacimiento: 1997<\/p>\n<p>-NU\u00d1EZ de CARVALHO, Ayan<br \/>\nClub: Echague Paran\u00e1 &#8211; Entre R\u00edos<br \/>\nAltura: 1.93 metro<br \/>\nPosici\u00f3n: escolta\/alero<br \/>\nA\u00f1o de nacimiento: 1997<\/p>\n<p>-DELFINO, Lucio Gabriel<br \/>\nClub: Uni\u00f3n Santa Fe &#8211; Santa Fe<br \/>\nAltura: 1.98 metro<br \/>\nPosici\u00f3n: alero\/alapivot<br \/>\nA\u00f1o de nacimiento: 1997<\/p>\n<p>-FERN\u00c1NDEZ, Mart\u00edn Ariel<br \/>\nClub: Liniers \/ Bah\u00eda Basket &#8211; Buenos Aires<br \/>\nAltura: 1.94 metro<br \/>\nPosici\u00f3n: alero<br \/>\nA\u00f1o de nacimiento: 1997<\/p>\n<p>-RIEGO VANZELLA, Lautaro<br \/>\nClub: Boca Juniors &#8211; Capital Federal<br \/>\nAltura: 1.97 metro<br \/>\nPosici\u00f3n: alapivot<br \/>\nA\u00f1o de nacimiento: 1997<\/p>\n<p>-MERCHANT, Jeffrey Andrew<br \/>\nClub: Quilmes de Mar del Plata &#8211; Buenos Aires<br \/>\nAltura: 1.96 metro<br \/>\nPosici\u00f3n: alapivot<br \/>\nA\u00f1o de nacimiento: 1997<\/p>\n<p>-ONETTO, Ignacio Jes\u00fas<br \/>\nClub: Sionista de Paran\u00e1 &#8211; Entre R\u00edos<br \/>\nAltura: 2.06 metros<br \/>\nPosici\u00f3n: pivot<br \/>\nA\u00f1o de nacimiento: 1997<\/p>\n<p>-GALARDO, Ignacio<br \/>\nClub: Estudiantes de Olavarr\u00eda &#8211; Buenos Aires<br \/>\nAltura: 2.06 metros<br \/>\nPosici\u00f3n: pivot<br \/>\nA\u00f1o de nacimiento: 1997<\/p>\n<p><strong>Fuente:<\/strong> Diego Garc\u00eda (Prensa CABB).<\/p>\n","protected":false},"excerpt":{"rendered":"<p>El base tresarroyense de Bah\u00eda Basket integrar\u00e1 el plantel nacional en Dubai<\/p>\n","protected":false},"author":1,"featured_media":35269,"comment_status":"closed","ping_status":"open","sticky":false,"template":"","format":"standard","meta":{"jnews-multi-image_gallery":[],"jnews_single_post":[],"jnews_primary_category":[],"footnotes":""},"categories":[61],"tags":[720,834,796,180],"class_list":["post-35777","post","type-post","status-publish","format-standard","has-post-thumbnail","hentry","category-selecciones-nacionales","tag-argentina","tag-dubai-2014","tag-jeffrey-merchant","tag-maximo-fjellerup"],"yoast_head":"<!-- This site is optimized with the Yoast SEO plugin v27.5 - https:\/\/yoast.com\/product\/yoast-seo-wordpress\/ -->\n<title>Fjellerup, al Mundial U17 - Gente de B\u00e1squet<\/title>\n<meta name=\"robots\" content=\"index, follow, max-snippet:-1, max-image-preview:large, max-video-preview:-1\" \/>\n<link rel=\"canonical\" href=\"http:\/\/gentedebasquet.com.ar\/sitio\/2014\/07\/18\/fjellerup-al-mundial-u17\/\" \/>\n<meta property=\"og:locale\" content=\"es_ES\" \/>\n<meta property=\"og:type\" content=\"article\" \/>\n<meta property=\"og:title\" content=\"Fjellerup, al Mundial U17 - Gente de B\u00e1squet\" \/>\n<meta property=\"og:description\" content=\"El base tresarroyense de Bah\u00eda Basket integrar\u00e1 el plantel nacional en Dubai\" \/>\n<meta property=\"og:url\" content=\"http:\/\/gentedebasquet.com.ar\/sitio\/2014\/07\/18\/fjellerup-al-mundial-u17\/\" \/>\n<meta property=\"og:site_name\" content=\"Gente de B\u00e1squet\" \/>\n<meta property=\"article:published_time\" content=\"2014-07-18T18:07:24+00:00\" \/>\n<meta property=\"og:image\" content=\"http:\/\/gentedebasquet.com.ar\/sitio\/wp-content\/uploads\/2014\/07\/Argentina-U17.jpg\" \/>\n\t<meta property=\"og:image:width\" content=\"300\" \/>\n\t<meta property=\"og:image:height\" content=\"211\" \/>\n\t<meta property=\"og:image:type\" content=\"image\/jpeg\" \/>\n<meta name=\"author\" content=\"Gente de B\u00e1squet\" \/>\n<meta name=\"twitter:card\" content=\"summary_large_image\" \/>\n<meta name=\"twitter:label1\" content=\"Escrito por\" \/>\n\t<meta name=\"twitter:data1\" content=\"Gente de B\u00e1squet\" \/>\n\t<meta name=\"twitter:label2\" content=\"Tiempo de lectura\" \/>\n\t<meta name=\"twitter:data2\" content=\"3 minutos\" \/>\n<script type=\"application\/ld+json\" class=\"yoast-schema-graph\">{\"@context\":\"https:\\\/\\\/schema.org\",\"@graph\":[{\"@type\":\"Article\",\"@id\":\"http:\\\/\\\/gentedebasquet.com.ar\\\/sitio\\\/2014\\\/07\\\/18\\\/fjellerup-al-mundial-u17\\\/#article\",\"isPartOf\":{\"@id\":\"http:\\\/\\\/gentedebasquet.com.ar\\\/sitio\\\/2014\\\/07\\\/18\\\/fjellerup-al-mundial-u17\\\/\"},\"author\":{\"name\":\"Gente de B\u00e1squet\",\"@id\":\"https:\\\/\\\/gentedebasquet.com.ar\\\/sitio\\\/#\\\/schema\\\/person\\\/ca0b63bbb977369988a7bbbdc519943a\"},\"headline\":\"Fjellerup, al Mundial U17\",\"datePublished\":\"2014-07-18T18:07:24+00:00\",\"mainEntityOfPage\":{\"@id\":\"http:\\\/\\\/gentedebasquet.com.ar\\\/sitio\\\/2014\\\/07\\\/18\\\/fjellerup-al-mundial-u17\\\/\"},\"wordCount\":667,\"image\":{\"@id\":\"http:\\\/\\\/gentedebasquet.com.ar\\\/sitio\\\/2014\\\/07\\\/18\\\/fjellerup-al-mundial-u17\\\/#primaryimage\"},\"thumbnailUrl\":\"https:\\\/\\\/gentedebasquet.com.ar\\\/sitio\\\/wp-content\\\/uploads\\\/2014\\\/07\\\/Argentina-U17.jpg\",\"keywords\":[\"Argentina\",\"Dubai 2014\",\"Jeffrey Merchant\",\"M\u00e1ximo Fjellerup\"],\"articleSection\":[\"Selecciones Nacionales\"],\"inLanguage\":\"es\"},{\"@type\":\"WebPage\",\"@id\":\"http:\\\/\\\/gentedebasquet.com.ar\\\/sitio\\\/2014\\\/07\\\/18\\\/fjellerup-al-mundial-u17\\\/\",\"url\":\"http:\\\/\\\/gentedebasquet.com.ar\\\/sitio\\\/2014\\\/07\\\/18\\\/fjellerup-al-mundial-u17\\\/\",\"name\":\"Fjellerup, al Mundial U17 - Gente de B\u00e1squet\",\"isPartOf\":{\"@id\":\"https:\\\/\\\/gentedebasquet.com.ar\\\/sitio\\\/#website\"},\"primaryImageOfPage\":{\"@id\":\"http:\\\/\\\/gentedebasquet.com.ar\\\/sitio\\\/2014\\\/07\\\/18\\\/fjellerup-al-mundial-u17\\\/#primaryimage\"},\"image\":{\"@id\":\"http:\\\/\\\/gentedebasquet.com.ar\\\/sitio\\\/2014\\\/07\\\/18\\\/fjellerup-al-mundial-u17\\\/#primaryimage\"},\"thumbnailUrl\":\"https:\\\/\\\/gentedebasquet.com.ar\\\/sitio\\\/wp-content\\\/uploads\\\/2014\\\/07\\\/Argentina-U17.jpg\",\"datePublished\":\"2014-07-18T18:07:24+00:00\",\"author\":{\"@id\":\"https:\\\/\\\/gentedebasquet.com.ar\\\/sitio\\\/#\\\/schema\\\/person\\\/ca0b63bbb977369988a7bbbdc519943a\"},\"breadcrumb\":{\"@id\":\"http:\\\/\\\/gentedebasquet.com.ar\\\/sitio\\\/2014\\\/07\\\/18\\\/fjellerup-al-mundial-u17\\\/#breadcrumb\"},\"inLanguage\":\"es\",\"potentialAction\":[{\"@type\":\"ReadAction\",\"target\":[\"http:\\\/\\\/gentedebasquet.com.ar\\\/sitio\\\/2014\\\/07\\\/18\\\/fjellerup-al-mundial-u17\\\/\"]}]},{\"@type\":\"ImageObject\",\"inLanguage\":\"es\",\"@id\":\"http:\\\/\\\/gentedebasquet.com.ar\\\/sitio\\\/2014\\\/07\\\/18\\\/fjellerup-al-mundial-u17\\\/#primaryimage\",\"url\":\"https:\\\/\\\/gentedebasquet.com.ar\\\/sitio\\\/wp-content\\\/uploads\\\/2014\\\/07\\\/Argentina-U17.jpg\",\"contentUrl\":\"https:\\\/\\\/gentedebasquet.com.ar\\\/sitio\\\/wp-content\\\/uploads\\\/2014\\\/07\\\/Argentina-U17.jpg\",\"width\":300,\"height\":211},{\"@type\":\"BreadcrumbList\",\"@id\":\"http:\\\/\\\/gentedebasquet.com.ar\\\/sitio\\\/2014\\\/07\\\/18\\\/fjellerup-al-mundial-u17\\\/#breadcrumb\",\"itemListElement\":[{\"@type\":\"ListItem\",\"position\":1,\"name\":\"Portada\",\"item\":\"https:\\\/\\\/gentedebasquet.com.ar\\\/sitio\\\/\"},{\"@type\":\"ListItem\",\"position\":2,\"name\":\"Fjellerup, al Mundial U17\"}]},{\"@type\":\"WebSite\",\"@id\":\"https:\\\/\\\/gentedebasquet.com.ar\\\/sitio\\\/#website\",\"url\":\"https:\\\/\\\/gentedebasquet.com.ar\\\/sitio\\\/\",\"name\":\"Gente de B\u00e1squet\",\"description\":\"La revista del basquet de Bah\u00eda Blanca\",\"potentialAction\":[{\"@type\":\"SearchAction\",\"target\":{\"@type\":\"EntryPoint\",\"urlTemplate\":\"https:\\\/\\\/gentedebasquet.com.ar\\\/sitio\\\/?s={search_term_string}\"},\"query-input\":{\"@type\":\"PropertyValueSpecification\",\"valueRequired\":true,\"valueName\":\"search_term_string\"}}],\"inLanguage\":\"es\"},{\"@type\":\"Person\",\"@id\":\"https:\\\/\\\/gentedebasquet.com.ar\\\/sitio\\\/#\\\/schema\\\/person\\\/ca0b63bbb977369988a7bbbdc519943a\",\"name\":\"Gente de B\u00e1squet\",\"image\":{\"@type\":\"ImageObject\",\"inLanguage\":\"es\",\"@id\":\"https:\\\/\\\/secure.gravatar.com\\\/avatar\\\/7f2c48bdc33b30088f941fb6082e555f2874c98e20cb159d7b92b50eadfce793?s=96&d=mm&r=g\",\"url\":\"https:\\\/\\\/secure.gravatar.com\\\/avatar\\\/7f2c48bdc33b30088f941fb6082e555f2874c98e20cb159d7b92b50eadfce793?s=96&d=mm&r=g\",\"contentUrl\":\"https:\\\/\\\/secure.gravatar.com\\\/avatar\\\/7f2c48bdc33b30088f941fb6082e555f2874c98e20cb159d7b92b50eadfce793?s=96&d=mm&r=g\",\"caption\":\"Gente de B\u00e1squet\"},\"sameAs\":[\"http:\\\/\\\/gentedebasquet.com.ar\\\/sitio\"],\"url\":\"https:\\\/\\\/gentedebasquet.com.ar\\\/sitio\\\/author\\\/ulises\\\/\"}]}<\/script>\n<!-- \/ Yoast SEO plugin. -->","yoast_head_json":{"title":"Fjellerup, al Mundial U17 - Gente de B\u00e1squet","robots":{"index":"index","follow":"follow","max-snippet":"max-snippet:-1","max-image-preview":"max-image-preview:large","max-video-preview":"max-video-preview:-1"},"canonical":"http:\/\/gentedebasquet.com.ar\/sitio\/2014\/07\/18\/fjellerup-al-mundial-u17\/","og_locale":"es_ES","og_type":"article","og_title":"Fjellerup, al Mundial U17 - Gente de B\u00e1squet","og_description":"El base tresarroyense de Bah\u00eda Basket integrar\u00e1 el plantel nacional en Dubai","og_url":"http:\/\/gentedebasquet.com.ar\/sitio\/2014\/07\/18\/fjellerup-al-mundial-u17\/","og_site_name":"Gente de B\u00e1squet","article_published_time":"2014-07-18T18:07:24+00:00","og_image":[{"width":300,"height":211,"url":"http:\/\/gentedebasquet.com.ar\/sitio\/wp-content\/uploads\/2014\/07\/Argentina-U17.jpg","type":"image\/jpeg"}],"author":"Gente de B\u00e1squet","twitter_card":"summary_large_image","twitter_misc":{"Escrito por":"Gente de B\u00e1squet","Tiempo de lectura":"3 minutos"},"schema":{"@context":"https:\/\/schema.org","@graph":[{"@type":"Article","@id":"http:\/\/gentedebasquet.com.ar\/sitio\/2014\/07\/18\/fjellerup-al-mundial-u17\/#article","isPartOf":{"@id":"http:\/\/gentedebasquet.com.ar\/sitio\/2014\/07\/18\/fjellerup-al-mundial-u17\/"},"author":{"name":"Gente de B\u00e1squet","@id":"https:\/\/gentedebasquet.com.ar\/sitio\/#\/schema\/person\/ca0b63bbb977369988a7bbbdc519943a"},"headline":"Fjellerup, al Mundial U17","datePublished":"2014-07-18T18:07:24+00:00","mainEntityOfPage":{"@id":"http:\/\/gentedebasquet.com.ar\/sitio\/2014\/07\/18\/fjellerup-al-mundial-u17\/"},"wordCount":667,"image":{"@id":"http:\/\/gentedebasquet.com.ar\/sitio\/2014\/07\/18\/fjellerup-al-mundial-u17\/#primaryimage"},"thumbnailUrl":"https:\/\/gentedebasquet.com.ar\/sitio\/wp-content\/uploads\/2014\/07\/Argentina-U17.jpg","keywords":["Argentina","Dubai 2014","Jeffrey Merchant","M\u00e1ximo Fjellerup"],"articleSection":["Selecciones Nacionales"],"inLanguage":"es"},{"@type":"WebPage","@id":"http:\/\/gentedebasquet.com.ar\/sitio\/2014\/07\/18\/fjellerup-al-mundial-u17\/","url":"http:\/\/gentedebasquet.com.ar\/sitio\/2014\/07\/18\/fjellerup-al-mundial-u17\/","name":"Fjellerup, al Mundial U17 - Gente de B\u00e1squet","isPartOf":{"@id":"https:\/\/gentedebasquet.com.ar\/sitio\/#website"},"primaryImageOfPage":{"@id":"http:\/\/gentedebasquet.com.ar\/sitio\/2014\/07\/18\/fjellerup-al-mundial-u17\/#primaryimage"},"image":{"@id":"http:\/\/gentedebasquet.com.ar\/sitio\/2014\/07\/18\/fjellerup-al-mundial-u17\/#primaryimage"},"thumbnailUrl":"https:\/\/gentedebasquet.com.ar\/sitio\/wp-content\/uploads\/2014\/07\/Argentina-U17.jpg","datePublished":"2014-07-18T18:07:24+00:00","author":{"@id":"https:\/\/gentedebasquet.com.ar\/sitio\/#\/schema\/person\/ca0b63bbb977369988a7bbbdc519943a"},"breadcrumb":{"@id":"http:\/\/gentedebasquet.com.ar\/sitio\/2014\/07\/18\/fjellerup-al-mundial-u17\/#breadcrumb"},"inLanguage":"es","potentialAction":[{"@type":"ReadAction","target":["http:\/\/gentedebasquet.com.ar\/sitio\/2014\/07\/18\/fjellerup-al-mundial-u17\/"]}]},{"@type":"ImageObject","inLanguage":"es","@id":"http:\/\/gentedebasquet.com.ar\/sitio\/2014\/07\/18\/fjellerup-al-mundial-u17\/#primaryimage","url":"https:\/\/gentedebasquet.com.ar\/sitio\/wp-content\/uploads\/2014\/07\/Argentina-U17.jpg","contentUrl":"https:\/\/gentedebasquet.com.ar\/sitio\/wp-content\/uploads\/2014\/07\/Argentina-U17.jpg","width":300,"height":211},{"@type":"BreadcrumbList","@id":"http:\/\/gentedebasquet.com.ar\/sitio\/2014\/07\/18\/fjellerup-al-mundial-u17\/#breadcrumb","itemListElement":[{"@type":"ListItem","position":1,"name":"Portada","item":"https:\/\/gentedebasquet.com.ar\/sitio\/"},{"@type":"ListItem","position":2,"name":"Fjellerup, al Mundial U17"}]},{"@type":"WebSite","@id":"https:\/\/gentedebasquet.com.ar\/sitio\/#website","url":"https:\/\/gentedebasquet.com.ar\/sitio\/","name":"Gente de B\u00e1squet","description":"La revista del basquet de Bah\u00eda Blanca","potentialAction":[{"@type":"SearchAction","target":{"@type":"EntryPoint","urlTemplate":"https:\/\/gentedebasquet.com.ar\/sitio\/?s={search_term_string}"},"query-input":{"@type":"PropertyValueSpecification","valueRequired":true,"valueName":"search_term_string"}}],"inLanguage":"es"},{"@type":"Person","@id":"https:\/\/gentedebasquet.com.ar\/sitio\/#\/schema\/person\/ca0b63bbb977369988a7bbbdc519943a","name":"Gente de B\u00e1squet","image":{"@type":"ImageObject","inLanguage":"es","@id":"https:\/\/secure.gravatar.com\/avatar\/7f2c48bdc33b30088f941fb6082e555f2874c98e20cb159d7b92b50eadfce793?s=96&d=mm&r=g","url":"https:\/\/secure.gravatar.com\/avatar\/7f2c48bdc33b30088f941fb6082e555f2874c98e20cb159d7b92b50eadfce793?s=96&d=mm&r=g","contentUrl":"https:\/\/secure.gravatar.com\/avatar\/7f2c48bdc33b30088f941fb6082e555f2874c98e20cb159d7b92b50eadfce793?s=96&d=mm&r=g","caption":"Gente de B\u00e1squet"},"sameAs":["http:\/\/gentedebasquet.com.ar\/sitio"],"url":"https:\/\/gentedebasquet.com.ar\/sitio\/author\/ulises\/"}]}},"_links":{"self":[{"href":"https:\/\/gentedebasquet.com.ar\/sitio\/wp-json\/wp\/v2\/posts\/35777","targetHints":{"allow":["GET"]}}],"collection":[{"href":"https:\/\/gentedebasquet.com.ar\/sitio\/wp-json\/wp\/v2\/posts"}],"about":[{"href":"https:\/\/gentedebasquet.com.ar\/sitio\/wp-json\/wp\/v2\/types\/post"}],"author":[{"embeddable":true,"href":"https:\/\/gentedebasquet.com.ar\/sitio\/wp-json\/wp\/v2\/users\/1"}],"replies":[{"embeddable":true,"href":"https:\/\/gentedebasquet.com.ar\/sitio\/wp-json\/wp\/v2\/comments?post=35777"}],"version-history":[{"count":0,"href":"https:\/\/gentedebasquet.com.ar\/sitio\/wp-json\/wp\/v2\/posts\/35777\/revisions"}],"wp:featuredmedia":[{"embeddable":true,"href":"https:\/\/gentedebasquet.com.ar\/sitio\/wp-json\/wp\/v2\/media\/35269"}],"wp:attachment":[{"href":"https:\/\/gentedebasquet.com.ar\/sitio\/wp-json\/wp\/v2\/media?parent=35777"}],"wp:term":[{"taxonomy":"category","embeddable":true,"href":"https:\/\/gentedebasquet.com.ar\/sitio\/wp-json\/wp\/v2\/categories?post=35777"},{"taxonomy":"post_tag","embeddable":true,"href":"https:\/\/gentedebasquet.com.ar\/sitio\/wp-json\/wp\/v2\/tags?post=35777"}],"curies":[{"name":"wp","href":"https:\/\/api.w.org\/{rel}","templated":true}]}}