{"id":35961,"date":"2014-07-30T10:40:39","date_gmt":"2014-07-30T13:40:39","guid":{"rendered":"http:\/\/www.gentedebasquet.com.ar\/?p=35961"},"modified":"2014-07-30T10:40:39","modified_gmt":"2014-07-30T13:40:39","slug":"los-u17-en-francia","status":"publish","type":"post","link":"https:\/\/gentedebasquet.com.ar\/sitio\/2014\/07\/30\/los-u17-en-francia\/","title":{"rendered":"Los U17, en Francia"},"content":{"rendered":"<p><strong>De cara al Mundial U17, que se realizar\u00e1 del 8 al 16 de agosto en Dub\u00e1i, Emiratos \u00c1rabes Unidos, la Selecci\u00f3n Nacional Argentina, comandada por Silvio Santander, disputar\u00e1 desde este mi\u00e9rcoles un torneo de preparaci\u00f3n en Troyes, Francia, ante Puerto Rico, Canad\u00e1, Australia y el local. Son parte del plantel los j\u00f3venes de Bah\u00eda Basket M\u00e1ximo Fjellerup y Mart\u00edn Fern\u00e1ndez.<\/strong><\/p>\n<p>Luego de su paso por Pesaro, Italia, donde Argentina enfrent\u00f3 al elenco italiano en dos ocasiones (una victoria por cada bando), el conjunto dirigido por Santander viaj\u00f3 este martes a Francia, donde afrontar\u00e1 entre el 30 de julio y el 3 de agosto un torneo de preparaci\u00f3n ante rivales de muy buen nivel.<\/p>\n<p>Este certamen, que se disputa en la ciudad de Troyes, comenz\u00f3 este martes 29 de julio pero el debut argentino se producir\u00e1 este mi\u00e9rcoles 30. El primer rival del conjunto albiceleste ser\u00e1 Puerto Rico, que venci\u00f3 a Australia (69-66) en la primera jornada. Luego, Argentina enfrentar\u00e1 sucesivamente a Australia (31 de julio), Francia (1 de agosto) y Canad\u00e1 (2 de agosto).<\/p>\n<p>Finalmente, el domingo 3 de agosto, nuestra selecci\u00f3n viajar\u00e1 hacia Dub\u00e1i, ciudad que albergar\u00e1 el Mundial U17. Argentina integrar\u00e1 el Grupo \u201cD\u201d junto a Egipto, China y Serbia. El primer rival argentino en la cita ecum\u00e9nica ser\u00e1 el conjunto egipcio, partido que se disputar\u00e1 el viernes 8 de agosto.<\/p>\n<h6>\n<b>SELECCI\u00d3N NACIONAL U17<\/b><\/h6>\n<p>-ALIENDE, Guillermo Alfonzo<br \/>\nClub: Ol\u00edmpico de La Banda &#8211; Santiago del Estero<br \/>\nAltura: 1.79 metro<br \/>\nPosici\u00f3n: base<br \/>\nA\u00f1o de nacimiento: 1997<\/p>\n<p>-ZURBRIGGEN, Fernando<br \/>\nClub: Banco Provincial &#8211; Santa Fe<br \/>\nAltura: 1.85 metro<br \/>\nPosici\u00f3n: base<br \/>\nA\u00f1o de nacimiento: 1997<\/p>\n<p>-FJELLERUP, M\u00e1ximo Hugo<br \/>\nClub: Weber Bah\u00eda &#8211; Buenos Aires<br \/>\nAltura: 1.94 metro<br \/>\nPosici\u00f3n: base\/escolta<br \/>\nA\u00f1o de nacimiento: 1997<\/p>\n<p>-BORSATTI, Mat\u00edas<br \/>\nClub: Sionista de Paran\u00e1 &#8211; Entre R\u00edos<br \/>\nAltura: 1.91 metro<br \/>\nPosici\u00f3n: escolta<br \/>\nA\u00f1o de nacimiento: 1997<\/p>\n<p>-MAS DELFINO, Jorge Agust\u00edn<br \/>\nClub: Atenas de C\u00f3rdoba &#8211; C\u00f3rdoba<br \/>\nAltura: 1.94 metro<br \/>\nPosici\u00f3n: escolta\/alero<br \/>\nA\u00f1o de nacimiento: 1997<\/p>\n<p>-NU\u00d1EZ de CARVALHO, Ayan<br \/>\nClub: Echague Paran\u00e1 &#8211; Entre R\u00edos<br \/>\nAltura: 1.93 metro<br \/>\nPosici\u00f3n: escolta\/alero<br \/>\nA\u00f1o de nacimiento: 1997<\/p>\n<p>-DELFINO, Lucio Gabriel<br \/>\nClub: Uni\u00f3n Santa Fe &#8211; Santa Fe<br \/>\nAltura: 1.98 metro<br \/>\nPosici\u00f3n: alero\/alapivot<br \/>\nA\u00f1o de nacimiento: 1997<\/p>\n<p>-FERN\u00c1NDEZ, Mart\u00edn Ariel<br \/>\nClub: Weber Bah\u00eda &#8211; Buenos Aires<br \/>\nAltura: 1.94 metro<br \/>\nPosici\u00f3n: alero<br \/>\nA\u00f1o de nacimiento: 1997<\/p>\n<p>-RIEGO VANZELLA, Lautaro<br \/>\nClub: Boca Juniors &#8211; Capital Federal<br \/>\nAltura: 1.97 metro<br \/>\nPosici\u00f3n: alapivot<br \/>\nA\u00f1o de nacimiento: 1997<\/p>\n<p>-MERCHANT, Jeffrey Andrew<br \/>\nClub: Quilmes de Mar del Plata &#8211; Buenos Aires<br \/>\nAltura: 1.96 metro<br \/>\nPosici\u00f3n: alapivot<br \/>\nA\u00f1o de nacimiento: 1997<\/p>\n<p>-ONETTO, Ignacio Jes\u00fas<br \/>\nClub: Sionista de Paran\u00e1 &#8211; Entre R\u00edos<br \/>\nAltura: 2.06 metros<br \/>\nPosici\u00f3n: pivot<br \/>\nA\u00f1o de nacimiento: 1997<\/p>\n<p>-GALARDO, Ignacio<br \/>\nClub: Estudiantes de Olavarr\u00eda &#8211; Buenos Aires<br \/>\nAltura: 2.06 metros<br \/>\nPosici\u00f3n: pivot<br \/>\nA\u00f1o de nacimiento: 1997<\/p>\n<p>Entrenador: Silvio Santander<br \/>\nAsistente: Germ\u00e1n Intonio<br \/>\nPreparador f\u00edsico: Eduardo Costamagna<br \/>\nKinesi\u00f3logo: Santiago Ledesma<br \/>\nM\u00e9dico: Arturo Lange<br \/>\nPresidente de delegaci\u00f3n: Carlos \u00c1lvarez<\/p>\n<p><strong>Fuente:<\/strong> Diego Garc\u00eda (Prensa CABB).<\/p>\n","protected":false},"excerpt":{"rendered":"<p>Con Fjellerup y Mart\u00edn Fern\u00e1ndez, se preparan paran el Mundial de Dub\u00e1i<\/p>\n","protected":false},"author":1,"featured_media":35269,"comment_status":"closed","ping_status":"open","sticky":false,"template":"","format":"standard","meta":{"jnews-multi-image_gallery":[],"jnews_single_post":[],"jnews_primary_category":[],"footnotes":""},"categories":[61],"tags":[720,834,200,180],"class_list":["post-35961","post","type-post","status-publish","format-standard","has-post-thumbnail","hentry","category-selecciones-nacionales","tag-argentina","tag-dubai-2014","tag-martin-fernandez","tag-maximo-fjellerup"],"yoast_head":"<!-- This site is optimized with the Yoast SEO plugin v27.5 - https:\/\/yoast.com\/product\/yoast-seo-wordpress\/ -->\n<title>Los U17, en Francia - Gente de B\u00e1squet<\/title>\n<meta name=\"robots\" content=\"index, follow, max-snippet:-1, max-image-preview:large, max-video-preview:-1\" \/>\n<link rel=\"canonical\" href=\"http:\/\/gentedebasquet.com.ar\/sitio\/2014\/07\/30\/los-u17-en-francia\/\" \/>\n<meta property=\"og:locale\" content=\"es_ES\" \/>\n<meta property=\"og:type\" content=\"article\" \/>\n<meta property=\"og:title\" content=\"Los U17, en Francia - Gente de B\u00e1squet\" \/>\n<meta property=\"og:description\" content=\"Con Fjellerup y Mart\u00edn Fern\u00e1ndez, se preparan paran el Mundial de Dub\u00e1i\" \/>\n<meta property=\"og:url\" content=\"http:\/\/gentedebasquet.com.ar\/sitio\/2014\/07\/30\/los-u17-en-francia\/\" \/>\n<meta property=\"og:site_name\" content=\"Gente de B\u00e1squet\" \/>\n<meta property=\"article:published_time\" content=\"2014-07-30T13:40:39+00:00\" \/>\n<meta property=\"og:image\" content=\"http:\/\/gentedebasquet.com.ar\/sitio\/wp-content\/uploads\/2014\/07\/Argentina-U17.jpg\" \/>\n\t<meta property=\"og:image:width\" content=\"300\" \/>\n\t<meta property=\"og:image:height\" content=\"211\" \/>\n\t<meta property=\"og:image:type\" content=\"image\/jpeg\" \/>\n<meta name=\"author\" content=\"Gente de B\u00e1squet\" \/>\n<meta name=\"twitter:card\" content=\"summary_large_image\" \/>\n<meta name=\"twitter:label1\" content=\"Escrito por\" \/>\n\t<meta name=\"twitter:data1\" content=\"Gente de B\u00e1squet\" \/>\n\t<meta name=\"twitter:label2\" content=\"Tiempo de lectura\" \/>\n\t<meta name=\"twitter:data2\" content=\"3 minutos\" \/>\n<script type=\"application\/ld+json\" class=\"yoast-schema-graph\">{\"@context\":\"https:\\\/\\\/schema.org\",\"@graph\":[{\"@type\":\"Article\",\"@id\":\"http:\\\/\\\/gentedebasquet.com.ar\\\/sitio\\\/2014\\\/07\\\/30\\\/los-u17-en-francia\\\/#article\",\"isPartOf\":{\"@id\":\"http:\\\/\\\/gentedebasquet.com.ar\\\/sitio\\\/2014\\\/07\\\/30\\\/los-u17-en-francia\\\/\"},\"author\":{\"name\":\"Gente de B\u00e1squet\",\"@id\":\"https:\\\/\\\/gentedebasquet.com.ar\\\/sitio\\\/#\\\/schema\\\/person\\\/ca0b63bbb977369988a7bbbdc519943a\"},\"headline\":\"Los U17, en Francia\",\"datePublished\":\"2014-07-30T13:40:39+00:00\",\"mainEntityOfPage\":{\"@id\":\"http:\\\/\\\/gentedebasquet.com.ar\\\/sitio\\\/2014\\\/07\\\/30\\\/los-u17-en-francia\\\/\"},\"wordCount\":512,\"image\":{\"@id\":\"http:\\\/\\\/gentedebasquet.com.ar\\\/sitio\\\/2014\\\/07\\\/30\\\/los-u17-en-francia\\\/#primaryimage\"},\"thumbnailUrl\":\"https:\\\/\\\/gentedebasquet.com.ar\\\/sitio\\\/wp-content\\\/uploads\\\/2014\\\/07\\\/Argentina-U17.jpg\",\"keywords\":[\"Argentina\",\"Dubai 2014\",\"Mart\u00edn Fern\u00e1ndez\",\"M\u00e1ximo Fjellerup\"],\"articleSection\":[\"Selecciones Nacionales\"],\"inLanguage\":\"es\"},{\"@type\":\"WebPage\",\"@id\":\"http:\\\/\\\/gentedebasquet.com.ar\\\/sitio\\\/2014\\\/07\\\/30\\\/los-u17-en-francia\\\/\",\"url\":\"http:\\\/\\\/gentedebasquet.com.ar\\\/sitio\\\/2014\\\/07\\\/30\\\/los-u17-en-francia\\\/\",\"name\":\"Los U17, en Francia - Gente de B\u00e1squet\",\"isPartOf\":{\"@id\":\"https:\\\/\\\/gentedebasquet.com.ar\\\/sitio\\\/#website\"},\"primaryImageOfPage\":{\"@id\":\"http:\\\/\\\/gentedebasquet.com.ar\\\/sitio\\\/2014\\\/07\\\/30\\\/los-u17-en-francia\\\/#primaryimage\"},\"image\":{\"@id\":\"http:\\\/\\\/gentedebasquet.com.ar\\\/sitio\\\/2014\\\/07\\\/30\\\/los-u17-en-francia\\\/#primaryimage\"},\"thumbnailUrl\":\"https:\\\/\\\/gentedebasquet.com.ar\\\/sitio\\\/wp-content\\\/uploads\\\/2014\\\/07\\\/Argentina-U17.jpg\",\"datePublished\":\"2014-07-30T13:40:39+00:00\",\"author\":{\"@id\":\"https:\\\/\\\/gentedebasquet.com.ar\\\/sitio\\\/#\\\/schema\\\/person\\\/ca0b63bbb977369988a7bbbdc519943a\"},\"breadcrumb\":{\"@id\":\"http:\\\/\\\/gentedebasquet.com.ar\\\/sitio\\\/2014\\\/07\\\/30\\\/los-u17-en-francia\\\/#breadcrumb\"},\"inLanguage\":\"es\",\"potentialAction\":[{\"@type\":\"ReadAction\",\"target\":[\"http:\\\/\\\/gentedebasquet.com.ar\\\/sitio\\\/2014\\\/07\\\/30\\\/los-u17-en-francia\\\/\"]}]},{\"@type\":\"ImageObject\",\"inLanguage\":\"es\",\"@id\":\"http:\\\/\\\/gentedebasquet.com.ar\\\/sitio\\\/2014\\\/07\\\/30\\\/los-u17-en-francia\\\/#primaryimage\",\"url\":\"https:\\\/\\\/gentedebasquet.com.ar\\\/sitio\\\/wp-content\\\/uploads\\\/2014\\\/07\\\/Argentina-U17.jpg\",\"contentUrl\":\"https:\\\/\\\/gentedebasquet.com.ar\\\/sitio\\\/wp-content\\\/uploads\\\/2014\\\/07\\\/Argentina-U17.jpg\",\"width\":300,\"height\":211},{\"@type\":\"BreadcrumbList\",\"@id\":\"http:\\\/\\\/gentedebasquet.com.ar\\\/sitio\\\/2014\\\/07\\\/30\\\/los-u17-en-francia\\\/#breadcrumb\",\"itemListElement\":[{\"@type\":\"ListItem\",\"position\":1,\"name\":\"Portada\",\"item\":\"https:\\\/\\\/gentedebasquet.com.ar\\\/sitio\\\/\"},{\"@type\":\"ListItem\",\"position\":2,\"name\":\"Los U17, en Francia\"}]},{\"@type\":\"WebSite\",\"@id\":\"https:\\\/\\\/gentedebasquet.com.ar\\\/sitio\\\/#website\",\"url\":\"https:\\\/\\\/gentedebasquet.com.ar\\\/sitio\\\/\",\"name\":\"Gente de B\u00e1squet\",\"description\":\"La revista del basquet de Bah\u00eda Blanca\",\"potentialAction\":[{\"@type\":\"SearchAction\",\"target\":{\"@type\":\"EntryPoint\",\"urlTemplate\":\"https:\\\/\\\/gentedebasquet.com.ar\\\/sitio\\\/?s={search_term_string}\"},\"query-input\":{\"@type\":\"PropertyValueSpecification\",\"valueRequired\":true,\"valueName\":\"search_term_string\"}}],\"inLanguage\":\"es\"},{\"@type\":\"Person\",\"@id\":\"https:\\\/\\\/gentedebasquet.com.ar\\\/sitio\\\/#\\\/schema\\\/person\\\/ca0b63bbb977369988a7bbbdc519943a\",\"name\":\"Gente de B\u00e1squet\",\"image\":{\"@type\":\"ImageObject\",\"inLanguage\":\"es\",\"@id\":\"https:\\\/\\\/secure.gravatar.com\\\/avatar\\\/7f2c48bdc33b30088f941fb6082e555f2874c98e20cb159d7b92b50eadfce793?s=96&d=mm&r=g\",\"url\":\"https:\\\/\\\/secure.gravatar.com\\\/avatar\\\/7f2c48bdc33b30088f941fb6082e555f2874c98e20cb159d7b92b50eadfce793?s=96&d=mm&r=g\",\"contentUrl\":\"https:\\\/\\\/secure.gravatar.com\\\/avatar\\\/7f2c48bdc33b30088f941fb6082e555f2874c98e20cb159d7b92b50eadfce793?s=96&d=mm&r=g\",\"caption\":\"Gente de B\u00e1squet\"},\"sameAs\":[\"http:\\\/\\\/gentedebasquet.com.ar\\\/sitio\"],\"url\":\"https:\\\/\\\/gentedebasquet.com.ar\\\/sitio\\\/author\\\/ulises\\\/\"}]}<\/script>\n<!-- \/ Yoast SEO plugin. -->","yoast_head_json":{"title":"Los U17, en Francia - Gente de B\u00e1squet","robots":{"index":"index","follow":"follow","max-snippet":"max-snippet:-1","max-image-preview":"max-image-preview:large","max-video-preview":"max-video-preview:-1"},"canonical":"http:\/\/gentedebasquet.com.ar\/sitio\/2014\/07\/30\/los-u17-en-francia\/","og_locale":"es_ES","og_type":"article","og_title":"Los U17, en Francia - Gente de B\u00e1squet","og_description":"Con Fjellerup y Mart\u00edn Fern\u00e1ndez, se preparan paran el Mundial de Dub\u00e1i","og_url":"http:\/\/gentedebasquet.com.ar\/sitio\/2014\/07\/30\/los-u17-en-francia\/","og_site_name":"Gente de B\u00e1squet","article_published_time":"2014-07-30T13:40:39+00:00","og_image":[{"width":300,"height":211,"url":"http:\/\/gentedebasquet.com.ar\/sitio\/wp-content\/uploads\/2014\/07\/Argentina-U17.jpg","type":"image\/jpeg"}],"author":"Gente de B\u00e1squet","twitter_card":"summary_large_image","twitter_misc":{"Escrito por":"Gente de B\u00e1squet","Tiempo de lectura":"3 minutos"},"schema":{"@context":"https:\/\/schema.org","@graph":[{"@type":"Article","@id":"http:\/\/gentedebasquet.com.ar\/sitio\/2014\/07\/30\/los-u17-en-francia\/#article","isPartOf":{"@id":"http:\/\/gentedebasquet.com.ar\/sitio\/2014\/07\/30\/los-u17-en-francia\/"},"author":{"name":"Gente de B\u00e1squet","@id":"https:\/\/gentedebasquet.com.ar\/sitio\/#\/schema\/person\/ca0b63bbb977369988a7bbbdc519943a"},"headline":"Los U17, en Francia","datePublished":"2014-07-30T13:40:39+00:00","mainEntityOfPage":{"@id":"http:\/\/gentedebasquet.com.ar\/sitio\/2014\/07\/30\/los-u17-en-francia\/"},"wordCount":512,"image":{"@id":"http:\/\/gentedebasquet.com.ar\/sitio\/2014\/07\/30\/los-u17-en-francia\/#primaryimage"},"thumbnailUrl":"https:\/\/gentedebasquet.com.ar\/sitio\/wp-content\/uploads\/2014\/07\/Argentina-U17.jpg","keywords":["Argentina","Dubai 2014","Mart\u00edn Fern\u00e1ndez","M\u00e1ximo Fjellerup"],"articleSection":["Selecciones Nacionales"],"inLanguage":"es"},{"@type":"WebPage","@id":"http:\/\/gentedebasquet.com.ar\/sitio\/2014\/07\/30\/los-u17-en-francia\/","url":"http:\/\/gentedebasquet.com.ar\/sitio\/2014\/07\/30\/los-u17-en-francia\/","name":"Los U17, en Francia - Gente de B\u00e1squet","isPartOf":{"@id":"https:\/\/gentedebasquet.com.ar\/sitio\/#website"},"primaryImageOfPage":{"@id":"http:\/\/gentedebasquet.com.ar\/sitio\/2014\/07\/30\/los-u17-en-francia\/#primaryimage"},"image":{"@id":"http:\/\/gentedebasquet.com.ar\/sitio\/2014\/07\/30\/los-u17-en-francia\/#primaryimage"},"thumbnailUrl":"https:\/\/gentedebasquet.com.ar\/sitio\/wp-content\/uploads\/2014\/07\/Argentina-U17.jpg","datePublished":"2014-07-30T13:40:39+00:00","author":{"@id":"https:\/\/gentedebasquet.com.ar\/sitio\/#\/schema\/person\/ca0b63bbb977369988a7bbbdc519943a"},"breadcrumb":{"@id":"http:\/\/gentedebasquet.com.ar\/sitio\/2014\/07\/30\/los-u17-en-francia\/#breadcrumb"},"inLanguage":"es","potentialAction":[{"@type":"ReadAction","target":["http:\/\/gentedebasquet.com.ar\/sitio\/2014\/07\/30\/los-u17-en-francia\/"]}]},{"@type":"ImageObject","inLanguage":"es","@id":"http:\/\/gentedebasquet.com.ar\/sitio\/2014\/07\/30\/los-u17-en-francia\/#primaryimage","url":"https:\/\/gentedebasquet.com.ar\/sitio\/wp-content\/uploads\/2014\/07\/Argentina-U17.jpg","contentUrl":"https:\/\/gentedebasquet.com.ar\/sitio\/wp-content\/uploads\/2014\/07\/Argentina-U17.jpg","width":300,"height":211},{"@type":"BreadcrumbList","@id":"http:\/\/gentedebasquet.com.ar\/sitio\/2014\/07\/30\/los-u17-en-francia\/#breadcrumb","itemListElement":[{"@type":"ListItem","position":1,"name":"Portada","item":"https:\/\/gentedebasquet.com.ar\/sitio\/"},{"@type":"ListItem","position":2,"name":"Los U17, en Francia"}]},{"@type":"WebSite","@id":"https:\/\/gentedebasquet.com.ar\/sitio\/#website","url":"https:\/\/gentedebasquet.com.ar\/sitio\/","name":"Gente de B\u00e1squet","description":"La revista del basquet de Bah\u00eda Blanca","potentialAction":[{"@type":"SearchAction","target":{"@type":"EntryPoint","urlTemplate":"https:\/\/gentedebasquet.com.ar\/sitio\/?s={search_term_string}"},"query-input":{"@type":"PropertyValueSpecification","valueRequired":true,"valueName":"search_term_string"}}],"inLanguage":"es"},{"@type":"Person","@id":"https:\/\/gentedebasquet.com.ar\/sitio\/#\/schema\/person\/ca0b63bbb977369988a7bbbdc519943a","name":"Gente de B\u00e1squet","image":{"@type":"ImageObject","inLanguage":"es","@id":"https:\/\/secure.gravatar.com\/avatar\/7f2c48bdc33b30088f941fb6082e555f2874c98e20cb159d7b92b50eadfce793?s=96&d=mm&r=g","url":"https:\/\/secure.gravatar.com\/avatar\/7f2c48bdc33b30088f941fb6082e555f2874c98e20cb159d7b92b50eadfce793?s=96&d=mm&r=g","contentUrl":"https:\/\/secure.gravatar.com\/avatar\/7f2c48bdc33b30088f941fb6082e555f2874c98e20cb159d7b92b50eadfce793?s=96&d=mm&r=g","caption":"Gente de B\u00e1squet"},"sameAs":["http:\/\/gentedebasquet.com.ar\/sitio"],"url":"https:\/\/gentedebasquet.com.ar\/sitio\/author\/ulises\/"}]}},"_links":{"self":[{"href":"https:\/\/gentedebasquet.com.ar\/sitio\/wp-json\/wp\/v2\/posts\/35961","targetHints":{"allow":["GET"]}}],"collection":[{"href":"https:\/\/gentedebasquet.com.ar\/sitio\/wp-json\/wp\/v2\/posts"}],"about":[{"href":"https:\/\/gentedebasquet.com.ar\/sitio\/wp-json\/wp\/v2\/types\/post"}],"author":[{"embeddable":true,"href":"https:\/\/gentedebasquet.com.ar\/sitio\/wp-json\/wp\/v2\/users\/1"}],"replies":[{"embeddable":true,"href":"https:\/\/gentedebasquet.com.ar\/sitio\/wp-json\/wp\/v2\/comments?post=35961"}],"version-history":[{"count":0,"href":"https:\/\/gentedebasquet.com.ar\/sitio\/wp-json\/wp\/v2\/posts\/35961\/revisions"}],"wp:featuredmedia":[{"embeddable":true,"href":"https:\/\/gentedebasquet.com.ar\/sitio\/wp-json\/wp\/v2\/media\/35269"}],"wp:attachment":[{"href":"https:\/\/gentedebasquet.com.ar\/sitio\/wp-json\/wp\/v2\/media?parent=35961"}],"wp:term":[{"taxonomy":"category","embeddable":true,"href":"https:\/\/gentedebasquet.com.ar\/sitio\/wp-json\/wp\/v2\/categories?post=35961"},{"taxonomy":"post_tag","embeddable":true,"href":"https:\/\/gentedebasquet.com.ar\/sitio\/wp-json\/wp\/v2\/tags?post=35961"}],"curies":[{"name":"wp","href":"https:\/\/api.w.org\/{rel}","templated":true}]}}