{"id":35975,"date":"2014-07-31T11:13:08","date_gmt":"2014-07-31T14:13:08","guid":{"rendered":"http:\/\/www.gentedebasquet.com.ar\/?p=35975"},"modified":"2014-07-31T11:13:08","modified_gmt":"2014-07-31T14:13:08","slug":"manu-out","status":"publish","type":"post","link":"https:\/\/gentedebasquet.com.ar\/sitio\/2014\/07\/31\/manu-out\/","title":{"rendered":"Manu, out"},"content":{"rendered":"<p><strong>\u00abAl final no voy a estar en Espa\u00f1a. Lo lamento mucho. No quer\u00eda terminar as\u00ed\u00bb, se\u00f1al\u00f3 Emanuel Gin\u00f3bili en su cuenta de Twitter. Pasadas las 10 de la ma\u00f1ana del viernes 31, a un mes de la Copa del Mundo, se termin\u00f3 la ilusi\u00f3n. \u00abLos jugadores NBA no est\u00e1n autorizados a participar con su selecci\u00f3n nacional cuando exista una preocupaci\u00f3n m\u00e9dica razonable que implique que dicha participaci\u00f3n pueda poner al jugador en riesgo f\u00edsico\u201d, explic\u00f3 la CABB.<\/strong><\/p>\n<p>Manu Gin\u00f3bili no jugar\u00e1 el Mundial de Espa\u00f1a, ya que San Antonio Spurs no lo autoriz\u00f3, aplicando la cl\u00e1usula del acuerdo FIBA\/NBA sobre \u201cLimitaciones y otros requerimientos sobre la participaci\u00f3n de jugadores NBA con sus selecciones nacionales\u201d. El mismo indica: \u201cLos jugadores NBA no est\u00e1n autorizados a participar con su selecci\u00f3n nacional cuando exista una preocupaci\u00f3n m\u00e9dica razonable que implique que dicha participaci\u00f3n pueda poner al jugador en riesgo f\u00edsico\u201d.<\/p>\n<p>&nbsp;<\/p>\n<blockquote class=\"twitter-tweet\" lang=\"es\"><p>Al final no voy a estar en Espa\u00f1a. Lo lamento mucho. No quer\u00eda terminar as\u00ed. Pronto explicar\u00e9 c\u00f3mo fue todo en mi columna en LN.<\/p>\n<p>\u2014 Manu Ginobili (@manuginobili) <a href=\"https:\/\/twitter.com\/manuginobili\/statuses\/494835835112816640\">julio 31, 2014<\/a><\/p><\/blockquote>\n<p>&nbsp;<\/p>\n<blockquote class=\"twitter-tweet\" lang=\"es\"><p>Muy triste por las bajas de <a href=\"https:\/\/twitter.com\/cabezadelfino\">@cabezadelfino<\/a> <a href=\"https:\/\/twitter.com\/manuginobili\">@manuginobili<\/a> y Juan Gutierrez.Nos debilita mucho. Que se recuperen pronto. Los vamos a extra\u00f1ar<\/p>\n<p>\u2014 Pablo Prigioni (@PPrigioni9) <a href=\"https:\/\/twitter.com\/PPrigioni9\/statuses\/494820649593233408\">julio 31, 2014<\/a><\/p><\/blockquote>\n<p>&nbsp;<\/p>\n<blockquote class=\"twitter-tweet\" lang=\"es\"><p>Duelen las bajas de grandes amigos y compa\u00f1eros de equipo. <a href=\"https:\/\/twitter.com\/cabezadelfino\">@cabezadelfino<\/a> <a href=\"https:\/\/twitter.com\/manuginobili\">@manuginobili<\/a> y Juan Guti\u00e9rrez! Suerte y hasta siempre!!!<\/p>\n<p>\u2014 Andr\u00e9s Nocioni (@SoyElChapu) <a href=\"https:\/\/twitter.com\/SoyElChapu\/statuses\/494821231389335553\">julio 31, 2014<\/a><\/p><\/blockquote>\n<p><strong>Fuente:<\/strong> Prensa CABB.<\/p>\n","protected":false},"excerpt":{"rendered":"<p>Finalmente, Gin\u00f3bili no ser\u00e1 parte de la selecci\u00f3n en la Copa del Mundo de Espa\u00f1a<\/p>\n","protected":false},"author":1,"featured_media":35976,"comment_status":"closed","ping_status":"open","sticky":false,"template":"","format":"standard","meta":{"jnews-multi-image_gallery":[],"jnews_single_post":[],"jnews_primary_category":[],"footnotes":""},"categories":[61,101],"tags":[146,128,105,106],"class_list":["post-35975","post","type-post","status-publish","format-standard","has-post-thumbnail","hentry","category-selecciones-nacionales","category-slide","tag-emanuel-ginobili","tag-espana-2014","tag-nba","tag-spurs"],"yoast_head":"<!-- This site is optimized with the Yoast SEO plugin v27.5 - https:\/\/yoast.com\/product\/yoast-seo-wordpress\/ -->\n<title>Manu, out - Gente de B\u00e1squet<\/title>\n<meta name=\"robots\" content=\"index, follow, max-snippet:-1, max-image-preview:large, max-video-preview:-1\" \/>\n<link rel=\"canonical\" href=\"https:\/\/gentedebasquet.com.ar\/sitio\/2014\/07\/31\/manu-out\/\" \/>\n<meta property=\"og:locale\" content=\"es_ES\" \/>\n<meta property=\"og:type\" content=\"article\" \/>\n<meta property=\"og:title\" content=\"Manu, out - Gente de B\u00e1squet\" \/>\n<meta property=\"og:description\" content=\"Finalmente, Gin\u00f3bili no ser\u00e1 parte de la selecci\u00f3n en la Copa del Mundo de Espa\u00f1a\" \/>\n<meta property=\"og:url\" content=\"https:\/\/gentedebasquet.com.ar\/sitio\/2014\/07\/31\/manu-out\/\" \/>\n<meta property=\"og:site_name\" content=\"Gente de B\u00e1squet\" \/>\n<meta property=\"article:published_time\" content=\"2014-07-31T14:13:08+00:00\" \/>\n<meta property=\"og:image\" content=\"https:\/\/gentedebasquet.com.ar\/sitio\/wp-content\/uploads\/2014\/07\/ginonili-out.jpg\" \/>\n\t<meta property=\"og:image:width\" content=\"690\" \/>\n\t<meta property=\"og:image:height\" content=\"319\" \/>\n\t<meta property=\"og:image:type\" content=\"image\/jpeg\" \/>\n<meta name=\"author\" content=\"Gente de B\u00e1squet\" \/>\n<meta name=\"twitter:card\" content=\"summary_large_image\" \/>\n<meta name=\"twitter:label1\" content=\"Escrito por\" \/>\n\t<meta name=\"twitter:data1\" content=\"Gente de B\u00e1squet\" \/>\n\t<meta name=\"twitter:label2\" content=\"Tiempo de lectura\" \/>\n\t<meta name=\"twitter:data2\" content=\"1 minuto\" \/>\n<script type=\"application\/ld+json\" class=\"yoast-schema-graph\">{\"@context\":\"https:\\\/\\\/schema.org\",\"@graph\":[{\"@type\":\"Article\",\"@id\":\"https:\\\/\\\/gentedebasquet.com.ar\\\/sitio\\\/2014\\\/07\\\/31\\\/manu-out\\\/#article\",\"isPartOf\":{\"@id\":\"https:\\\/\\\/gentedebasquet.com.ar\\\/sitio\\\/2014\\\/07\\\/31\\\/manu-out\\\/\"},\"author\":{\"name\":\"Gente de B\u00e1squet\",\"@id\":\"https:\\\/\\\/gentedebasquet.com.ar\\\/sitio\\\/#\\\/schema\\\/person\\\/ca0b63bbb977369988a7bbbdc519943a\"},\"headline\":\"Manu, out\",\"datePublished\":\"2014-07-31T14:13:08+00:00\",\"mainEntityOfPage\":{\"@id\":\"https:\\\/\\\/gentedebasquet.com.ar\\\/sitio\\\/2014\\\/07\\\/31\\\/manu-out\\\/\"},\"wordCount\":261,\"image\":{\"@id\":\"https:\\\/\\\/gentedebasquet.com.ar\\\/sitio\\\/2014\\\/07\\\/31\\\/manu-out\\\/#primaryimage\"},\"thumbnailUrl\":\"https:\\\/\\\/gentedebasquet.com.ar\\\/sitio\\\/wp-content\\\/uploads\\\/2014\\\/07\\\/ginonili-out.jpg\",\"keywords\":[\"Emanuel Gin\u00f3bili\",\"Espa\u00f1a 2014\",\"NBA\",\"Spurs\"],\"articleSection\":[\"Selecciones Nacionales\",\"Slide\"],\"inLanguage\":\"es\"},{\"@type\":\"WebPage\",\"@id\":\"https:\\\/\\\/gentedebasquet.com.ar\\\/sitio\\\/2014\\\/07\\\/31\\\/manu-out\\\/\",\"url\":\"https:\\\/\\\/gentedebasquet.com.ar\\\/sitio\\\/2014\\\/07\\\/31\\\/manu-out\\\/\",\"name\":\"Manu, out - Gente de B\u00e1squet\",\"isPartOf\":{\"@id\":\"https:\\\/\\\/gentedebasquet.com.ar\\\/sitio\\\/#website\"},\"primaryImageOfPage\":{\"@id\":\"https:\\\/\\\/gentedebasquet.com.ar\\\/sitio\\\/2014\\\/07\\\/31\\\/manu-out\\\/#primaryimage\"},\"image\":{\"@id\":\"https:\\\/\\\/gentedebasquet.com.ar\\\/sitio\\\/2014\\\/07\\\/31\\\/manu-out\\\/#primaryimage\"},\"thumbnailUrl\":\"https:\\\/\\\/gentedebasquet.com.ar\\\/sitio\\\/wp-content\\\/uploads\\\/2014\\\/07\\\/ginonili-out.jpg\",\"datePublished\":\"2014-07-31T14:13:08+00:00\",\"author\":{\"@id\":\"https:\\\/\\\/gentedebasquet.com.ar\\\/sitio\\\/#\\\/schema\\\/person\\\/ca0b63bbb977369988a7bbbdc519943a\"},\"breadcrumb\":{\"@id\":\"https:\\\/\\\/gentedebasquet.com.ar\\\/sitio\\\/2014\\\/07\\\/31\\\/manu-out\\\/#breadcrumb\"},\"inLanguage\":\"es\",\"potentialAction\":[{\"@type\":\"ReadAction\",\"target\":[\"https:\\\/\\\/gentedebasquet.com.ar\\\/sitio\\\/2014\\\/07\\\/31\\\/manu-out\\\/\"]}]},{\"@type\":\"ImageObject\",\"inLanguage\":\"es\",\"@id\":\"https:\\\/\\\/gentedebasquet.com.ar\\\/sitio\\\/2014\\\/07\\\/31\\\/manu-out\\\/#primaryimage\",\"url\":\"https:\\\/\\\/gentedebasquet.com.ar\\\/sitio\\\/wp-content\\\/uploads\\\/2014\\\/07\\\/ginonili-out.jpg\",\"contentUrl\":\"https:\\\/\\\/gentedebasquet.com.ar\\\/sitio\\\/wp-content\\\/uploads\\\/2014\\\/07\\\/ginonili-out.jpg\",\"width\":690,\"height\":319},{\"@type\":\"BreadcrumbList\",\"@id\":\"https:\\\/\\\/gentedebasquet.com.ar\\\/sitio\\\/2014\\\/07\\\/31\\\/manu-out\\\/#breadcrumb\",\"itemListElement\":[{\"@type\":\"ListItem\",\"position\":1,\"name\":\"Portada\",\"item\":\"https:\\\/\\\/gentedebasquet.com.ar\\\/sitio\\\/\"},{\"@type\":\"ListItem\",\"position\":2,\"name\":\"Manu, out\"}]},{\"@type\":\"WebSite\",\"@id\":\"https:\\\/\\\/gentedebasquet.com.ar\\\/sitio\\\/#website\",\"url\":\"https:\\\/\\\/gentedebasquet.com.ar\\\/sitio\\\/\",\"name\":\"Gente de B\u00e1squet\",\"description\":\"La revista del basquet de Bah\u00eda Blanca\",\"potentialAction\":[{\"@type\":\"SearchAction\",\"target\":{\"@type\":\"EntryPoint\",\"urlTemplate\":\"https:\\\/\\\/gentedebasquet.com.ar\\\/sitio\\\/?s={search_term_string}\"},\"query-input\":{\"@type\":\"PropertyValueSpecification\",\"valueRequired\":true,\"valueName\":\"search_term_string\"}}],\"inLanguage\":\"es\"},{\"@type\":\"Person\",\"@id\":\"https:\\\/\\\/gentedebasquet.com.ar\\\/sitio\\\/#\\\/schema\\\/person\\\/ca0b63bbb977369988a7bbbdc519943a\",\"name\":\"Gente de B\u00e1squet\",\"image\":{\"@type\":\"ImageObject\",\"inLanguage\":\"es\",\"@id\":\"https:\\\/\\\/secure.gravatar.com\\\/avatar\\\/7f2c48bdc33b30088f941fb6082e555f2874c98e20cb159d7b92b50eadfce793?s=96&d=mm&r=g\",\"url\":\"https:\\\/\\\/secure.gravatar.com\\\/avatar\\\/7f2c48bdc33b30088f941fb6082e555f2874c98e20cb159d7b92b50eadfce793?s=96&d=mm&r=g\",\"contentUrl\":\"https:\\\/\\\/secure.gravatar.com\\\/avatar\\\/7f2c48bdc33b30088f941fb6082e555f2874c98e20cb159d7b92b50eadfce793?s=96&d=mm&r=g\",\"caption\":\"Gente de B\u00e1squet\"},\"sameAs\":[\"http:\\\/\\\/gentedebasquet.com.ar\\\/sitio\"],\"url\":\"https:\\\/\\\/gentedebasquet.com.ar\\\/sitio\\\/author\\\/ulises\\\/\"}]}<\/script>\n<!-- \/ Yoast SEO plugin. -->","yoast_head_json":{"title":"Manu, out - Gente de B\u00e1squet","robots":{"index":"index","follow":"follow","max-snippet":"max-snippet:-1","max-image-preview":"max-image-preview:large","max-video-preview":"max-video-preview:-1"},"canonical":"https:\/\/gentedebasquet.com.ar\/sitio\/2014\/07\/31\/manu-out\/","og_locale":"es_ES","og_type":"article","og_title":"Manu, out - Gente de B\u00e1squet","og_description":"Finalmente, Gin\u00f3bili no ser\u00e1 parte de la selecci\u00f3n en la Copa del Mundo de Espa\u00f1a","og_url":"https:\/\/gentedebasquet.com.ar\/sitio\/2014\/07\/31\/manu-out\/","og_site_name":"Gente de B\u00e1squet","article_published_time":"2014-07-31T14:13:08+00:00","og_image":[{"width":690,"height":319,"url":"https:\/\/gentedebasquet.com.ar\/sitio\/wp-content\/uploads\/2014\/07\/ginonili-out.jpg","type":"image\/jpeg"}],"author":"Gente de B\u00e1squet","twitter_card":"summary_large_image","twitter_misc":{"Escrito por":"Gente de B\u00e1squet","Tiempo de lectura":"1 minuto"},"schema":{"@context":"https:\/\/schema.org","@graph":[{"@type":"Article","@id":"https:\/\/gentedebasquet.com.ar\/sitio\/2014\/07\/31\/manu-out\/#article","isPartOf":{"@id":"https:\/\/gentedebasquet.com.ar\/sitio\/2014\/07\/31\/manu-out\/"},"author":{"name":"Gente de B\u00e1squet","@id":"https:\/\/gentedebasquet.com.ar\/sitio\/#\/schema\/person\/ca0b63bbb977369988a7bbbdc519943a"},"headline":"Manu, out","datePublished":"2014-07-31T14:13:08+00:00","mainEntityOfPage":{"@id":"https:\/\/gentedebasquet.com.ar\/sitio\/2014\/07\/31\/manu-out\/"},"wordCount":261,"image":{"@id":"https:\/\/gentedebasquet.com.ar\/sitio\/2014\/07\/31\/manu-out\/#primaryimage"},"thumbnailUrl":"https:\/\/gentedebasquet.com.ar\/sitio\/wp-content\/uploads\/2014\/07\/ginonili-out.jpg","keywords":["Emanuel Gin\u00f3bili","Espa\u00f1a 2014","NBA","Spurs"],"articleSection":["Selecciones Nacionales","Slide"],"inLanguage":"es"},{"@type":"WebPage","@id":"https:\/\/gentedebasquet.com.ar\/sitio\/2014\/07\/31\/manu-out\/","url":"https:\/\/gentedebasquet.com.ar\/sitio\/2014\/07\/31\/manu-out\/","name":"Manu, out - Gente de B\u00e1squet","isPartOf":{"@id":"https:\/\/gentedebasquet.com.ar\/sitio\/#website"},"primaryImageOfPage":{"@id":"https:\/\/gentedebasquet.com.ar\/sitio\/2014\/07\/31\/manu-out\/#primaryimage"},"image":{"@id":"https:\/\/gentedebasquet.com.ar\/sitio\/2014\/07\/31\/manu-out\/#primaryimage"},"thumbnailUrl":"https:\/\/gentedebasquet.com.ar\/sitio\/wp-content\/uploads\/2014\/07\/ginonili-out.jpg","datePublished":"2014-07-31T14:13:08+00:00","author":{"@id":"https:\/\/gentedebasquet.com.ar\/sitio\/#\/schema\/person\/ca0b63bbb977369988a7bbbdc519943a"},"breadcrumb":{"@id":"https:\/\/gentedebasquet.com.ar\/sitio\/2014\/07\/31\/manu-out\/#breadcrumb"},"inLanguage":"es","potentialAction":[{"@type":"ReadAction","target":["https:\/\/gentedebasquet.com.ar\/sitio\/2014\/07\/31\/manu-out\/"]}]},{"@type":"ImageObject","inLanguage":"es","@id":"https:\/\/gentedebasquet.com.ar\/sitio\/2014\/07\/31\/manu-out\/#primaryimage","url":"https:\/\/gentedebasquet.com.ar\/sitio\/wp-content\/uploads\/2014\/07\/ginonili-out.jpg","contentUrl":"https:\/\/gentedebasquet.com.ar\/sitio\/wp-content\/uploads\/2014\/07\/ginonili-out.jpg","width":690,"height":319},{"@type":"BreadcrumbList","@id":"https:\/\/gentedebasquet.com.ar\/sitio\/2014\/07\/31\/manu-out\/#breadcrumb","itemListElement":[{"@type":"ListItem","position":1,"name":"Portada","item":"https:\/\/gentedebasquet.com.ar\/sitio\/"},{"@type":"ListItem","position":2,"name":"Manu, out"}]},{"@type":"WebSite","@id":"https:\/\/gentedebasquet.com.ar\/sitio\/#website","url":"https:\/\/gentedebasquet.com.ar\/sitio\/","name":"Gente de B\u00e1squet","description":"La revista del basquet de Bah\u00eda Blanca","potentialAction":[{"@type":"SearchAction","target":{"@type":"EntryPoint","urlTemplate":"https:\/\/gentedebasquet.com.ar\/sitio\/?s={search_term_string}"},"query-input":{"@type":"PropertyValueSpecification","valueRequired":true,"valueName":"search_term_string"}}],"inLanguage":"es"},{"@type":"Person","@id":"https:\/\/gentedebasquet.com.ar\/sitio\/#\/schema\/person\/ca0b63bbb977369988a7bbbdc519943a","name":"Gente de B\u00e1squet","image":{"@type":"ImageObject","inLanguage":"es","@id":"https:\/\/secure.gravatar.com\/avatar\/7f2c48bdc33b30088f941fb6082e555f2874c98e20cb159d7b92b50eadfce793?s=96&d=mm&r=g","url":"https:\/\/secure.gravatar.com\/avatar\/7f2c48bdc33b30088f941fb6082e555f2874c98e20cb159d7b92b50eadfce793?s=96&d=mm&r=g","contentUrl":"https:\/\/secure.gravatar.com\/avatar\/7f2c48bdc33b30088f941fb6082e555f2874c98e20cb159d7b92b50eadfce793?s=96&d=mm&r=g","caption":"Gente de B\u00e1squet"},"sameAs":["http:\/\/gentedebasquet.com.ar\/sitio"],"url":"https:\/\/gentedebasquet.com.ar\/sitio\/author\/ulises\/"}]}},"_links":{"self":[{"href":"https:\/\/gentedebasquet.com.ar\/sitio\/wp-json\/wp\/v2\/posts\/35975","targetHints":{"allow":["GET"]}}],"collection":[{"href":"https:\/\/gentedebasquet.com.ar\/sitio\/wp-json\/wp\/v2\/posts"}],"about":[{"href":"https:\/\/gentedebasquet.com.ar\/sitio\/wp-json\/wp\/v2\/types\/post"}],"author":[{"embeddable":true,"href":"https:\/\/gentedebasquet.com.ar\/sitio\/wp-json\/wp\/v2\/users\/1"}],"replies":[{"embeddable":true,"href":"https:\/\/gentedebasquet.com.ar\/sitio\/wp-json\/wp\/v2\/comments?post=35975"}],"version-history":[{"count":0,"href":"https:\/\/gentedebasquet.com.ar\/sitio\/wp-json\/wp\/v2\/posts\/35975\/revisions"}],"wp:featuredmedia":[{"embeddable":true,"href":"https:\/\/gentedebasquet.com.ar\/sitio\/wp-json\/wp\/v2\/media\/35976"}],"wp:attachment":[{"href":"https:\/\/gentedebasquet.com.ar\/sitio\/wp-json\/wp\/v2\/media?parent=35975"}],"wp:term":[{"taxonomy":"category","embeddable":true,"href":"https:\/\/gentedebasquet.com.ar\/sitio\/wp-json\/wp\/v2\/categories?post=35975"},{"taxonomy":"post_tag","embeddable":true,"href":"https:\/\/gentedebasquet.com.ar\/sitio\/wp-json\/wp\/v2\/tags?post=35975"}],"curies":[{"name":"wp","href":"https:\/\/api.w.org\/{rel}","templated":true}]}}