{"id":36043,"date":"2014-08-02T12:25:08","date_gmt":"2014-08-02T15:25:08","guid":{"rendered":"http:\/\/www.gentedebasquet.com.ar\/?p=36043"},"modified":"2014-08-02T12:25:08","modified_gmt":"2014-08-02T15:25:08","slug":"derrota-con-altura","status":"publish","type":"post","link":"https:\/\/gentedebasquet.com.ar\/sitio\/2014\/08\/02\/derrota-con-altura\/","title":{"rendered":"Derrota con altura"},"content":{"rendered":"<p><strong>Argentina <strong>termin\u00f3 perdiendo en R\u00edo de Janeiro con Brasil por 68 a 59, aunque\u00a0<\/strong>mostr\u00f3 una mejor versi\u00f3n que ante Angola, a\u00fan sin Scola y Del\u00eda. Mat\u00edas Bortol\u00edn (14 y 8 rebotes), Facundo Campazzo (17 con 10\/11 TL) y el bahiense Nicol\u00e1s Richotti (6, 2 recobres y 3 robos) aprovecharon el juego de cara al \u00faltimo corte previo a la Copa del Mundo. El pr\u00f3ximo partido ser\u00e1 el viernes, por el\u00a0Tres Naciones de Buenos Aires y tambi\u00e9n ante el elenco de Rub\u00e9n Magnano.<\/strong><\/p>\n<p>&nbsp;<\/p>\n<p><span style=\"text-decoration: underline;\"><em><strong>S\u00edntesis:<\/strong><\/em><\/span><\/p>\n<p><strong>Brasil 68: <\/strong>Alex Garc\u00eda 9 (x), Marcelo Huertas 4, Marquinhos 6, Tiago Splitter 15 y Nen\u00e8 10 (FI); Marcelo Machado 0, Raulzinho 2, Hettsheimeir 2, Larry Taylor 3, Leandrinho 10 y Varej\u00e3o 7. DT: Rub\u00e9n Magnano.<\/p>\n<p><strong>Argentina 59:<\/strong> Pablo Prigioni 11, Marcos Mata 2, Andr\u00e9s Nocioni 0, Leonardo Guti\u00e9rrez 4 y Mat\u00edas Bortol\u00edn 14 (x) (FI); Tayavek Gallizi 4 (x), Nicol\u00e1s Richotti 6, Facundo Campazzo 17 y Walter Hermann 1. DT: Julio Lamas.<\/p>\n<p><strong>Parciales:<\/strong> 20-14, 33-32 (13-18), 49-48 (16-16) y 68-59 (19-11).<\/p>\n<p><strong>\u00c1rbitros:\u00a0<\/strong>Fernando Serpa Oliveira (BRA) &#8211; Fabio Kover (BRA) &#8211;\u00a0Francisco Tandu\u00a0(BRA).<\/p>\n<p><strong>Estadio:<\/strong> Maracanazinho, R\u00edo de Janeiro (Brasil).<\/p>\n<p><a href=\"http:\/\/www.gentedebasquet.com.ar\/wp-content\/uploads\/2014\/08\/Planilla-Brasil-Argentina.jpg\"><img decoding=\"async\" class=\"aligncenter size-full wp-image-36050\" alt=\"Planilla Brasil Argentina\" src=\"http:\/\/www.gentedebasquet.com.ar\/wp-content\/uploads\/2014\/08\/Planilla-Brasil-Argentina.jpg\" width=\"640\" height=\"373\" srcset=\"https:\/\/gentedebasquet.com.ar\/sitio\/wp-content\/uploads\/2014\/08\/Planilla-Brasil-Argentina.jpg 640w, https:\/\/gentedebasquet.com.ar\/sitio\/wp-content\/uploads\/2014\/08\/Planilla-Brasil-Argentina-300x175.jpg 300w\" sizes=\"(max-width: 640px) 100vw, 640px\" \/><\/a><\/p>\n<p style=\"text-align: left;\"><strong>Foto:<\/strong> Inovafoto.<\/p>\n","protected":false},"excerpt":{"rendered":"<p>Argentina dej\u00f3 una buena imagen en la ca\u00edda ante Brasil, en R\u00edo de Janeiro, por 68 a 59<\/p>\n","protected":false},"author":1,"featured_media":36049,"comment_status":"closed","ping_status":"open","sticky":false,"template":"","format":"standard","meta":{"jnews-multi-image_gallery":[],"jnews_single_post":[],"jnews_primary_category":[],"footnotes":""},"categories":[61,101],"tags":[720,123,128,198,848],"class_list":["post-36043","post","type-post","status-publish","format-standard","has-post-thumbnail","hentry","category-selecciones-nacionales","category-slide","tag-argentina","tag-brasil","tag-espana-2014","tag-nicolas-richotti","tag-tres-naciones"],"yoast_head":"<!-- This site is optimized with the Yoast SEO plugin v27.5 - https:\/\/yoast.com\/product\/yoast-seo-wordpress\/ -->\n<title>Derrota con altura - Gente de B\u00e1squet<\/title>\n<meta name=\"robots\" content=\"index, follow, max-snippet:-1, max-image-preview:large, max-video-preview:-1\" \/>\n<link rel=\"canonical\" href=\"http:\/\/gentedebasquet.com.ar\/sitio\/2014\/08\/02\/derrota-con-altura\/\" \/>\n<meta property=\"og:locale\" content=\"es_ES\" \/>\n<meta property=\"og:type\" content=\"article\" \/>\n<meta property=\"og:title\" content=\"Derrota con altura - Gente de B\u00e1squet\" \/>\n<meta property=\"og:description\" content=\"Argentina dej\u00f3 una buena imagen en la ca\u00edda ante Brasil, en R\u00edo de Janeiro, por 68 a 59\" \/>\n<meta property=\"og:url\" content=\"http:\/\/gentedebasquet.com.ar\/sitio\/2014\/08\/02\/derrota-con-altura\/\" \/>\n<meta property=\"og:site_name\" content=\"Gente de B\u00e1squet\" \/>\n<meta property=\"article:published_time\" content=\"2014-08-02T15:25:08+00:00\" \/>\n<meta property=\"og:image\" content=\"http:\/\/gentedebasquet.com.ar\/sitio\/wp-content\/uploads\/2014\/08\/1911_02.19.2014_73054_ef_20140802.jpg\" \/>\n\t<meta property=\"og:image:width\" content=\"690\" \/>\n\t<meta property=\"og:image:height\" content=\"319\" \/>\n\t<meta property=\"og:image:type\" content=\"image\/jpeg\" \/>\n<meta name=\"author\" content=\"Gente de B\u00e1squet\" \/>\n<meta name=\"twitter:card\" content=\"summary_large_image\" \/>\n<meta name=\"twitter:label1\" content=\"Escrito por\" \/>\n\t<meta name=\"twitter:data1\" content=\"Gente de B\u00e1squet\" \/>\n\t<meta name=\"twitter:label2\" content=\"Tiempo de lectura\" \/>\n\t<meta name=\"twitter:data2\" content=\"1 minuto\" \/>\n<script type=\"application\/ld+json\" class=\"yoast-schema-graph\">{\"@context\":\"https:\\\/\\\/schema.org\",\"@graph\":[{\"@type\":\"Article\",\"@id\":\"http:\\\/\\\/gentedebasquet.com.ar\\\/sitio\\\/2014\\\/08\\\/02\\\/derrota-con-altura\\\/#article\",\"isPartOf\":{\"@id\":\"http:\\\/\\\/gentedebasquet.com.ar\\\/sitio\\\/2014\\\/08\\\/02\\\/derrota-con-altura\\\/\"},\"author\":{\"name\":\"Gente de B\u00e1squet\",\"@id\":\"https:\\\/\\\/gentedebasquet.com.ar\\\/sitio\\\/#\\\/schema\\\/person\\\/ca0b63bbb977369988a7bbbdc519943a\"},\"headline\":\"Derrota con altura\",\"datePublished\":\"2014-08-02T15:25:08+00:00\",\"mainEntityOfPage\":{\"@id\":\"http:\\\/\\\/gentedebasquet.com.ar\\\/sitio\\\/2014\\\/08\\\/02\\\/derrota-con-altura\\\/\"},\"wordCount\":181,\"image\":{\"@id\":\"http:\\\/\\\/gentedebasquet.com.ar\\\/sitio\\\/2014\\\/08\\\/02\\\/derrota-con-altura\\\/#primaryimage\"},\"thumbnailUrl\":\"https:\\\/\\\/gentedebasquet.com.ar\\\/sitio\\\/wp-content\\\/uploads\\\/2014\\\/08\\\/1911_02.19.2014_73054_ef_20140802.jpg\",\"keywords\":[\"Argentina\",\"Brasil\",\"Espa\u00f1a 2014\",\"Nicol\u00e1s Richotti\",\"Tres Naciones\"],\"articleSection\":[\"Selecciones Nacionales\",\"Slide\"],\"inLanguage\":\"es\"},{\"@type\":\"WebPage\",\"@id\":\"http:\\\/\\\/gentedebasquet.com.ar\\\/sitio\\\/2014\\\/08\\\/02\\\/derrota-con-altura\\\/\",\"url\":\"http:\\\/\\\/gentedebasquet.com.ar\\\/sitio\\\/2014\\\/08\\\/02\\\/derrota-con-altura\\\/\",\"name\":\"Derrota con altura - Gente de B\u00e1squet\",\"isPartOf\":{\"@id\":\"https:\\\/\\\/gentedebasquet.com.ar\\\/sitio\\\/#website\"},\"primaryImageOfPage\":{\"@id\":\"http:\\\/\\\/gentedebasquet.com.ar\\\/sitio\\\/2014\\\/08\\\/02\\\/derrota-con-altura\\\/#primaryimage\"},\"image\":{\"@id\":\"http:\\\/\\\/gentedebasquet.com.ar\\\/sitio\\\/2014\\\/08\\\/02\\\/derrota-con-altura\\\/#primaryimage\"},\"thumbnailUrl\":\"https:\\\/\\\/gentedebasquet.com.ar\\\/sitio\\\/wp-content\\\/uploads\\\/2014\\\/08\\\/1911_02.19.2014_73054_ef_20140802.jpg\",\"datePublished\":\"2014-08-02T15:25:08+00:00\",\"author\":{\"@id\":\"https:\\\/\\\/gentedebasquet.com.ar\\\/sitio\\\/#\\\/schema\\\/person\\\/ca0b63bbb977369988a7bbbdc519943a\"},\"breadcrumb\":{\"@id\":\"http:\\\/\\\/gentedebasquet.com.ar\\\/sitio\\\/2014\\\/08\\\/02\\\/derrota-con-altura\\\/#breadcrumb\"},\"inLanguage\":\"es\",\"potentialAction\":[{\"@type\":\"ReadAction\",\"target\":[\"http:\\\/\\\/gentedebasquet.com.ar\\\/sitio\\\/2014\\\/08\\\/02\\\/derrota-con-altura\\\/\"]}]},{\"@type\":\"ImageObject\",\"inLanguage\":\"es\",\"@id\":\"http:\\\/\\\/gentedebasquet.com.ar\\\/sitio\\\/2014\\\/08\\\/02\\\/derrota-con-altura\\\/#primaryimage\",\"url\":\"https:\\\/\\\/gentedebasquet.com.ar\\\/sitio\\\/wp-content\\\/uploads\\\/2014\\\/08\\\/1911_02.19.2014_73054_ef_20140802.jpg\",\"contentUrl\":\"https:\\\/\\\/gentedebasquet.com.ar\\\/sitio\\\/wp-content\\\/uploads\\\/2014\\\/08\\\/1911_02.19.2014_73054_ef_20140802.jpg\",\"width\":690,\"height\":319},{\"@type\":\"BreadcrumbList\",\"@id\":\"http:\\\/\\\/gentedebasquet.com.ar\\\/sitio\\\/2014\\\/08\\\/02\\\/derrota-con-altura\\\/#breadcrumb\",\"itemListElement\":[{\"@type\":\"ListItem\",\"position\":1,\"name\":\"Portada\",\"item\":\"https:\\\/\\\/gentedebasquet.com.ar\\\/sitio\\\/\"},{\"@type\":\"ListItem\",\"position\":2,\"name\":\"Derrota con altura\"}]},{\"@type\":\"WebSite\",\"@id\":\"https:\\\/\\\/gentedebasquet.com.ar\\\/sitio\\\/#website\",\"url\":\"https:\\\/\\\/gentedebasquet.com.ar\\\/sitio\\\/\",\"name\":\"Gente de B\u00e1squet\",\"description\":\"La revista del basquet de Bah\u00eda Blanca\",\"potentialAction\":[{\"@type\":\"SearchAction\",\"target\":{\"@type\":\"EntryPoint\",\"urlTemplate\":\"https:\\\/\\\/gentedebasquet.com.ar\\\/sitio\\\/?s={search_term_string}\"},\"query-input\":{\"@type\":\"PropertyValueSpecification\",\"valueRequired\":true,\"valueName\":\"search_term_string\"}}],\"inLanguage\":\"es\"},{\"@type\":\"Person\",\"@id\":\"https:\\\/\\\/gentedebasquet.com.ar\\\/sitio\\\/#\\\/schema\\\/person\\\/ca0b63bbb977369988a7bbbdc519943a\",\"name\":\"Gente de B\u00e1squet\",\"image\":{\"@type\":\"ImageObject\",\"inLanguage\":\"es\",\"@id\":\"https:\\\/\\\/secure.gravatar.com\\\/avatar\\\/7f2c48bdc33b30088f941fb6082e555f2874c98e20cb159d7b92b50eadfce793?s=96&d=mm&r=g\",\"url\":\"https:\\\/\\\/secure.gravatar.com\\\/avatar\\\/7f2c48bdc33b30088f941fb6082e555f2874c98e20cb159d7b92b50eadfce793?s=96&d=mm&r=g\",\"contentUrl\":\"https:\\\/\\\/secure.gravatar.com\\\/avatar\\\/7f2c48bdc33b30088f941fb6082e555f2874c98e20cb159d7b92b50eadfce793?s=96&d=mm&r=g\",\"caption\":\"Gente de B\u00e1squet\"},\"sameAs\":[\"http:\\\/\\\/gentedebasquet.com.ar\\\/sitio\"],\"url\":\"https:\\\/\\\/gentedebasquet.com.ar\\\/sitio\\\/author\\\/ulises\\\/\"}]}<\/script>\n<!-- \/ Yoast SEO plugin. -->","yoast_head_json":{"title":"Derrota con altura - Gente de B\u00e1squet","robots":{"index":"index","follow":"follow","max-snippet":"max-snippet:-1","max-image-preview":"max-image-preview:large","max-video-preview":"max-video-preview:-1"},"canonical":"http:\/\/gentedebasquet.com.ar\/sitio\/2014\/08\/02\/derrota-con-altura\/","og_locale":"es_ES","og_type":"article","og_title":"Derrota con altura - Gente de B\u00e1squet","og_description":"Argentina dej\u00f3 una buena imagen en la ca\u00edda ante Brasil, en R\u00edo de Janeiro, por 68 a 59","og_url":"http:\/\/gentedebasquet.com.ar\/sitio\/2014\/08\/02\/derrota-con-altura\/","og_site_name":"Gente de B\u00e1squet","article_published_time":"2014-08-02T15:25:08+00:00","og_image":[{"width":690,"height":319,"url":"http:\/\/gentedebasquet.com.ar\/sitio\/wp-content\/uploads\/2014\/08\/1911_02.19.2014_73054_ef_20140802.jpg","type":"image\/jpeg"}],"author":"Gente de B\u00e1squet","twitter_card":"summary_large_image","twitter_misc":{"Escrito por":"Gente de B\u00e1squet","Tiempo de lectura":"1 minuto"},"schema":{"@context":"https:\/\/schema.org","@graph":[{"@type":"Article","@id":"http:\/\/gentedebasquet.com.ar\/sitio\/2014\/08\/02\/derrota-con-altura\/#article","isPartOf":{"@id":"http:\/\/gentedebasquet.com.ar\/sitio\/2014\/08\/02\/derrota-con-altura\/"},"author":{"name":"Gente de B\u00e1squet","@id":"https:\/\/gentedebasquet.com.ar\/sitio\/#\/schema\/person\/ca0b63bbb977369988a7bbbdc519943a"},"headline":"Derrota con altura","datePublished":"2014-08-02T15:25:08+00:00","mainEntityOfPage":{"@id":"http:\/\/gentedebasquet.com.ar\/sitio\/2014\/08\/02\/derrota-con-altura\/"},"wordCount":181,"image":{"@id":"http:\/\/gentedebasquet.com.ar\/sitio\/2014\/08\/02\/derrota-con-altura\/#primaryimage"},"thumbnailUrl":"https:\/\/gentedebasquet.com.ar\/sitio\/wp-content\/uploads\/2014\/08\/1911_02.19.2014_73054_ef_20140802.jpg","keywords":["Argentina","Brasil","Espa\u00f1a 2014","Nicol\u00e1s Richotti","Tres Naciones"],"articleSection":["Selecciones Nacionales","Slide"],"inLanguage":"es"},{"@type":"WebPage","@id":"http:\/\/gentedebasquet.com.ar\/sitio\/2014\/08\/02\/derrota-con-altura\/","url":"http:\/\/gentedebasquet.com.ar\/sitio\/2014\/08\/02\/derrota-con-altura\/","name":"Derrota con altura - Gente de B\u00e1squet","isPartOf":{"@id":"https:\/\/gentedebasquet.com.ar\/sitio\/#website"},"primaryImageOfPage":{"@id":"http:\/\/gentedebasquet.com.ar\/sitio\/2014\/08\/02\/derrota-con-altura\/#primaryimage"},"image":{"@id":"http:\/\/gentedebasquet.com.ar\/sitio\/2014\/08\/02\/derrota-con-altura\/#primaryimage"},"thumbnailUrl":"https:\/\/gentedebasquet.com.ar\/sitio\/wp-content\/uploads\/2014\/08\/1911_02.19.2014_73054_ef_20140802.jpg","datePublished":"2014-08-02T15:25:08+00:00","author":{"@id":"https:\/\/gentedebasquet.com.ar\/sitio\/#\/schema\/person\/ca0b63bbb977369988a7bbbdc519943a"},"breadcrumb":{"@id":"http:\/\/gentedebasquet.com.ar\/sitio\/2014\/08\/02\/derrota-con-altura\/#breadcrumb"},"inLanguage":"es","potentialAction":[{"@type":"ReadAction","target":["http:\/\/gentedebasquet.com.ar\/sitio\/2014\/08\/02\/derrota-con-altura\/"]}]},{"@type":"ImageObject","inLanguage":"es","@id":"http:\/\/gentedebasquet.com.ar\/sitio\/2014\/08\/02\/derrota-con-altura\/#primaryimage","url":"https:\/\/gentedebasquet.com.ar\/sitio\/wp-content\/uploads\/2014\/08\/1911_02.19.2014_73054_ef_20140802.jpg","contentUrl":"https:\/\/gentedebasquet.com.ar\/sitio\/wp-content\/uploads\/2014\/08\/1911_02.19.2014_73054_ef_20140802.jpg","width":690,"height":319},{"@type":"BreadcrumbList","@id":"http:\/\/gentedebasquet.com.ar\/sitio\/2014\/08\/02\/derrota-con-altura\/#breadcrumb","itemListElement":[{"@type":"ListItem","position":1,"name":"Portada","item":"https:\/\/gentedebasquet.com.ar\/sitio\/"},{"@type":"ListItem","position":2,"name":"Derrota con altura"}]},{"@type":"WebSite","@id":"https:\/\/gentedebasquet.com.ar\/sitio\/#website","url":"https:\/\/gentedebasquet.com.ar\/sitio\/","name":"Gente de B\u00e1squet","description":"La revista del basquet de Bah\u00eda Blanca","potentialAction":[{"@type":"SearchAction","target":{"@type":"EntryPoint","urlTemplate":"https:\/\/gentedebasquet.com.ar\/sitio\/?s={search_term_string}"},"query-input":{"@type":"PropertyValueSpecification","valueRequired":true,"valueName":"search_term_string"}}],"inLanguage":"es"},{"@type":"Person","@id":"https:\/\/gentedebasquet.com.ar\/sitio\/#\/schema\/person\/ca0b63bbb977369988a7bbbdc519943a","name":"Gente de B\u00e1squet","image":{"@type":"ImageObject","inLanguage":"es","@id":"https:\/\/secure.gravatar.com\/avatar\/7f2c48bdc33b30088f941fb6082e555f2874c98e20cb159d7b92b50eadfce793?s=96&d=mm&r=g","url":"https:\/\/secure.gravatar.com\/avatar\/7f2c48bdc33b30088f941fb6082e555f2874c98e20cb159d7b92b50eadfce793?s=96&d=mm&r=g","contentUrl":"https:\/\/secure.gravatar.com\/avatar\/7f2c48bdc33b30088f941fb6082e555f2874c98e20cb159d7b92b50eadfce793?s=96&d=mm&r=g","caption":"Gente de B\u00e1squet"},"sameAs":["http:\/\/gentedebasquet.com.ar\/sitio"],"url":"https:\/\/gentedebasquet.com.ar\/sitio\/author\/ulises\/"}]}},"_links":{"self":[{"href":"https:\/\/gentedebasquet.com.ar\/sitio\/wp-json\/wp\/v2\/posts\/36043","targetHints":{"allow":["GET"]}}],"collection":[{"href":"https:\/\/gentedebasquet.com.ar\/sitio\/wp-json\/wp\/v2\/posts"}],"about":[{"href":"https:\/\/gentedebasquet.com.ar\/sitio\/wp-json\/wp\/v2\/types\/post"}],"author":[{"embeddable":true,"href":"https:\/\/gentedebasquet.com.ar\/sitio\/wp-json\/wp\/v2\/users\/1"}],"replies":[{"embeddable":true,"href":"https:\/\/gentedebasquet.com.ar\/sitio\/wp-json\/wp\/v2\/comments?post=36043"}],"version-history":[{"count":0,"href":"https:\/\/gentedebasquet.com.ar\/sitio\/wp-json\/wp\/v2\/posts\/36043\/revisions"}],"wp:featuredmedia":[{"embeddable":true,"href":"https:\/\/gentedebasquet.com.ar\/sitio\/wp-json\/wp\/v2\/media\/36049"}],"wp:attachment":[{"href":"https:\/\/gentedebasquet.com.ar\/sitio\/wp-json\/wp\/v2\/media?parent=36043"}],"wp:term":[{"taxonomy":"category","embeddable":true,"href":"https:\/\/gentedebasquet.com.ar\/sitio\/wp-json\/wp\/v2\/categories?post=36043"},{"taxonomy":"post_tag","embeddable":true,"href":"https:\/\/gentedebasquet.com.ar\/sitio\/wp-json\/wp\/v2\/tags?post=36043"}],"curies":[{"name":"wp","href":"https:\/\/api.w.org\/{rel}","templated":true}]}}