{"id":36045,"date":"2014-08-02T11:41:26","date_gmt":"2014-08-02T14:41:26","guid":{"rendered":"http:\/\/www.gentedebasquet.com.ar\/?p=36045"},"modified":"2014-08-02T11:41:26","modified_gmt":"2014-08-02T14:41:26","slug":"reaparecio-el-dolor","status":"publish","type":"post","link":"https:\/\/gentedebasquet.com.ar\/sitio\/2014\/08\/02\/reaparecio-el-dolor\/","title":{"rendered":"\u00abReapareci\u00f3 el dolor\u00bb"},"content":{"rendered":"<p><strong>Tal como hab\u00eda anticipado, Emanuel Gin\u00f3bili revel\u00f3 por medio de su habitual columna en el diario La Naci\u00f3n, los motivos que lo llevaron a tomar la decisi\u00f3n de no jugar la Copa del Mundo de Espa\u00f1a. \u00abPara que se sellara bien el hueso y no quedaran dudas, yo hab\u00eda estado 42 d\u00edas sin poder entrenarme como es habitual. Y eso me hizo llegar a la concentraci\u00f3n en un estado f\u00edsico penoso\u00bb. Luego, \u00abcomenc\u00e9 los trabajos f\u00edsicos y empezaron a surgir varios dolores&#8230;\u00bb.<\/strong><\/p>\n<p>Compartimos, textual, la nota de Manu:<\/p>\n<p><em>Hace unos meses, despu\u00e9s de ganar el campeonato de la NBA con San Antonio, publiqu\u00e9 un tuit diciendo \u00abEstoy adentro\u00bb, refiri\u00e9ndome al mundial que viene, en Espa\u00f1a. La verdad es que termin\u00e9 el torneo en bastante buen estado, estaba euf\u00f3rico y quer\u00eda estar con los chicos una \u00faltima vez. Nunca imagin\u00e9 lo que estaba por venir. Despu\u00e9s de ese anuncio, en la revisaci\u00f3n m\u00e9dica habitual de salida, una resonancia magn\u00e9tica casi de rutina hizo sospechar sobre la presencia de una fractura por estr\u00e9s en el peron\u00e9, y unos d\u00edas m\u00e1s tarde, a mi regreso de vacaciones, una tomograf\u00eda computada lo confirm\u00f3.<\/em><\/p>\n<p><em>Ah\u00ed se complic\u00f3 todo.<\/em><\/p>\n<p><em>Los Spurs me pidieron autom\u00e1ticamente que no jugara el Mundial, pero no le di mayor importancia. Entend\u00ed claramente su l\u00f3gica preocupaci\u00f3n pero no coincid\u00ed en principio con los plazos de recuperaci\u00f3n que los m\u00e9dicos de la franquicia aconsejaban en su informe. Busqu\u00e9 segundas opiniones calificadas en el tema que me dieron a entender que la fractura era peque\u00f1a y que cuarenta d\u00edas desde el \u00faltimo partido contra los Heat hasta el primer d\u00eda de concentraci\u00f3n en Buenos Aires eran m\u00e1s que suficientes para curar totalmente.<\/em><\/p>\n<p><em>Como es ya sabido, y de acuerdo a lo que hab\u00eda convenido con los Spurs, el 25 de julio me hice una nueva resonancia magn\u00e9tica y otra tomograf\u00eda computada para ver el progreso en la zona de la lesi\u00f3n, y los m\u00e9dicos locales me transmitieron optimismo y buenas noticias. Pintaba bien por el momento, pero faltaba la palabra de la franquicia tras evaluar estos nuevos informes.<\/em><\/p>\n<p><em>Hay un art\u00edculo en el acuerdo NBA\/FIBA sobre la participaci\u00f3n de jugadores en sus equipos nacionales que dice: \u00abLos jugadores no est\u00e1n autorizados a participar con un equipo nacional en entrenamientos o competencias cuando existe una razonable preocupaci\u00f3n m\u00e9dica sobre que esa participaci\u00f3n pondr\u00e1 al jugador en sustancial riesgo de lesi\u00f3n, enfermedad u otro da\u00f1o\u00bb.<\/em><\/p>\n<p><em>Esta cl\u00e1usula me complicaba, porque ya ten\u00edan el poder legal para prohibirme jugar el Mundial.<\/em><\/p>\n<p><em>La respuesta no fue la esperada. Dijeron que dadas las im\u00e1genes recibidas, no estaban en condiciones de asegurarse que la lesi\u00f3n estuviera curada y que por ende segu\u00eda existiendo la \u00abpreocupaci\u00f3n razonable\u00bb. Por lo tanto, segu\u00edan prohibi\u00e9ndome jugar.<\/em><\/p>\n<p><em>Hasta ac\u00e1, el relato cronol\u00f3gico de lo sucedido.<\/em><\/p>\n<p><em>Yo creo que ten\u00eda s\u00f3lo una carta para jugar en esta situaci\u00f3n, que era ignorar el pedido de San Antonio y buscar una suerte de mediaci\u00f3n con un doctor asignado por FIBA para que definiera si dicha \u00abpreocupaci\u00f3n\u00bb era razonable o no, algo subjetivo, por cierto.<\/em><\/p>\n<p><em>Era lo l\u00f3gico. Aunque pudiera generarme alg\u00fan problema a posteriori con San Antonio era la \u00fanica chance. Pero ac\u00e1 entra en juego otra situaci\u00f3n m\u00e1s delicada para m\u00ed y definitiva para todo este tema. Para que se sellara bien el hueso y no quedaran dudas, yo hab\u00eda estado 42 d\u00edas sin poder entrenarme como es habitual, sin poder saltar ni correr, para no poner estr\u00e9s en el peron\u00e9. Y eso me hizo llegar a la concentraci\u00f3n en un estado f\u00edsico penoso. Cuando uno tiene 37 a\u00f1os, no es f\u00e1cil volver y empezar como si nada, por eso tratamos de acelerar un poco la puesta a punto una vez mandados los estudios. Comenc\u00e9 los trabajos f\u00edsicos en la pileta aceptablemente, pero ya cuando pas\u00e9 a la cinta empezaron a surgir varios dolores, sobre todo en el tobillo derecho y el pie izquierdo. Hice mucho tratamiento y mucha elongaci\u00f3n y de a poquito parec\u00eda que aflojaban, pero cuando este mi\u00e9rcoles empec\u00e9 a forzar mas, a correr y tirar en el parquet, al finalizar la sesi\u00f3n de entrenamiento reapareci\u00f3 el dolor en el mismo lugar del peron\u00e9 de la fractura original. Eso b\u00e1sicamente le dio el golpe de gracia a las expectativas que ten\u00eda de armar alg\u00fan tipo de plan para llegar a jugar en Espa\u00f1a, ya que pedir la mediaci\u00f3n de FIBA quedaba sin sentido dado que evidentemente la lesi\u00f3n no est\u00e1 del todo curada.<\/em><\/p>\n<p><em>Lamento mucho las malas noticias. Estoy triste y desilusionado. Quer\u00eda despedirme de la selecci\u00f3n en la cancha y con mis amigos, pero no podr\u00e1 ser. Estar\u00e9 junto al equipo el mayor tiempo posible, tratando de sumar desde afuera y apoy\u00e1ndolo en todo momento, como seguramente lo har\u00e1n ustedes, tanto en los partidos de preparaci\u00f3n en Tecn\u00f3polis y Bah\u00eda Blanca como por televisi\u00f3n durante el campeonato.<\/em><\/p>\n<p><strong>Fuente:<\/strong> La Naci\u00f3n.<\/p>\n","protected":false},"excerpt":{"rendered":"<p>\u00abEso le dio el golpe de gracia a las expectativas que ten\u00eda de ir a Espa\u00f1a\u00bb, dijo Manu.<\/p>\n","protected":false},"author":1,"featured_media":36046,"comment_status":"closed","ping_status":"open","sticky":false,"template":"","format":"standard","meta":{"jnews-multi-image_gallery":[],"jnews_single_post":[],"jnews_primary_category":[],"footnotes":""},"categories":[61,101],"tags":[720,146,128,105,106],"class_list":["post-36045","post","type-post","status-publish","format-standard","has-post-thumbnail","hentry","category-selecciones-nacionales","category-slide","tag-argentina","tag-emanuel-ginobili","tag-espana-2014","tag-nba","tag-spurs"],"yoast_head":"<!-- This site is optimized with the Yoast SEO plugin v27.5 - https:\/\/yoast.com\/product\/yoast-seo-wordpress\/ -->\n<title>&quot;Reapareci\u00f3 el dolor&quot; - Gente de B\u00e1squet<\/title>\n<meta name=\"robots\" content=\"index, follow, max-snippet:-1, max-image-preview:large, max-video-preview:-1\" \/>\n<link rel=\"canonical\" href=\"http:\/\/gentedebasquet.com.ar\/sitio\/2014\/08\/02\/reaparecio-el-dolor\/\" \/>\n<meta property=\"og:locale\" content=\"es_ES\" \/>\n<meta property=\"og:type\" content=\"article\" \/>\n<meta property=\"og:title\" content=\"&quot;Reapareci\u00f3 el dolor&quot; - Gente de B\u00e1squet\" \/>\n<meta property=\"og:description\" content=\"&quot;Eso le dio el golpe de gracia a las expectativas que ten\u00eda de ir a Espa\u00f1a&quot;, dijo Manu.\" \/>\n<meta property=\"og:url\" content=\"http:\/\/gentedebasquet.com.ar\/sitio\/2014\/08\/02\/reaparecio-el-dolor\/\" \/>\n<meta property=\"og:site_name\" content=\"Gente de B\u00e1squet\" \/>\n<meta property=\"article:published_time\" content=\"2014-08-02T14:41:26+00:00\" \/>\n<meta property=\"og:image\" content=\"http:\/\/gentedebasquet.com.ar\/sitio\/wp-content\/uploads\/2014\/08\/manu-no-2.jpg\" \/>\n\t<meta property=\"og:image:width\" content=\"690\" \/>\n\t<meta property=\"og:image:height\" content=\"319\" \/>\n\t<meta property=\"og:image:type\" content=\"image\/jpeg\" \/>\n<meta name=\"author\" content=\"Gente de B\u00e1squet\" \/>\n<meta name=\"twitter:card\" content=\"summary_large_image\" \/>\n<meta name=\"twitter:label1\" content=\"Escrito por\" \/>\n\t<meta name=\"twitter:data1\" content=\"Gente de B\u00e1squet\" \/>\n\t<meta name=\"twitter:label2\" content=\"Tiempo de lectura\" \/>\n\t<meta name=\"twitter:data2\" content=\"4 minutos\" \/>\n<script type=\"application\/ld+json\" class=\"yoast-schema-graph\">{\"@context\":\"https:\\\/\\\/schema.org\",\"@graph\":[{\"@type\":\"Article\",\"@id\":\"http:\\\/\\\/gentedebasquet.com.ar\\\/sitio\\\/2014\\\/08\\\/02\\\/reaparecio-el-dolor\\\/#article\",\"isPartOf\":{\"@id\":\"http:\\\/\\\/gentedebasquet.com.ar\\\/sitio\\\/2014\\\/08\\\/02\\\/reaparecio-el-dolor\\\/\"},\"author\":{\"name\":\"Gente de B\u00e1squet\",\"@id\":\"https:\\\/\\\/gentedebasquet.com.ar\\\/sitio\\\/#\\\/schema\\\/person\\\/ca0b63bbb977369988a7bbbdc519943a\"},\"headline\":\"\u00abReapareci\u00f3 el dolor\u00bb\",\"datePublished\":\"2014-08-02T14:41:26+00:00\",\"mainEntityOfPage\":{\"@id\":\"http:\\\/\\\/gentedebasquet.com.ar\\\/sitio\\\/2014\\\/08\\\/02\\\/reaparecio-el-dolor\\\/\"},\"wordCount\":898,\"image\":{\"@id\":\"http:\\\/\\\/gentedebasquet.com.ar\\\/sitio\\\/2014\\\/08\\\/02\\\/reaparecio-el-dolor\\\/#primaryimage\"},\"thumbnailUrl\":\"https:\\\/\\\/gentedebasquet.com.ar\\\/sitio\\\/wp-content\\\/uploads\\\/2014\\\/08\\\/manu-no-2.jpg\",\"keywords\":[\"Argentina\",\"Emanuel Gin\u00f3bili\",\"Espa\u00f1a 2014\",\"NBA\",\"Spurs\"],\"articleSection\":[\"Selecciones Nacionales\",\"Slide\"],\"inLanguage\":\"es\"},{\"@type\":\"WebPage\",\"@id\":\"http:\\\/\\\/gentedebasquet.com.ar\\\/sitio\\\/2014\\\/08\\\/02\\\/reaparecio-el-dolor\\\/\",\"url\":\"http:\\\/\\\/gentedebasquet.com.ar\\\/sitio\\\/2014\\\/08\\\/02\\\/reaparecio-el-dolor\\\/\",\"name\":\"\\\"Reapareci\u00f3 el dolor\\\" - Gente de B\u00e1squet\",\"isPartOf\":{\"@id\":\"https:\\\/\\\/gentedebasquet.com.ar\\\/sitio\\\/#website\"},\"primaryImageOfPage\":{\"@id\":\"http:\\\/\\\/gentedebasquet.com.ar\\\/sitio\\\/2014\\\/08\\\/02\\\/reaparecio-el-dolor\\\/#primaryimage\"},\"image\":{\"@id\":\"http:\\\/\\\/gentedebasquet.com.ar\\\/sitio\\\/2014\\\/08\\\/02\\\/reaparecio-el-dolor\\\/#primaryimage\"},\"thumbnailUrl\":\"https:\\\/\\\/gentedebasquet.com.ar\\\/sitio\\\/wp-content\\\/uploads\\\/2014\\\/08\\\/manu-no-2.jpg\",\"datePublished\":\"2014-08-02T14:41:26+00:00\",\"author\":{\"@id\":\"https:\\\/\\\/gentedebasquet.com.ar\\\/sitio\\\/#\\\/schema\\\/person\\\/ca0b63bbb977369988a7bbbdc519943a\"},\"breadcrumb\":{\"@id\":\"http:\\\/\\\/gentedebasquet.com.ar\\\/sitio\\\/2014\\\/08\\\/02\\\/reaparecio-el-dolor\\\/#breadcrumb\"},\"inLanguage\":\"es\",\"potentialAction\":[{\"@type\":\"ReadAction\",\"target\":[\"http:\\\/\\\/gentedebasquet.com.ar\\\/sitio\\\/2014\\\/08\\\/02\\\/reaparecio-el-dolor\\\/\"]}]},{\"@type\":\"ImageObject\",\"inLanguage\":\"es\",\"@id\":\"http:\\\/\\\/gentedebasquet.com.ar\\\/sitio\\\/2014\\\/08\\\/02\\\/reaparecio-el-dolor\\\/#primaryimage\",\"url\":\"https:\\\/\\\/gentedebasquet.com.ar\\\/sitio\\\/wp-content\\\/uploads\\\/2014\\\/08\\\/manu-no-2.jpg\",\"contentUrl\":\"https:\\\/\\\/gentedebasquet.com.ar\\\/sitio\\\/wp-content\\\/uploads\\\/2014\\\/08\\\/manu-no-2.jpg\",\"width\":690,\"height\":319},{\"@type\":\"BreadcrumbList\",\"@id\":\"http:\\\/\\\/gentedebasquet.com.ar\\\/sitio\\\/2014\\\/08\\\/02\\\/reaparecio-el-dolor\\\/#breadcrumb\",\"itemListElement\":[{\"@type\":\"ListItem\",\"position\":1,\"name\":\"Portada\",\"item\":\"https:\\\/\\\/gentedebasquet.com.ar\\\/sitio\\\/\"},{\"@type\":\"ListItem\",\"position\":2,\"name\":\"\u00abReapareci\u00f3 el dolor\u00bb\"}]},{\"@type\":\"WebSite\",\"@id\":\"https:\\\/\\\/gentedebasquet.com.ar\\\/sitio\\\/#website\",\"url\":\"https:\\\/\\\/gentedebasquet.com.ar\\\/sitio\\\/\",\"name\":\"Gente de B\u00e1squet\",\"description\":\"La revista del basquet de Bah\u00eda Blanca\",\"potentialAction\":[{\"@type\":\"SearchAction\",\"target\":{\"@type\":\"EntryPoint\",\"urlTemplate\":\"https:\\\/\\\/gentedebasquet.com.ar\\\/sitio\\\/?s={search_term_string}\"},\"query-input\":{\"@type\":\"PropertyValueSpecification\",\"valueRequired\":true,\"valueName\":\"search_term_string\"}}],\"inLanguage\":\"es\"},{\"@type\":\"Person\",\"@id\":\"https:\\\/\\\/gentedebasquet.com.ar\\\/sitio\\\/#\\\/schema\\\/person\\\/ca0b63bbb977369988a7bbbdc519943a\",\"name\":\"Gente de B\u00e1squet\",\"image\":{\"@type\":\"ImageObject\",\"inLanguage\":\"es\",\"@id\":\"https:\\\/\\\/secure.gravatar.com\\\/avatar\\\/7f2c48bdc33b30088f941fb6082e555f2874c98e20cb159d7b92b50eadfce793?s=96&d=mm&r=g\",\"url\":\"https:\\\/\\\/secure.gravatar.com\\\/avatar\\\/7f2c48bdc33b30088f941fb6082e555f2874c98e20cb159d7b92b50eadfce793?s=96&d=mm&r=g\",\"contentUrl\":\"https:\\\/\\\/secure.gravatar.com\\\/avatar\\\/7f2c48bdc33b30088f941fb6082e555f2874c98e20cb159d7b92b50eadfce793?s=96&d=mm&r=g\",\"caption\":\"Gente de B\u00e1squet\"},\"sameAs\":[\"http:\\\/\\\/gentedebasquet.com.ar\\\/sitio\"],\"url\":\"https:\\\/\\\/gentedebasquet.com.ar\\\/sitio\\\/author\\\/ulises\\\/\"}]}<\/script>\n<!-- \/ Yoast SEO plugin. -->","yoast_head_json":{"title":"\"Reapareci\u00f3 el dolor\" - Gente de B\u00e1squet","robots":{"index":"index","follow":"follow","max-snippet":"max-snippet:-1","max-image-preview":"max-image-preview:large","max-video-preview":"max-video-preview:-1"},"canonical":"http:\/\/gentedebasquet.com.ar\/sitio\/2014\/08\/02\/reaparecio-el-dolor\/","og_locale":"es_ES","og_type":"article","og_title":"\"Reapareci\u00f3 el dolor\" - Gente de B\u00e1squet","og_description":"\"Eso le dio el golpe de gracia a las expectativas que ten\u00eda de ir a Espa\u00f1a\", dijo Manu.","og_url":"http:\/\/gentedebasquet.com.ar\/sitio\/2014\/08\/02\/reaparecio-el-dolor\/","og_site_name":"Gente de B\u00e1squet","article_published_time":"2014-08-02T14:41:26+00:00","og_image":[{"width":690,"height":319,"url":"http:\/\/gentedebasquet.com.ar\/sitio\/wp-content\/uploads\/2014\/08\/manu-no-2.jpg","type":"image\/jpeg"}],"author":"Gente de B\u00e1squet","twitter_card":"summary_large_image","twitter_misc":{"Escrito por":"Gente de B\u00e1squet","Tiempo de lectura":"4 minutos"},"schema":{"@context":"https:\/\/schema.org","@graph":[{"@type":"Article","@id":"http:\/\/gentedebasquet.com.ar\/sitio\/2014\/08\/02\/reaparecio-el-dolor\/#article","isPartOf":{"@id":"http:\/\/gentedebasquet.com.ar\/sitio\/2014\/08\/02\/reaparecio-el-dolor\/"},"author":{"name":"Gente de B\u00e1squet","@id":"https:\/\/gentedebasquet.com.ar\/sitio\/#\/schema\/person\/ca0b63bbb977369988a7bbbdc519943a"},"headline":"\u00abReapareci\u00f3 el dolor\u00bb","datePublished":"2014-08-02T14:41:26+00:00","mainEntityOfPage":{"@id":"http:\/\/gentedebasquet.com.ar\/sitio\/2014\/08\/02\/reaparecio-el-dolor\/"},"wordCount":898,"image":{"@id":"http:\/\/gentedebasquet.com.ar\/sitio\/2014\/08\/02\/reaparecio-el-dolor\/#primaryimage"},"thumbnailUrl":"https:\/\/gentedebasquet.com.ar\/sitio\/wp-content\/uploads\/2014\/08\/manu-no-2.jpg","keywords":["Argentina","Emanuel Gin\u00f3bili","Espa\u00f1a 2014","NBA","Spurs"],"articleSection":["Selecciones Nacionales","Slide"],"inLanguage":"es"},{"@type":"WebPage","@id":"http:\/\/gentedebasquet.com.ar\/sitio\/2014\/08\/02\/reaparecio-el-dolor\/","url":"http:\/\/gentedebasquet.com.ar\/sitio\/2014\/08\/02\/reaparecio-el-dolor\/","name":"\"Reapareci\u00f3 el dolor\" - Gente de B\u00e1squet","isPartOf":{"@id":"https:\/\/gentedebasquet.com.ar\/sitio\/#website"},"primaryImageOfPage":{"@id":"http:\/\/gentedebasquet.com.ar\/sitio\/2014\/08\/02\/reaparecio-el-dolor\/#primaryimage"},"image":{"@id":"http:\/\/gentedebasquet.com.ar\/sitio\/2014\/08\/02\/reaparecio-el-dolor\/#primaryimage"},"thumbnailUrl":"https:\/\/gentedebasquet.com.ar\/sitio\/wp-content\/uploads\/2014\/08\/manu-no-2.jpg","datePublished":"2014-08-02T14:41:26+00:00","author":{"@id":"https:\/\/gentedebasquet.com.ar\/sitio\/#\/schema\/person\/ca0b63bbb977369988a7bbbdc519943a"},"breadcrumb":{"@id":"http:\/\/gentedebasquet.com.ar\/sitio\/2014\/08\/02\/reaparecio-el-dolor\/#breadcrumb"},"inLanguage":"es","potentialAction":[{"@type":"ReadAction","target":["http:\/\/gentedebasquet.com.ar\/sitio\/2014\/08\/02\/reaparecio-el-dolor\/"]}]},{"@type":"ImageObject","inLanguage":"es","@id":"http:\/\/gentedebasquet.com.ar\/sitio\/2014\/08\/02\/reaparecio-el-dolor\/#primaryimage","url":"https:\/\/gentedebasquet.com.ar\/sitio\/wp-content\/uploads\/2014\/08\/manu-no-2.jpg","contentUrl":"https:\/\/gentedebasquet.com.ar\/sitio\/wp-content\/uploads\/2014\/08\/manu-no-2.jpg","width":690,"height":319},{"@type":"BreadcrumbList","@id":"http:\/\/gentedebasquet.com.ar\/sitio\/2014\/08\/02\/reaparecio-el-dolor\/#breadcrumb","itemListElement":[{"@type":"ListItem","position":1,"name":"Portada","item":"https:\/\/gentedebasquet.com.ar\/sitio\/"},{"@type":"ListItem","position":2,"name":"\u00abReapareci\u00f3 el dolor\u00bb"}]},{"@type":"WebSite","@id":"https:\/\/gentedebasquet.com.ar\/sitio\/#website","url":"https:\/\/gentedebasquet.com.ar\/sitio\/","name":"Gente de B\u00e1squet","description":"La revista del basquet de Bah\u00eda Blanca","potentialAction":[{"@type":"SearchAction","target":{"@type":"EntryPoint","urlTemplate":"https:\/\/gentedebasquet.com.ar\/sitio\/?s={search_term_string}"},"query-input":{"@type":"PropertyValueSpecification","valueRequired":true,"valueName":"search_term_string"}}],"inLanguage":"es"},{"@type":"Person","@id":"https:\/\/gentedebasquet.com.ar\/sitio\/#\/schema\/person\/ca0b63bbb977369988a7bbbdc519943a","name":"Gente de B\u00e1squet","image":{"@type":"ImageObject","inLanguage":"es","@id":"https:\/\/secure.gravatar.com\/avatar\/7f2c48bdc33b30088f941fb6082e555f2874c98e20cb159d7b92b50eadfce793?s=96&d=mm&r=g","url":"https:\/\/secure.gravatar.com\/avatar\/7f2c48bdc33b30088f941fb6082e555f2874c98e20cb159d7b92b50eadfce793?s=96&d=mm&r=g","contentUrl":"https:\/\/secure.gravatar.com\/avatar\/7f2c48bdc33b30088f941fb6082e555f2874c98e20cb159d7b92b50eadfce793?s=96&d=mm&r=g","caption":"Gente de B\u00e1squet"},"sameAs":["http:\/\/gentedebasquet.com.ar\/sitio"],"url":"https:\/\/gentedebasquet.com.ar\/sitio\/author\/ulises\/"}]}},"_links":{"self":[{"href":"https:\/\/gentedebasquet.com.ar\/sitio\/wp-json\/wp\/v2\/posts\/36045","targetHints":{"allow":["GET"]}}],"collection":[{"href":"https:\/\/gentedebasquet.com.ar\/sitio\/wp-json\/wp\/v2\/posts"}],"about":[{"href":"https:\/\/gentedebasquet.com.ar\/sitio\/wp-json\/wp\/v2\/types\/post"}],"author":[{"embeddable":true,"href":"https:\/\/gentedebasquet.com.ar\/sitio\/wp-json\/wp\/v2\/users\/1"}],"replies":[{"embeddable":true,"href":"https:\/\/gentedebasquet.com.ar\/sitio\/wp-json\/wp\/v2\/comments?post=36045"}],"version-history":[{"count":0,"href":"https:\/\/gentedebasquet.com.ar\/sitio\/wp-json\/wp\/v2\/posts\/36045\/revisions"}],"wp:featuredmedia":[{"embeddable":true,"href":"https:\/\/gentedebasquet.com.ar\/sitio\/wp-json\/wp\/v2\/media\/36046"}],"wp:attachment":[{"href":"https:\/\/gentedebasquet.com.ar\/sitio\/wp-json\/wp\/v2\/media?parent=36045"}],"wp:term":[{"taxonomy":"category","embeddable":true,"href":"https:\/\/gentedebasquet.com.ar\/sitio\/wp-json\/wp\/v2\/categories?post=36045"},{"taxonomy":"post_tag","embeddable":true,"href":"https:\/\/gentedebasquet.com.ar\/sitio\/wp-json\/wp\/v2\/tags?post=36045"}],"curies":[{"name":"wp","href":"https:\/\/api.w.org\/{rel}","templated":true}]}}