{"id":36058,"date":"2014-08-02T23:10:50","date_gmt":"2014-08-03T02:10:50","guid":{"rendered":"http:\/\/www.gentedebasquet.com.ar\/?p=36058"},"modified":"2014-08-02T23:10:50","modified_gmt":"2014-08-03T02:10:50","slug":"no-pudo-ser","status":"publish","type":"post","link":"https:\/\/gentedebasquet.com.ar\/sitio\/2014\/08\/02\/no-pudo-ser\/","title":{"rendered":"No pudo ser"},"content":{"rendered":"<p><strong>Independiente cay\u00f3 en el Hermanos Barral ante V\u00e9lez Sarsfield 100 a 35, por la sexta fecha de la Fase Regional del Torneo Federal Femenino. \u00a0El Fort\u00edn, que cont\u00f3 con una clara ventaja en cuanto a envergadura f\u00edsica por sobre el Viola, impuso su juego interno para marcar diferencia en el marcador. \u00a0En la visita, cinco jugadoras terminaron marcando mas de 10 puntos (Pavicich, David, Emilia Garc\u00eda Le\u00f3n, Scevola y Aispur\u00faa). \u00a0Mientras que en el equipo de Viviana Albizu, Bel\u00e9n Tombesi fue la destacada con 10 puntos y 11 rebotes. \u00a0<\/strong><\/p>\n<p>Desde el comienzo del encuentro, Independiente se mostr\u00f3 impreciso en la transici\u00f3n ofensiva. \u00a0Esto le provoc\u00f3 perder tres balones en menos de dos minutos, otorgando ventajas importantes a la visita. \u00a0Melisa Pavicich \u00a0se rob\u00f3 el per\u00edodo con su producci\u00f3n ofensiva (12, 6-11 en tiros de campo), siendo por momentos intratable para la defensa del local. \u00a0El conjunto de Viviana Albizu se apoy\u00f3 en Nadia Vrizz (6) en ataque, ante la imposibilidad de poder generar juego en el poste. \u00a0Al cierre del segmento, la diferencia ya era abultada (10-32) en favor del Fort\u00edn.<\/p>\n<p>El desarrollo del 2C fue similar al del primero. \u00a0Gabriel Gusso dio minutos a la segunda rotaci\u00f3n de su equipo, en donde se destacaron Emilia Garc\u00eda Le\u00f3n (6, perfecta en tiros de campo) y Natasha David (8) manteniendo la superioridad en la pintura. \u00a0Independiente se mantuvo a una distancia considerable en el marcador, gracias al aporte de Bel\u00e9n Tombesi (4) y Daniela De Mori, con dos bombas desde larga distancia. \u00a0Al cierre de la primera mitad, el conjunto de Liniers lideraba en el marcador por 21 (54-23).<\/p>\n<p>Las chicas de Albizu salieron a marcar zona al 3C para intentar cortar el goleo en el poste bajo. \u00a0La movida no result\u00f3 exitosa, puesto que el Fort\u00edn continu\u00f3 con su trabajo en la zona pintada. \u00a0Adem\u00e1s, Independiente sufri\u00f3 un duro per\u00edodo, marcando tan solo dos unidades en el parcial de la mano de Tombesi. \u00a0Al cierre, la diferencia ya era insostenible para el Viola (72-25).<\/p>\n<p>Si bien el \u00faltimo cuarto ya era meramente anecd\u00f3tico, Independiente recompuso su imagen con respecto al per\u00edodo anterior. \u00a0De Mori y Tombesi volvieron a anotar, y Sol Sosa pudo contribuir con 4 unidades luego de una tarde dif\u00edcil en efectividad. V\u00e9lez tuvo otro per\u00edodo de buena anotaci\u00f3n (28), de los cuales 10 vinieron de la mano de Sof\u00eda Aispur\u00faa. \u00a0Este domingo, Independiente recibir\u00e1 a partir de las 16 a Deportivo Berazategui.<\/p>\n<p>&nbsp;<\/p>\n<p><span style=\"text-decoration: underline;\"><em><strong>S\u00edntesis:<\/strong><\/em><\/span><\/p>\n<p><strong>Independiente 35:\u00a0<\/strong>Sof\u00eda Bailetti 2,<strong>\u00a0<\/strong>Josefina Calvento 2, Nadia Vrizz 8,\u00a0Bel\u00e9n Tombesi 10 y Sol Sosa 4 (FI); Daniela De Mori 8, Mariannella Leal 1, Vanina Rodr\u00edguez 0, Soledad Vidarrueta 0, Roc\u00edo Garc\u00eda 0 y Valentina Pel\u00e1ez 0. \u00a0DT: Viviana Albizu.<\/p>\n<p><strong>V\u00e9lez S\u00e1rsfield 100: <\/strong>Sandra Pav\u00f3n 6,\u00a0Macarena Durso 2, Macarena Rosset 2, Melisa Pavicich 14, Natasha David 10 (FI); Macarena Jer\u00e9z Pilotti 0, Zulema Garc\u00eda Le\u00f3n 6, Alejandra Alonso 9, Emilia Garc\u00eda Le\u00f3n 14, Micaela Gonz\u00e1lez 5, Sabrina Scevola 14 y Sof\u00eda Aispur\u00faa 12. \u00a0DT: Gabriel Gusso.<\/p>\n<p><strong>Parciales:\u00a0<\/strong>10-32, 23-54 (13-22), 25-72 (2-18), 35-100 (10-28).<\/p>\n<p><strong>\u00c1rbitros:\u00a0<\/strong>Emanuel S\u00e1nchez (Bah\u00eda Blanca) &#8211; Alejandro Go\u00f1i (Bah\u00eda Blanca).<\/p>\n<p><strong>Estadio:\u00a0<\/strong>R\u00e1ul y Nestor Barral (Independiente).<\/p>\n<p><a href=\"http:\/\/www.fibalivestats.com\/matches\/44277\/12\/33\/97\/32EgO7v9NVAs\/\" target=\"_blank\" rel=\"noopener\"><span style=\"color: #0000ff;\"><strong>ESTAD\u00cdSTICAS OFICIALES<\/strong><\/span><\/a><\/p>\n<p>&nbsp;<\/p>\n<table border=\"2\" width=\"100%\">\n<tbody>\n<tr>\n<td align=\"center\" bgcolor=\"#000000\"><span style=\"color: #ffffff;\"><a href=\"http:\/\/www.gentedebasquet.com.ar\/fixture-fase-regional-tffb\/\" target=\"_blank\" rel=\"noopener\"><span style=\"color: #ffffff; font-family: tahoma, verdana, arial, helvetica, sans-serif; font-size: small;\"><span style=\"color: #ffffff; font-family: Georgia, 'Times New Roman', 'Bitstream Charter', Times, serif;\">FIXTURE \u00a0&#8211; REGI\u00d3N SUR &#8211; FASE REGIONAL<\/span><\/span><\/a><\/span><\/td>\n<\/tr>\n<\/tbody>\n<\/table>\n<p><strong>Foto:<\/strong> Romina Sald\u00edas.<\/p>\n","protected":false},"excerpt":{"rendered":"<p>Por el Federal Femenino, Independiente cay\u00f3 de local ante V\u00e9lez por 100 a 35<\/p>\n","protected":false},"author":1,"featured_media":36065,"comment_status":"closed","ping_status":"open","sticky":false,"template":"","format":"standard","meta":{"jnews-multi-image_gallery":[],"jnews_single_post":[],"jnews_primary_category":[],"footnotes":""},"categories":[102,33,101],"tags":[623,184,12,852,821,853,854],"class_list":["post-36058","post","type-post","status-publish","format-standard","has-post-thumbnail","hentry","category-federal-femenino","category-femenino","category-slide","tag-belen-tombesi","tag-federal-femenino","tag-independiente","tag-macarena-durso","tag-nadia-vrizz","tag-sandra-pavon","tag-velez-sarsfield"],"yoast_head":"<!-- This site is optimized with the Yoast SEO plugin v27.5 - https:\/\/yoast.com\/product\/yoast-seo-wordpress\/ -->\n<title>No pudo ser - Gente de B\u00e1squet<\/title>\n<meta name=\"robots\" content=\"index, follow, max-snippet:-1, max-image-preview:large, max-video-preview:-1\" \/>\n<link rel=\"canonical\" href=\"http:\/\/gentedebasquet.com.ar\/sitio\/2014\/08\/02\/no-pudo-ser\/\" \/>\n<meta property=\"og:locale\" content=\"es_ES\" \/>\n<meta property=\"og:type\" content=\"article\" \/>\n<meta property=\"og:title\" content=\"No pudo ser - Gente de B\u00e1squet\" \/>\n<meta property=\"og:description\" content=\"Por el Federal Femenino, Independiente cay\u00f3 de local ante V\u00e9lez por 100 a 35\" \/>\n<meta property=\"og:url\" content=\"http:\/\/gentedebasquet.com.ar\/sitio\/2014\/08\/02\/no-pudo-ser\/\" \/>\n<meta property=\"og:site_name\" content=\"Gente de B\u00e1squet\" \/>\n<meta property=\"article:published_time\" content=\"2014-08-03T02:10:50+00:00\" \/>\n<meta property=\"og:image\" content=\"http:\/\/gentedebasquet.com.ar\/sitio\/wp-content\/uploads\/2014\/08\/Independiente-Velez-TFFB.jpg\" \/>\n\t<meta property=\"og:image:width\" content=\"690\" \/>\n\t<meta property=\"og:image:height\" content=\"319\" \/>\n\t<meta property=\"og:image:type\" content=\"image\/jpeg\" \/>\n<meta name=\"author\" content=\"Gente de B\u00e1squet\" \/>\n<meta name=\"twitter:card\" content=\"summary_large_image\" \/>\n<meta name=\"twitter:label1\" content=\"Escrito por\" \/>\n\t<meta name=\"twitter:data1\" content=\"Gente de B\u00e1squet\" \/>\n\t<meta name=\"twitter:label2\" content=\"Tiempo de lectura\" \/>\n\t<meta name=\"twitter:data2\" content=\"3 minutos\" \/>\n<script type=\"application\/ld+json\" class=\"yoast-schema-graph\">{\"@context\":\"https:\\\/\\\/schema.org\",\"@graph\":[{\"@type\":\"Article\",\"@id\":\"http:\\\/\\\/gentedebasquet.com.ar\\\/sitio\\\/2014\\\/08\\\/02\\\/no-pudo-ser\\\/#article\",\"isPartOf\":{\"@id\":\"http:\\\/\\\/gentedebasquet.com.ar\\\/sitio\\\/2014\\\/08\\\/02\\\/no-pudo-ser\\\/\"},\"author\":{\"name\":\"Gente de B\u00e1squet\",\"@id\":\"https:\\\/\\\/gentedebasquet.com.ar\\\/sitio\\\/#\\\/schema\\\/person\\\/ca0b63bbb977369988a7bbbdc519943a\"},\"headline\":\"No pudo ser\",\"datePublished\":\"2014-08-03T02:10:50+00:00\",\"mainEntityOfPage\":{\"@id\":\"http:\\\/\\\/gentedebasquet.com.ar\\\/sitio\\\/2014\\\/08\\\/02\\\/no-pudo-ser\\\/\"},\"wordCount\":548,\"image\":{\"@id\":\"http:\\\/\\\/gentedebasquet.com.ar\\\/sitio\\\/2014\\\/08\\\/02\\\/no-pudo-ser\\\/#primaryimage\"},\"thumbnailUrl\":\"https:\\\/\\\/gentedebasquet.com.ar\\\/sitio\\\/wp-content\\\/uploads\\\/2014\\\/08\\\/Independiente-Velez-TFFB.jpg\",\"keywords\":[\"Bel\u00e9n Tombesi\",\"Federal Femenino\",\"independiente\",\"Macarena Durso\",\"Nadia Vrizz\",\"Sandra Pav\u00f3n\",\"velez sarsfield\"],\"articleSection\":[\"Federal Femenino\",\"Femenino\",\"Slide\"],\"inLanguage\":\"es\"},{\"@type\":\"WebPage\",\"@id\":\"http:\\\/\\\/gentedebasquet.com.ar\\\/sitio\\\/2014\\\/08\\\/02\\\/no-pudo-ser\\\/\",\"url\":\"http:\\\/\\\/gentedebasquet.com.ar\\\/sitio\\\/2014\\\/08\\\/02\\\/no-pudo-ser\\\/\",\"name\":\"No pudo ser - Gente de B\u00e1squet\",\"isPartOf\":{\"@id\":\"https:\\\/\\\/gentedebasquet.com.ar\\\/sitio\\\/#website\"},\"primaryImageOfPage\":{\"@id\":\"http:\\\/\\\/gentedebasquet.com.ar\\\/sitio\\\/2014\\\/08\\\/02\\\/no-pudo-ser\\\/#primaryimage\"},\"image\":{\"@id\":\"http:\\\/\\\/gentedebasquet.com.ar\\\/sitio\\\/2014\\\/08\\\/02\\\/no-pudo-ser\\\/#primaryimage\"},\"thumbnailUrl\":\"https:\\\/\\\/gentedebasquet.com.ar\\\/sitio\\\/wp-content\\\/uploads\\\/2014\\\/08\\\/Independiente-Velez-TFFB.jpg\",\"datePublished\":\"2014-08-03T02:10:50+00:00\",\"author\":{\"@id\":\"https:\\\/\\\/gentedebasquet.com.ar\\\/sitio\\\/#\\\/schema\\\/person\\\/ca0b63bbb977369988a7bbbdc519943a\"},\"breadcrumb\":{\"@id\":\"http:\\\/\\\/gentedebasquet.com.ar\\\/sitio\\\/2014\\\/08\\\/02\\\/no-pudo-ser\\\/#breadcrumb\"},\"inLanguage\":\"es\",\"potentialAction\":[{\"@type\":\"ReadAction\",\"target\":[\"http:\\\/\\\/gentedebasquet.com.ar\\\/sitio\\\/2014\\\/08\\\/02\\\/no-pudo-ser\\\/\"]}]},{\"@type\":\"ImageObject\",\"inLanguage\":\"es\",\"@id\":\"http:\\\/\\\/gentedebasquet.com.ar\\\/sitio\\\/2014\\\/08\\\/02\\\/no-pudo-ser\\\/#primaryimage\",\"url\":\"https:\\\/\\\/gentedebasquet.com.ar\\\/sitio\\\/wp-content\\\/uploads\\\/2014\\\/08\\\/Independiente-Velez-TFFB.jpg\",\"contentUrl\":\"https:\\\/\\\/gentedebasquet.com.ar\\\/sitio\\\/wp-content\\\/uploads\\\/2014\\\/08\\\/Independiente-Velez-TFFB.jpg\",\"width\":690,\"height\":319},{\"@type\":\"BreadcrumbList\",\"@id\":\"http:\\\/\\\/gentedebasquet.com.ar\\\/sitio\\\/2014\\\/08\\\/02\\\/no-pudo-ser\\\/#breadcrumb\",\"itemListElement\":[{\"@type\":\"ListItem\",\"position\":1,\"name\":\"Portada\",\"item\":\"https:\\\/\\\/gentedebasquet.com.ar\\\/sitio\\\/\"},{\"@type\":\"ListItem\",\"position\":2,\"name\":\"No pudo ser\"}]},{\"@type\":\"WebSite\",\"@id\":\"https:\\\/\\\/gentedebasquet.com.ar\\\/sitio\\\/#website\",\"url\":\"https:\\\/\\\/gentedebasquet.com.ar\\\/sitio\\\/\",\"name\":\"Gente de B\u00e1squet\",\"description\":\"La revista del basquet de Bah\u00eda Blanca\",\"potentialAction\":[{\"@type\":\"SearchAction\",\"target\":{\"@type\":\"EntryPoint\",\"urlTemplate\":\"https:\\\/\\\/gentedebasquet.com.ar\\\/sitio\\\/?s={search_term_string}\"},\"query-input\":{\"@type\":\"PropertyValueSpecification\",\"valueRequired\":true,\"valueName\":\"search_term_string\"}}],\"inLanguage\":\"es\"},{\"@type\":\"Person\",\"@id\":\"https:\\\/\\\/gentedebasquet.com.ar\\\/sitio\\\/#\\\/schema\\\/person\\\/ca0b63bbb977369988a7bbbdc519943a\",\"name\":\"Gente de B\u00e1squet\",\"image\":{\"@type\":\"ImageObject\",\"inLanguage\":\"es\",\"@id\":\"https:\\\/\\\/secure.gravatar.com\\\/avatar\\\/7f2c48bdc33b30088f941fb6082e555f2874c98e20cb159d7b92b50eadfce793?s=96&d=mm&r=g\",\"url\":\"https:\\\/\\\/secure.gravatar.com\\\/avatar\\\/7f2c48bdc33b30088f941fb6082e555f2874c98e20cb159d7b92b50eadfce793?s=96&d=mm&r=g\",\"contentUrl\":\"https:\\\/\\\/secure.gravatar.com\\\/avatar\\\/7f2c48bdc33b30088f941fb6082e555f2874c98e20cb159d7b92b50eadfce793?s=96&d=mm&r=g\",\"caption\":\"Gente de B\u00e1squet\"},\"sameAs\":[\"http:\\\/\\\/gentedebasquet.com.ar\\\/sitio\"],\"url\":\"https:\\\/\\\/gentedebasquet.com.ar\\\/sitio\\\/author\\\/ulises\\\/\"}]}<\/script>\n<!-- \/ Yoast SEO plugin. -->","yoast_head_json":{"title":"No pudo ser - Gente de B\u00e1squet","robots":{"index":"index","follow":"follow","max-snippet":"max-snippet:-1","max-image-preview":"max-image-preview:large","max-video-preview":"max-video-preview:-1"},"canonical":"http:\/\/gentedebasquet.com.ar\/sitio\/2014\/08\/02\/no-pudo-ser\/","og_locale":"es_ES","og_type":"article","og_title":"No pudo ser - Gente de B\u00e1squet","og_description":"Por el Federal Femenino, Independiente cay\u00f3 de local ante V\u00e9lez por 100 a 35","og_url":"http:\/\/gentedebasquet.com.ar\/sitio\/2014\/08\/02\/no-pudo-ser\/","og_site_name":"Gente de B\u00e1squet","article_published_time":"2014-08-03T02:10:50+00:00","og_image":[{"width":690,"height":319,"url":"http:\/\/gentedebasquet.com.ar\/sitio\/wp-content\/uploads\/2014\/08\/Independiente-Velez-TFFB.jpg","type":"image\/jpeg"}],"author":"Gente de B\u00e1squet","twitter_card":"summary_large_image","twitter_misc":{"Escrito por":"Gente de B\u00e1squet","Tiempo de lectura":"3 minutos"},"schema":{"@context":"https:\/\/schema.org","@graph":[{"@type":"Article","@id":"http:\/\/gentedebasquet.com.ar\/sitio\/2014\/08\/02\/no-pudo-ser\/#article","isPartOf":{"@id":"http:\/\/gentedebasquet.com.ar\/sitio\/2014\/08\/02\/no-pudo-ser\/"},"author":{"name":"Gente de B\u00e1squet","@id":"https:\/\/gentedebasquet.com.ar\/sitio\/#\/schema\/person\/ca0b63bbb977369988a7bbbdc519943a"},"headline":"No pudo ser","datePublished":"2014-08-03T02:10:50+00:00","mainEntityOfPage":{"@id":"http:\/\/gentedebasquet.com.ar\/sitio\/2014\/08\/02\/no-pudo-ser\/"},"wordCount":548,"image":{"@id":"http:\/\/gentedebasquet.com.ar\/sitio\/2014\/08\/02\/no-pudo-ser\/#primaryimage"},"thumbnailUrl":"https:\/\/gentedebasquet.com.ar\/sitio\/wp-content\/uploads\/2014\/08\/Independiente-Velez-TFFB.jpg","keywords":["Bel\u00e9n Tombesi","Federal Femenino","independiente","Macarena Durso","Nadia Vrizz","Sandra Pav\u00f3n","velez sarsfield"],"articleSection":["Federal Femenino","Femenino","Slide"],"inLanguage":"es"},{"@type":"WebPage","@id":"http:\/\/gentedebasquet.com.ar\/sitio\/2014\/08\/02\/no-pudo-ser\/","url":"http:\/\/gentedebasquet.com.ar\/sitio\/2014\/08\/02\/no-pudo-ser\/","name":"No pudo ser - Gente de B\u00e1squet","isPartOf":{"@id":"https:\/\/gentedebasquet.com.ar\/sitio\/#website"},"primaryImageOfPage":{"@id":"http:\/\/gentedebasquet.com.ar\/sitio\/2014\/08\/02\/no-pudo-ser\/#primaryimage"},"image":{"@id":"http:\/\/gentedebasquet.com.ar\/sitio\/2014\/08\/02\/no-pudo-ser\/#primaryimage"},"thumbnailUrl":"https:\/\/gentedebasquet.com.ar\/sitio\/wp-content\/uploads\/2014\/08\/Independiente-Velez-TFFB.jpg","datePublished":"2014-08-03T02:10:50+00:00","author":{"@id":"https:\/\/gentedebasquet.com.ar\/sitio\/#\/schema\/person\/ca0b63bbb977369988a7bbbdc519943a"},"breadcrumb":{"@id":"http:\/\/gentedebasquet.com.ar\/sitio\/2014\/08\/02\/no-pudo-ser\/#breadcrumb"},"inLanguage":"es","potentialAction":[{"@type":"ReadAction","target":["http:\/\/gentedebasquet.com.ar\/sitio\/2014\/08\/02\/no-pudo-ser\/"]}]},{"@type":"ImageObject","inLanguage":"es","@id":"http:\/\/gentedebasquet.com.ar\/sitio\/2014\/08\/02\/no-pudo-ser\/#primaryimage","url":"https:\/\/gentedebasquet.com.ar\/sitio\/wp-content\/uploads\/2014\/08\/Independiente-Velez-TFFB.jpg","contentUrl":"https:\/\/gentedebasquet.com.ar\/sitio\/wp-content\/uploads\/2014\/08\/Independiente-Velez-TFFB.jpg","width":690,"height":319},{"@type":"BreadcrumbList","@id":"http:\/\/gentedebasquet.com.ar\/sitio\/2014\/08\/02\/no-pudo-ser\/#breadcrumb","itemListElement":[{"@type":"ListItem","position":1,"name":"Portada","item":"https:\/\/gentedebasquet.com.ar\/sitio\/"},{"@type":"ListItem","position":2,"name":"No pudo ser"}]},{"@type":"WebSite","@id":"https:\/\/gentedebasquet.com.ar\/sitio\/#website","url":"https:\/\/gentedebasquet.com.ar\/sitio\/","name":"Gente de B\u00e1squet","description":"La revista del basquet de Bah\u00eda Blanca","potentialAction":[{"@type":"SearchAction","target":{"@type":"EntryPoint","urlTemplate":"https:\/\/gentedebasquet.com.ar\/sitio\/?s={search_term_string}"},"query-input":{"@type":"PropertyValueSpecification","valueRequired":true,"valueName":"search_term_string"}}],"inLanguage":"es"},{"@type":"Person","@id":"https:\/\/gentedebasquet.com.ar\/sitio\/#\/schema\/person\/ca0b63bbb977369988a7bbbdc519943a","name":"Gente de B\u00e1squet","image":{"@type":"ImageObject","inLanguage":"es","@id":"https:\/\/secure.gravatar.com\/avatar\/7f2c48bdc33b30088f941fb6082e555f2874c98e20cb159d7b92b50eadfce793?s=96&d=mm&r=g","url":"https:\/\/secure.gravatar.com\/avatar\/7f2c48bdc33b30088f941fb6082e555f2874c98e20cb159d7b92b50eadfce793?s=96&d=mm&r=g","contentUrl":"https:\/\/secure.gravatar.com\/avatar\/7f2c48bdc33b30088f941fb6082e555f2874c98e20cb159d7b92b50eadfce793?s=96&d=mm&r=g","caption":"Gente de B\u00e1squet"},"sameAs":["http:\/\/gentedebasquet.com.ar\/sitio"],"url":"https:\/\/gentedebasquet.com.ar\/sitio\/author\/ulises\/"}]}},"_links":{"self":[{"href":"https:\/\/gentedebasquet.com.ar\/sitio\/wp-json\/wp\/v2\/posts\/36058","targetHints":{"allow":["GET"]}}],"collection":[{"href":"https:\/\/gentedebasquet.com.ar\/sitio\/wp-json\/wp\/v2\/posts"}],"about":[{"href":"https:\/\/gentedebasquet.com.ar\/sitio\/wp-json\/wp\/v2\/types\/post"}],"author":[{"embeddable":true,"href":"https:\/\/gentedebasquet.com.ar\/sitio\/wp-json\/wp\/v2\/users\/1"}],"replies":[{"embeddable":true,"href":"https:\/\/gentedebasquet.com.ar\/sitio\/wp-json\/wp\/v2\/comments?post=36058"}],"version-history":[{"count":0,"href":"https:\/\/gentedebasquet.com.ar\/sitio\/wp-json\/wp\/v2\/posts\/36058\/revisions"}],"wp:featuredmedia":[{"embeddable":true,"href":"https:\/\/gentedebasquet.com.ar\/sitio\/wp-json\/wp\/v2\/media\/36065"}],"wp:attachment":[{"href":"https:\/\/gentedebasquet.com.ar\/sitio\/wp-json\/wp\/v2\/media?parent=36058"}],"wp:term":[{"taxonomy":"category","embeddable":true,"href":"https:\/\/gentedebasquet.com.ar\/sitio\/wp-json\/wp\/v2\/categories?post=36058"},{"taxonomy":"post_tag","embeddable":true,"href":"https:\/\/gentedebasquet.com.ar\/sitio\/wp-json\/wp\/v2\/tags?post=36058"}],"curies":[{"name":"wp","href":"https:\/\/api.w.org\/{rel}","templated":true}]}}