{"id":36132,"date":"2014-08-07T18:58:40","date_gmt":"2014-08-07T21:58:40","guid":{"rendered":"http:\/\/www.gentedebasquet.com.ar\/?p=36132"},"modified":"2014-08-07T18:58:40","modified_gmt":"2014-08-07T21:58:40","slug":"monterrey-sede-del-fiba-americas-2015","status":"publish","type":"post","link":"https:\/\/gentedebasquet.com.ar\/sitio\/2014\/08\/07\/monterrey-sede-del-fiba-americas-2015\/","title":{"rendered":"Monterrey, sede del FIBA Americas 2015"},"content":{"rendered":"<p><strong>La Federaci\u00f3n Internacional de Baloncesto en Am\u00e9ricas confirm\u00f3 la sede del Campeonato FIBA Am\u00e9ricas 2015 y es M\u00e9xico quien se queda con la edici\u00f3n masculina, que ser\u00e1 clasificatoria a los Juegos Ol\u00edmpicos de R\u00edo de Janeiro en el 2016.\u00a0Este campeonato continental ya tiene clasificado nueve de sus diez participantes en Argentina, Brasil, Canad\u00e1, Cuba, M\u00e9xico, Puerto Rico, Rep\u00fablica Dominicana, Uruguay y Venezuela.\u00a0<\/strong><\/p>\n<p>El Campeonato FIBA Am\u00e9ricas 2015 masculino se jugar\u00e1 en la Arena de Monterrey en el estado de Nuevo Le\u00f3n, M\u00e9xico.<\/p>\n<p>La Arena de Monterrey es un recinto que alberga m\u00e1s de 150 espect\u00e1culos al a\u00f1o, que cuenta con una capacidad de 17,559 espectadores y en el que se han jugado dos partidos de pretemporada de la NBA.<\/p>\n<p>Este campeonato continental ya tiene clasificado nueve de sus diez participantes en Argentina, Brasil, Canad\u00e1, Cuba, M\u00e9xico, Puerto Rico, Rep\u00fablica Dominicana, Uruguay y Venezuela. El d\u00e9cimo participante, que es un cupo perteneciente a USA, se definir\u00e1 luego de la Copa del Mundo de Baloncesto FIBA en Espa\u00f1a.<\/p>\n<p>De Estados Unidos ganar la Copa del Mundo clasificar\u00e1 directamente a los Juegos Ol\u00edmpicos de R\u00edo de Janeiro 2016 y no tendr\u00e1 que jugar el FIBA Am\u00e9ricas 2015, por lo que clasificar\u00e1 Panam\u00e1, que qued\u00f3 con el 5to puesto del Centrobasket. De no conquistar la Copa del Mundo, Estados Unidos ser\u00e1 el d\u00e9cimo participante.<\/p>\n<p>\u201cEs una gran satisfacci\u00f3n para nosotros en FIBA Am\u00e9ricas poder anunciar a M\u00e9xico como el hogar de la pr\u00f3xima edici\u00f3n de nuestro m\u00e1s importante evento. Ha quedado comprobado, con su medalla de oro en Caracas 2013 y su excelencia organizativa en el Centrobasket 2014, que hay un resurgir de nuestro deporte en M\u00e9xico y estamos confiados que esta plaza resultar\u00e1 en un acelerado desarrollo del baloncesto en el pa\u00eds.\u201d, dijo Usie Richards, Presidente de FIBA Am\u00e9ricas.<\/p>\n<p>\u201cEs importante agradecer el apoyo del Comit\u00e9 Ol\u00edmpico Mexicano, en la figura de su presidente el Sr. Carlos Padilla, a la Comisi\u00f3n Nacional de Cultura F\u00edsica y Deporte (CONADE) y a su Director General, el Sr. Jes\u00fas Mena y a la Asociaci\u00f3n Deportiva Mexicana de Basquetbol (ADEMEBA) que juntos han logrado este hist\u00f3rico momento para el baloncesto mexicano.\u201d, a\u00f1adi\u00f3 Alberto Garc\u00eda, Secretario General de FIBA Am\u00e9ricas. \u201cAs\u00ed mismo agradecer a la Federaci\u00f3n Venezolana y la Confederaci\u00f3n Brasilera por su inter\u00e9s y participaci\u00f3n del proceso\u201d.<\/p>\n<p><strong>Fuente:<\/strong> FIBA Am\u00e9ricas.<\/p>\n","protected":false},"excerpt":{"rendered":"<p>El torneo ser\u00e1 clasificatorio a los Juegos Ol\u00edmpicos de R\u00edo de Janeiro en el 2016<\/p>\n","protected":false},"author":1,"featured_media":36133,"comment_status":"closed","ping_status":"open","sticky":false,"template":"","format":"standard","meta":{"jnews-multi-image_gallery":[],"jnews_single_post":[],"jnews_primary_category":[],"footnotes":""},"categories":[24],"tags":[499,436,857],"class_list":["post-36132","post","type-post","status-publish","format-standard","has-post-thumbnail","hentry","category-overtime","tag-fiba-americas","tag-mexico","tag-monterrey"],"yoast_head":"<!-- This site is optimized with the Yoast SEO plugin v27.5 - https:\/\/yoast.com\/product\/yoast-seo-wordpress\/ -->\n<title>Monterrey, sede del FIBA Americas 2015 - Gente de B\u00e1squet<\/title>\n<meta name=\"robots\" content=\"index, follow, max-snippet:-1, max-image-preview:large, max-video-preview:-1\" \/>\n<link rel=\"canonical\" href=\"https:\/\/gentedebasquet.com.ar\/sitio\/2014\/08\/07\/monterrey-sede-del-fiba-americas-2015\/\" \/>\n<meta property=\"og:locale\" content=\"es_ES\" \/>\n<meta property=\"og:type\" content=\"article\" \/>\n<meta property=\"og:title\" content=\"Monterrey, sede del FIBA Americas 2015 - Gente de B\u00e1squet\" \/>\n<meta property=\"og:description\" content=\"El torneo ser\u00e1 clasificatorio a los Juegos Ol\u00edmpicos de R\u00edo de Janeiro en el 2016\" \/>\n<meta property=\"og:url\" content=\"https:\/\/gentedebasquet.com.ar\/sitio\/2014\/08\/07\/monterrey-sede-del-fiba-americas-2015\/\" \/>\n<meta property=\"og:site_name\" content=\"Gente de B\u00e1squet\" \/>\n<meta property=\"article:published_time\" content=\"2014-08-07T21:58:40+00:00\" \/>\n<meta property=\"og:image\" content=\"https:\/\/gentedebasquet.com.ar\/sitio\/wp-content\/uploads\/2014\/08\/Mexico.jpg\" \/>\n\t<meta property=\"og:image:width\" content=\"300\" \/>\n\t<meta property=\"og:image:height\" content=\"211\" \/>\n\t<meta property=\"og:image:type\" content=\"image\/jpeg\" \/>\n<meta name=\"author\" content=\"Gente de B\u00e1squet\" \/>\n<meta name=\"twitter:card\" content=\"summary_large_image\" \/>\n<meta name=\"twitter:label1\" content=\"Escrito por\" \/>\n\t<meta name=\"twitter:data1\" content=\"Gente de B\u00e1squet\" \/>\n\t<meta name=\"twitter:label2\" content=\"Tiempo de lectura\" \/>\n\t<meta name=\"twitter:data2\" content=\"2 minutos\" \/>\n<script type=\"application\/ld+json\" class=\"yoast-schema-graph\">{\"@context\":\"https:\\\/\\\/schema.org\",\"@graph\":[{\"@type\":\"Article\",\"@id\":\"https:\\\/\\\/gentedebasquet.com.ar\\\/sitio\\\/2014\\\/08\\\/07\\\/monterrey-sede-del-fiba-americas-2015\\\/#article\",\"isPartOf\":{\"@id\":\"https:\\\/\\\/gentedebasquet.com.ar\\\/sitio\\\/2014\\\/08\\\/07\\\/monterrey-sede-del-fiba-americas-2015\\\/\"},\"author\":{\"name\":\"Gente de B\u00e1squet\",\"@id\":\"https:\\\/\\\/gentedebasquet.com.ar\\\/sitio\\\/#\\\/schema\\\/person\\\/ca0b63bbb977369988a7bbbdc519943a\"},\"headline\":\"Monterrey, sede del FIBA Americas 2015\",\"datePublished\":\"2014-08-07T21:58:40+00:00\",\"mainEntityOfPage\":{\"@id\":\"https:\\\/\\\/gentedebasquet.com.ar\\\/sitio\\\/2014\\\/08\\\/07\\\/monterrey-sede-del-fiba-americas-2015\\\/\"},\"wordCount\":426,\"image\":{\"@id\":\"https:\\\/\\\/gentedebasquet.com.ar\\\/sitio\\\/2014\\\/08\\\/07\\\/monterrey-sede-del-fiba-americas-2015\\\/#primaryimage\"},\"thumbnailUrl\":\"https:\\\/\\\/gentedebasquet.com.ar\\\/sitio\\\/wp-content\\\/uploads\\\/2014\\\/08\\\/Mexico.jpg\",\"keywords\":[\"FIBA Americas\",\"M\u00e9xico\",\"Monterrey\"],\"articleSection\":[\"#Overtime\"],\"inLanguage\":\"es\"},{\"@type\":\"WebPage\",\"@id\":\"https:\\\/\\\/gentedebasquet.com.ar\\\/sitio\\\/2014\\\/08\\\/07\\\/monterrey-sede-del-fiba-americas-2015\\\/\",\"url\":\"https:\\\/\\\/gentedebasquet.com.ar\\\/sitio\\\/2014\\\/08\\\/07\\\/monterrey-sede-del-fiba-americas-2015\\\/\",\"name\":\"Monterrey, sede del FIBA Americas 2015 - Gente de B\u00e1squet\",\"isPartOf\":{\"@id\":\"https:\\\/\\\/gentedebasquet.com.ar\\\/sitio\\\/#website\"},\"primaryImageOfPage\":{\"@id\":\"https:\\\/\\\/gentedebasquet.com.ar\\\/sitio\\\/2014\\\/08\\\/07\\\/monterrey-sede-del-fiba-americas-2015\\\/#primaryimage\"},\"image\":{\"@id\":\"https:\\\/\\\/gentedebasquet.com.ar\\\/sitio\\\/2014\\\/08\\\/07\\\/monterrey-sede-del-fiba-americas-2015\\\/#primaryimage\"},\"thumbnailUrl\":\"https:\\\/\\\/gentedebasquet.com.ar\\\/sitio\\\/wp-content\\\/uploads\\\/2014\\\/08\\\/Mexico.jpg\",\"datePublished\":\"2014-08-07T21:58:40+00:00\",\"author\":{\"@id\":\"https:\\\/\\\/gentedebasquet.com.ar\\\/sitio\\\/#\\\/schema\\\/person\\\/ca0b63bbb977369988a7bbbdc519943a\"},\"breadcrumb\":{\"@id\":\"https:\\\/\\\/gentedebasquet.com.ar\\\/sitio\\\/2014\\\/08\\\/07\\\/monterrey-sede-del-fiba-americas-2015\\\/#breadcrumb\"},\"inLanguage\":\"es\",\"potentialAction\":[{\"@type\":\"ReadAction\",\"target\":[\"https:\\\/\\\/gentedebasquet.com.ar\\\/sitio\\\/2014\\\/08\\\/07\\\/monterrey-sede-del-fiba-americas-2015\\\/\"]}]},{\"@type\":\"ImageObject\",\"inLanguage\":\"es\",\"@id\":\"https:\\\/\\\/gentedebasquet.com.ar\\\/sitio\\\/2014\\\/08\\\/07\\\/monterrey-sede-del-fiba-americas-2015\\\/#primaryimage\",\"url\":\"https:\\\/\\\/gentedebasquet.com.ar\\\/sitio\\\/wp-content\\\/uploads\\\/2014\\\/08\\\/Mexico.jpg\",\"contentUrl\":\"https:\\\/\\\/gentedebasquet.com.ar\\\/sitio\\\/wp-content\\\/uploads\\\/2014\\\/08\\\/Mexico.jpg\",\"width\":300,\"height\":211},{\"@type\":\"BreadcrumbList\",\"@id\":\"https:\\\/\\\/gentedebasquet.com.ar\\\/sitio\\\/2014\\\/08\\\/07\\\/monterrey-sede-del-fiba-americas-2015\\\/#breadcrumb\",\"itemListElement\":[{\"@type\":\"ListItem\",\"position\":1,\"name\":\"Portada\",\"item\":\"https:\\\/\\\/gentedebasquet.com.ar\\\/sitio\\\/\"},{\"@type\":\"ListItem\",\"position\":2,\"name\":\"Monterrey, sede del FIBA Americas 2015\"}]},{\"@type\":\"WebSite\",\"@id\":\"https:\\\/\\\/gentedebasquet.com.ar\\\/sitio\\\/#website\",\"url\":\"https:\\\/\\\/gentedebasquet.com.ar\\\/sitio\\\/\",\"name\":\"Gente de B\u00e1squet\",\"description\":\"La revista del basquet de Bah\u00eda Blanca\",\"potentialAction\":[{\"@type\":\"SearchAction\",\"target\":{\"@type\":\"EntryPoint\",\"urlTemplate\":\"https:\\\/\\\/gentedebasquet.com.ar\\\/sitio\\\/?s={search_term_string}\"},\"query-input\":{\"@type\":\"PropertyValueSpecification\",\"valueRequired\":true,\"valueName\":\"search_term_string\"}}],\"inLanguage\":\"es\"},{\"@type\":\"Person\",\"@id\":\"https:\\\/\\\/gentedebasquet.com.ar\\\/sitio\\\/#\\\/schema\\\/person\\\/ca0b63bbb977369988a7bbbdc519943a\",\"name\":\"Gente de B\u00e1squet\",\"image\":{\"@type\":\"ImageObject\",\"inLanguage\":\"es\",\"@id\":\"https:\\\/\\\/secure.gravatar.com\\\/avatar\\\/7f2c48bdc33b30088f941fb6082e555f2874c98e20cb159d7b92b50eadfce793?s=96&d=mm&r=g\",\"url\":\"https:\\\/\\\/secure.gravatar.com\\\/avatar\\\/7f2c48bdc33b30088f941fb6082e555f2874c98e20cb159d7b92b50eadfce793?s=96&d=mm&r=g\",\"contentUrl\":\"https:\\\/\\\/secure.gravatar.com\\\/avatar\\\/7f2c48bdc33b30088f941fb6082e555f2874c98e20cb159d7b92b50eadfce793?s=96&d=mm&r=g\",\"caption\":\"Gente de B\u00e1squet\"},\"sameAs\":[\"http:\\\/\\\/gentedebasquet.com.ar\\\/sitio\"],\"url\":\"https:\\\/\\\/gentedebasquet.com.ar\\\/sitio\\\/author\\\/ulises\\\/\"}]}<\/script>\n<!-- \/ Yoast SEO plugin. -->","yoast_head_json":{"title":"Monterrey, sede del FIBA Americas 2015 - Gente de B\u00e1squet","robots":{"index":"index","follow":"follow","max-snippet":"max-snippet:-1","max-image-preview":"max-image-preview:large","max-video-preview":"max-video-preview:-1"},"canonical":"https:\/\/gentedebasquet.com.ar\/sitio\/2014\/08\/07\/monterrey-sede-del-fiba-americas-2015\/","og_locale":"es_ES","og_type":"article","og_title":"Monterrey, sede del FIBA Americas 2015 - Gente de B\u00e1squet","og_description":"El torneo ser\u00e1 clasificatorio a los Juegos Ol\u00edmpicos de R\u00edo de Janeiro en el 2016","og_url":"https:\/\/gentedebasquet.com.ar\/sitio\/2014\/08\/07\/monterrey-sede-del-fiba-americas-2015\/","og_site_name":"Gente de B\u00e1squet","article_published_time":"2014-08-07T21:58:40+00:00","og_image":[{"width":300,"height":211,"url":"https:\/\/gentedebasquet.com.ar\/sitio\/wp-content\/uploads\/2014\/08\/Mexico.jpg","type":"image\/jpeg"}],"author":"Gente de B\u00e1squet","twitter_card":"summary_large_image","twitter_misc":{"Escrito por":"Gente de B\u00e1squet","Tiempo de lectura":"2 minutos"},"schema":{"@context":"https:\/\/schema.org","@graph":[{"@type":"Article","@id":"https:\/\/gentedebasquet.com.ar\/sitio\/2014\/08\/07\/monterrey-sede-del-fiba-americas-2015\/#article","isPartOf":{"@id":"https:\/\/gentedebasquet.com.ar\/sitio\/2014\/08\/07\/monterrey-sede-del-fiba-americas-2015\/"},"author":{"name":"Gente de B\u00e1squet","@id":"https:\/\/gentedebasquet.com.ar\/sitio\/#\/schema\/person\/ca0b63bbb977369988a7bbbdc519943a"},"headline":"Monterrey, sede del FIBA Americas 2015","datePublished":"2014-08-07T21:58:40+00:00","mainEntityOfPage":{"@id":"https:\/\/gentedebasquet.com.ar\/sitio\/2014\/08\/07\/monterrey-sede-del-fiba-americas-2015\/"},"wordCount":426,"image":{"@id":"https:\/\/gentedebasquet.com.ar\/sitio\/2014\/08\/07\/monterrey-sede-del-fiba-americas-2015\/#primaryimage"},"thumbnailUrl":"https:\/\/gentedebasquet.com.ar\/sitio\/wp-content\/uploads\/2014\/08\/Mexico.jpg","keywords":["FIBA Americas","M\u00e9xico","Monterrey"],"articleSection":["#Overtime"],"inLanguage":"es"},{"@type":"WebPage","@id":"https:\/\/gentedebasquet.com.ar\/sitio\/2014\/08\/07\/monterrey-sede-del-fiba-americas-2015\/","url":"https:\/\/gentedebasquet.com.ar\/sitio\/2014\/08\/07\/monterrey-sede-del-fiba-americas-2015\/","name":"Monterrey, sede del FIBA Americas 2015 - Gente de B\u00e1squet","isPartOf":{"@id":"https:\/\/gentedebasquet.com.ar\/sitio\/#website"},"primaryImageOfPage":{"@id":"https:\/\/gentedebasquet.com.ar\/sitio\/2014\/08\/07\/monterrey-sede-del-fiba-americas-2015\/#primaryimage"},"image":{"@id":"https:\/\/gentedebasquet.com.ar\/sitio\/2014\/08\/07\/monterrey-sede-del-fiba-americas-2015\/#primaryimage"},"thumbnailUrl":"https:\/\/gentedebasquet.com.ar\/sitio\/wp-content\/uploads\/2014\/08\/Mexico.jpg","datePublished":"2014-08-07T21:58:40+00:00","author":{"@id":"https:\/\/gentedebasquet.com.ar\/sitio\/#\/schema\/person\/ca0b63bbb977369988a7bbbdc519943a"},"breadcrumb":{"@id":"https:\/\/gentedebasquet.com.ar\/sitio\/2014\/08\/07\/monterrey-sede-del-fiba-americas-2015\/#breadcrumb"},"inLanguage":"es","potentialAction":[{"@type":"ReadAction","target":["https:\/\/gentedebasquet.com.ar\/sitio\/2014\/08\/07\/monterrey-sede-del-fiba-americas-2015\/"]}]},{"@type":"ImageObject","inLanguage":"es","@id":"https:\/\/gentedebasquet.com.ar\/sitio\/2014\/08\/07\/monterrey-sede-del-fiba-americas-2015\/#primaryimage","url":"https:\/\/gentedebasquet.com.ar\/sitio\/wp-content\/uploads\/2014\/08\/Mexico.jpg","contentUrl":"https:\/\/gentedebasquet.com.ar\/sitio\/wp-content\/uploads\/2014\/08\/Mexico.jpg","width":300,"height":211},{"@type":"BreadcrumbList","@id":"https:\/\/gentedebasquet.com.ar\/sitio\/2014\/08\/07\/monterrey-sede-del-fiba-americas-2015\/#breadcrumb","itemListElement":[{"@type":"ListItem","position":1,"name":"Portada","item":"https:\/\/gentedebasquet.com.ar\/sitio\/"},{"@type":"ListItem","position":2,"name":"Monterrey, sede del FIBA Americas 2015"}]},{"@type":"WebSite","@id":"https:\/\/gentedebasquet.com.ar\/sitio\/#website","url":"https:\/\/gentedebasquet.com.ar\/sitio\/","name":"Gente de B\u00e1squet","description":"La revista del basquet de Bah\u00eda Blanca","potentialAction":[{"@type":"SearchAction","target":{"@type":"EntryPoint","urlTemplate":"https:\/\/gentedebasquet.com.ar\/sitio\/?s={search_term_string}"},"query-input":{"@type":"PropertyValueSpecification","valueRequired":true,"valueName":"search_term_string"}}],"inLanguage":"es"},{"@type":"Person","@id":"https:\/\/gentedebasquet.com.ar\/sitio\/#\/schema\/person\/ca0b63bbb977369988a7bbbdc519943a","name":"Gente de B\u00e1squet","image":{"@type":"ImageObject","inLanguage":"es","@id":"https:\/\/secure.gravatar.com\/avatar\/7f2c48bdc33b30088f941fb6082e555f2874c98e20cb159d7b92b50eadfce793?s=96&d=mm&r=g","url":"https:\/\/secure.gravatar.com\/avatar\/7f2c48bdc33b30088f941fb6082e555f2874c98e20cb159d7b92b50eadfce793?s=96&d=mm&r=g","contentUrl":"https:\/\/secure.gravatar.com\/avatar\/7f2c48bdc33b30088f941fb6082e555f2874c98e20cb159d7b92b50eadfce793?s=96&d=mm&r=g","caption":"Gente de B\u00e1squet"},"sameAs":["http:\/\/gentedebasquet.com.ar\/sitio"],"url":"https:\/\/gentedebasquet.com.ar\/sitio\/author\/ulises\/"}]}},"_links":{"self":[{"href":"https:\/\/gentedebasquet.com.ar\/sitio\/wp-json\/wp\/v2\/posts\/36132","targetHints":{"allow":["GET"]}}],"collection":[{"href":"https:\/\/gentedebasquet.com.ar\/sitio\/wp-json\/wp\/v2\/posts"}],"about":[{"href":"https:\/\/gentedebasquet.com.ar\/sitio\/wp-json\/wp\/v2\/types\/post"}],"author":[{"embeddable":true,"href":"https:\/\/gentedebasquet.com.ar\/sitio\/wp-json\/wp\/v2\/users\/1"}],"replies":[{"embeddable":true,"href":"https:\/\/gentedebasquet.com.ar\/sitio\/wp-json\/wp\/v2\/comments?post=36132"}],"version-history":[{"count":0,"href":"https:\/\/gentedebasquet.com.ar\/sitio\/wp-json\/wp\/v2\/posts\/36132\/revisions"}],"wp:featuredmedia":[{"embeddable":true,"href":"https:\/\/gentedebasquet.com.ar\/sitio\/wp-json\/wp\/v2\/media\/36133"}],"wp:attachment":[{"href":"https:\/\/gentedebasquet.com.ar\/sitio\/wp-json\/wp\/v2\/media?parent=36132"}],"wp:term":[{"taxonomy":"category","embeddable":true,"href":"https:\/\/gentedebasquet.com.ar\/sitio\/wp-json\/wp\/v2\/categories?post=36132"},{"taxonomy":"post_tag","embeddable":true,"href":"https:\/\/gentedebasquet.com.ar\/sitio\/wp-json\/wp\/v2\/tags?post=36132"}],"curies":[{"name":"wp","href":"https:\/\/api.w.org\/{rel}","templated":true}]}}