{"id":36596,"date":"2014-08-15T23:37:35","date_gmt":"2014-08-16T02:37:35","guid":{"rendered":"http:\/\/www.gentedebasquet.com.ar\/?p=36596"},"modified":"2014-08-15T23:37:35","modified_gmt":"2014-08-16T02:37:35","slug":"linterna-para-iluminar-el-bosque","status":"publish","type":"post","link":"https:\/\/gentedebasquet.com.ar\/sitio\/2014\/08\/15\/linterna-para-iluminar-el-bosque\/","title":{"rendered":"Linterna para iluminar \u201cEl Bosque\u201d"},"content":{"rendered":"<p><b>En su 85\u00b0 aniversario, Barracas derrot\u00f3 85-74 a Alem, contin\u00faa invicto y es \u00fanico puntero del Oficial. Los l\u00edderes del triunfador fueron Carci (24, 55% cancha, \u00a19<\/b><b>! asistencias), Harina (23, 4\/8 t3 + 6 reb.) y Mond\u00f3n (19 + 9 rebotes). Por su parte en Alem, que no ca\u00eda desde el 16 de Mayo, Foulkes (19, 7\/11 t2 + 10 rebotes y 7 fr.), Miguel (13, 3\/5 t3) y Amore (10 + 9) fueron los mas valiosos.<\/b><\/p>\n<p>A Barracas poco le cost\u00f3 asimilar las bajas en el receso, por distintos motivos, de Barba, Francisco Diez y Juan Pablo Coronel. El conjunto de Juan Sergio Palumbo va invicto en tres fechas del Oficial y se carg\u00f3 nada mas y nada menos que a Alem, que no ca\u00eda hace casi 3 meses (Argentino 89-87 el 16 de Mayo), para que el \u201cBosque\u201d festeje el d\u00eda de su cumplea\u00f1os.<\/p>\n<p>Arranc\u00f3 furioso el local, con un 10-0 en 3m, aprovechando la baja eficacia rival (1-8 tc de movida), mas la efectividad de Mond\u00f3n (10, 3\/5 t2 y 4\/4 tl + 4 reb.) y el gol externo de Trellini (6, dos triples) y Harina (5, un triple), bajo la conducci\u00f3n de Carci (4 asist.). Luego emparej\u00f3 Alem v\u00eda Miguel (5), Leguizam\u00f3n (4) y Foulkes (4), donde tambi\u00e9n fueron meritorios los 4 rebotes defensivos del vers\u00e1til alero, pero Barracas se fue al frente 23-16.<\/p>\n<p>En el 2C se empez\u00f3 a notar otra v\u00eda de gol en el local, que le hab\u00eda sido muy factible el martes en la victoria ante Pac\u00edfico: Carci se anot\u00f3 con 9 puntos (4\/6 tc), pero no afloj\u00f3 con los pases-gol (3), acompa\u00f1ado por Mond\u00f3n y Montanaro (4 cada uno), mas Harina(5, un triple \u2013ver video-) s\u00f3lido en tiro externo. Aunque Alem equilibr\u00f3 fuerzas, con buena efectividad desde 6,75, arrimaron puntos Priore (6, 2\/3 t3), Miguel (5) y Amore (5), que figur\u00f3 en la zona, para mantener a tiro a los suyos, 45-34 al descanso largo.<\/p>\n<p>A 7m del cierre del 3C, Barracas sac\u00f3 m\u00e1xima de 19 (53-36), gracias a Harina (6), con buena carga en conjunto del rebote en ataque (4) y con Carci (5) polifuncional anotando y asistiendo. Con un 6-0 redujo Alem, pero Trellini anot\u00f3 en bandeja y sum\u00f3 bonus, sin embargo una r\u00e1faga de Gigena (9), mas los rompimientos de Foulkes (5), pusieron en juego nuevamente a la visita (64-54), con 10 minutos por jugar.<\/p>\n<p>En el 4C, el local administr\u00f3 la ventaja a voluntad, si bien el equipo de Loffredo redujo el margen en un par de ocasiones via Foulkes (8, 4\/5 tc) y Amore (5), Barracas termin\u00f3 festejando su cumplea\u00f1os, arribando en puntos (85) a la cifra de su aniversario, con Carci (10, 3\/5 t2 y 4\/4 tl) y Harina (7, 2\/3 t3) como destacados en este per\u00edodo, para ser los \u00fanicos punteros e invictos del Oficial, salud.<\/p>\n<p>&nbsp;<\/p>\n<p>[vimeo]http:\/\/vimeo.com\/103565830[\/vimeo]<\/p>\n<p>&nbsp;<\/p>\n<p><b><i><span style=\"text-decoration: underline;\">S\u00edntesis<\/span><\/i>: <\/b><\/p>\n<p><b>Barracas Central 85: <\/b>Dami\u00e1n Carci 24, Mariano Trellini 9, Federico Harina 23, Andr\u00e9s Mond\u00f3n 19, Mauro Santill\u00e1n 4 (FI); Mauro Montanaro 6, Juli\u00e1n Serrano 0 y Gregorio Laborda 0. DT: Juan Sergio Palumbo.<b> <\/b><\/p>\n<p><b>Alem 74:<\/b> Gonzalo Etchepare 0, Nicol\u00e1s Leguizam\u00f3n 9, Mart\u00edn Miguel 13, Agust\u00edn Amore 12 y Dami\u00e1n Foulkes 19 (FI); Emiliano Calzetti 0, Sebasti\u00e1n Tachetti 4, Walter Gigena 9 y Augusto Priore 8. DT: Miguel Loffredo.<\/p>\n<p><strong>Cuartos:<\/strong> 23-16, 45-34 (22-18), 64-54 (19-20) y 85-74 (21-20).<\/p>\n<p><strong>\u00c1rbitros:<\/strong> Horacio Sed\u00e1n \u2013 Alejandro Vizca\u00edno.<\/p>\n<p><strong>Estadio:<\/strong> \u201cEl Bosque\u201d (Barracas).<\/p>\n<p><a class=\"modalf iframe\" title=\"Planilla\" href=\"https:\/\/docs.google.com\/spreadsheets\/d\/1f-5EqaCTd2au6dj48HIY9kMTY0B-uwIr_VFs0KWwqVI\/pubhtml\" target=\"_blank\" rel=\"noopener\">Ver Planilla<\/a><\/p>\n<p>&nbsp;<\/p>\n<h6><b>Doble festejo<\/b><\/h6>\n<p>El 15 de Agosto de 1929 se fund\u00f3 el Club Atl\u00e9tico Barracas Central. Se afili\u00f3 a la Asociaci\u00f3n Bahiense de Basquetbol el 9 de marzo de 1937 y debut\u00f3 oficialmente el 18 de abril de 1937 en la categor\u00eda Novicios. El 30 de Marzo de 1990 se desafili\u00f3, pero impulsado por su hincha \u201cmas famoso\u201d, el ex intendente Jaime Linares, volvi\u00f3 al ruedo en el a\u00f1o 2009, cuando la instituci\u00f3n de calle Thompson cumpl\u00eda 80 a\u00f1os de vida.<\/p>\n<p><strong>Datos hist\u00f3ricos: <\/strong>Eli\u00e1n Romero y ABB.<\/p>\n","protected":false},"excerpt":{"rendered":"<p>Barracas le anot\u00f3 tantos puntos a Alem como a\u00f1os cumpli\u00f3 hoy: 85-74<\/p>\n","protected":false},"author":1,"featured_media":36597,"comment_status":"closed","ping_status":"open","sticky":false,"template":"","format":"standard","meta":{"jnews-multi-image_gallery":[],"jnews_single_post":[],"jnews_primary_category":[],"footnotes":""},"categories":[25,101],"tags":[3,581,6,527,657],"class_list":["post-36596","post","type-post","status-publish","format-standard","has-post-thumbnail","hentry","category-segunda","category-slide","tag-alem","tag-andres-mondon","tag-barracas-central","tag-damian-carci","tag-damian-foulkes"],"yoast_head":"<!-- This site is optimized with the Yoast SEO plugin v27.5 - https:\/\/yoast.com\/product\/yoast-seo-wordpress\/ -->\n<title>Linterna para iluminar \u201cEl Bosque\u201d - Gente de B\u00e1squet<\/title>\n<meta name=\"robots\" content=\"index, follow, max-snippet:-1, max-image-preview:large, max-video-preview:-1\" \/>\n<link rel=\"canonical\" href=\"https:\/\/gentedebasquet.com.ar\/sitio\/2014\/08\/15\/linterna-para-iluminar-el-bosque\/\" \/>\n<meta property=\"og:locale\" content=\"es_ES\" \/>\n<meta property=\"og:type\" content=\"article\" \/>\n<meta property=\"og:title\" content=\"Linterna para iluminar \u201cEl Bosque\u201d - Gente de B\u00e1squet\" \/>\n<meta property=\"og:description\" content=\"Barracas le anot\u00f3 tantos puntos a Alem como a\u00f1os cumpli\u00f3 hoy: 85-74\" \/>\n<meta property=\"og:url\" content=\"https:\/\/gentedebasquet.com.ar\/sitio\/2014\/08\/15\/linterna-para-iluminar-el-bosque\/\" \/>\n<meta property=\"og:site_name\" content=\"Gente de B\u00e1squet\" \/>\n<meta property=\"article:published_time\" content=\"2014-08-16T02:37:35+00:00\" \/>\n<meta property=\"og:image\" content=\"https:\/\/gentedebasquet.com.ar\/sitio\/wp-content\/uploads\/2014\/08\/mondon.jpg\" \/>\n\t<meta property=\"og:image:width\" content=\"690\" \/>\n\t<meta property=\"og:image:height\" content=\"319\" \/>\n\t<meta property=\"og:image:type\" content=\"image\/jpeg\" \/>\n<meta name=\"author\" content=\"Gente de B\u00e1squet\" \/>\n<meta name=\"twitter:card\" content=\"summary_large_image\" \/>\n<meta name=\"twitter:label1\" content=\"Escrito por\" \/>\n\t<meta name=\"twitter:data1\" content=\"Gente de B\u00e1squet\" \/>\n\t<meta name=\"twitter:label2\" content=\"Tiempo de lectura\" \/>\n\t<meta name=\"twitter:data2\" content=\"3 minutos\" \/>\n<script type=\"application\/ld+json\" class=\"yoast-schema-graph\">{\"@context\":\"https:\\\/\\\/schema.org\",\"@graph\":[{\"@type\":\"Article\",\"@id\":\"https:\\\/\\\/gentedebasquet.com.ar\\\/sitio\\\/2014\\\/08\\\/15\\\/linterna-para-iluminar-el-bosque\\\/#article\",\"isPartOf\":{\"@id\":\"https:\\\/\\\/gentedebasquet.com.ar\\\/sitio\\\/2014\\\/08\\\/15\\\/linterna-para-iluminar-el-bosque\\\/\"},\"author\":{\"name\":\"Gente de B\u00e1squet\",\"@id\":\"https:\\\/\\\/gentedebasquet.com.ar\\\/sitio\\\/#\\\/schema\\\/person\\\/ca0b63bbb977369988a7bbbdc519943a\"},\"headline\":\"Linterna para iluminar \u201cEl Bosque\u201d\",\"datePublished\":\"2014-08-16T02:37:35+00:00\",\"mainEntityOfPage\":{\"@id\":\"https:\\\/\\\/gentedebasquet.com.ar\\\/sitio\\\/2014\\\/08\\\/15\\\/linterna-para-iluminar-el-bosque\\\/\"},\"wordCount\":616,\"image\":{\"@id\":\"https:\\\/\\\/gentedebasquet.com.ar\\\/sitio\\\/2014\\\/08\\\/15\\\/linterna-para-iluminar-el-bosque\\\/#primaryimage\"},\"thumbnailUrl\":\"https:\\\/\\\/gentedebasquet.com.ar\\\/sitio\\\/wp-content\\\/uploads\\\/2014\\\/08\\\/mondon.jpg\",\"keywords\":[\"Alem\",\"Andr\u00e9s Mond\u00f3n\",\"Barracas Central\",\"Dami\u00e1n Carci\",\"Dami\u00e1n Foulkes\"],\"articleSection\":[\"Segunda\",\"Slide\"],\"inLanguage\":\"es\"},{\"@type\":\"WebPage\",\"@id\":\"https:\\\/\\\/gentedebasquet.com.ar\\\/sitio\\\/2014\\\/08\\\/15\\\/linterna-para-iluminar-el-bosque\\\/\",\"url\":\"https:\\\/\\\/gentedebasquet.com.ar\\\/sitio\\\/2014\\\/08\\\/15\\\/linterna-para-iluminar-el-bosque\\\/\",\"name\":\"Linterna para iluminar \u201cEl Bosque\u201d - Gente de B\u00e1squet\",\"isPartOf\":{\"@id\":\"https:\\\/\\\/gentedebasquet.com.ar\\\/sitio\\\/#website\"},\"primaryImageOfPage\":{\"@id\":\"https:\\\/\\\/gentedebasquet.com.ar\\\/sitio\\\/2014\\\/08\\\/15\\\/linterna-para-iluminar-el-bosque\\\/#primaryimage\"},\"image\":{\"@id\":\"https:\\\/\\\/gentedebasquet.com.ar\\\/sitio\\\/2014\\\/08\\\/15\\\/linterna-para-iluminar-el-bosque\\\/#primaryimage\"},\"thumbnailUrl\":\"https:\\\/\\\/gentedebasquet.com.ar\\\/sitio\\\/wp-content\\\/uploads\\\/2014\\\/08\\\/mondon.jpg\",\"datePublished\":\"2014-08-16T02:37:35+00:00\",\"author\":{\"@id\":\"https:\\\/\\\/gentedebasquet.com.ar\\\/sitio\\\/#\\\/schema\\\/person\\\/ca0b63bbb977369988a7bbbdc519943a\"},\"breadcrumb\":{\"@id\":\"https:\\\/\\\/gentedebasquet.com.ar\\\/sitio\\\/2014\\\/08\\\/15\\\/linterna-para-iluminar-el-bosque\\\/#breadcrumb\"},\"inLanguage\":\"es\",\"potentialAction\":[{\"@type\":\"ReadAction\",\"target\":[\"https:\\\/\\\/gentedebasquet.com.ar\\\/sitio\\\/2014\\\/08\\\/15\\\/linterna-para-iluminar-el-bosque\\\/\"]}]},{\"@type\":\"ImageObject\",\"inLanguage\":\"es\",\"@id\":\"https:\\\/\\\/gentedebasquet.com.ar\\\/sitio\\\/2014\\\/08\\\/15\\\/linterna-para-iluminar-el-bosque\\\/#primaryimage\",\"url\":\"https:\\\/\\\/gentedebasquet.com.ar\\\/sitio\\\/wp-content\\\/uploads\\\/2014\\\/08\\\/mondon.jpg\",\"contentUrl\":\"https:\\\/\\\/gentedebasquet.com.ar\\\/sitio\\\/wp-content\\\/uploads\\\/2014\\\/08\\\/mondon.jpg\",\"width\":690,\"height\":319},{\"@type\":\"BreadcrumbList\",\"@id\":\"https:\\\/\\\/gentedebasquet.com.ar\\\/sitio\\\/2014\\\/08\\\/15\\\/linterna-para-iluminar-el-bosque\\\/#breadcrumb\",\"itemListElement\":[{\"@type\":\"ListItem\",\"position\":1,\"name\":\"Portada\",\"item\":\"https:\\\/\\\/gentedebasquet.com.ar\\\/sitio\\\/\"},{\"@type\":\"ListItem\",\"position\":2,\"name\":\"Linterna para iluminar \u201cEl Bosque\u201d\"}]},{\"@type\":\"WebSite\",\"@id\":\"https:\\\/\\\/gentedebasquet.com.ar\\\/sitio\\\/#website\",\"url\":\"https:\\\/\\\/gentedebasquet.com.ar\\\/sitio\\\/\",\"name\":\"Gente de B\u00e1squet\",\"description\":\"La revista del basquet de Bah\u00eda Blanca\",\"potentialAction\":[{\"@type\":\"SearchAction\",\"target\":{\"@type\":\"EntryPoint\",\"urlTemplate\":\"https:\\\/\\\/gentedebasquet.com.ar\\\/sitio\\\/?s={search_term_string}\"},\"query-input\":{\"@type\":\"PropertyValueSpecification\",\"valueRequired\":true,\"valueName\":\"search_term_string\"}}],\"inLanguage\":\"es\"},{\"@type\":\"Person\",\"@id\":\"https:\\\/\\\/gentedebasquet.com.ar\\\/sitio\\\/#\\\/schema\\\/person\\\/ca0b63bbb977369988a7bbbdc519943a\",\"name\":\"Gente de B\u00e1squet\",\"image\":{\"@type\":\"ImageObject\",\"inLanguage\":\"es\",\"@id\":\"https:\\\/\\\/secure.gravatar.com\\\/avatar\\\/7f2c48bdc33b30088f941fb6082e555f2874c98e20cb159d7b92b50eadfce793?s=96&d=mm&r=g\",\"url\":\"https:\\\/\\\/secure.gravatar.com\\\/avatar\\\/7f2c48bdc33b30088f941fb6082e555f2874c98e20cb159d7b92b50eadfce793?s=96&d=mm&r=g\",\"contentUrl\":\"https:\\\/\\\/secure.gravatar.com\\\/avatar\\\/7f2c48bdc33b30088f941fb6082e555f2874c98e20cb159d7b92b50eadfce793?s=96&d=mm&r=g\",\"caption\":\"Gente de B\u00e1squet\"},\"sameAs\":[\"http:\\\/\\\/gentedebasquet.com.ar\\\/sitio\"],\"url\":\"https:\\\/\\\/gentedebasquet.com.ar\\\/sitio\\\/author\\\/ulises\\\/\"}]}<\/script>\n<!-- \/ Yoast SEO plugin. -->","yoast_head_json":{"title":"Linterna para iluminar \u201cEl Bosque\u201d - Gente de B\u00e1squet","robots":{"index":"index","follow":"follow","max-snippet":"max-snippet:-1","max-image-preview":"max-image-preview:large","max-video-preview":"max-video-preview:-1"},"canonical":"https:\/\/gentedebasquet.com.ar\/sitio\/2014\/08\/15\/linterna-para-iluminar-el-bosque\/","og_locale":"es_ES","og_type":"article","og_title":"Linterna para iluminar \u201cEl Bosque\u201d - Gente de B\u00e1squet","og_description":"Barracas le anot\u00f3 tantos puntos a Alem como a\u00f1os cumpli\u00f3 hoy: 85-74","og_url":"https:\/\/gentedebasquet.com.ar\/sitio\/2014\/08\/15\/linterna-para-iluminar-el-bosque\/","og_site_name":"Gente de B\u00e1squet","article_published_time":"2014-08-16T02:37:35+00:00","og_image":[{"width":690,"height":319,"url":"https:\/\/gentedebasquet.com.ar\/sitio\/wp-content\/uploads\/2014\/08\/mondon.jpg","type":"image\/jpeg"}],"author":"Gente de B\u00e1squet","twitter_card":"summary_large_image","twitter_misc":{"Escrito por":"Gente de B\u00e1squet","Tiempo de lectura":"3 minutos"},"schema":{"@context":"https:\/\/schema.org","@graph":[{"@type":"Article","@id":"https:\/\/gentedebasquet.com.ar\/sitio\/2014\/08\/15\/linterna-para-iluminar-el-bosque\/#article","isPartOf":{"@id":"https:\/\/gentedebasquet.com.ar\/sitio\/2014\/08\/15\/linterna-para-iluminar-el-bosque\/"},"author":{"name":"Gente de B\u00e1squet","@id":"https:\/\/gentedebasquet.com.ar\/sitio\/#\/schema\/person\/ca0b63bbb977369988a7bbbdc519943a"},"headline":"Linterna para iluminar \u201cEl Bosque\u201d","datePublished":"2014-08-16T02:37:35+00:00","mainEntityOfPage":{"@id":"https:\/\/gentedebasquet.com.ar\/sitio\/2014\/08\/15\/linterna-para-iluminar-el-bosque\/"},"wordCount":616,"image":{"@id":"https:\/\/gentedebasquet.com.ar\/sitio\/2014\/08\/15\/linterna-para-iluminar-el-bosque\/#primaryimage"},"thumbnailUrl":"https:\/\/gentedebasquet.com.ar\/sitio\/wp-content\/uploads\/2014\/08\/mondon.jpg","keywords":["Alem","Andr\u00e9s Mond\u00f3n","Barracas Central","Dami\u00e1n Carci","Dami\u00e1n Foulkes"],"articleSection":["Segunda","Slide"],"inLanguage":"es"},{"@type":"WebPage","@id":"https:\/\/gentedebasquet.com.ar\/sitio\/2014\/08\/15\/linterna-para-iluminar-el-bosque\/","url":"https:\/\/gentedebasquet.com.ar\/sitio\/2014\/08\/15\/linterna-para-iluminar-el-bosque\/","name":"Linterna para iluminar \u201cEl Bosque\u201d - Gente de B\u00e1squet","isPartOf":{"@id":"https:\/\/gentedebasquet.com.ar\/sitio\/#website"},"primaryImageOfPage":{"@id":"https:\/\/gentedebasquet.com.ar\/sitio\/2014\/08\/15\/linterna-para-iluminar-el-bosque\/#primaryimage"},"image":{"@id":"https:\/\/gentedebasquet.com.ar\/sitio\/2014\/08\/15\/linterna-para-iluminar-el-bosque\/#primaryimage"},"thumbnailUrl":"https:\/\/gentedebasquet.com.ar\/sitio\/wp-content\/uploads\/2014\/08\/mondon.jpg","datePublished":"2014-08-16T02:37:35+00:00","author":{"@id":"https:\/\/gentedebasquet.com.ar\/sitio\/#\/schema\/person\/ca0b63bbb977369988a7bbbdc519943a"},"breadcrumb":{"@id":"https:\/\/gentedebasquet.com.ar\/sitio\/2014\/08\/15\/linterna-para-iluminar-el-bosque\/#breadcrumb"},"inLanguage":"es","potentialAction":[{"@type":"ReadAction","target":["https:\/\/gentedebasquet.com.ar\/sitio\/2014\/08\/15\/linterna-para-iluminar-el-bosque\/"]}]},{"@type":"ImageObject","inLanguage":"es","@id":"https:\/\/gentedebasquet.com.ar\/sitio\/2014\/08\/15\/linterna-para-iluminar-el-bosque\/#primaryimage","url":"https:\/\/gentedebasquet.com.ar\/sitio\/wp-content\/uploads\/2014\/08\/mondon.jpg","contentUrl":"https:\/\/gentedebasquet.com.ar\/sitio\/wp-content\/uploads\/2014\/08\/mondon.jpg","width":690,"height":319},{"@type":"BreadcrumbList","@id":"https:\/\/gentedebasquet.com.ar\/sitio\/2014\/08\/15\/linterna-para-iluminar-el-bosque\/#breadcrumb","itemListElement":[{"@type":"ListItem","position":1,"name":"Portada","item":"https:\/\/gentedebasquet.com.ar\/sitio\/"},{"@type":"ListItem","position":2,"name":"Linterna para iluminar \u201cEl Bosque\u201d"}]},{"@type":"WebSite","@id":"https:\/\/gentedebasquet.com.ar\/sitio\/#website","url":"https:\/\/gentedebasquet.com.ar\/sitio\/","name":"Gente de B\u00e1squet","description":"La revista del basquet de Bah\u00eda Blanca","potentialAction":[{"@type":"SearchAction","target":{"@type":"EntryPoint","urlTemplate":"https:\/\/gentedebasquet.com.ar\/sitio\/?s={search_term_string}"},"query-input":{"@type":"PropertyValueSpecification","valueRequired":true,"valueName":"search_term_string"}}],"inLanguage":"es"},{"@type":"Person","@id":"https:\/\/gentedebasquet.com.ar\/sitio\/#\/schema\/person\/ca0b63bbb977369988a7bbbdc519943a","name":"Gente de B\u00e1squet","image":{"@type":"ImageObject","inLanguage":"es","@id":"https:\/\/secure.gravatar.com\/avatar\/7f2c48bdc33b30088f941fb6082e555f2874c98e20cb159d7b92b50eadfce793?s=96&d=mm&r=g","url":"https:\/\/secure.gravatar.com\/avatar\/7f2c48bdc33b30088f941fb6082e555f2874c98e20cb159d7b92b50eadfce793?s=96&d=mm&r=g","contentUrl":"https:\/\/secure.gravatar.com\/avatar\/7f2c48bdc33b30088f941fb6082e555f2874c98e20cb159d7b92b50eadfce793?s=96&d=mm&r=g","caption":"Gente de B\u00e1squet"},"sameAs":["http:\/\/gentedebasquet.com.ar\/sitio"],"url":"https:\/\/gentedebasquet.com.ar\/sitio\/author\/ulises\/"}]}},"_links":{"self":[{"href":"https:\/\/gentedebasquet.com.ar\/sitio\/wp-json\/wp\/v2\/posts\/36596","targetHints":{"allow":["GET"]}}],"collection":[{"href":"https:\/\/gentedebasquet.com.ar\/sitio\/wp-json\/wp\/v2\/posts"}],"about":[{"href":"https:\/\/gentedebasquet.com.ar\/sitio\/wp-json\/wp\/v2\/types\/post"}],"author":[{"embeddable":true,"href":"https:\/\/gentedebasquet.com.ar\/sitio\/wp-json\/wp\/v2\/users\/1"}],"replies":[{"embeddable":true,"href":"https:\/\/gentedebasquet.com.ar\/sitio\/wp-json\/wp\/v2\/comments?post=36596"}],"version-history":[{"count":0,"href":"https:\/\/gentedebasquet.com.ar\/sitio\/wp-json\/wp\/v2\/posts\/36596\/revisions"}],"wp:featuredmedia":[{"embeddable":true,"href":"https:\/\/gentedebasquet.com.ar\/sitio\/wp-json\/wp\/v2\/media\/36597"}],"wp:attachment":[{"href":"https:\/\/gentedebasquet.com.ar\/sitio\/wp-json\/wp\/v2\/media?parent=36596"}],"wp:term":[{"taxonomy":"category","embeddable":true,"href":"https:\/\/gentedebasquet.com.ar\/sitio\/wp-json\/wp\/v2\/categories?post=36596"},{"taxonomy":"post_tag","embeddable":true,"href":"https:\/\/gentedebasquet.com.ar\/sitio\/wp-json\/wp\/v2\/tags?post=36596"}],"curies":[{"name":"wp","href":"https:\/\/api.w.org\/{rel}","templated":true}]}}