{"id":36601,"date":"2014-08-15T22:46:33","date_gmt":"2014-08-16T01:46:33","guid":{"rendered":"http:\/\/www.gentedebasquet.com.ar\/?p=36601"},"modified":"2014-08-15T22:46:33","modified_gmt":"2014-08-16T01:46:33","slug":"suspiro-en-el-final","status":"publish","type":"post","link":"https:\/\/gentedebasquet.com.ar\/sitio\/2014\/08\/15\/suspiro-en-el-final\/","title":{"rendered":"Suspir\u00f3 en el final"},"content":{"rendered":"<p><b>Argentino debi\u00f3 trabajar mucho para derrotar 78-74 a Whitense en el Ardubilio Severini. El Celeste se mostr\u00f3 con aplomo en el final y lo cerr\u00f3 mejor desde la l\u00ednea de libres con Juan Ignacio Reiner (15 pts \u2013 12\/14 TL). El conjunto del Puerto lleg\u00f3 a estar diez puntos arriba (55-45) en el 3C pero no se pudo quedar con la victoria. Cesar Massa (23 pts \u2013 8\/13 T2) fue el goleador del local y estuvo bien secundado por Nicol\u00e1s Antonelli (19 pts \u2013 3\/5 T3). Por el lado visitante no alcanz\u00f3 con las tremendas actuaciones de Alejandro Chotard (29 pts \u2013 13 reb) y Gabriel Saieg (27 pts \u2013 7\/10 TL).<\/b><\/p>\n<p>Los primeros minutos del partido fueron dominados por Whitense. El Conjunto del Puerto mostr\u00f3 un juego ordenado y sac\u00f3 diferencias jugando el pick and roll para Saieg (7) en la pintura. Chotard (4) tambi\u00e9n apareci\u00f3 con sus tiros a media distancia y as\u00ed los dirigidos por Ipucha se pusieron 13-8 con 5m13s por jugar. Argentino reaccion\u00f3 gracias a las bombas de Antonelli (13 pts \u2013 3\/3 T3). Susbielles (4) comenz\u00f3 a mover los hilos en ataque y Massa (4) de a poco recibi\u00f3 la pelota en la pintura. As\u00ed el Celeste se fue arriba 25-17 al primer descanso.<\/p>\n<p>Con Chotard (10) siendo eje de los ataques visitantes, Whitense se llev\u00f3 el segundo segmento. Los del Puerto ajustaron su defensa, aseguraron el rebote defensivo (9) y a lo hecho por Chotard se sumaron Saieg (4) debajo de los tableros y Resler (2) desde el per\u00edmetro. Argentino encontr\u00f3 nuevamente en el tiro externo (2\/6 T3) una soluci\u00f3n en ofensiva. Adem\u00e1s con el ingreso de Reiner (7) tuvo m\u00e1s decisi\u00f3n en ataque y pudo sacar provecho desde la l\u00ednea de libres. Al descanso m\u00e1s largo se fue arriba el conjunto de Garayzar 38-34.<\/p>\n<p>Con tremendos porcentajes (1\/3 T3 \u2013 9\/12 T2 \u2013 4\/4 TL), Whitense mostr\u00f3 su mejor cara en el tercer cap\u00edtulo. Minervino (5) y Halberg (4) dominaron la media cancha, mientras que Chotard (8) y Saieg (8) hicieron lo propio en la zona pintada. As\u00ed el visitante, y luego de aprovechar una falta t\u00e9cnica pitada a Faelis, sac\u00f3 diez unidades de distancia (45-55) con 2m49s por jugar. Entre Susbielles (5) y Massa (6) comandaron la reacci\u00f3n del local. En el cierre el conjunto de Garayzar meti\u00f3 un parcial de 12-4 a su favor y recort\u00f3 la brecha en el resultado de cara al \u00faltimo segmento (56-59).<\/p>\n<p>La paridad en el marcador rein\u00f3 hasta el cierre del partido y Argentino lo pudo sacar adelante por la eficacia que tuvo desde la l\u00ednea (12\/16 TL) y porque se equivoco menos que su rival en los momentos cruciales. Con 58s en el reloj Reiner fue a la l\u00ednea (1\/2) y dejo el resultado 73-72. Luego de una perdida de Chotard en ataque (ver video), Sacomani y Antonelli tambi\u00e9n visitaron la l\u00ednea y alargaron la distancia (76-72) con 29s de juego. Un doble r\u00e1pido de Saieg le puso suspenso al marcador que se iba a cerrar definitivamente gracias a dos simples de Juani Reiner. As\u00ed Argentino pudo reafirmar la victoria que consigui\u00f3 en el Eladio Santos con otro triunfo. Whitense seguramente sacar\u00e1 muchas cosas positivas del encuentro que luch\u00f3 mano a mano con uno de los mejores cuatro equipos del torneo de segunda.<\/p>\n<p>&nbsp;<\/p>\n<h6>Bomba de Antonelli para cerrar el 1C<\/h6>\n<p>[vimeo]http:\/\/vimeo.com\/103570632[\/vimeo]<\/p>\n<p>&nbsp;<\/p>\n<h6>Sacomani le roba una bola clave a Chotard<\/h6>\n<p>[vimeo]http:\/\/vimeo.com\/103570218[\/vimeo]<\/p>\n<p>&nbsp;<\/p>\n<p><span style=\"text-decoration: underline;\"><em><b>S\u00edntesis:<\/b><\/em><\/span><\/p>\n<p><b>Argentino 78:\u00a0<\/b>Sebasti\u00e1n Susbielles 9, Nicol\u00e1s Antonelli 19, Bruno Sacomani 5, C\u00e9sar Massa 23, Mart\u00edn Faelis 4 (x) (FI). Bruno Aceituno 1, Mariano Nu\u00f1ez 0, Juan Ignacio Reiner 15, Alan Gonz\u00e1lez 2. DT: Juan Garayzar.<b><\/b><\/p>\n<p><b>Whitense 74:<\/b>\u00a0Marco Halberg 6, Mario Minervino 7, Gonzalo Resler 4 (x), Alejandro Chotard 29, Gabriel Saieg 27 (FI). Mauro Capurso 1, Federico Gestido 0, Facundo Ca\u00f1ulef 0. DT: Mart\u00edn Ipucha<\/p>\n<p><b>Parciales:<\/b>\u00a025-17, 38-34 (13-17), 56-59 (18-25), 78-74 (22-15).<\/p>\n<p><b>\u00c1rbitros:<\/b>\u00a0Sebasti\u00e1n Giannino \u2013 Diego Kessler<\/p>\n<p><b>Cancha:<\/b>\u00a0Ardubilio Severini (Club Argentino).<\/p>\n<p><a class=\"modalf iframe\" title=\"Planilla\" href=\"https:\/\/docs.google.com\/spreadsheets\/d\/1Djn7xQl6cCyQ6u0f7O4fzrO-PFUCHdN5reooyA_YsWc\/pubhtml\" target=\"_blank\" rel=\"noopener\">Ver Planilla<\/a><\/p>\n","protected":false},"excerpt":{"rendered":"<p>Argentino tuvo que trabajar mucho para vencer a Whitense 78-74.<\/p>\n","protected":false},"author":1,"featured_media":36606,"comment_status":"closed","ping_status":"open","sticky":false,"template":"","format":"standard","meta":{"jnews-multi-image_gallery":[],"jnews_single_post":[],"jnews_primary_category":[],"footnotes":""},"categories":[25,101],"tags":[208,4,250,8,680,212,274],"class_list":["post-36601","post","type-post","status-publish","format-standard","has-post-thumbnail","hentry","category-segunda","category-slide","tag-alejandro-chotard","tag-argentino","tag-cesar-massa","tag-deportivo-whitense","tag-gabriel-saieg","tag-juan-ignacio-reiner","tag-nicolas-antonelli"],"yoast_head":"<!-- This site is optimized with the Yoast SEO plugin v27.5 - https:\/\/yoast.com\/product\/yoast-seo-wordpress\/ -->\n<title>Suspir\u00f3 en el final - Gente de B\u00e1squet<\/title>\n<meta name=\"robots\" content=\"index, follow, max-snippet:-1, max-image-preview:large, max-video-preview:-1\" \/>\n<link rel=\"canonical\" href=\"https:\/\/gentedebasquet.com.ar\/sitio\/2014\/08\/15\/suspiro-en-el-final\/\" \/>\n<meta property=\"og:locale\" content=\"es_ES\" \/>\n<meta property=\"og:type\" content=\"article\" \/>\n<meta property=\"og:title\" content=\"Suspir\u00f3 en el final - Gente de B\u00e1squet\" \/>\n<meta property=\"og:description\" content=\"Argentino tuvo que trabajar mucho para vencer a Whitense 78-74.\" \/>\n<meta property=\"og:url\" content=\"https:\/\/gentedebasquet.com.ar\/sitio\/2014\/08\/15\/suspiro-en-el-final\/\" \/>\n<meta property=\"og:site_name\" content=\"Gente de B\u00e1squet\" \/>\n<meta property=\"article:published_time\" content=\"2014-08-16T01:46:33+00:00\" \/>\n<meta property=\"og:image\" content=\"https:\/\/gentedebasquet.com.ar\/sitio\/wp-content\/uploads\/2014\/08\/Foto1685.jpg\" \/>\n\t<meta property=\"og:image:width\" content=\"690\" \/>\n\t<meta property=\"og:image:height\" content=\"319\" \/>\n\t<meta property=\"og:image:type\" content=\"image\/jpeg\" \/>\n<meta name=\"author\" content=\"Gente de B\u00e1squet\" \/>\n<meta name=\"twitter:card\" content=\"summary_large_image\" \/>\n<meta name=\"twitter:label1\" content=\"Escrito por\" \/>\n\t<meta name=\"twitter:data1\" content=\"Gente de B\u00e1squet\" \/>\n\t<meta name=\"twitter:label2\" content=\"Tiempo de lectura\" \/>\n\t<meta name=\"twitter:data2\" content=\"3 minutos\" \/>\n<script type=\"application\/ld+json\" class=\"yoast-schema-graph\">{\"@context\":\"https:\\\/\\\/schema.org\",\"@graph\":[{\"@type\":\"Article\",\"@id\":\"https:\\\/\\\/gentedebasquet.com.ar\\\/sitio\\\/2014\\\/08\\\/15\\\/suspiro-en-el-final\\\/#article\",\"isPartOf\":{\"@id\":\"https:\\\/\\\/gentedebasquet.com.ar\\\/sitio\\\/2014\\\/08\\\/15\\\/suspiro-en-el-final\\\/\"},\"author\":{\"name\":\"Gente de B\u00e1squet\",\"@id\":\"https:\\\/\\\/gentedebasquet.com.ar\\\/sitio\\\/#\\\/schema\\\/person\\\/ca0b63bbb977369988a7bbbdc519943a\"},\"headline\":\"Suspir\u00f3 en el final\",\"datePublished\":\"2014-08-16T01:46:33+00:00\",\"mainEntityOfPage\":{\"@id\":\"https:\\\/\\\/gentedebasquet.com.ar\\\/sitio\\\/2014\\\/08\\\/15\\\/suspiro-en-el-final\\\/\"},\"wordCount\":639,\"image\":{\"@id\":\"https:\\\/\\\/gentedebasquet.com.ar\\\/sitio\\\/2014\\\/08\\\/15\\\/suspiro-en-el-final\\\/#primaryimage\"},\"thumbnailUrl\":\"https:\\\/\\\/gentedebasquet.com.ar\\\/sitio\\\/wp-content\\\/uploads\\\/2014\\\/08\\\/Foto1685.jpg\",\"keywords\":[\"Alejandro Chotard\",\"Argentino\",\"C\u00e9sar Massa\",\"Deportivo Whitense\",\"Gabriel Saieg\",\"Juan Ignacio Reiner\",\"Nicol\u00e1s Antonelli\"],\"articleSection\":[\"Segunda\",\"Slide\"],\"inLanguage\":\"es\"},{\"@type\":\"WebPage\",\"@id\":\"https:\\\/\\\/gentedebasquet.com.ar\\\/sitio\\\/2014\\\/08\\\/15\\\/suspiro-en-el-final\\\/\",\"url\":\"https:\\\/\\\/gentedebasquet.com.ar\\\/sitio\\\/2014\\\/08\\\/15\\\/suspiro-en-el-final\\\/\",\"name\":\"Suspir\u00f3 en el final - Gente de B\u00e1squet\",\"isPartOf\":{\"@id\":\"https:\\\/\\\/gentedebasquet.com.ar\\\/sitio\\\/#website\"},\"primaryImageOfPage\":{\"@id\":\"https:\\\/\\\/gentedebasquet.com.ar\\\/sitio\\\/2014\\\/08\\\/15\\\/suspiro-en-el-final\\\/#primaryimage\"},\"image\":{\"@id\":\"https:\\\/\\\/gentedebasquet.com.ar\\\/sitio\\\/2014\\\/08\\\/15\\\/suspiro-en-el-final\\\/#primaryimage\"},\"thumbnailUrl\":\"https:\\\/\\\/gentedebasquet.com.ar\\\/sitio\\\/wp-content\\\/uploads\\\/2014\\\/08\\\/Foto1685.jpg\",\"datePublished\":\"2014-08-16T01:46:33+00:00\",\"author\":{\"@id\":\"https:\\\/\\\/gentedebasquet.com.ar\\\/sitio\\\/#\\\/schema\\\/person\\\/ca0b63bbb977369988a7bbbdc519943a\"},\"breadcrumb\":{\"@id\":\"https:\\\/\\\/gentedebasquet.com.ar\\\/sitio\\\/2014\\\/08\\\/15\\\/suspiro-en-el-final\\\/#breadcrumb\"},\"inLanguage\":\"es\",\"potentialAction\":[{\"@type\":\"ReadAction\",\"target\":[\"https:\\\/\\\/gentedebasquet.com.ar\\\/sitio\\\/2014\\\/08\\\/15\\\/suspiro-en-el-final\\\/\"]}]},{\"@type\":\"ImageObject\",\"inLanguage\":\"es\",\"@id\":\"https:\\\/\\\/gentedebasquet.com.ar\\\/sitio\\\/2014\\\/08\\\/15\\\/suspiro-en-el-final\\\/#primaryimage\",\"url\":\"https:\\\/\\\/gentedebasquet.com.ar\\\/sitio\\\/wp-content\\\/uploads\\\/2014\\\/08\\\/Foto1685.jpg\",\"contentUrl\":\"https:\\\/\\\/gentedebasquet.com.ar\\\/sitio\\\/wp-content\\\/uploads\\\/2014\\\/08\\\/Foto1685.jpg\",\"width\":690,\"height\":319},{\"@type\":\"BreadcrumbList\",\"@id\":\"https:\\\/\\\/gentedebasquet.com.ar\\\/sitio\\\/2014\\\/08\\\/15\\\/suspiro-en-el-final\\\/#breadcrumb\",\"itemListElement\":[{\"@type\":\"ListItem\",\"position\":1,\"name\":\"Portada\",\"item\":\"https:\\\/\\\/gentedebasquet.com.ar\\\/sitio\\\/\"},{\"@type\":\"ListItem\",\"position\":2,\"name\":\"Suspir\u00f3 en el final\"}]},{\"@type\":\"WebSite\",\"@id\":\"https:\\\/\\\/gentedebasquet.com.ar\\\/sitio\\\/#website\",\"url\":\"https:\\\/\\\/gentedebasquet.com.ar\\\/sitio\\\/\",\"name\":\"Gente de B\u00e1squet\",\"description\":\"La revista del basquet de Bah\u00eda Blanca\",\"potentialAction\":[{\"@type\":\"SearchAction\",\"target\":{\"@type\":\"EntryPoint\",\"urlTemplate\":\"https:\\\/\\\/gentedebasquet.com.ar\\\/sitio\\\/?s={search_term_string}\"},\"query-input\":{\"@type\":\"PropertyValueSpecification\",\"valueRequired\":true,\"valueName\":\"search_term_string\"}}],\"inLanguage\":\"es\"},{\"@type\":\"Person\",\"@id\":\"https:\\\/\\\/gentedebasquet.com.ar\\\/sitio\\\/#\\\/schema\\\/person\\\/ca0b63bbb977369988a7bbbdc519943a\",\"name\":\"Gente de B\u00e1squet\",\"image\":{\"@type\":\"ImageObject\",\"inLanguage\":\"es\",\"@id\":\"https:\\\/\\\/secure.gravatar.com\\\/avatar\\\/7f2c48bdc33b30088f941fb6082e555f2874c98e20cb159d7b92b50eadfce793?s=96&d=mm&r=g\",\"url\":\"https:\\\/\\\/secure.gravatar.com\\\/avatar\\\/7f2c48bdc33b30088f941fb6082e555f2874c98e20cb159d7b92b50eadfce793?s=96&d=mm&r=g\",\"contentUrl\":\"https:\\\/\\\/secure.gravatar.com\\\/avatar\\\/7f2c48bdc33b30088f941fb6082e555f2874c98e20cb159d7b92b50eadfce793?s=96&d=mm&r=g\",\"caption\":\"Gente de B\u00e1squet\"},\"sameAs\":[\"http:\\\/\\\/gentedebasquet.com.ar\\\/sitio\"],\"url\":\"https:\\\/\\\/gentedebasquet.com.ar\\\/sitio\\\/author\\\/ulises\\\/\"}]}<\/script>\n<!-- \/ Yoast SEO plugin. -->","yoast_head_json":{"title":"Suspir\u00f3 en el final - Gente de B\u00e1squet","robots":{"index":"index","follow":"follow","max-snippet":"max-snippet:-1","max-image-preview":"max-image-preview:large","max-video-preview":"max-video-preview:-1"},"canonical":"https:\/\/gentedebasquet.com.ar\/sitio\/2014\/08\/15\/suspiro-en-el-final\/","og_locale":"es_ES","og_type":"article","og_title":"Suspir\u00f3 en el final - Gente de B\u00e1squet","og_description":"Argentino tuvo que trabajar mucho para vencer a Whitense 78-74.","og_url":"https:\/\/gentedebasquet.com.ar\/sitio\/2014\/08\/15\/suspiro-en-el-final\/","og_site_name":"Gente de B\u00e1squet","article_published_time":"2014-08-16T01:46:33+00:00","og_image":[{"width":690,"height":319,"url":"https:\/\/gentedebasquet.com.ar\/sitio\/wp-content\/uploads\/2014\/08\/Foto1685.jpg","type":"image\/jpeg"}],"author":"Gente de B\u00e1squet","twitter_card":"summary_large_image","twitter_misc":{"Escrito por":"Gente de B\u00e1squet","Tiempo de lectura":"3 minutos"},"schema":{"@context":"https:\/\/schema.org","@graph":[{"@type":"Article","@id":"https:\/\/gentedebasquet.com.ar\/sitio\/2014\/08\/15\/suspiro-en-el-final\/#article","isPartOf":{"@id":"https:\/\/gentedebasquet.com.ar\/sitio\/2014\/08\/15\/suspiro-en-el-final\/"},"author":{"name":"Gente de B\u00e1squet","@id":"https:\/\/gentedebasquet.com.ar\/sitio\/#\/schema\/person\/ca0b63bbb977369988a7bbbdc519943a"},"headline":"Suspir\u00f3 en el final","datePublished":"2014-08-16T01:46:33+00:00","mainEntityOfPage":{"@id":"https:\/\/gentedebasquet.com.ar\/sitio\/2014\/08\/15\/suspiro-en-el-final\/"},"wordCount":639,"image":{"@id":"https:\/\/gentedebasquet.com.ar\/sitio\/2014\/08\/15\/suspiro-en-el-final\/#primaryimage"},"thumbnailUrl":"https:\/\/gentedebasquet.com.ar\/sitio\/wp-content\/uploads\/2014\/08\/Foto1685.jpg","keywords":["Alejandro Chotard","Argentino","C\u00e9sar Massa","Deportivo Whitense","Gabriel Saieg","Juan Ignacio Reiner","Nicol\u00e1s Antonelli"],"articleSection":["Segunda","Slide"],"inLanguage":"es"},{"@type":"WebPage","@id":"https:\/\/gentedebasquet.com.ar\/sitio\/2014\/08\/15\/suspiro-en-el-final\/","url":"https:\/\/gentedebasquet.com.ar\/sitio\/2014\/08\/15\/suspiro-en-el-final\/","name":"Suspir\u00f3 en el final - Gente de B\u00e1squet","isPartOf":{"@id":"https:\/\/gentedebasquet.com.ar\/sitio\/#website"},"primaryImageOfPage":{"@id":"https:\/\/gentedebasquet.com.ar\/sitio\/2014\/08\/15\/suspiro-en-el-final\/#primaryimage"},"image":{"@id":"https:\/\/gentedebasquet.com.ar\/sitio\/2014\/08\/15\/suspiro-en-el-final\/#primaryimage"},"thumbnailUrl":"https:\/\/gentedebasquet.com.ar\/sitio\/wp-content\/uploads\/2014\/08\/Foto1685.jpg","datePublished":"2014-08-16T01:46:33+00:00","author":{"@id":"https:\/\/gentedebasquet.com.ar\/sitio\/#\/schema\/person\/ca0b63bbb977369988a7bbbdc519943a"},"breadcrumb":{"@id":"https:\/\/gentedebasquet.com.ar\/sitio\/2014\/08\/15\/suspiro-en-el-final\/#breadcrumb"},"inLanguage":"es","potentialAction":[{"@type":"ReadAction","target":["https:\/\/gentedebasquet.com.ar\/sitio\/2014\/08\/15\/suspiro-en-el-final\/"]}]},{"@type":"ImageObject","inLanguage":"es","@id":"https:\/\/gentedebasquet.com.ar\/sitio\/2014\/08\/15\/suspiro-en-el-final\/#primaryimage","url":"https:\/\/gentedebasquet.com.ar\/sitio\/wp-content\/uploads\/2014\/08\/Foto1685.jpg","contentUrl":"https:\/\/gentedebasquet.com.ar\/sitio\/wp-content\/uploads\/2014\/08\/Foto1685.jpg","width":690,"height":319},{"@type":"BreadcrumbList","@id":"https:\/\/gentedebasquet.com.ar\/sitio\/2014\/08\/15\/suspiro-en-el-final\/#breadcrumb","itemListElement":[{"@type":"ListItem","position":1,"name":"Portada","item":"https:\/\/gentedebasquet.com.ar\/sitio\/"},{"@type":"ListItem","position":2,"name":"Suspir\u00f3 en el final"}]},{"@type":"WebSite","@id":"https:\/\/gentedebasquet.com.ar\/sitio\/#website","url":"https:\/\/gentedebasquet.com.ar\/sitio\/","name":"Gente de B\u00e1squet","description":"La revista del basquet de Bah\u00eda Blanca","potentialAction":[{"@type":"SearchAction","target":{"@type":"EntryPoint","urlTemplate":"https:\/\/gentedebasquet.com.ar\/sitio\/?s={search_term_string}"},"query-input":{"@type":"PropertyValueSpecification","valueRequired":true,"valueName":"search_term_string"}}],"inLanguage":"es"},{"@type":"Person","@id":"https:\/\/gentedebasquet.com.ar\/sitio\/#\/schema\/person\/ca0b63bbb977369988a7bbbdc519943a","name":"Gente de B\u00e1squet","image":{"@type":"ImageObject","inLanguage":"es","@id":"https:\/\/secure.gravatar.com\/avatar\/7f2c48bdc33b30088f941fb6082e555f2874c98e20cb159d7b92b50eadfce793?s=96&d=mm&r=g","url":"https:\/\/secure.gravatar.com\/avatar\/7f2c48bdc33b30088f941fb6082e555f2874c98e20cb159d7b92b50eadfce793?s=96&d=mm&r=g","contentUrl":"https:\/\/secure.gravatar.com\/avatar\/7f2c48bdc33b30088f941fb6082e555f2874c98e20cb159d7b92b50eadfce793?s=96&d=mm&r=g","caption":"Gente de B\u00e1squet"},"sameAs":["http:\/\/gentedebasquet.com.ar\/sitio"],"url":"https:\/\/gentedebasquet.com.ar\/sitio\/author\/ulises\/"}]}},"_links":{"self":[{"href":"https:\/\/gentedebasquet.com.ar\/sitio\/wp-json\/wp\/v2\/posts\/36601","targetHints":{"allow":["GET"]}}],"collection":[{"href":"https:\/\/gentedebasquet.com.ar\/sitio\/wp-json\/wp\/v2\/posts"}],"about":[{"href":"https:\/\/gentedebasquet.com.ar\/sitio\/wp-json\/wp\/v2\/types\/post"}],"author":[{"embeddable":true,"href":"https:\/\/gentedebasquet.com.ar\/sitio\/wp-json\/wp\/v2\/users\/1"}],"replies":[{"embeddable":true,"href":"https:\/\/gentedebasquet.com.ar\/sitio\/wp-json\/wp\/v2\/comments?post=36601"}],"version-history":[{"count":0,"href":"https:\/\/gentedebasquet.com.ar\/sitio\/wp-json\/wp\/v2\/posts\/36601\/revisions"}],"wp:featuredmedia":[{"embeddable":true,"href":"https:\/\/gentedebasquet.com.ar\/sitio\/wp-json\/wp\/v2\/media\/36606"}],"wp:attachment":[{"href":"https:\/\/gentedebasquet.com.ar\/sitio\/wp-json\/wp\/v2\/media?parent=36601"}],"wp:term":[{"taxonomy":"category","embeddable":true,"href":"https:\/\/gentedebasquet.com.ar\/sitio\/wp-json\/wp\/v2\/categories?post=36601"},{"taxonomy":"post_tag","embeddable":true,"href":"https:\/\/gentedebasquet.com.ar\/sitio\/wp-json\/wp\/v2\/tags?post=36601"}],"curies":[{"name":"wp","href":"https:\/\/api.w.org\/{rel}","templated":true}]}}