{"id":36639,"date":"2014-08-16T13:32:26","date_gmt":"2014-08-16T16:32:26","guid":{"rendered":"http:\/\/www.gentedebasquet.com.ar\/?p=36639"},"modified":"2014-08-16T13:32:26","modified_gmt":"2014-08-16T16:32:26","slug":"se-viene-nanjing-2014","status":"publish","type":"post","link":"https:\/\/gentedebasquet.com.ar\/sitio\/2014\/08\/16\/se-viene-nanjing-2014\/","title":{"rendered":"Se viene Nanjing 2014"},"content":{"rendered":"<p><strong>El pr\u00f3ximo lunes 18 de agosto el seleccionado argentino masculino U18 de la modalidad 3&#215;3 har\u00e1 su debut en los Juegos Ol\u00edmpicos de la Juventud, a disputarse en Nanjing, China, y que comenzar\u00e1n en sus distintas disciplinas el s\u00e1bado 16. \u201cLo ideal ser\u00eda terminar en el escal\u00f3n m\u00e1s alto del podio con la dorada colgada en el cuello\u201d, sostuvo el alero bahiense Rodrigo Gerhardt en di\u00e1logo con la CABB.<\/strong><\/p>\n<h6>GRUPO A<\/h6>\n<p>China, Hungr\u00eda, Eslovenia, Alemania, Uruguay, Lituania, Polonia, Indonesia y Puerto Rico.<\/p>\n<h6>GRUPO B<\/h6>\n<p>Argentina, Brasil, Rumania, Nueva Zelanda, Guatemala, Venezuela, Rusia, T\u00fanez, Andorra y Espa\u00f1a.<\/p>\n<h6>FIXTURE de ARGENTINA (hora de nuestro pa\u00eds)<\/h6>\n<p>Lunes 18\/08 &#8211;\u00a06.40 vs Brasil<\/p>\n<p>Lunes 18\/08 &#8211; 10.00 vs Rumania<\/p>\n<p>Martes 19 &#8211; \u00a07.40 vs Nueva Zelanda<\/p>\n<p>Mi\u00e9rcoles 20 &#8211; 6.20 vs Guatemala<\/p>\n<p>Mi\u00e9rcoles 20 &#8211; \u00a010.40 vs Venezuela<\/p>\n<p>Viernes 22 &#8211; 8.20 vs Rusia<\/p>\n<p>S\u00e1bado 23 &#8211; 6.00 vs T\u00fanez<\/p>\n<p>S\u00e1bado 23 &#8211; 10.20 vs Andorra<\/p>\n<p>Domingo 24 &#8211; 8.40 vs Espa\u00f1a<\/p>\n<h5><b>SELECCI\u00d3N ARGENTINA U18 3X3<\/b><\/h5>\n<p>-VILDOZA, Jos\u00e9<br \/>\nPosici\u00f3n: base<br \/>\nAltura: 1.91 metro<br \/>\nA\u00f1o de Nacimiento: 1996<br \/>\nClub: Libertad de Sunchales, Santa Fe<\/p>\n<p>DIVOY, Michel<br \/>\nPosici\u00f3n: escolta<br \/>\nAltura: 1.92 metro<br \/>\nA\u00f1o de Nacimiento: 1996<br \/>\nClub: Monte Hermoso B\u00e1squet, Monte Hermoso<\/p>\n<p>-LUGR\u00cdN, Juan Pablo<br \/>\nPosici\u00f3n: Alero<br \/>\nAltura: 1.94 metro<br \/>\nA\u00f1o de Nacimiento: 1996<br \/>\nClub: Obras Sanitarias, Capital Federal<\/p>\n<p>-GERHARDT, Rodrigo<br \/>\nPosici\u00f3n: alero\/alapivot<br \/>\nAltura: 1.98 metro<br \/>\nA\u00f1o de Nacimiento: 1996<br \/>\nClub: Bahiense del Norte, Bah\u00eda Blanca<\/p>\n<p>Entrenador: Marcelo Germanetto.<\/p>\n<h6>Detalles del torneo<\/h6>\n<p>De los 20 pa\u00edses, separados en 2 Grupos de 10, clasificar\u00e1n los mejores 16 a los octavos de final. Los partidos se disputar\u00e1n en media cancha (un solo aro) y de 10 minutos, salvo que un equipo logre 21 puntos o m\u00e1s antes de que acabe el tiempo. Cada equipo est\u00e1 integrado por 3 jugadores y 1 suplente, que puede ingresar en cada bola muerta. Los tiros libres y los goles de campo valen un (1) punto, salvo los acertados desde 6.75 metros, que valen dos (2). La posesi\u00f3n dura 12 segundos y cada equipo goza de un (1) tiempo muerto de 30 segundos. Finalmente, dentro de las reglas m\u00e1s destacadas, se observa que un equipo incurre en penalizaci\u00f3n al llegar a las 7 faltas y que luego de la d\u00e9cima infracci\u00f3n acumulada, se sancionar\u00e1n faltas t\u00e9cnicas.<\/p>\n<p>Asimismo, en el d\u00eda de descanso (jueves 21), se realizar\u00e1 un torneo de volcadas en la que seguramente Argentina estar\u00e1 representada por Michel Divoy.<\/p>\n<p><a href=\"http:\/\/www.gentedebasquet.com.ar\/wp-content\/uploads\/2014\/08\/nanjing.jpg\"><img decoding=\"async\" class=\"aligncenter size-full wp-image-36642\" alt=\"nanjing\" src=\"http:\/\/www.gentedebasquet.com.ar\/wp-content\/uploads\/2014\/08\/nanjing.jpg\" width=\"640\" height=\"720\" srcset=\"https:\/\/gentedebasquet.com.ar\/sitio\/wp-content\/uploads\/2014\/08\/nanjing.jpg 640w, https:\/\/gentedebasquet.com.ar\/sitio\/wp-content\/uploads\/2014\/08\/nanjing-267x300.jpg 267w\" sizes=\"(max-width: 640px) 100vw, 640px\" \/><\/a><\/p>\n<p><strong>Fotos:<\/strong> @rodri1796 y Nanjing 2014.<\/p>\n","protected":false},"excerpt":{"rendered":"<p>Argentina fue a los JOJ con un solo bahiense: Rodrigo Gerhardt (b\u00e1squet 3&#215;3)<\/p>\n","protected":false},"author":1,"featured_media":36641,"comment_status":"closed","ping_status":"open","sticky":false,"template":"","format":"standard","meta":{"jnews-multi-image_gallery":[],"jnews_single_post":[],"jnews_primary_category":[],"footnotes":""},"categories":[61,101],"tags":[5,867,868,174],"class_list":["post-36639","post","type-post","status-publish","format-standard","has-post-thumbnail","hentry","category-selecciones-nacionales","category-slide","tag-bahiense-del-norte","tag-jjoo","tag-nanjing-2014","tag-rodrigo-gerhardt"],"yoast_head":"<!-- This site is optimized with the Yoast SEO plugin v27.5 - https:\/\/yoast.com\/product\/yoast-seo-wordpress\/ -->\n<title>Se viene Nanjing 2014 - Gente de B\u00e1squet<\/title>\n<meta name=\"robots\" content=\"index, follow, max-snippet:-1, max-image-preview:large, max-video-preview:-1\" \/>\n<link rel=\"canonical\" href=\"http:\/\/gentedebasquet.com.ar\/sitio\/2014\/08\/16\/se-viene-nanjing-2014\/\" \/>\n<meta property=\"og:locale\" content=\"es_ES\" \/>\n<meta property=\"og:type\" content=\"article\" \/>\n<meta property=\"og:title\" content=\"Se viene Nanjing 2014 - Gente de B\u00e1squet\" \/>\n<meta property=\"og:description\" content=\"Argentina fue a los JOJ con un solo bahiense: Rodrigo Gerhardt (b\u00e1squet 3x3)\" \/>\n<meta property=\"og:url\" content=\"http:\/\/gentedebasquet.com.ar\/sitio\/2014\/08\/16\/se-viene-nanjing-2014\/\" \/>\n<meta property=\"og:site_name\" content=\"Gente de B\u00e1squet\" \/>\n<meta property=\"article:published_time\" content=\"2014-08-16T16:32:26+00:00\" \/>\n<meta property=\"og:image\" content=\"http:\/\/gentedebasquet.com.ar\/sitio\/wp-content\/uploads\/2014\/08\/JJOO-Apertura.jpg\" \/>\n\t<meta property=\"og:image:width\" content=\"690\" \/>\n\t<meta property=\"og:image:height\" content=\"319\" \/>\n\t<meta property=\"og:image:type\" content=\"image\/jpeg\" \/>\n<meta name=\"author\" content=\"Gente de B\u00e1squet\" \/>\n<meta name=\"twitter:card\" content=\"summary_large_image\" \/>\n<meta name=\"twitter:label1\" content=\"Escrito por\" \/>\n\t<meta name=\"twitter:data1\" content=\"Gente de B\u00e1squet\" \/>\n\t<meta name=\"twitter:label2\" content=\"Tiempo de lectura\" \/>\n\t<meta name=\"twitter:data2\" content=\"2 minutos\" \/>\n<script type=\"application\/ld+json\" class=\"yoast-schema-graph\">{\"@context\":\"https:\\\/\\\/schema.org\",\"@graph\":[{\"@type\":\"Article\",\"@id\":\"http:\\\/\\\/gentedebasquet.com.ar\\\/sitio\\\/2014\\\/08\\\/16\\\/se-viene-nanjing-2014\\\/#article\",\"isPartOf\":{\"@id\":\"http:\\\/\\\/gentedebasquet.com.ar\\\/sitio\\\/2014\\\/08\\\/16\\\/se-viene-nanjing-2014\\\/\"},\"author\":{\"name\":\"Gente de B\u00e1squet\",\"@id\":\"https:\\\/\\\/gentedebasquet.com.ar\\\/sitio\\\/#\\\/schema\\\/person\\\/ca0b63bbb977369988a7bbbdc519943a\"},\"headline\":\"Se viene Nanjing 2014\",\"datePublished\":\"2014-08-16T16:32:26+00:00\",\"mainEntityOfPage\":{\"@id\":\"http:\\\/\\\/gentedebasquet.com.ar\\\/sitio\\\/2014\\\/08\\\/16\\\/se-viene-nanjing-2014\\\/\"},\"wordCount\":403,\"image\":{\"@id\":\"http:\\\/\\\/gentedebasquet.com.ar\\\/sitio\\\/2014\\\/08\\\/16\\\/se-viene-nanjing-2014\\\/#primaryimage\"},\"thumbnailUrl\":\"https:\\\/\\\/gentedebasquet.com.ar\\\/sitio\\\/wp-content\\\/uploads\\\/2014\\\/08\\\/JJOO-Apertura.jpg\",\"keywords\":[\"Bahiense Del Norte\",\"JJOO\",\"Nanjing 2014\",\"Rodrigo Gerhardt\"],\"articleSection\":[\"Selecciones Nacionales\",\"Slide\"],\"inLanguage\":\"es\"},{\"@type\":\"WebPage\",\"@id\":\"http:\\\/\\\/gentedebasquet.com.ar\\\/sitio\\\/2014\\\/08\\\/16\\\/se-viene-nanjing-2014\\\/\",\"url\":\"http:\\\/\\\/gentedebasquet.com.ar\\\/sitio\\\/2014\\\/08\\\/16\\\/se-viene-nanjing-2014\\\/\",\"name\":\"Se viene Nanjing 2014 - Gente de B\u00e1squet\",\"isPartOf\":{\"@id\":\"https:\\\/\\\/gentedebasquet.com.ar\\\/sitio\\\/#website\"},\"primaryImageOfPage\":{\"@id\":\"http:\\\/\\\/gentedebasquet.com.ar\\\/sitio\\\/2014\\\/08\\\/16\\\/se-viene-nanjing-2014\\\/#primaryimage\"},\"image\":{\"@id\":\"http:\\\/\\\/gentedebasquet.com.ar\\\/sitio\\\/2014\\\/08\\\/16\\\/se-viene-nanjing-2014\\\/#primaryimage\"},\"thumbnailUrl\":\"https:\\\/\\\/gentedebasquet.com.ar\\\/sitio\\\/wp-content\\\/uploads\\\/2014\\\/08\\\/JJOO-Apertura.jpg\",\"datePublished\":\"2014-08-16T16:32:26+00:00\",\"author\":{\"@id\":\"https:\\\/\\\/gentedebasquet.com.ar\\\/sitio\\\/#\\\/schema\\\/person\\\/ca0b63bbb977369988a7bbbdc519943a\"},\"breadcrumb\":{\"@id\":\"http:\\\/\\\/gentedebasquet.com.ar\\\/sitio\\\/2014\\\/08\\\/16\\\/se-viene-nanjing-2014\\\/#breadcrumb\"},\"inLanguage\":\"es\",\"potentialAction\":[{\"@type\":\"ReadAction\",\"target\":[\"http:\\\/\\\/gentedebasquet.com.ar\\\/sitio\\\/2014\\\/08\\\/16\\\/se-viene-nanjing-2014\\\/\"]}]},{\"@type\":\"ImageObject\",\"inLanguage\":\"es\",\"@id\":\"http:\\\/\\\/gentedebasquet.com.ar\\\/sitio\\\/2014\\\/08\\\/16\\\/se-viene-nanjing-2014\\\/#primaryimage\",\"url\":\"https:\\\/\\\/gentedebasquet.com.ar\\\/sitio\\\/wp-content\\\/uploads\\\/2014\\\/08\\\/JJOO-Apertura.jpg\",\"contentUrl\":\"https:\\\/\\\/gentedebasquet.com.ar\\\/sitio\\\/wp-content\\\/uploads\\\/2014\\\/08\\\/JJOO-Apertura.jpg\",\"width\":690,\"height\":319},{\"@type\":\"BreadcrumbList\",\"@id\":\"http:\\\/\\\/gentedebasquet.com.ar\\\/sitio\\\/2014\\\/08\\\/16\\\/se-viene-nanjing-2014\\\/#breadcrumb\",\"itemListElement\":[{\"@type\":\"ListItem\",\"position\":1,\"name\":\"Portada\",\"item\":\"https:\\\/\\\/gentedebasquet.com.ar\\\/sitio\\\/\"},{\"@type\":\"ListItem\",\"position\":2,\"name\":\"Se viene Nanjing 2014\"}]},{\"@type\":\"WebSite\",\"@id\":\"https:\\\/\\\/gentedebasquet.com.ar\\\/sitio\\\/#website\",\"url\":\"https:\\\/\\\/gentedebasquet.com.ar\\\/sitio\\\/\",\"name\":\"Gente de B\u00e1squet\",\"description\":\"La revista del basquet de Bah\u00eda Blanca\",\"potentialAction\":[{\"@type\":\"SearchAction\",\"target\":{\"@type\":\"EntryPoint\",\"urlTemplate\":\"https:\\\/\\\/gentedebasquet.com.ar\\\/sitio\\\/?s={search_term_string}\"},\"query-input\":{\"@type\":\"PropertyValueSpecification\",\"valueRequired\":true,\"valueName\":\"search_term_string\"}}],\"inLanguage\":\"es\"},{\"@type\":\"Person\",\"@id\":\"https:\\\/\\\/gentedebasquet.com.ar\\\/sitio\\\/#\\\/schema\\\/person\\\/ca0b63bbb977369988a7bbbdc519943a\",\"name\":\"Gente de B\u00e1squet\",\"image\":{\"@type\":\"ImageObject\",\"inLanguage\":\"es\",\"@id\":\"https:\\\/\\\/secure.gravatar.com\\\/avatar\\\/7f2c48bdc33b30088f941fb6082e555f2874c98e20cb159d7b92b50eadfce793?s=96&d=mm&r=g\",\"url\":\"https:\\\/\\\/secure.gravatar.com\\\/avatar\\\/7f2c48bdc33b30088f941fb6082e555f2874c98e20cb159d7b92b50eadfce793?s=96&d=mm&r=g\",\"contentUrl\":\"https:\\\/\\\/secure.gravatar.com\\\/avatar\\\/7f2c48bdc33b30088f941fb6082e555f2874c98e20cb159d7b92b50eadfce793?s=96&d=mm&r=g\",\"caption\":\"Gente de B\u00e1squet\"},\"sameAs\":[\"http:\\\/\\\/gentedebasquet.com.ar\\\/sitio\"],\"url\":\"https:\\\/\\\/gentedebasquet.com.ar\\\/sitio\\\/author\\\/ulises\\\/\"}]}<\/script>\n<!-- \/ Yoast SEO plugin. -->","yoast_head_json":{"title":"Se viene Nanjing 2014 - Gente de B\u00e1squet","robots":{"index":"index","follow":"follow","max-snippet":"max-snippet:-1","max-image-preview":"max-image-preview:large","max-video-preview":"max-video-preview:-1"},"canonical":"http:\/\/gentedebasquet.com.ar\/sitio\/2014\/08\/16\/se-viene-nanjing-2014\/","og_locale":"es_ES","og_type":"article","og_title":"Se viene Nanjing 2014 - Gente de B\u00e1squet","og_description":"Argentina fue a los JOJ con un solo bahiense: Rodrigo Gerhardt (b\u00e1squet 3x3)","og_url":"http:\/\/gentedebasquet.com.ar\/sitio\/2014\/08\/16\/se-viene-nanjing-2014\/","og_site_name":"Gente de B\u00e1squet","article_published_time":"2014-08-16T16:32:26+00:00","og_image":[{"width":690,"height":319,"url":"http:\/\/gentedebasquet.com.ar\/sitio\/wp-content\/uploads\/2014\/08\/JJOO-Apertura.jpg","type":"image\/jpeg"}],"author":"Gente de B\u00e1squet","twitter_card":"summary_large_image","twitter_misc":{"Escrito por":"Gente de B\u00e1squet","Tiempo de lectura":"2 minutos"},"schema":{"@context":"https:\/\/schema.org","@graph":[{"@type":"Article","@id":"http:\/\/gentedebasquet.com.ar\/sitio\/2014\/08\/16\/se-viene-nanjing-2014\/#article","isPartOf":{"@id":"http:\/\/gentedebasquet.com.ar\/sitio\/2014\/08\/16\/se-viene-nanjing-2014\/"},"author":{"name":"Gente de B\u00e1squet","@id":"https:\/\/gentedebasquet.com.ar\/sitio\/#\/schema\/person\/ca0b63bbb977369988a7bbbdc519943a"},"headline":"Se viene Nanjing 2014","datePublished":"2014-08-16T16:32:26+00:00","mainEntityOfPage":{"@id":"http:\/\/gentedebasquet.com.ar\/sitio\/2014\/08\/16\/se-viene-nanjing-2014\/"},"wordCount":403,"image":{"@id":"http:\/\/gentedebasquet.com.ar\/sitio\/2014\/08\/16\/se-viene-nanjing-2014\/#primaryimage"},"thumbnailUrl":"https:\/\/gentedebasquet.com.ar\/sitio\/wp-content\/uploads\/2014\/08\/JJOO-Apertura.jpg","keywords":["Bahiense Del Norte","JJOO","Nanjing 2014","Rodrigo Gerhardt"],"articleSection":["Selecciones Nacionales","Slide"],"inLanguage":"es"},{"@type":"WebPage","@id":"http:\/\/gentedebasquet.com.ar\/sitio\/2014\/08\/16\/se-viene-nanjing-2014\/","url":"http:\/\/gentedebasquet.com.ar\/sitio\/2014\/08\/16\/se-viene-nanjing-2014\/","name":"Se viene Nanjing 2014 - Gente de B\u00e1squet","isPartOf":{"@id":"https:\/\/gentedebasquet.com.ar\/sitio\/#website"},"primaryImageOfPage":{"@id":"http:\/\/gentedebasquet.com.ar\/sitio\/2014\/08\/16\/se-viene-nanjing-2014\/#primaryimage"},"image":{"@id":"http:\/\/gentedebasquet.com.ar\/sitio\/2014\/08\/16\/se-viene-nanjing-2014\/#primaryimage"},"thumbnailUrl":"https:\/\/gentedebasquet.com.ar\/sitio\/wp-content\/uploads\/2014\/08\/JJOO-Apertura.jpg","datePublished":"2014-08-16T16:32:26+00:00","author":{"@id":"https:\/\/gentedebasquet.com.ar\/sitio\/#\/schema\/person\/ca0b63bbb977369988a7bbbdc519943a"},"breadcrumb":{"@id":"http:\/\/gentedebasquet.com.ar\/sitio\/2014\/08\/16\/se-viene-nanjing-2014\/#breadcrumb"},"inLanguage":"es","potentialAction":[{"@type":"ReadAction","target":["http:\/\/gentedebasquet.com.ar\/sitio\/2014\/08\/16\/se-viene-nanjing-2014\/"]}]},{"@type":"ImageObject","inLanguage":"es","@id":"http:\/\/gentedebasquet.com.ar\/sitio\/2014\/08\/16\/se-viene-nanjing-2014\/#primaryimage","url":"https:\/\/gentedebasquet.com.ar\/sitio\/wp-content\/uploads\/2014\/08\/JJOO-Apertura.jpg","contentUrl":"https:\/\/gentedebasquet.com.ar\/sitio\/wp-content\/uploads\/2014\/08\/JJOO-Apertura.jpg","width":690,"height":319},{"@type":"BreadcrumbList","@id":"http:\/\/gentedebasquet.com.ar\/sitio\/2014\/08\/16\/se-viene-nanjing-2014\/#breadcrumb","itemListElement":[{"@type":"ListItem","position":1,"name":"Portada","item":"https:\/\/gentedebasquet.com.ar\/sitio\/"},{"@type":"ListItem","position":2,"name":"Se viene Nanjing 2014"}]},{"@type":"WebSite","@id":"https:\/\/gentedebasquet.com.ar\/sitio\/#website","url":"https:\/\/gentedebasquet.com.ar\/sitio\/","name":"Gente de B\u00e1squet","description":"La revista del basquet de Bah\u00eda Blanca","potentialAction":[{"@type":"SearchAction","target":{"@type":"EntryPoint","urlTemplate":"https:\/\/gentedebasquet.com.ar\/sitio\/?s={search_term_string}"},"query-input":{"@type":"PropertyValueSpecification","valueRequired":true,"valueName":"search_term_string"}}],"inLanguage":"es"},{"@type":"Person","@id":"https:\/\/gentedebasquet.com.ar\/sitio\/#\/schema\/person\/ca0b63bbb977369988a7bbbdc519943a","name":"Gente de B\u00e1squet","image":{"@type":"ImageObject","inLanguage":"es","@id":"https:\/\/secure.gravatar.com\/avatar\/7f2c48bdc33b30088f941fb6082e555f2874c98e20cb159d7b92b50eadfce793?s=96&d=mm&r=g","url":"https:\/\/secure.gravatar.com\/avatar\/7f2c48bdc33b30088f941fb6082e555f2874c98e20cb159d7b92b50eadfce793?s=96&d=mm&r=g","contentUrl":"https:\/\/secure.gravatar.com\/avatar\/7f2c48bdc33b30088f941fb6082e555f2874c98e20cb159d7b92b50eadfce793?s=96&d=mm&r=g","caption":"Gente de B\u00e1squet"},"sameAs":["http:\/\/gentedebasquet.com.ar\/sitio"],"url":"https:\/\/gentedebasquet.com.ar\/sitio\/author\/ulises\/"}]}},"_links":{"self":[{"href":"https:\/\/gentedebasquet.com.ar\/sitio\/wp-json\/wp\/v2\/posts\/36639","targetHints":{"allow":["GET"]}}],"collection":[{"href":"https:\/\/gentedebasquet.com.ar\/sitio\/wp-json\/wp\/v2\/posts"}],"about":[{"href":"https:\/\/gentedebasquet.com.ar\/sitio\/wp-json\/wp\/v2\/types\/post"}],"author":[{"embeddable":true,"href":"https:\/\/gentedebasquet.com.ar\/sitio\/wp-json\/wp\/v2\/users\/1"}],"replies":[{"embeddable":true,"href":"https:\/\/gentedebasquet.com.ar\/sitio\/wp-json\/wp\/v2\/comments?post=36639"}],"version-history":[{"count":0,"href":"https:\/\/gentedebasquet.com.ar\/sitio\/wp-json\/wp\/v2\/posts\/36639\/revisions"}],"wp:featuredmedia":[{"embeddable":true,"href":"https:\/\/gentedebasquet.com.ar\/sitio\/wp-json\/wp\/v2\/media\/36641"}],"wp:attachment":[{"href":"https:\/\/gentedebasquet.com.ar\/sitio\/wp-json\/wp\/v2\/media?parent=36639"}],"wp:term":[{"taxonomy":"category","embeddable":true,"href":"https:\/\/gentedebasquet.com.ar\/sitio\/wp-json\/wp\/v2\/categories?post=36639"},{"taxonomy":"post_tag","embeddable":true,"href":"https:\/\/gentedebasquet.com.ar\/sitio\/wp-json\/wp\/v2\/tags?post=36639"}],"curies":[{"name":"wp","href":"https:\/\/api.w.org\/{rel}","templated":true}]}}