{"id":36729,"date":"2014-08-18T10:50:16","date_gmt":"2014-08-18T13:50:16","guid":{"rendered":"http:\/\/www.gentedebasquet.com.ar\/?p=36729"},"modified":"2014-08-18T10:50:16","modified_gmt":"2014-08-18T13:50:16","slug":"basquetbol-2x1","status":"publish","type":"post","link":"https:\/\/gentedebasquet.com.ar\/sitio\/2014\/08\/18\/basquetbol-2x1\/","title":{"rendered":"B\u00e1squetbol 2&#215;1"},"content":{"rendered":"<p><strong>Comenz\u00f3 el b\u00e1squetbol en los Juegos Ol\u00edmpicos de la Juventud, que se realizan en Nanjing, China, y que permanecer\u00e1n hasta el 28 de agosto. La modalidad es la de 3&#215;3 en la categor\u00eda U18 y Argentina debut\u00f3 con dos buenos triunfos: primero venci\u00f3 a Brasil por 16 a 10, con 1 punto de rodrigo Gerhardt (4m28), y luego derrot\u00f3 a Rumania 16 a 12, con 3 unidades de bahiense (4m42). Jos\u00e9 Vildoza, Michiel Divoy y Juan Lugr\u00edn completan el equipo de Marcelo Germanetto. Este martes a las 7.40 hora argentina, el rival ser\u00e1 Nueva Zelanda.<\/strong><\/p>\n<p>&nbsp;<\/p>\n<p>&nbsp;<\/p>\n<h6>GRUPO A<\/h6>\n<p>China, Hungr\u00eda, Eslovenia, Alemania, Uruguay, Lituania, Polonia, Indonesia y Puerto Rico.<\/p>\n<h6>GRUPO B<\/h6>\n<p>Argentina, Brasil, Rumania, Nueva Zelanda, Guatemala, Venezuela, Rusia, T\u00fanez, Andorra y Espa\u00f1a.<\/p>\n<h6>FIXTURE de ARGENTINA (hora de nuestro pa\u00eds)<\/h6>\n<p>Lunes 18\/08 &#8211; Brasil 10-16 Argentina<\/p>\n<p>Lunes 18\/08 &#8211; Rumania 12-16 Argentina<\/p>\n<p>Martes 19 &#8211; \u00a07.40 vs Nueva Zelanda<\/p>\n<p>Mi\u00e9rcoles 20 &#8211; 6.20 vs Guatemala<\/p>\n<p>Mi\u00e9rcoles 20 &#8211; \u00a010.40 vs Venezuela<\/p>\n<p>Viernes 22 &#8211; 8.20 vs Rusia<\/p>\n<p>S\u00e1bado 23 &#8211; 6.00 vs T\u00fanez<\/p>\n<p>S\u00e1bado 23 &#8211; 10.20 vs Andorra<\/p>\n<p>Domingo 24 &#8211; 8.40 vs Espa\u00f1a<\/p>\n<h5><b>SELECCI\u00d3N ARGENTINA U18 3X3<\/b><\/h5>\n<p>-VILDOZA, Jos\u00e9<br \/>\nPosici\u00f3n: base<br \/>\nAltura: 1.91 metro<br \/>\nA\u00f1o de Nacimiento: 1996<br \/>\nClub: Libertad de Sunchales, Santa Fe<\/p>\n<p>DIVOY, Michel<br \/>\nPosici\u00f3n: escolta<br \/>\nAltura: 1.92 metro<br \/>\nA\u00f1o de Nacimiento: 1996<br \/>\nClub: Monte Hermoso B\u00e1squet, Monte Hermoso<\/p>\n<p>-LUGR\u00cdN, Juan Pablo<br \/>\nPosici\u00f3n: Alero<br \/>\nAltura: 1.94 metro<br \/>\nA\u00f1o de Nacimiento: 1996<br \/>\nClub: Obras Sanitarias, Capital Federal<\/p>\n<p>-GERHARDT, Rodrigo<br \/>\nPosici\u00f3n: alero\/alapivot<br \/>\nAltura: 1.98 metro<br \/>\nA\u00f1o de Nacimiento: 1996<br \/>\nClub: Bahiense del Norte, Bah\u00eda Blanca<\/p>\n<p>Entrenador: Marcelo Germanetto.<\/p>\n<h6>Detalles del torneo<\/h6>\n<p>De los 20 pa\u00edses, separados en 2 Grupos de 10, clasificar\u00e1n los mejores 16 a los octavos de final. Los partidos se disputar\u00e1n en media cancha (un solo aro) y de 10 minutos, salvo que un equipo logre 21 puntos o m\u00e1s antes de que acabe el tiempo. Cada equipo est\u00e1 integrado por 3 jugadores y 1 suplente, que puede ingresar en cada bola muerta. Los tiros libres y los goles de campo valen un (1) punto, salvo los acertados desde 6.75 metros, que valen dos (2). La posesi\u00f3n dura 12 segundos y cada equipo goza de un (1) tiempo muerto de 30 segundos. Finalmente, dentro de las reglas m\u00e1s destacadas, se observa que un equipo incurre en penalizaci\u00f3n al llegar a las 7 faltas y que luego de la d\u00e9cima infracci\u00f3n acumulada, se sancionar\u00e1n faltas t\u00e9cnicas.<\/p>\n<p>Asimismo, en el d\u00eda de descanso (jueves 21), se realizar\u00e1 un torneo de volcadas en la que seguramente Argentina estar\u00e1 representada por Michel Divoy.<\/p>\n<p><a href=\"http:\/\/www.gentedebasquet.com.ar\/wp-content\/uploads\/2014\/08\/nanjing.jpg\"><img decoding=\"async\" alt=\"nanjing\" src=\"http:\/\/www.gentedebasquet.com.ar\/wp-content\/uploads\/2014\/08\/nanjing.jpg\" width=\"640\" height=\"720\" \/><\/a><\/p>\n","protected":false},"excerpt":{"rendered":"<p>Con Gerhardt, Argentina debut\u00f3 en Nanjing venciendo a Brasil 16-10 y a Rumania 16-12<\/p>\n","protected":false},"author":1,"featured_media":36731,"comment_status":"closed","ping_status":"open","sticky":false,"template":"","format":"standard","meta":{"jnews-multi-image_gallery":[],"jnews_single_post":[],"jnews_primary_category":[],"footnotes":""},"categories":[61,101],"tags":[708,868,174],"class_list":["post-36729","post","type-post","status-publish","format-standard","has-post-thumbnail","hentry","category-selecciones-nacionales","category-slide","tag-argentina-u18","tag-nanjing-2014","tag-rodrigo-gerhardt"],"yoast_head":"<!-- This site is optimized with the Yoast SEO plugin v27.5 - https:\/\/yoast.com\/product\/yoast-seo-wordpress\/ -->\n<title>B\u00e1squetbol 2x1 - Gente de B\u00e1squet<\/title>\n<meta name=\"robots\" content=\"index, follow, max-snippet:-1, max-image-preview:large, max-video-preview:-1\" \/>\n<link rel=\"canonical\" href=\"http:\/\/gentedebasquet.com.ar\/sitio\/2014\/08\/18\/basquetbol-2x1\/\" \/>\n<meta property=\"og:locale\" content=\"es_ES\" \/>\n<meta property=\"og:type\" content=\"article\" \/>\n<meta property=\"og:title\" content=\"B\u00e1squetbol 2x1 - Gente de B\u00e1squet\" \/>\n<meta property=\"og:description\" content=\"Con Gerhardt, Argentina debut\u00f3 en Nanjing venciendo a Brasil 16-10 y a Rumania 16-12\" \/>\n<meta property=\"og:url\" content=\"http:\/\/gentedebasquet.com.ar\/sitio\/2014\/08\/18\/basquetbol-2x1\/\" \/>\n<meta property=\"og:site_name\" content=\"Gente de B\u00e1squet\" \/>\n<meta property=\"article:published_time\" content=\"2014-08-18T13:50:16+00:00\" \/>\n<meta property=\"og:image\" content=\"http:\/\/gentedebasquet.com.ar\/sitio\/wp-content\/uploads\/2014\/08\/Nanjing-Gerhardt.jpg\" \/>\n\t<meta property=\"og:image:width\" content=\"690\" \/>\n\t<meta property=\"og:image:height\" content=\"319\" \/>\n\t<meta property=\"og:image:type\" content=\"image\/jpeg\" \/>\n<meta name=\"author\" content=\"Gente de B\u00e1squet\" \/>\n<meta name=\"twitter:card\" content=\"summary_large_image\" \/>\n<meta name=\"twitter:label1\" content=\"Escrito por\" \/>\n\t<meta name=\"twitter:data1\" content=\"Gente de B\u00e1squet\" \/>\n\t<meta name=\"twitter:label2\" content=\"Tiempo de lectura\" \/>\n\t<meta name=\"twitter:data2\" content=\"2 minutos\" \/>\n<script type=\"application\/ld+json\" class=\"yoast-schema-graph\">{\"@context\":\"https:\\\/\\\/schema.org\",\"@graph\":[{\"@type\":\"Article\",\"@id\":\"http:\\\/\\\/gentedebasquet.com.ar\\\/sitio\\\/2014\\\/08\\\/18\\\/basquetbol-2x1\\\/#article\",\"isPartOf\":{\"@id\":\"http:\\\/\\\/gentedebasquet.com.ar\\\/sitio\\\/2014\\\/08\\\/18\\\/basquetbol-2x1\\\/\"},\"author\":{\"name\":\"Gente de B\u00e1squet\",\"@id\":\"https:\\\/\\\/gentedebasquet.com.ar\\\/sitio\\\/#\\\/schema\\\/person\\\/ca0b63bbb977369988a7bbbdc519943a\"},\"headline\":\"B\u00e1squetbol 2&#215;1\",\"datePublished\":\"2014-08-18T13:50:16+00:00\",\"mainEntityOfPage\":{\"@id\":\"http:\\\/\\\/gentedebasquet.com.ar\\\/sitio\\\/2014\\\/08\\\/18\\\/basquetbol-2x1\\\/\"},\"wordCount\":420,\"image\":{\"@id\":\"http:\\\/\\\/gentedebasquet.com.ar\\\/sitio\\\/2014\\\/08\\\/18\\\/basquetbol-2x1\\\/#primaryimage\"},\"thumbnailUrl\":\"https:\\\/\\\/gentedebasquet.com.ar\\\/sitio\\\/wp-content\\\/uploads\\\/2014\\\/08\\\/Nanjing-Gerhardt.jpg\",\"keywords\":[\"Argentina U18\",\"Nanjing 2014\",\"Rodrigo Gerhardt\"],\"articleSection\":[\"Selecciones Nacionales\",\"Slide\"],\"inLanguage\":\"es\"},{\"@type\":\"WebPage\",\"@id\":\"http:\\\/\\\/gentedebasquet.com.ar\\\/sitio\\\/2014\\\/08\\\/18\\\/basquetbol-2x1\\\/\",\"url\":\"http:\\\/\\\/gentedebasquet.com.ar\\\/sitio\\\/2014\\\/08\\\/18\\\/basquetbol-2x1\\\/\",\"name\":\"B\u00e1squetbol 2x1 - Gente de B\u00e1squet\",\"isPartOf\":{\"@id\":\"https:\\\/\\\/gentedebasquet.com.ar\\\/sitio\\\/#website\"},\"primaryImageOfPage\":{\"@id\":\"http:\\\/\\\/gentedebasquet.com.ar\\\/sitio\\\/2014\\\/08\\\/18\\\/basquetbol-2x1\\\/#primaryimage\"},\"image\":{\"@id\":\"http:\\\/\\\/gentedebasquet.com.ar\\\/sitio\\\/2014\\\/08\\\/18\\\/basquetbol-2x1\\\/#primaryimage\"},\"thumbnailUrl\":\"https:\\\/\\\/gentedebasquet.com.ar\\\/sitio\\\/wp-content\\\/uploads\\\/2014\\\/08\\\/Nanjing-Gerhardt.jpg\",\"datePublished\":\"2014-08-18T13:50:16+00:00\",\"author\":{\"@id\":\"https:\\\/\\\/gentedebasquet.com.ar\\\/sitio\\\/#\\\/schema\\\/person\\\/ca0b63bbb977369988a7bbbdc519943a\"},\"breadcrumb\":{\"@id\":\"http:\\\/\\\/gentedebasquet.com.ar\\\/sitio\\\/2014\\\/08\\\/18\\\/basquetbol-2x1\\\/#breadcrumb\"},\"inLanguage\":\"es\",\"potentialAction\":[{\"@type\":\"ReadAction\",\"target\":[\"http:\\\/\\\/gentedebasquet.com.ar\\\/sitio\\\/2014\\\/08\\\/18\\\/basquetbol-2x1\\\/\"]}]},{\"@type\":\"ImageObject\",\"inLanguage\":\"es\",\"@id\":\"http:\\\/\\\/gentedebasquet.com.ar\\\/sitio\\\/2014\\\/08\\\/18\\\/basquetbol-2x1\\\/#primaryimage\",\"url\":\"https:\\\/\\\/gentedebasquet.com.ar\\\/sitio\\\/wp-content\\\/uploads\\\/2014\\\/08\\\/Nanjing-Gerhardt.jpg\",\"contentUrl\":\"https:\\\/\\\/gentedebasquet.com.ar\\\/sitio\\\/wp-content\\\/uploads\\\/2014\\\/08\\\/Nanjing-Gerhardt.jpg\",\"width\":690,\"height\":319},{\"@type\":\"BreadcrumbList\",\"@id\":\"http:\\\/\\\/gentedebasquet.com.ar\\\/sitio\\\/2014\\\/08\\\/18\\\/basquetbol-2x1\\\/#breadcrumb\",\"itemListElement\":[{\"@type\":\"ListItem\",\"position\":1,\"name\":\"Portada\",\"item\":\"https:\\\/\\\/gentedebasquet.com.ar\\\/sitio\\\/\"},{\"@type\":\"ListItem\",\"position\":2,\"name\":\"B\u00e1squetbol 2&#215;1\"}]},{\"@type\":\"WebSite\",\"@id\":\"https:\\\/\\\/gentedebasquet.com.ar\\\/sitio\\\/#website\",\"url\":\"https:\\\/\\\/gentedebasquet.com.ar\\\/sitio\\\/\",\"name\":\"Gente de B\u00e1squet\",\"description\":\"La revista del basquet de Bah\u00eda Blanca\",\"potentialAction\":[{\"@type\":\"SearchAction\",\"target\":{\"@type\":\"EntryPoint\",\"urlTemplate\":\"https:\\\/\\\/gentedebasquet.com.ar\\\/sitio\\\/?s={search_term_string}\"},\"query-input\":{\"@type\":\"PropertyValueSpecification\",\"valueRequired\":true,\"valueName\":\"search_term_string\"}}],\"inLanguage\":\"es\"},{\"@type\":\"Person\",\"@id\":\"https:\\\/\\\/gentedebasquet.com.ar\\\/sitio\\\/#\\\/schema\\\/person\\\/ca0b63bbb977369988a7bbbdc519943a\",\"name\":\"Gente de B\u00e1squet\",\"image\":{\"@type\":\"ImageObject\",\"inLanguage\":\"es\",\"@id\":\"https:\\\/\\\/secure.gravatar.com\\\/avatar\\\/7f2c48bdc33b30088f941fb6082e555f2874c98e20cb159d7b92b50eadfce793?s=96&d=mm&r=g\",\"url\":\"https:\\\/\\\/secure.gravatar.com\\\/avatar\\\/7f2c48bdc33b30088f941fb6082e555f2874c98e20cb159d7b92b50eadfce793?s=96&d=mm&r=g\",\"contentUrl\":\"https:\\\/\\\/secure.gravatar.com\\\/avatar\\\/7f2c48bdc33b30088f941fb6082e555f2874c98e20cb159d7b92b50eadfce793?s=96&d=mm&r=g\",\"caption\":\"Gente de B\u00e1squet\"},\"sameAs\":[\"http:\\\/\\\/gentedebasquet.com.ar\\\/sitio\"],\"url\":\"https:\\\/\\\/gentedebasquet.com.ar\\\/sitio\\\/author\\\/ulises\\\/\"}]}<\/script>\n<!-- \/ Yoast SEO plugin. -->","yoast_head_json":{"title":"B\u00e1squetbol 2x1 - Gente de B\u00e1squet","robots":{"index":"index","follow":"follow","max-snippet":"max-snippet:-1","max-image-preview":"max-image-preview:large","max-video-preview":"max-video-preview:-1"},"canonical":"http:\/\/gentedebasquet.com.ar\/sitio\/2014\/08\/18\/basquetbol-2x1\/","og_locale":"es_ES","og_type":"article","og_title":"B\u00e1squetbol 2x1 - Gente de B\u00e1squet","og_description":"Con Gerhardt, Argentina debut\u00f3 en Nanjing venciendo a Brasil 16-10 y a Rumania 16-12","og_url":"http:\/\/gentedebasquet.com.ar\/sitio\/2014\/08\/18\/basquetbol-2x1\/","og_site_name":"Gente de B\u00e1squet","article_published_time":"2014-08-18T13:50:16+00:00","og_image":[{"width":690,"height":319,"url":"http:\/\/gentedebasquet.com.ar\/sitio\/wp-content\/uploads\/2014\/08\/Nanjing-Gerhardt.jpg","type":"image\/jpeg"}],"author":"Gente de B\u00e1squet","twitter_card":"summary_large_image","twitter_misc":{"Escrito por":"Gente de B\u00e1squet","Tiempo de lectura":"2 minutos"},"schema":{"@context":"https:\/\/schema.org","@graph":[{"@type":"Article","@id":"http:\/\/gentedebasquet.com.ar\/sitio\/2014\/08\/18\/basquetbol-2x1\/#article","isPartOf":{"@id":"http:\/\/gentedebasquet.com.ar\/sitio\/2014\/08\/18\/basquetbol-2x1\/"},"author":{"name":"Gente de B\u00e1squet","@id":"https:\/\/gentedebasquet.com.ar\/sitio\/#\/schema\/person\/ca0b63bbb977369988a7bbbdc519943a"},"headline":"B\u00e1squetbol 2&#215;1","datePublished":"2014-08-18T13:50:16+00:00","mainEntityOfPage":{"@id":"http:\/\/gentedebasquet.com.ar\/sitio\/2014\/08\/18\/basquetbol-2x1\/"},"wordCount":420,"image":{"@id":"http:\/\/gentedebasquet.com.ar\/sitio\/2014\/08\/18\/basquetbol-2x1\/#primaryimage"},"thumbnailUrl":"https:\/\/gentedebasquet.com.ar\/sitio\/wp-content\/uploads\/2014\/08\/Nanjing-Gerhardt.jpg","keywords":["Argentina U18","Nanjing 2014","Rodrigo Gerhardt"],"articleSection":["Selecciones Nacionales","Slide"],"inLanguage":"es"},{"@type":"WebPage","@id":"http:\/\/gentedebasquet.com.ar\/sitio\/2014\/08\/18\/basquetbol-2x1\/","url":"http:\/\/gentedebasquet.com.ar\/sitio\/2014\/08\/18\/basquetbol-2x1\/","name":"B\u00e1squetbol 2x1 - Gente de B\u00e1squet","isPartOf":{"@id":"https:\/\/gentedebasquet.com.ar\/sitio\/#website"},"primaryImageOfPage":{"@id":"http:\/\/gentedebasquet.com.ar\/sitio\/2014\/08\/18\/basquetbol-2x1\/#primaryimage"},"image":{"@id":"http:\/\/gentedebasquet.com.ar\/sitio\/2014\/08\/18\/basquetbol-2x1\/#primaryimage"},"thumbnailUrl":"https:\/\/gentedebasquet.com.ar\/sitio\/wp-content\/uploads\/2014\/08\/Nanjing-Gerhardt.jpg","datePublished":"2014-08-18T13:50:16+00:00","author":{"@id":"https:\/\/gentedebasquet.com.ar\/sitio\/#\/schema\/person\/ca0b63bbb977369988a7bbbdc519943a"},"breadcrumb":{"@id":"http:\/\/gentedebasquet.com.ar\/sitio\/2014\/08\/18\/basquetbol-2x1\/#breadcrumb"},"inLanguage":"es","potentialAction":[{"@type":"ReadAction","target":["http:\/\/gentedebasquet.com.ar\/sitio\/2014\/08\/18\/basquetbol-2x1\/"]}]},{"@type":"ImageObject","inLanguage":"es","@id":"http:\/\/gentedebasquet.com.ar\/sitio\/2014\/08\/18\/basquetbol-2x1\/#primaryimage","url":"https:\/\/gentedebasquet.com.ar\/sitio\/wp-content\/uploads\/2014\/08\/Nanjing-Gerhardt.jpg","contentUrl":"https:\/\/gentedebasquet.com.ar\/sitio\/wp-content\/uploads\/2014\/08\/Nanjing-Gerhardt.jpg","width":690,"height":319},{"@type":"BreadcrumbList","@id":"http:\/\/gentedebasquet.com.ar\/sitio\/2014\/08\/18\/basquetbol-2x1\/#breadcrumb","itemListElement":[{"@type":"ListItem","position":1,"name":"Portada","item":"https:\/\/gentedebasquet.com.ar\/sitio\/"},{"@type":"ListItem","position":2,"name":"B\u00e1squetbol 2&#215;1"}]},{"@type":"WebSite","@id":"https:\/\/gentedebasquet.com.ar\/sitio\/#website","url":"https:\/\/gentedebasquet.com.ar\/sitio\/","name":"Gente de B\u00e1squet","description":"La revista del basquet de Bah\u00eda Blanca","potentialAction":[{"@type":"SearchAction","target":{"@type":"EntryPoint","urlTemplate":"https:\/\/gentedebasquet.com.ar\/sitio\/?s={search_term_string}"},"query-input":{"@type":"PropertyValueSpecification","valueRequired":true,"valueName":"search_term_string"}}],"inLanguage":"es"},{"@type":"Person","@id":"https:\/\/gentedebasquet.com.ar\/sitio\/#\/schema\/person\/ca0b63bbb977369988a7bbbdc519943a","name":"Gente de B\u00e1squet","image":{"@type":"ImageObject","inLanguage":"es","@id":"https:\/\/secure.gravatar.com\/avatar\/7f2c48bdc33b30088f941fb6082e555f2874c98e20cb159d7b92b50eadfce793?s=96&d=mm&r=g","url":"https:\/\/secure.gravatar.com\/avatar\/7f2c48bdc33b30088f941fb6082e555f2874c98e20cb159d7b92b50eadfce793?s=96&d=mm&r=g","contentUrl":"https:\/\/secure.gravatar.com\/avatar\/7f2c48bdc33b30088f941fb6082e555f2874c98e20cb159d7b92b50eadfce793?s=96&d=mm&r=g","caption":"Gente de B\u00e1squet"},"sameAs":["http:\/\/gentedebasquet.com.ar\/sitio"],"url":"https:\/\/gentedebasquet.com.ar\/sitio\/author\/ulises\/"}]}},"_links":{"self":[{"href":"https:\/\/gentedebasquet.com.ar\/sitio\/wp-json\/wp\/v2\/posts\/36729","targetHints":{"allow":["GET"]}}],"collection":[{"href":"https:\/\/gentedebasquet.com.ar\/sitio\/wp-json\/wp\/v2\/posts"}],"about":[{"href":"https:\/\/gentedebasquet.com.ar\/sitio\/wp-json\/wp\/v2\/types\/post"}],"author":[{"embeddable":true,"href":"https:\/\/gentedebasquet.com.ar\/sitio\/wp-json\/wp\/v2\/users\/1"}],"replies":[{"embeddable":true,"href":"https:\/\/gentedebasquet.com.ar\/sitio\/wp-json\/wp\/v2\/comments?post=36729"}],"version-history":[{"count":0,"href":"https:\/\/gentedebasquet.com.ar\/sitio\/wp-json\/wp\/v2\/posts\/36729\/revisions"}],"wp:featuredmedia":[{"embeddable":true,"href":"https:\/\/gentedebasquet.com.ar\/sitio\/wp-json\/wp\/v2\/media\/36731"}],"wp:attachment":[{"href":"https:\/\/gentedebasquet.com.ar\/sitio\/wp-json\/wp\/v2\/media?parent=36729"}],"wp:term":[{"taxonomy":"category","embeddable":true,"href":"https:\/\/gentedebasquet.com.ar\/sitio\/wp-json\/wp\/v2\/categories?post=36729"},{"taxonomy":"post_tag","embeddable":true,"href":"https:\/\/gentedebasquet.com.ar\/sitio\/wp-json\/wp\/v2\/tags?post=36729"}],"curies":[{"name":"wp","href":"https:\/\/api.w.org\/{rel}","templated":true}]}}