{"id":36792,"date":"2014-08-18T23:07:54","date_gmt":"2014-08-19T02:07:54","guid":{"rendered":"http:\/\/www.gentedebasquet.com.ar\/?p=36792"},"modified":"2014-08-18T23:07:54","modified_gmt":"2014-08-19T02:07:54","slug":"las-tres-torres","status":"publish","type":"post","link":"https:\/\/gentedebasquet.com.ar\/sitio\/2014\/08\/18\/las-tres-torres\/","title":{"rendered":"Las tres torres"},"content":{"rendered":"<p align=\"LEFT\"><b>Estudiantes logr\u00f3 destrabar un partido chivo en el \u00faltimo cuarto y venci\u00f3 a 9 de Julio 78 a 65. Con un parcial de 12 a 0 en el tercer cuarto, el albo logr\u00f3 sacar ventajas en un momento complicado para luego cerrar el partido en el \u00faltimo cuarto, en ese lapso fueron claves Anibal Buzzo (13pts + 6 reb), Federico Radavero (21pts + 10 reb) y Mart\u00edn Cleppe (14pts + 4 reb) para sacar diferencias en la pintura. El goleador de la noche fue el propio Radavero con 21 puntos, mientras que en el elenco local se destac\u00f3 Alexis Z\u00e1rate con 16 unidades.<\/b><\/p>\n<p align=\"LEFT\">En el arranque del juego se lo vio un poco mejor a 9 de Julio, domin\u00f3 la pintura con Z\u00e1rate y en los primeros minutos se pon\u00eda en ventaja (6-2), pero luego el partido entr\u00f3 en un terreno de impresici\u00f3n, tanto Estudiantes como 9 de Julio perd\u00edan mucho la bola y de esta forma el goleo del partido bajo. Sobre el final Estudiantes sac\u00f3 una ventaja de 5 puntos (20-15) debido a la gran precisi\u00f3n que demostr\u00f3 en tiros de 2 puntos (8\/9) pero una gran reacci\u00f3n de 9 de Julio y un triple de Badano en el final le permiti\u00f3 a los locales cerrar el primer cuarto ganando 22 a 21.<\/p>\n<p align=\"LEFT\">En el segundo cuarto la paridad entre ambos equipos sigui\u00f3 prevaleciendo, Badano segu\u00eda fino desde el per\u00edmetro, mientras que en Estudiantes los mejor pasaba por el aporte de Cinte, que era una v\u00eda de gol importante y adem\u00e1s era el principal receptor de faltas. La vuelta al campo de juego de Scarpacci le dio m\u00e1s movilidad a los ataques de Estudiantes, fue clave en la conducci\u00f3n y a la hora de asistir a sus compa\u00f1eros, de esta forma la visita se fue a los vestuarios ganando 39 a 38.<\/p>\n<p align=\"LEFT\">Todo hac\u00eda pensar que\u00a0\u00edbamos\u00a0a tener un partido que se iba a definir en los \u00faltimos segundos porque el arranque del tercer cuarto\u00a0tambi\u00e9n fue muy parejo, Estudiantes arranc\u00f3 mostrando buenas triangulaciones en ofensiva con Radavero y Buzzo, mientras en en 9 de Julio el aporte de Rizzo tanto en defensa fue muy importante, adem\u00e1s\u00a0volvi\u00f3\u00a0a dominar el juego interno con la\u00a0aparici\u00f3n de Z\u00e1rate y de esta manera a falta de 5:37, los locales ganaban 49 a 45. Pero hasta el final del cuarto, 9 de Julio no pudo sumar. Estudiantes sin ser una aplanadora aprovech\u00f3 el momento, estamp\u00f3 un parcial de 12 a 0, fue importante para que esto sucede la buena defensa del albo, que presion\u00f3 constantemente y forz\u00f3 varias perdidas y en ataque Radavero junto a Buzzo fueron las principales v\u00edas de gol (57-49).<\/p>\n<p align=\"LEFT\">En el \u00faltimo cuarto, Partemi cort\u00f3 la sequ\u00eda de 9 de Julio pero eso no le import\u00f3 a Estudiantes, porque 2 bombas de Scarpacci sumado al buen juego interno que ten\u00edan Radavero y Cleppe y a buena defensa que planteaba no solo que mantuvo la ventaja sino que la estri\u00f3 (67-57 a falta de 5:27). 9 de Julio no encontr\u00f3 v\u00edas de gol f\u00e1ciles, el juego interno de Z\u00e1rate no volvi\u00f3 a lastimar y a la hora de tirar de 3 nadie estaba preciso. Estudiantes nunca se desesper\u00f3, comenz\u00f3 a jugar con el reloj y la desesperaci\u00f3n de su rival y de esta forma termin\u00f3 ganando el encuentro 78 a 65.<\/p>\n<p align=\"LEFT\">\n<p align=\"LEFT\">[vimeo]http:\/\/vimeo.com\/103779810[\/vimeo]<\/p>\n<p align=\"LEFT\">\n<p align=\"LEFT\"><span style=\"text-decoration: underline;\"><i><b>S\u00edntesis:<\/b><\/i><\/span><\/p>\n<p align=\"LEFT\"><b>9 de Julio 65:<\/b>\u00a0Mauro Bl\u00e1zquez 4, Agust\u00edn Dottori 9, Gonzalo Spikerman 7, Nahuel Rizzo 11, Alexis Z\u00e1rate 16 (FI); Mart\u00edn Villoldo 0, Dar\u00edo Partemi 2, Agust\u00edn Marino 2, Gonzalo Badano 13.<\/p>\n<p align=\"LEFT\"><b>Estudiantes 78:<\/b>\u00a0Tom\u00e1s Scarpacci 16, Federico Radavero 21, Francisco Gonz\u00e1lez 2, Anibal Buzzo 13, Mart\u00edn Cleppe 14 (FI); Santiago Rodr\u00edguez 3, Mat\u00edas Fornetti 0, Sebasti\u00e1n Cinti 9, Juli\u00e1n Rodr\u00edguez 0.<\/p>\n<p align=\"LEFT\"><b>Parciales:<\/b>\u00a022-21, 38-39 (16-18), 49-57 (11-18), 65-78 (16-21).<\/p>\n<p align=\"LEFT\"><b>\u00c1rbitros:<\/b>\u00a0Miguel Firpo \u2013 Diego Kesler.<\/p>\n<p align=\"LEFT\"><b>Cancha:<\/b>\u00a0\u201cNestor Damiani\u201d (9 de Julio).<\/p>\n<p><a class=\"modalf iframe\" title=\"Planilla\" href=\"https:\/\/docs.google.com\/spreadsheets\/d\/1wpdmV6Q88IZ11iHmJ8gRggOP0Xob6esw_q1pvFxYgQ8\/pubhtml\" target=\"_blank\" rel=\"noopener\">Ver Planilla<\/a><\/p>\n","protected":false},"excerpt":{"rendered":"<p>Con Radavero, Buzzo y Cleppe como figuras, Estudiantes derrot\u00f3 al \u00ab9\u00bb: 78-65<\/p>\n","protected":false},"author":1,"featured_media":36793,"comment_status":"closed","ping_status":"open","sticky":false,"template":"","format":"standard","meta":{"jnews-multi-image_gallery":[],"jnews_single_post":[],"jnews_primary_category":[],"footnotes":""},"categories":[23,101],"tags":[2,291,11,599],"class_list":["post-36792","post","type-post","status-publish","format-standard","has-post-thumbnail","hentry","category-primera","category-slide","tag-9dejulio","tag-alexis-zarate","tag-estudiantes","tag-federico-radavero"],"yoast_head":"<!-- This site is optimized with the Yoast SEO plugin v27.5 - https:\/\/yoast.com\/product\/yoast-seo-wordpress\/ -->\n<title>Las tres torres - Gente de B\u00e1squet<\/title>\n<meta name=\"robots\" content=\"index, follow, max-snippet:-1, max-image-preview:large, max-video-preview:-1\" \/>\n<link rel=\"canonical\" href=\"https:\/\/gentedebasquet.com.ar\/sitio\/2014\/08\/18\/las-tres-torres\/\" \/>\n<meta property=\"og:locale\" content=\"es_ES\" \/>\n<meta property=\"og:type\" content=\"article\" \/>\n<meta property=\"og:title\" content=\"Las tres torres - Gente de B\u00e1squet\" \/>\n<meta property=\"og:description\" content=\"Con Radavero, Buzzo y Cleppe como figuras, Estudiantes derrot\u00f3 al &quot;9&quot;: 78-65\" \/>\n<meta property=\"og:url\" content=\"https:\/\/gentedebasquet.com.ar\/sitio\/2014\/08\/18\/las-tres-torres\/\" \/>\n<meta property=\"og:site_name\" content=\"Gente de B\u00e1squet\" \/>\n<meta property=\"article:published_time\" content=\"2014-08-19T02:07:54+00:00\" \/>\n<meta property=\"og:image\" content=\"https:\/\/gentedebasquet.com.ar\/sitio\/wp-content\/uploads\/2014\/08\/99999.jpg\" \/>\n\t<meta property=\"og:image:width\" content=\"690\" \/>\n\t<meta property=\"og:image:height\" content=\"319\" \/>\n\t<meta property=\"og:image:type\" content=\"image\/jpeg\" \/>\n<meta name=\"author\" content=\"Gente de B\u00e1squet\" \/>\n<meta name=\"twitter:card\" content=\"summary_large_image\" \/>\n<meta name=\"twitter:label1\" content=\"Escrito por\" \/>\n\t<meta name=\"twitter:data1\" content=\"Gente de B\u00e1squet\" \/>\n\t<meta name=\"twitter:label2\" content=\"Tiempo de lectura\" \/>\n\t<meta name=\"twitter:data2\" content=\"3 minutos\" \/>\n<script type=\"application\/ld+json\" class=\"yoast-schema-graph\">{\"@context\":\"https:\\\/\\\/schema.org\",\"@graph\":[{\"@type\":\"Article\",\"@id\":\"https:\\\/\\\/gentedebasquet.com.ar\\\/sitio\\\/2014\\\/08\\\/18\\\/las-tres-torres\\\/#article\",\"isPartOf\":{\"@id\":\"https:\\\/\\\/gentedebasquet.com.ar\\\/sitio\\\/2014\\\/08\\\/18\\\/las-tres-torres\\\/\"},\"author\":{\"name\":\"Gente de B\u00e1squet\",\"@id\":\"https:\\\/\\\/gentedebasquet.com.ar\\\/sitio\\\/#\\\/schema\\\/person\\\/ca0b63bbb977369988a7bbbdc519943a\"},\"headline\":\"Las tres torres\",\"datePublished\":\"2014-08-19T02:07:54+00:00\",\"mainEntityOfPage\":{\"@id\":\"https:\\\/\\\/gentedebasquet.com.ar\\\/sitio\\\/2014\\\/08\\\/18\\\/las-tres-torres\\\/\"},\"wordCount\":630,\"image\":{\"@id\":\"https:\\\/\\\/gentedebasquet.com.ar\\\/sitio\\\/2014\\\/08\\\/18\\\/las-tres-torres\\\/#primaryimage\"},\"thumbnailUrl\":\"https:\\\/\\\/gentedebasquet.com.ar\\\/sitio\\\/wp-content\\\/uploads\\\/2014\\\/08\\\/99999.jpg\",\"keywords\":[\"9 de Julio\",\"Alexis Zarate\",\"Estudiantes\",\"Federico Radavero\"],\"articleSection\":[\"Primera\",\"Slide\"],\"inLanguage\":\"es\"},{\"@type\":\"WebPage\",\"@id\":\"https:\\\/\\\/gentedebasquet.com.ar\\\/sitio\\\/2014\\\/08\\\/18\\\/las-tres-torres\\\/\",\"url\":\"https:\\\/\\\/gentedebasquet.com.ar\\\/sitio\\\/2014\\\/08\\\/18\\\/las-tres-torres\\\/\",\"name\":\"Las tres torres - Gente de B\u00e1squet\",\"isPartOf\":{\"@id\":\"https:\\\/\\\/gentedebasquet.com.ar\\\/sitio\\\/#website\"},\"primaryImageOfPage\":{\"@id\":\"https:\\\/\\\/gentedebasquet.com.ar\\\/sitio\\\/2014\\\/08\\\/18\\\/las-tres-torres\\\/#primaryimage\"},\"image\":{\"@id\":\"https:\\\/\\\/gentedebasquet.com.ar\\\/sitio\\\/2014\\\/08\\\/18\\\/las-tres-torres\\\/#primaryimage\"},\"thumbnailUrl\":\"https:\\\/\\\/gentedebasquet.com.ar\\\/sitio\\\/wp-content\\\/uploads\\\/2014\\\/08\\\/99999.jpg\",\"datePublished\":\"2014-08-19T02:07:54+00:00\",\"author\":{\"@id\":\"https:\\\/\\\/gentedebasquet.com.ar\\\/sitio\\\/#\\\/schema\\\/person\\\/ca0b63bbb977369988a7bbbdc519943a\"},\"breadcrumb\":{\"@id\":\"https:\\\/\\\/gentedebasquet.com.ar\\\/sitio\\\/2014\\\/08\\\/18\\\/las-tres-torres\\\/#breadcrumb\"},\"inLanguage\":\"es\",\"potentialAction\":[{\"@type\":\"ReadAction\",\"target\":[\"https:\\\/\\\/gentedebasquet.com.ar\\\/sitio\\\/2014\\\/08\\\/18\\\/las-tres-torres\\\/\"]}]},{\"@type\":\"ImageObject\",\"inLanguage\":\"es\",\"@id\":\"https:\\\/\\\/gentedebasquet.com.ar\\\/sitio\\\/2014\\\/08\\\/18\\\/las-tres-torres\\\/#primaryimage\",\"url\":\"https:\\\/\\\/gentedebasquet.com.ar\\\/sitio\\\/wp-content\\\/uploads\\\/2014\\\/08\\\/99999.jpg\",\"contentUrl\":\"https:\\\/\\\/gentedebasquet.com.ar\\\/sitio\\\/wp-content\\\/uploads\\\/2014\\\/08\\\/99999.jpg\",\"width\":690,\"height\":319},{\"@type\":\"BreadcrumbList\",\"@id\":\"https:\\\/\\\/gentedebasquet.com.ar\\\/sitio\\\/2014\\\/08\\\/18\\\/las-tres-torres\\\/#breadcrumb\",\"itemListElement\":[{\"@type\":\"ListItem\",\"position\":1,\"name\":\"Portada\",\"item\":\"https:\\\/\\\/gentedebasquet.com.ar\\\/sitio\\\/\"},{\"@type\":\"ListItem\",\"position\":2,\"name\":\"Las tres torres\"}]},{\"@type\":\"WebSite\",\"@id\":\"https:\\\/\\\/gentedebasquet.com.ar\\\/sitio\\\/#website\",\"url\":\"https:\\\/\\\/gentedebasquet.com.ar\\\/sitio\\\/\",\"name\":\"Gente de B\u00e1squet\",\"description\":\"La revista del basquet de Bah\u00eda Blanca\",\"potentialAction\":[{\"@type\":\"SearchAction\",\"target\":{\"@type\":\"EntryPoint\",\"urlTemplate\":\"https:\\\/\\\/gentedebasquet.com.ar\\\/sitio\\\/?s={search_term_string}\"},\"query-input\":{\"@type\":\"PropertyValueSpecification\",\"valueRequired\":true,\"valueName\":\"search_term_string\"}}],\"inLanguage\":\"es\"},{\"@type\":\"Person\",\"@id\":\"https:\\\/\\\/gentedebasquet.com.ar\\\/sitio\\\/#\\\/schema\\\/person\\\/ca0b63bbb977369988a7bbbdc519943a\",\"name\":\"Gente de B\u00e1squet\",\"image\":{\"@type\":\"ImageObject\",\"inLanguage\":\"es\",\"@id\":\"https:\\\/\\\/secure.gravatar.com\\\/avatar\\\/7f2c48bdc33b30088f941fb6082e555f2874c98e20cb159d7b92b50eadfce793?s=96&d=mm&r=g\",\"url\":\"https:\\\/\\\/secure.gravatar.com\\\/avatar\\\/7f2c48bdc33b30088f941fb6082e555f2874c98e20cb159d7b92b50eadfce793?s=96&d=mm&r=g\",\"contentUrl\":\"https:\\\/\\\/secure.gravatar.com\\\/avatar\\\/7f2c48bdc33b30088f941fb6082e555f2874c98e20cb159d7b92b50eadfce793?s=96&d=mm&r=g\",\"caption\":\"Gente de B\u00e1squet\"},\"sameAs\":[\"http:\\\/\\\/gentedebasquet.com.ar\\\/sitio\"],\"url\":\"https:\\\/\\\/gentedebasquet.com.ar\\\/sitio\\\/author\\\/ulises\\\/\"}]}<\/script>\n<!-- \/ Yoast SEO plugin. -->","yoast_head_json":{"title":"Las tres torres - Gente de B\u00e1squet","robots":{"index":"index","follow":"follow","max-snippet":"max-snippet:-1","max-image-preview":"max-image-preview:large","max-video-preview":"max-video-preview:-1"},"canonical":"https:\/\/gentedebasquet.com.ar\/sitio\/2014\/08\/18\/las-tres-torres\/","og_locale":"es_ES","og_type":"article","og_title":"Las tres torres - Gente de B\u00e1squet","og_description":"Con Radavero, Buzzo y Cleppe como figuras, Estudiantes derrot\u00f3 al \"9\": 78-65","og_url":"https:\/\/gentedebasquet.com.ar\/sitio\/2014\/08\/18\/las-tres-torres\/","og_site_name":"Gente de B\u00e1squet","article_published_time":"2014-08-19T02:07:54+00:00","og_image":[{"width":690,"height":319,"url":"https:\/\/gentedebasquet.com.ar\/sitio\/wp-content\/uploads\/2014\/08\/99999.jpg","type":"image\/jpeg"}],"author":"Gente de B\u00e1squet","twitter_card":"summary_large_image","twitter_misc":{"Escrito por":"Gente de B\u00e1squet","Tiempo de lectura":"3 minutos"},"schema":{"@context":"https:\/\/schema.org","@graph":[{"@type":"Article","@id":"https:\/\/gentedebasquet.com.ar\/sitio\/2014\/08\/18\/las-tres-torres\/#article","isPartOf":{"@id":"https:\/\/gentedebasquet.com.ar\/sitio\/2014\/08\/18\/las-tres-torres\/"},"author":{"name":"Gente de B\u00e1squet","@id":"https:\/\/gentedebasquet.com.ar\/sitio\/#\/schema\/person\/ca0b63bbb977369988a7bbbdc519943a"},"headline":"Las tres torres","datePublished":"2014-08-19T02:07:54+00:00","mainEntityOfPage":{"@id":"https:\/\/gentedebasquet.com.ar\/sitio\/2014\/08\/18\/las-tres-torres\/"},"wordCount":630,"image":{"@id":"https:\/\/gentedebasquet.com.ar\/sitio\/2014\/08\/18\/las-tres-torres\/#primaryimage"},"thumbnailUrl":"https:\/\/gentedebasquet.com.ar\/sitio\/wp-content\/uploads\/2014\/08\/99999.jpg","keywords":["9 de Julio","Alexis Zarate","Estudiantes","Federico Radavero"],"articleSection":["Primera","Slide"],"inLanguage":"es"},{"@type":"WebPage","@id":"https:\/\/gentedebasquet.com.ar\/sitio\/2014\/08\/18\/las-tres-torres\/","url":"https:\/\/gentedebasquet.com.ar\/sitio\/2014\/08\/18\/las-tres-torres\/","name":"Las tres torres - Gente de B\u00e1squet","isPartOf":{"@id":"https:\/\/gentedebasquet.com.ar\/sitio\/#website"},"primaryImageOfPage":{"@id":"https:\/\/gentedebasquet.com.ar\/sitio\/2014\/08\/18\/las-tres-torres\/#primaryimage"},"image":{"@id":"https:\/\/gentedebasquet.com.ar\/sitio\/2014\/08\/18\/las-tres-torres\/#primaryimage"},"thumbnailUrl":"https:\/\/gentedebasquet.com.ar\/sitio\/wp-content\/uploads\/2014\/08\/99999.jpg","datePublished":"2014-08-19T02:07:54+00:00","author":{"@id":"https:\/\/gentedebasquet.com.ar\/sitio\/#\/schema\/person\/ca0b63bbb977369988a7bbbdc519943a"},"breadcrumb":{"@id":"https:\/\/gentedebasquet.com.ar\/sitio\/2014\/08\/18\/las-tres-torres\/#breadcrumb"},"inLanguage":"es","potentialAction":[{"@type":"ReadAction","target":["https:\/\/gentedebasquet.com.ar\/sitio\/2014\/08\/18\/las-tres-torres\/"]}]},{"@type":"ImageObject","inLanguage":"es","@id":"https:\/\/gentedebasquet.com.ar\/sitio\/2014\/08\/18\/las-tres-torres\/#primaryimage","url":"https:\/\/gentedebasquet.com.ar\/sitio\/wp-content\/uploads\/2014\/08\/99999.jpg","contentUrl":"https:\/\/gentedebasquet.com.ar\/sitio\/wp-content\/uploads\/2014\/08\/99999.jpg","width":690,"height":319},{"@type":"BreadcrumbList","@id":"https:\/\/gentedebasquet.com.ar\/sitio\/2014\/08\/18\/las-tres-torres\/#breadcrumb","itemListElement":[{"@type":"ListItem","position":1,"name":"Portada","item":"https:\/\/gentedebasquet.com.ar\/sitio\/"},{"@type":"ListItem","position":2,"name":"Las tres torres"}]},{"@type":"WebSite","@id":"https:\/\/gentedebasquet.com.ar\/sitio\/#website","url":"https:\/\/gentedebasquet.com.ar\/sitio\/","name":"Gente de B\u00e1squet","description":"La revista del basquet de Bah\u00eda Blanca","potentialAction":[{"@type":"SearchAction","target":{"@type":"EntryPoint","urlTemplate":"https:\/\/gentedebasquet.com.ar\/sitio\/?s={search_term_string}"},"query-input":{"@type":"PropertyValueSpecification","valueRequired":true,"valueName":"search_term_string"}}],"inLanguage":"es"},{"@type":"Person","@id":"https:\/\/gentedebasquet.com.ar\/sitio\/#\/schema\/person\/ca0b63bbb977369988a7bbbdc519943a","name":"Gente de B\u00e1squet","image":{"@type":"ImageObject","inLanguage":"es","@id":"https:\/\/secure.gravatar.com\/avatar\/7f2c48bdc33b30088f941fb6082e555f2874c98e20cb159d7b92b50eadfce793?s=96&d=mm&r=g","url":"https:\/\/secure.gravatar.com\/avatar\/7f2c48bdc33b30088f941fb6082e555f2874c98e20cb159d7b92b50eadfce793?s=96&d=mm&r=g","contentUrl":"https:\/\/secure.gravatar.com\/avatar\/7f2c48bdc33b30088f941fb6082e555f2874c98e20cb159d7b92b50eadfce793?s=96&d=mm&r=g","caption":"Gente de B\u00e1squet"},"sameAs":["http:\/\/gentedebasquet.com.ar\/sitio"],"url":"https:\/\/gentedebasquet.com.ar\/sitio\/author\/ulises\/"}]}},"_links":{"self":[{"href":"https:\/\/gentedebasquet.com.ar\/sitio\/wp-json\/wp\/v2\/posts\/36792","targetHints":{"allow":["GET"]}}],"collection":[{"href":"https:\/\/gentedebasquet.com.ar\/sitio\/wp-json\/wp\/v2\/posts"}],"about":[{"href":"https:\/\/gentedebasquet.com.ar\/sitio\/wp-json\/wp\/v2\/types\/post"}],"author":[{"embeddable":true,"href":"https:\/\/gentedebasquet.com.ar\/sitio\/wp-json\/wp\/v2\/users\/1"}],"replies":[{"embeddable":true,"href":"https:\/\/gentedebasquet.com.ar\/sitio\/wp-json\/wp\/v2\/comments?post=36792"}],"version-history":[{"count":0,"href":"https:\/\/gentedebasquet.com.ar\/sitio\/wp-json\/wp\/v2\/posts\/36792\/revisions"}],"wp:featuredmedia":[{"embeddable":true,"href":"https:\/\/gentedebasquet.com.ar\/sitio\/wp-json\/wp\/v2\/media\/36793"}],"wp:attachment":[{"href":"https:\/\/gentedebasquet.com.ar\/sitio\/wp-json\/wp\/v2\/media?parent=36792"}],"wp:term":[{"taxonomy":"category","embeddable":true,"href":"https:\/\/gentedebasquet.com.ar\/sitio\/wp-json\/wp\/v2\/categories?post=36792"},{"taxonomy":"post_tag","embeddable":true,"href":"https:\/\/gentedebasquet.com.ar\/sitio\/wp-json\/wp\/v2\/tags?post=36792"}],"curies":[{"name":"wp","href":"https:\/\/api.w.org\/{rel}","templated":true}]}}