{"id":36852,"date":"2014-08-20T01:36:55","date_gmt":"2014-08-20T04:36:55","guid":{"rendered":"http:\/\/www.gentedebasquet.com.ar\/?p=36852"},"modified":"2014-08-20T01:36:55","modified_gmt":"2014-08-20T04:36:55","slug":"chotard-el-piloto-de-los-aviones","status":"publish","type":"post","link":"https:\/\/gentedebasquet.com.ar\/sitio\/2014\/08\/20\/chotard-el-piloto-de-los-aviones\/","title":{"rendered":"Chotard, el piloto de los Aviones"},"content":{"rendered":"<p><b>Whitense cont\u00f3 una vez m\u00e1s con una destacada actuaci\u00f3n de Alejandro Chotard (25) para quedarse con el triunfo sobre La Falda 73 a 66, el primero en este torneo Oficial. Adem\u00e1s de la actuaci\u00f3n de su l\u00edder, Mario Minervino (16, 3\/4 T3) y Gabriel Saieg (13 y 14 rebotes) se destacaron en varios pasajes del encuentro. Mientras que Gustavo Lan (19, 4\/6 T3 y 8 rebotes), Federico Vilouta (13 y 7 recobres) y Joaqu\u00edn Gonz\u00e1lez (11 y 6 asistencias) hicieron lo propio por el elenco visitante.<\/b><\/p>\n<p>El inicio del encuentro se inclin\u00f3 desde el principio para los Aviones Azules, quienes apostaron al juego interior con Saieg (4), quien domin\u00f3 en ambos costados de la cancha ya que adem\u00e1s fortaleci\u00f3 el cristal propio (5 rebotes) para poder salir r\u00e1pido de contraataque con Resler (6) como primera opci\u00f3n. Aunque luego el desarrollo se torn\u00f3 sumamente impreciso (13 p\u00e9rdidas entre ambos) lo que provoc\u00f3 un juego deslucido y sin fluidez en las ofensivas. La Falda adem\u00e1s se mostr\u00f3 err\u00e1tico (4\/17 TC) por lo que le cost\u00f3 a\u00fan m\u00e1s encontrar el ritmo en el cuarto que termin\u00f3 con un bajo goleo.<\/p>\n<p>Con Joaqu\u00edn Gonz\u00e1lez (5) agresivo con el cesto y con Fede Gonz\u00e1lez acompa\u00f1ando con su temple, La Falda pareci\u00f3 encontrar el rumbo; sin embargo un triple aislado de Minervino (9, 3\/3 T3) fue el switch que necesit\u00f3 Mario para meterse\u00a0 decididamente en el juego y el que le permiti\u00f3 a Whitense hilvanar un parcial de 8-0 primero, para extenderlo a 19-6 (31-19), escap\u00e1ndose en el marcador con Saieg (4 y 4 recobres) una vez m\u00e1s imponiendo su talla en ambos tableros y Chotard (6) lastimando con su tradicional lanzamiento desde el trapecio. Adem\u00e1s se pudo ver el mejor pasaje del due\u00f1o de casa en cuanto a la circulaci\u00f3n del bal\u00f3n se refiere (6 asistencias).<\/p>\n<p>3m15s fue lo que se tard\u00f3 en anotar al volver del vestuario, lo que hac\u00eda presumir un desarrollo como el inicial; pero Chotard (6) se encarg\u00f3 de que no fuera as\u00ed, ya que junto a Minervino (4) le pusieron el pecho a la remontada de La Falda, quien encontr\u00f3 el lanzamiento exterior (3\/4 T3) pero como sucesi\u00f3n de pases y circulaci\u00f3n del bal\u00f3n (5 asistencias), donde Lan (2\/2 T3) fue el mayor protagonista. De esta manera el visitante cerr\u00f3 con una racha de 14-6 para achicar la desventaja.<\/p>\n<p>Los dirigidos por Ipucha una vez m\u00e1s apost\u00f3 al juego interior de Saieg (5) y a la facilidad de Chotard (11) para encontrar su lanzamiento de alto porcentaje. No obstante las desconcentraciones y los malos pases estuvieron a la orden del d\u00eda (7 p\u00e9rdidas) ante la presi\u00f3n y doblaje de \u201cLafa\u201d, permiti\u00e9ndole hacerse r\u00e1pido del bal\u00f3n para correr con Vilouta (10). Adem\u00e1s nuevamente el lanzamiento externo fue efectivo con Lan (7, 2\/3) y Fern\u00e1ndez mediante la correcta rotaci\u00f3n del bal\u00f3n y hasta utilizando el poste para crear espacios. As\u00ed fue que lograron descontar a 3 (63-66); pero la tranquilidad de la l\u00ednea (9\/13 T1 en el 4\u00ba C) fue clave para que Whitense se quede con el triunfo controlando el tr\u00e1mite desde el comienzo mismo.<\/p>\n<p>&nbsp;<\/p>\n<p>[vimeo]http:\/\/vimeo.com\/103878075[\/vimeo]<\/p>\n<p>&nbsp;<\/p>\n<p>[vimeo]http:\/\/vimeo.com\/103878074[\/vimeo]<\/p>\n<p>&nbsp;<\/p>\n<p><strong><em><span style=\"text-decoration: underline;\">S\u00edntesis: <\/span><\/em><\/strong><\/p>\n<p><strong>Whitense 73:<\/strong> Marcos Halberg 0, Gonzalo Resler 10 (x), Federico Gestido 6, Alejandro Chotard 25 y Gabriel Saieg 13 (F.I.); Mauro Capurso 3, Mario Minervino 16 (x) y Fernando Leiva 0. DT: Mart\u00edn Ipucha.<\/p>\n<p><strong>La Falda 66: <\/strong>Pablo Obreque 5, Joaqu\u00edn Gonz\u00e1lez 11, Federico Vilouta 13, Guillermo Mallemaci 0 y Gustavo Lan 19 (F.I.); Federico Gonz\u00e1lez 4 (x), Gabriel Fern\u00e1ndez 9 (x) y Guido Delucchi 3. DT: Sebasti\u00e1n Aleksoski.<\/p>\n<p><strong>Parciales: <\/strong>12-8, 36-26 (24-18), 48-42 (12-16) y 73-66 (25-24).<\/p>\n<p><strong>\u00c1rbitros: <\/strong>Miguel Firpo y Mat\u00edas Garate.<\/p>\n<p><strong>Estadio: <\/strong>\u201cLos Aviones Azules\u201d (Whitense).<strong> <\/strong><\/p>\n<p><a class=\"modalf iframe\" title=\"Planilla\" href=\"https:\/\/docs.google.com\/spreadsheets\/d\/1EPLIbkPePwhSOTx5OWJDQfq5PqMocSRircRI5PT7HT0\/pubhtml\" target=\"_blank\" rel=\"noopener\">Ver Planilla<\/a><\/p>\n<p>&nbsp;<\/p>\n<h6><strong>Una baja sensible<\/strong><\/h6>\n<p>En el elenco dirigido por Sebasti\u00e1n Aleksoski se confirm\u00f3 que Cristian Bisterfeld se resinti\u00f3 de su distensi\u00f3n en el hombro derecho y tendr\u00e1 para un mes de recuperaci\u00f3n aproximadamente.<\/p>\n<p>\u00abYa estoy haciendo kinesiolog\u00eda y a\u00fan me quedan realizarme unos estudios m\u00e1s para ver con exactitud la gravedad de la lesi\u00f3n\u00bb, explic\u00f3 el \u00abPollo\u00bb quien en <a href=\"http:\/\/www.gentedebasquet.com.ar\/un-buen-comienzo\/\">la derrota frente a Estrella<\/a> tuvo que retirarse antes de tiempo por un golpe en el sector.<\/p>\n<h6><strong>Los respetos a \u00abQuique\u00bb<\/strong><\/h6>\n<p>Previo al encuentro se realiz\u00f3 un minuto de silencio por el fallecimiento del periodista de La Nueva Provincia Enrique \u00abQuique\u00bb Nocent, un hombre que adem\u00e1s de haber sido unos de los mejores comunicadores sociales en la materia fue un amante del deporte.<\/p>\n","protected":false},"excerpt":{"rendered":"<p>Chotard fue, una vez m\u00e1s, el l\u00edder de Whitense en la victoria sobre La Falda 76-66<\/p>\n","protected":false},"author":1,"featured_media":36854,"comment_status":"closed","ping_status":"open","sticky":false,"template":"","format":"standard","meta":{"jnews-multi-image_gallery":[],"jnews_single_post":[],"jnews_primary_category":[],"footnotes":""},"categories":[25,101],"tags":[208,303,680,873,202,13,210,537],"class_list":["post-36852","post","type-post","status-publish","format-standard","has-post-thumbnail","hentry","category-segunda","category-slide","tag-alejandro-chotard","tag-federico-vilouta","tag-gabriel-saieg","tag-gustavo-lan","tag-joaquin-gonzalez","tag-la-falda","tag-mario-minervino","tag-whitense"],"yoast_head":"<!-- This site is optimized with the Yoast SEO plugin v27.4 - https:\/\/yoast.com\/product\/yoast-seo-wordpress\/ -->\n<title>Chotard, el piloto de los Aviones - Gente de B\u00e1squet<\/title>\n<meta name=\"robots\" content=\"index, follow, max-snippet:-1, max-image-preview:large, max-video-preview:-1\" \/>\n<link rel=\"canonical\" href=\"http:\/\/gentedebasquet.com.ar\/sitio\/2014\/08\/20\/chotard-el-piloto-de-los-aviones\/\" \/>\n<meta property=\"og:locale\" content=\"es_ES\" \/>\n<meta property=\"og:type\" content=\"article\" \/>\n<meta property=\"og:title\" content=\"Chotard, el piloto de los Aviones - Gente de B\u00e1squet\" \/>\n<meta property=\"og:description\" content=\"Chotard fue, una vez m\u00e1s, el l\u00edder de Whitense en la victoria sobre La Falda 76-66\" \/>\n<meta property=\"og:url\" content=\"http:\/\/gentedebasquet.com.ar\/sitio\/2014\/08\/20\/chotard-el-piloto-de-los-aviones\/\" \/>\n<meta property=\"og:site_name\" content=\"Gente de B\u00e1squet\" \/>\n<meta property=\"article:published_time\" content=\"2014-08-20T04:36:55+00:00\" \/>\n<meta property=\"og:image\" content=\"http:\/\/gentedebasquet.com.ar\/sitio\/wp-content\/uploads\/2014\/08\/DSCF3880.jpg\" \/>\n\t<meta property=\"og:image:width\" content=\"690\" \/>\n\t<meta property=\"og:image:height\" content=\"391\" \/>\n\t<meta property=\"og:image:type\" content=\"image\/jpeg\" \/>\n<meta name=\"author\" content=\"Gente de B\u00e1squet\" \/>\n<meta name=\"twitter:card\" content=\"summary_large_image\" \/>\n<meta name=\"twitter:label1\" content=\"Escrito por\" \/>\n\t<meta name=\"twitter:data1\" content=\"Gente de B\u00e1squet\" \/>\n\t<meta name=\"twitter:label2\" content=\"Tiempo de lectura\" \/>\n\t<meta name=\"twitter:data2\" content=\"4 minutos\" \/>\n<script type=\"application\/ld+json\" class=\"yoast-schema-graph\">{\"@context\":\"https:\\\/\\\/schema.org\",\"@graph\":[{\"@type\":\"Article\",\"@id\":\"http:\\\/\\\/gentedebasquet.com.ar\\\/sitio\\\/2014\\\/08\\\/20\\\/chotard-el-piloto-de-los-aviones\\\/#article\",\"isPartOf\":{\"@id\":\"http:\\\/\\\/gentedebasquet.com.ar\\\/sitio\\\/2014\\\/08\\\/20\\\/chotard-el-piloto-de-los-aviones\\\/\"},\"author\":{\"name\":\"Gente de B\u00e1squet\",\"@id\":\"http:\\\/\\\/gentedebasquet.com.ar\\\/sitio\\\/#\\\/schema\\\/person\\\/ca0b63bbb977369988a7bbbdc519943a\"},\"headline\":\"Chotard, el piloto de los Aviones\",\"datePublished\":\"2014-08-20T04:36:55+00:00\",\"mainEntityOfPage\":{\"@id\":\"http:\\\/\\\/gentedebasquet.com.ar\\\/sitio\\\/2014\\\/08\\\/20\\\/chotard-el-piloto-de-los-aviones\\\/\"},\"wordCount\":750,\"image\":{\"@id\":\"http:\\\/\\\/gentedebasquet.com.ar\\\/sitio\\\/2014\\\/08\\\/20\\\/chotard-el-piloto-de-los-aviones\\\/#primaryimage\"},\"thumbnailUrl\":\"https:\\\/\\\/gentedebasquet.com.ar\\\/sitio\\\/wp-content\\\/uploads\\\/2014\\\/08\\\/DSCF3880.jpg\",\"keywords\":[\"Alejandro Chotard\",\"Federico Vilouta\",\"Gabriel Saieg\",\"Gustavo Lan\",\"Joaqu\u00edn Gonz\u00e1lez\",\"La Falda\",\"Mario Minervino\",\"Whitense\"],\"articleSection\":[\"Segunda\",\"Slide\"],\"inLanguage\":\"es\"},{\"@type\":\"WebPage\",\"@id\":\"http:\\\/\\\/gentedebasquet.com.ar\\\/sitio\\\/2014\\\/08\\\/20\\\/chotard-el-piloto-de-los-aviones\\\/\",\"url\":\"http:\\\/\\\/gentedebasquet.com.ar\\\/sitio\\\/2014\\\/08\\\/20\\\/chotard-el-piloto-de-los-aviones\\\/\",\"name\":\"Chotard, el piloto de los Aviones - Gente de B\u00e1squet\",\"isPartOf\":{\"@id\":\"http:\\\/\\\/gentedebasquet.com.ar\\\/sitio\\\/#website\"},\"primaryImageOfPage\":{\"@id\":\"http:\\\/\\\/gentedebasquet.com.ar\\\/sitio\\\/2014\\\/08\\\/20\\\/chotard-el-piloto-de-los-aviones\\\/#primaryimage\"},\"image\":{\"@id\":\"http:\\\/\\\/gentedebasquet.com.ar\\\/sitio\\\/2014\\\/08\\\/20\\\/chotard-el-piloto-de-los-aviones\\\/#primaryimage\"},\"thumbnailUrl\":\"https:\\\/\\\/gentedebasquet.com.ar\\\/sitio\\\/wp-content\\\/uploads\\\/2014\\\/08\\\/DSCF3880.jpg\",\"datePublished\":\"2014-08-20T04:36:55+00:00\",\"author\":{\"@id\":\"http:\\\/\\\/gentedebasquet.com.ar\\\/sitio\\\/#\\\/schema\\\/person\\\/ca0b63bbb977369988a7bbbdc519943a\"},\"breadcrumb\":{\"@id\":\"http:\\\/\\\/gentedebasquet.com.ar\\\/sitio\\\/2014\\\/08\\\/20\\\/chotard-el-piloto-de-los-aviones\\\/#breadcrumb\"},\"inLanguage\":\"es\",\"potentialAction\":[{\"@type\":\"ReadAction\",\"target\":[\"http:\\\/\\\/gentedebasquet.com.ar\\\/sitio\\\/2014\\\/08\\\/20\\\/chotard-el-piloto-de-los-aviones\\\/\"]}]},{\"@type\":\"ImageObject\",\"inLanguage\":\"es\",\"@id\":\"http:\\\/\\\/gentedebasquet.com.ar\\\/sitio\\\/2014\\\/08\\\/20\\\/chotard-el-piloto-de-los-aviones\\\/#primaryimage\",\"url\":\"https:\\\/\\\/gentedebasquet.com.ar\\\/sitio\\\/wp-content\\\/uploads\\\/2014\\\/08\\\/DSCF3880.jpg\",\"contentUrl\":\"https:\\\/\\\/gentedebasquet.com.ar\\\/sitio\\\/wp-content\\\/uploads\\\/2014\\\/08\\\/DSCF3880.jpg\",\"width\":690,\"height\":391},{\"@type\":\"BreadcrumbList\",\"@id\":\"http:\\\/\\\/gentedebasquet.com.ar\\\/sitio\\\/2014\\\/08\\\/20\\\/chotard-el-piloto-de-los-aviones\\\/#breadcrumb\",\"itemListElement\":[{\"@type\":\"ListItem\",\"position\":1,\"name\":\"Portada\",\"item\":\"http:\\\/\\\/gentedebasquet.com.ar\\\/sitio\\\/\"},{\"@type\":\"ListItem\",\"position\":2,\"name\":\"Chotard, el piloto de los Aviones\"}]},{\"@type\":\"WebSite\",\"@id\":\"http:\\\/\\\/gentedebasquet.com.ar\\\/sitio\\\/#website\",\"url\":\"http:\\\/\\\/gentedebasquet.com.ar\\\/sitio\\\/\",\"name\":\"Gente de B\u00e1squet\",\"description\":\"La revista del basquet de Bah\u00eda Blanca\",\"potentialAction\":[{\"@type\":\"SearchAction\",\"target\":{\"@type\":\"EntryPoint\",\"urlTemplate\":\"http:\\\/\\\/gentedebasquet.com.ar\\\/sitio\\\/?s={search_term_string}\"},\"query-input\":{\"@type\":\"PropertyValueSpecification\",\"valueRequired\":true,\"valueName\":\"search_term_string\"}}],\"inLanguage\":\"es\"},{\"@type\":\"Person\",\"@id\":\"http:\\\/\\\/gentedebasquet.com.ar\\\/sitio\\\/#\\\/schema\\\/person\\\/ca0b63bbb977369988a7bbbdc519943a\",\"name\":\"Gente de B\u00e1squet\",\"image\":{\"@type\":\"ImageObject\",\"inLanguage\":\"es\",\"@id\":\"https:\\\/\\\/secure.gravatar.com\\\/avatar\\\/7f2c48bdc33b30088f941fb6082e555f2874c98e20cb159d7b92b50eadfce793?s=96&d=mm&r=g\",\"url\":\"https:\\\/\\\/secure.gravatar.com\\\/avatar\\\/7f2c48bdc33b30088f941fb6082e555f2874c98e20cb159d7b92b50eadfce793?s=96&d=mm&r=g\",\"contentUrl\":\"https:\\\/\\\/secure.gravatar.com\\\/avatar\\\/7f2c48bdc33b30088f941fb6082e555f2874c98e20cb159d7b92b50eadfce793?s=96&d=mm&r=g\",\"caption\":\"Gente de B\u00e1squet\"},\"sameAs\":[\"http:\\\/\\\/gentedebasquet.com.ar\\\/sitio\"],\"url\":\"https:\\\/\\\/gentedebasquet.com.ar\\\/sitio\\\/author\\\/ulises\\\/\"}]}<\/script>\n<!-- \/ Yoast SEO plugin. -->","yoast_head_json":{"title":"Chotard, el piloto de los Aviones - Gente de B\u00e1squet","robots":{"index":"index","follow":"follow","max-snippet":"max-snippet:-1","max-image-preview":"max-image-preview:large","max-video-preview":"max-video-preview:-1"},"canonical":"http:\/\/gentedebasquet.com.ar\/sitio\/2014\/08\/20\/chotard-el-piloto-de-los-aviones\/","og_locale":"es_ES","og_type":"article","og_title":"Chotard, el piloto de los Aviones - Gente de B\u00e1squet","og_description":"Chotard fue, una vez m\u00e1s, el l\u00edder de Whitense en la victoria sobre La Falda 76-66","og_url":"http:\/\/gentedebasquet.com.ar\/sitio\/2014\/08\/20\/chotard-el-piloto-de-los-aviones\/","og_site_name":"Gente de B\u00e1squet","article_published_time":"2014-08-20T04:36:55+00:00","og_image":[{"width":690,"height":391,"url":"http:\/\/gentedebasquet.com.ar\/sitio\/wp-content\/uploads\/2014\/08\/DSCF3880.jpg","type":"image\/jpeg"}],"author":"Gente de B\u00e1squet","twitter_card":"summary_large_image","twitter_misc":{"Escrito por":"Gente de B\u00e1squet","Tiempo de lectura":"4 minutos"},"schema":{"@context":"https:\/\/schema.org","@graph":[{"@type":"Article","@id":"http:\/\/gentedebasquet.com.ar\/sitio\/2014\/08\/20\/chotard-el-piloto-de-los-aviones\/#article","isPartOf":{"@id":"http:\/\/gentedebasquet.com.ar\/sitio\/2014\/08\/20\/chotard-el-piloto-de-los-aviones\/"},"author":{"name":"Gente de B\u00e1squet","@id":"http:\/\/gentedebasquet.com.ar\/sitio\/#\/schema\/person\/ca0b63bbb977369988a7bbbdc519943a"},"headline":"Chotard, el piloto de los Aviones","datePublished":"2014-08-20T04:36:55+00:00","mainEntityOfPage":{"@id":"http:\/\/gentedebasquet.com.ar\/sitio\/2014\/08\/20\/chotard-el-piloto-de-los-aviones\/"},"wordCount":750,"image":{"@id":"http:\/\/gentedebasquet.com.ar\/sitio\/2014\/08\/20\/chotard-el-piloto-de-los-aviones\/#primaryimage"},"thumbnailUrl":"https:\/\/gentedebasquet.com.ar\/sitio\/wp-content\/uploads\/2014\/08\/DSCF3880.jpg","keywords":["Alejandro Chotard","Federico Vilouta","Gabriel Saieg","Gustavo Lan","Joaqu\u00edn Gonz\u00e1lez","La Falda","Mario Minervino","Whitense"],"articleSection":["Segunda","Slide"],"inLanguage":"es"},{"@type":"WebPage","@id":"http:\/\/gentedebasquet.com.ar\/sitio\/2014\/08\/20\/chotard-el-piloto-de-los-aviones\/","url":"http:\/\/gentedebasquet.com.ar\/sitio\/2014\/08\/20\/chotard-el-piloto-de-los-aviones\/","name":"Chotard, el piloto de los Aviones - Gente de B\u00e1squet","isPartOf":{"@id":"http:\/\/gentedebasquet.com.ar\/sitio\/#website"},"primaryImageOfPage":{"@id":"http:\/\/gentedebasquet.com.ar\/sitio\/2014\/08\/20\/chotard-el-piloto-de-los-aviones\/#primaryimage"},"image":{"@id":"http:\/\/gentedebasquet.com.ar\/sitio\/2014\/08\/20\/chotard-el-piloto-de-los-aviones\/#primaryimage"},"thumbnailUrl":"https:\/\/gentedebasquet.com.ar\/sitio\/wp-content\/uploads\/2014\/08\/DSCF3880.jpg","datePublished":"2014-08-20T04:36:55+00:00","author":{"@id":"http:\/\/gentedebasquet.com.ar\/sitio\/#\/schema\/person\/ca0b63bbb977369988a7bbbdc519943a"},"breadcrumb":{"@id":"http:\/\/gentedebasquet.com.ar\/sitio\/2014\/08\/20\/chotard-el-piloto-de-los-aviones\/#breadcrumb"},"inLanguage":"es","potentialAction":[{"@type":"ReadAction","target":["http:\/\/gentedebasquet.com.ar\/sitio\/2014\/08\/20\/chotard-el-piloto-de-los-aviones\/"]}]},{"@type":"ImageObject","inLanguage":"es","@id":"http:\/\/gentedebasquet.com.ar\/sitio\/2014\/08\/20\/chotard-el-piloto-de-los-aviones\/#primaryimage","url":"https:\/\/gentedebasquet.com.ar\/sitio\/wp-content\/uploads\/2014\/08\/DSCF3880.jpg","contentUrl":"https:\/\/gentedebasquet.com.ar\/sitio\/wp-content\/uploads\/2014\/08\/DSCF3880.jpg","width":690,"height":391},{"@type":"BreadcrumbList","@id":"http:\/\/gentedebasquet.com.ar\/sitio\/2014\/08\/20\/chotard-el-piloto-de-los-aviones\/#breadcrumb","itemListElement":[{"@type":"ListItem","position":1,"name":"Portada","item":"http:\/\/gentedebasquet.com.ar\/sitio\/"},{"@type":"ListItem","position":2,"name":"Chotard, el piloto de los Aviones"}]},{"@type":"WebSite","@id":"http:\/\/gentedebasquet.com.ar\/sitio\/#website","url":"http:\/\/gentedebasquet.com.ar\/sitio\/","name":"Gente de B\u00e1squet","description":"La revista del basquet de Bah\u00eda Blanca","potentialAction":[{"@type":"SearchAction","target":{"@type":"EntryPoint","urlTemplate":"http:\/\/gentedebasquet.com.ar\/sitio\/?s={search_term_string}"},"query-input":{"@type":"PropertyValueSpecification","valueRequired":true,"valueName":"search_term_string"}}],"inLanguage":"es"},{"@type":"Person","@id":"http:\/\/gentedebasquet.com.ar\/sitio\/#\/schema\/person\/ca0b63bbb977369988a7bbbdc519943a","name":"Gente de B\u00e1squet","image":{"@type":"ImageObject","inLanguage":"es","@id":"https:\/\/secure.gravatar.com\/avatar\/7f2c48bdc33b30088f941fb6082e555f2874c98e20cb159d7b92b50eadfce793?s=96&d=mm&r=g","url":"https:\/\/secure.gravatar.com\/avatar\/7f2c48bdc33b30088f941fb6082e555f2874c98e20cb159d7b92b50eadfce793?s=96&d=mm&r=g","contentUrl":"https:\/\/secure.gravatar.com\/avatar\/7f2c48bdc33b30088f941fb6082e555f2874c98e20cb159d7b92b50eadfce793?s=96&d=mm&r=g","caption":"Gente de B\u00e1squet"},"sameAs":["http:\/\/gentedebasquet.com.ar\/sitio"],"url":"https:\/\/gentedebasquet.com.ar\/sitio\/author\/ulises\/"}]}},"_links":{"self":[{"href":"https:\/\/gentedebasquet.com.ar\/sitio\/wp-json\/wp\/v2\/posts\/36852","targetHints":{"allow":["GET"]}}],"collection":[{"href":"https:\/\/gentedebasquet.com.ar\/sitio\/wp-json\/wp\/v2\/posts"}],"about":[{"href":"https:\/\/gentedebasquet.com.ar\/sitio\/wp-json\/wp\/v2\/types\/post"}],"author":[{"embeddable":true,"href":"https:\/\/gentedebasquet.com.ar\/sitio\/wp-json\/wp\/v2\/users\/1"}],"replies":[{"embeddable":true,"href":"https:\/\/gentedebasquet.com.ar\/sitio\/wp-json\/wp\/v2\/comments?post=36852"}],"version-history":[{"count":0,"href":"https:\/\/gentedebasquet.com.ar\/sitio\/wp-json\/wp\/v2\/posts\/36852\/revisions"}],"wp:featuredmedia":[{"embeddable":true,"href":"https:\/\/gentedebasquet.com.ar\/sitio\/wp-json\/wp\/v2\/media\/36854"}],"wp:attachment":[{"href":"https:\/\/gentedebasquet.com.ar\/sitio\/wp-json\/wp\/v2\/media?parent=36852"}],"wp:term":[{"taxonomy":"category","embeddable":true,"href":"https:\/\/gentedebasquet.com.ar\/sitio\/wp-json\/wp\/v2\/categories?post=36852"},{"taxonomy":"post_tag","embeddable":true,"href":"https:\/\/gentedebasquet.com.ar\/sitio\/wp-json\/wp\/v2\/tags?post=36852"}],"curies":[{"name":"wp","href":"https:\/\/api.w.org\/{rel}","templated":true}]}}