{"id":36885,"date":"2014-08-20T23:36:14","date_gmt":"2014-08-21T02:36:14","guid":{"rendered":"http:\/\/www.gentedebasquet.com.ar\/?p=36885"},"modified":"2014-08-20T23:36:14","modified_gmt":"2014-08-21T02:36:14","slug":"levanto-la-guardia","status":"publish","type":"post","link":"https:\/\/gentedebasquet.com.ar\/sitio\/2014\/08\/20\/levanto-la-guardia\/","title":{"rendered":"Levant\u00f3 la guardia"},"content":{"rendered":"<p><b>Liniers super\u00f3 78-58 a Olimpo en el Norberto Tom\u00e1s. El Chivo se llev\u00f3 el partido con gran autoridad, domin\u00e1ndolo de principio a fin, y as\u00ed se recuper\u00f3 de las derrotas ante Villa Mitre e Independiente. El conjunto de Juan Mart\u00edn L\u00f3pez reparti\u00f3 muy bien el goleo y por eso hubo cinco jugadores en dos d\u00edgitos de puntos: Gonzalo Mart\u00ednez (18 \u2013 3\/5T2), Torre (14 \u2013 6\/10T2), Barreto (13 \u2013 8 reb), Miguel (11 \u2013 6reb) y Mat\u00edas Mart\u00ednez (10 \u2013 2\/3T3). Por el lado Aurinegro no alcanz\u00f3 con las actuaciones de Gast\u00f3n y Germ\u00e1n Ressia (15 y 12 respectivamente) y de Scales (14 \u2013 11reb).<\/b><\/p>\n<p>Liniers comenz\u00f3 el partido decidido a mejorar la imagen de los \u00faltimos dos encuentros. El Chivo tuvo una intensidad notable tanto en defensa como en ataque y por eso se distanci\u00f3 r\u00e1pidamente 7-0 con 8m por jugar. Entre Mat\u00edas Mart\u00ednez (7) y Santiago Torre (10) manejaron la media cancha, jugaron e hicieron jugar. Miguel (6) complet\u00f3 el tridente ofensivo, adem\u00e1s de dar una buena mano en defensa cargando los rebotes. Olimpo estuvo muy err\u00e1tico en ofensiva y distra\u00eddo en defensa. Allende intent\u00f3 dar un giro marcando caj\u00f3n a Matute Mart\u00ednez pero esto no le dio resultado. Si bien en ataque el local carg\u00f3 bien el rebote (7) no supo aprovechar las segundas oportunidades. La sociedad de los hermanos Ressia (10 de los 14 puntos del equipo) fue lo m\u00e1s interesante del Aurinegro. Al descanso se fue arriba el Chivo 30-14.<\/p>\n<p>La visita hizo valer su equipo largo en el segundo cuarto y continu\u00f3 estirando la ventaja en el marcador. Gonzalo Mart\u00ednez (12) estuvo intratable con los tiros a media y larga distancia. Barreto (7) aport\u00f3 presencia en el poste bajo y luego tambi\u00e9n apareci\u00f3 Petrini (4) desde el per\u00edmetro. El Chivo tuvo fluidez en ataque y lleg\u00f3 a sacar 21 puntos de brecha en el cierre del segmento. En Olimpo Scales (10) absorbi\u00f3 mucho juego y lastim\u00f3 en la zona pintada. Con algunos destellos, Germ\u00e1n Ressia (4) acompa\u00f1\u00f3 al extranjero en el goleo. Nuevamente los dirigidos por Allende, tuvieron segundas chances en ataque por los rebotes tomados (5) pero no los supieron aprovechar. Al descanso largo se fue arriba el visitante 53-34.<\/p>\n<p>En la vuelta de los vestuarios el encuentro entr\u00f3 en un bache. El tr\u00e1mite se hizo deslucido y ambos conjuntos tuvieron poca efectividad. Olimpo comenz\u00f3 con un pasaje de 6-2 (40-55) con 7m36 por jugar. A partir de ese momento y en cinco minutos de juego m\u00e1s solo se convirtieron seis puntos (2-4 parcial para Liniers a 2m08s). En el medio del segmento se dio una situaci\u00f3n particular entre Scales y un hincha aurinegro que sac\u00f3 totalmente de partido al extranjero (ver aparte). El cierre lo encontr\u00f3 mejor al Chivo que con buenos pasajes de Miguel (4) y Barreto (4) se fue veinte puntos arriba al \u00faltimo descanso (64-44).<\/p>\n<p>La victoria de Liniers nunca estuvo en riesgo y por eso Piru Lopez decidi\u00f3 rotar el equipo. Los pibes Cancellarich, Olivera y Pascual saltaron a la cancha para sumar minutos en primera. Un triple de Gonzalo Mart\u00ednez lleg\u00f3 a darle 25 puntos de distancia a la visita, pero las unidades de Silva (4) y Gast\u00f3n Ressia (4) recortaron un poco la brecha. As\u00ed Liniers levant\u00f3 la guardia, se recuper\u00f3 en el torneo y contin\u00faa al acecho de Villa Mitre en el Hexagonal 1.<\/p>\n<p>&nbsp;<\/p>\n<p>[vimeo]http:\/\/vimeo.com\/103968458[\/vimeo]<\/p>\n<p>&nbsp;<\/p>\n<p><span style=\"text-decoration: underline;\"><b><i>S\u00edntesis:<\/i><\/b><\/span><\/p>\n<p><b>Olimpo\u00a058:\u00a0<\/b>Germ\u00e1n Ressia 12,\u00a0Gast\u00f3n Ressia 15,\u00a0Emilio Gim\u00e9nez 2,\u00a0Marcos Fern\u00e1ndez 0, Jervaughn\u00a0Scales 14 (FI).\u00a0Agust\u00edn S\u00e1nchez 5 (x), Lucas Lucchetti 4, Lahuel Silva 6, Franco Ruesga 0. DT:\u00a0Daniel Allende.<\/p>\n<p><b>Liniers 78:<\/b>\u00a0Santiago Torre 14, Mat\u00edas Mart\u00ednez 10, Cristian Miguel 11, Ger\u00f3nimo Fern\u00e1ndez Ch\u00e1vez 4, Juli\u00e1n Marinsalta 2 (FI).\u00a0Fabricio Starc 2, Gonzalo Mart\u00ednez 18, Facundo Barreto 13, Ivan Petrini 4, Octavio Cancellarich 0, Santiago Pascual 0, Bautista Olivera 0. DT: Juan Mart\u00edn L\u00f3pez.<\/p>\n<p><b>Parciales:\u00a0<\/b>14-30, 34-53 (20-23), 44-64 (10-11), 58-78 (14-14).<\/p>\n<p><b>\u00c1rbitros:\u00a0<\/b>Horacio Sed\u00e1n \u2013 Alejandro Go\u00f1i<\/p>\n<p><b>Estadio:\u00a0<\/b>Norberto Tom\u00e1s (Olimpo).<\/p>\n<p><a class=\"modalf iframe\" title=\"Planilla\" href=\"https:\/\/docs.google.com\/spreadsheets\/d\/1jj0njyxZZvXo8N4lpWmxTpuX8fdkaBiyZudELZereB8\/pubhtml\" target=\"_blank\" rel=\"noopener\">Ver Planilla<\/a><\/p>\n<p>&nbsp;<\/p>\n<h6><strong>Cuestionado<\/strong><\/h6>\n<p>En el medio del tercer cap\u00edtulo, Jervaughn Scales tuvo un cruce de palabras con un hincha aurinegro que estaba observando el partido. El simpatizante le pidi\u00f3 al extranjero m\u00e1s actitud en defensa a lo que Scales le respondi\u00f3 en su idioma. Minutos despu\u00e9s el for\u00e1neo pidi\u00f3 el cambio y reci\u00e9n volvi\u00f3 faltando un poco m\u00e1s de dos minutos para que finalice el encuentro.<\/p>\n<h6><strong>Sin Pizzo por un tiempo<\/strong><\/h6>\n<p>Mariano Pizzo se realiz\u00f3 los estudios pertinentes por la lesi\u00f3n que padece en una de sus rodillas. Luego de ver los resultados le diagnosticaron que no puede tener impacto en la zona lastimada por diez d\u00edas m\u00e1s aproximadamente. Luego tendr\u00e1 que hacer la rehabilitaci\u00f3n y no tendr\u00e1 plazos para volver a las canchas.<\/p>\n<p><strong>Foto:<\/strong> Leo Quinteros.<\/p>\n","protected":false},"excerpt":{"rendered":"<p>Con gran autoridad, Liniers venci\u00f3 78-58 a Olimpo y se recuper\u00f3 de dos derrotas al hilo.<\/p>\n","protected":false},"author":1,"featured_media":36887,"comment_status":"closed","ping_status":"open","sticky":false,"template":"","format":"standard","meta":{"jnews-multi-image_gallery":[],"jnews_single_post":[],"jnews_primary_category":[],"footnotes":""},"categories":[23,101],"tags":[261,874,317,284,329,425,14,293,16,604],"class_list":["post-36885","post","type-post","status-publish","format-standard","has-post-thumbnail","hentry","category-primera","category-slide","tag-cristian-miguel","tag-facundo-barreto","tag-gaston-ressia","tag-german-ressia","tag-gonzalo-martinez","tag-jervaughn-scales","tag-liniers","tag-matias-martinez","tag-olimpo","tag-santiago-torre"],"yoast_head":"<!-- This site is optimized with the Yoast SEO plugin v27.5 - https:\/\/yoast.com\/product\/yoast-seo-wordpress\/ -->\n<title>Levant\u00f3 la guardia - Gente de B\u00e1squet<\/title>\n<meta name=\"robots\" content=\"index, follow, max-snippet:-1, max-image-preview:large, max-video-preview:-1\" \/>\n<link rel=\"canonical\" href=\"https:\/\/gentedebasquet.com.ar\/sitio\/2014\/08\/20\/levanto-la-guardia\/\" \/>\n<meta property=\"og:locale\" content=\"es_ES\" \/>\n<meta property=\"og:type\" content=\"article\" \/>\n<meta property=\"og:title\" content=\"Levant\u00f3 la guardia - Gente de B\u00e1squet\" \/>\n<meta property=\"og:description\" content=\"Con gran autoridad, Liniers venci\u00f3 78-58 a Olimpo y se recuper\u00f3 de dos derrotas al hilo.\" \/>\n<meta property=\"og:url\" content=\"https:\/\/gentedebasquet.com.ar\/sitio\/2014\/08\/20\/levanto-la-guardia\/\" \/>\n<meta property=\"og:site_name\" content=\"Gente de B\u00e1squet\" \/>\n<meta property=\"article:published_time\" content=\"2014-08-21T02:36:14+00:00\" \/>\n<meta property=\"og:image\" content=\"https:\/\/gentedebasquet.com.ar\/sitio\/wp-content\/uploads\/2014\/08\/10621959_10204502581708984_588268920_n.jpg\" \/>\n\t<meta property=\"og:image:width\" content=\"690\" \/>\n\t<meta property=\"og:image:height\" content=\"319\" \/>\n\t<meta property=\"og:image:type\" content=\"image\/jpeg\" \/>\n<meta name=\"author\" content=\"Gente de B\u00e1squet\" \/>\n<meta name=\"twitter:card\" content=\"summary_large_image\" \/>\n<meta name=\"twitter:label1\" content=\"Escrito por\" \/>\n\t<meta name=\"twitter:data1\" content=\"Gente de B\u00e1squet\" \/>\n\t<meta name=\"twitter:label2\" content=\"Tiempo de lectura\" \/>\n\t<meta name=\"twitter:data2\" content=\"4 minutos\" \/>\n<script type=\"application\/ld+json\" class=\"yoast-schema-graph\">{\"@context\":\"https:\\\/\\\/schema.org\",\"@graph\":[{\"@type\":\"Article\",\"@id\":\"https:\\\/\\\/gentedebasquet.com.ar\\\/sitio\\\/2014\\\/08\\\/20\\\/levanto-la-guardia\\\/#article\",\"isPartOf\":{\"@id\":\"https:\\\/\\\/gentedebasquet.com.ar\\\/sitio\\\/2014\\\/08\\\/20\\\/levanto-la-guardia\\\/\"},\"author\":{\"name\":\"Gente de B\u00e1squet\",\"@id\":\"https:\\\/\\\/gentedebasquet.com.ar\\\/sitio\\\/#\\\/schema\\\/person\\\/ca0b63bbb977369988a7bbbdc519943a\"},\"headline\":\"Levant\u00f3 la guardia\",\"datePublished\":\"2014-08-21T02:36:14+00:00\",\"mainEntityOfPage\":{\"@id\":\"https:\\\/\\\/gentedebasquet.com.ar\\\/sitio\\\/2014\\\/08\\\/20\\\/levanto-la-guardia\\\/\"},\"wordCount\":795,\"image\":{\"@id\":\"https:\\\/\\\/gentedebasquet.com.ar\\\/sitio\\\/2014\\\/08\\\/20\\\/levanto-la-guardia\\\/#primaryimage\"},\"thumbnailUrl\":\"https:\\\/\\\/gentedebasquet.com.ar\\\/sitio\\\/wp-content\\\/uploads\\\/2014\\\/08\\\/10621959_10204502581708984_588268920_n.jpg\",\"keywords\":[\"Cristian Miguel\",\"Facundo Barreto\",\"Gast\u00f3n Ressia\",\"Germ\u00e1n Ressia\",\"Gonzalo Mart\u00ednez\",\"Jervaughn Scales\",\"Liniers\",\"Mat\u00edas Mart\u00ednez\",\"Ol\u00edmpo\",\"Santiago Torre\"],\"articleSection\":[\"Primera\",\"Slide\"],\"inLanguage\":\"es\"},{\"@type\":\"WebPage\",\"@id\":\"https:\\\/\\\/gentedebasquet.com.ar\\\/sitio\\\/2014\\\/08\\\/20\\\/levanto-la-guardia\\\/\",\"url\":\"https:\\\/\\\/gentedebasquet.com.ar\\\/sitio\\\/2014\\\/08\\\/20\\\/levanto-la-guardia\\\/\",\"name\":\"Levant\u00f3 la guardia - Gente de B\u00e1squet\",\"isPartOf\":{\"@id\":\"https:\\\/\\\/gentedebasquet.com.ar\\\/sitio\\\/#website\"},\"primaryImageOfPage\":{\"@id\":\"https:\\\/\\\/gentedebasquet.com.ar\\\/sitio\\\/2014\\\/08\\\/20\\\/levanto-la-guardia\\\/#primaryimage\"},\"image\":{\"@id\":\"https:\\\/\\\/gentedebasquet.com.ar\\\/sitio\\\/2014\\\/08\\\/20\\\/levanto-la-guardia\\\/#primaryimage\"},\"thumbnailUrl\":\"https:\\\/\\\/gentedebasquet.com.ar\\\/sitio\\\/wp-content\\\/uploads\\\/2014\\\/08\\\/10621959_10204502581708984_588268920_n.jpg\",\"datePublished\":\"2014-08-21T02:36:14+00:00\",\"author\":{\"@id\":\"https:\\\/\\\/gentedebasquet.com.ar\\\/sitio\\\/#\\\/schema\\\/person\\\/ca0b63bbb977369988a7bbbdc519943a\"},\"breadcrumb\":{\"@id\":\"https:\\\/\\\/gentedebasquet.com.ar\\\/sitio\\\/2014\\\/08\\\/20\\\/levanto-la-guardia\\\/#breadcrumb\"},\"inLanguage\":\"es\",\"potentialAction\":[{\"@type\":\"ReadAction\",\"target\":[\"https:\\\/\\\/gentedebasquet.com.ar\\\/sitio\\\/2014\\\/08\\\/20\\\/levanto-la-guardia\\\/\"]}]},{\"@type\":\"ImageObject\",\"inLanguage\":\"es\",\"@id\":\"https:\\\/\\\/gentedebasquet.com.ar\\\/sitio\\\/2014\\\/08\\\/20\\\/levanto-la-guardia\\\/#primaryimage\",\"url\":\"https:\\\/\\\/gentedebasquet.com.ar\\\/sitio\\\/wp-content\\\/uploads\\\/2014\\\/08\\\/10621959_10204502581708984_588268920_n.jpg\",\"contentUrl\":\"https:\\\/\\\/gentedebasquet.com.ar\\\/sitio\\\/wp-content\\\/uploads\\\/2014\\\/08\\\/10621959_10204502581708984_588268920_n.jpg\",\"width\":690,\"height\":319},{\"@type\":\"BreadcrumbList\",\"@id\":\"https:\\\/\\\/gentedebasquet.com.ar\\\/sitio\\\/2014\\\/08\\\/20\\\/levanto-la-guardia\\\/#breadcrumb\",\"itemListElement\":[{\"@type\":\"ListItem\",\"position\":1,\"name\":\"Portada\",\"item\":\"https:\\\/\\\/gentedebasquet.com.ar\\\/sitio\\\/\"},{\"@type\":\"ListItem\",\"position\":2,\"name\":\"Levant\u00f3 la guardia\"}]},{\"@type\":\"WebSite\",\"@id\":\"https:\\\/\\\/gentedebasquet.com.ar\\\/sitio\\\/#website\",\"url\":\"https:\\\/\\\/gentedebasquet.com.ar\\\/sitio\\\/\",\"name\":\"Gente de B\u00e1squet\",\"description\":\"La revista del basquet de Bah\u00eda Blanca\",\"potentialAction\":[{\"@type\":\"SearchAction\",\"target\":{\"@type\":\"EntryPoint\",\"urlTemplate\":\"https:\\\/\\\/gentedebasquet.com.ar\\\/sitio\\\/?s={search_term_string}\"},\"query-input\":{\"@type\":\"PropertyValueSpecification\",\"valueRequired\":true,\"valueName\":\"search_term_string\"}}],\"inLanguage\":\"es\"},{\"@type\":\"Person\",\"@id\":\"https:\\\/\\\/gentedebasquet.com.ar\\\/sitio\\\/#\\\/schema\\\/person\\\/ca0b63bbb977369988a7bbbdc519943a\",\"name\":\"Gente de B\u00e1squet\",\"image\":{\"@type\":\"ImageObject\",\"inLanguage\":\"es\",\"@id\":\"https:\\\/\\\/secure.gravatar.com\\\/avatar\\\/7f2c48bdc33b30088f941fb6082e555f2874c98e20cb159d7b92b50eadfce793?s=96&d=mm&r=g\",\"url\":\"https:\\\/\\\/secure.gravatar.com\\\/avatar\\\/7f2c48bdc33b30088f941fb6082e555f2874c98e20cb159d7b92b50eadfce793?s=96&d=mm&r=g\",\"contentUrl\":\"https:\\\/\\\/secure.gravatar.com\\\/avatar\\\/7f2c48bdc33b30088f941fb6082e555f2874c98e20cb159d7b92b50eadfce793?s=96&d=mm&r=g\",\"caption\":\"Gente de B\u00e1squet\"},\"sameAs\":[\"http:\\\/\\\/gentedebasquet.com.ar\\\/sitio\"],\"url\":\"https:\\\/\\\/gentedebasquet.com.ar\\\/sitio\\\/author\\\/ulises\\\/\"}]}<\/script>\n<!-- \/ Yoast SEO plugin. -->","yoast_head_json":{"title":"Levant\u00f3 la guardia - Gente de B\u00e1squet","robots":{"index":"index","follow":"follow","max-snippet":"max-snippet:-1","max-image-preview":"max-image-preview:large","max-video-preview":"max-video-preview:-1"},"canonical":"https:\/\/gentedebasquet.com.ar\/sitio\/2014\/08\/20\/levanto-la-guardia\/","og_locale":"es_ES","og_type":"article","og_title":"Levant\u00f3 la guardia - Gente de B\u00e1squet","og_description":"Con gran autoridad, Liniers venci\u00f3 78-58 a Olimpo y se recuper\u00f3 de dos derrotas al hilo.","og_url":"https:\/\/gentedebasquet.com.ar\/sitio\/2014\/08\/20\/levanto-la-guardia\/","og_site_name":"Gente de B\u00e1squet","article_published_time":"2014-08-21T02:36:14+00:00","og_image":[{"width":690,"height":319,"url":"https:\/\/gentedebasquet.com.ar\/sitio\/wp-content\/uploads\/2014\/08\/10621959_10204502581708984_588268920_n.jpg","type":"image\/jpeg"}],"author":"Gente de B\u00e1squet","twitter_card":"summary_large_image","twitter_misc":{"Escrito por":"Gente de B\u00e1squet","Tiempo de lectura":"4 minutos"},"schema":{"@context":"https:\/\/schema.org","@graph":[{"@type":"Article","@id":"https:\/\/gentedebasquet.com.ar\/sitio\/2014\/08\/20\/levanto-la-guardia\/#article","isPartOf":{"@id":"https:\/\/gentedebasquet.com.ar\/sitio\/2014\/08\/20\/levanto-la-guardia\/"},"author":{"name":"Gente de B\u00e1squet","@id":"https:\/\/gentedebasquet.com.ar\/sitio\/#\/schema\/person\/ca0b63bbb977369988a7bbbdc519943a"},"headline":"Levant\u00f3 la guardia","datePublished":"2014-08-21T02:36:14+00:00","mainEntityOfPage":{"@id":"https:\/\/gentedebasquet.com.ar\/sitio\/2014\/08\/20\/levanto-la-guardia\/"},"wordCount":795,"image":{"@id":"https:\/\/gentedebasquet.com.ar\/sitio\/2014\/08\/20\/levanto-la-guardia\/#primaryimage"},"thumbnailUrl":"https:\/\/gentedebasquet.com.ar\/sitio\/wp-content\/uploads\/2014\/08\/10621959_10204502581708984_588268920_n.jpg","keywords":["Cristian Miguel","Facundo Barreto","Gast\u00f3n Ressia","Germ\u00e1n Ressia","Gonzalo Mart\u00ednez","Jervaughn Scales","Liniers","Mat\u00edas Mart\u00ednez","Ol\u00edmpo","Santiago Torre"],"articleSection":["Primera","Slide"],"inLanguage":"es"},{"@type":"WebPage","@id":"https:\/\/gentedebasquet.com.ar\/sitio\/2014\/08\/20\/levanto-la-guardia\/","url":"https:\/\/gentedebasquet.com.ar\/sitio\/2014\/08\/20\/levanto-la-guardia\/","name":"Levant\u00f3 la guardia - Gente de B\u00e1squet","isPartOf":{"@id":"https:\/\/gentedebasquet.com.ar\/sitio\/#website"},"primaryImageOfPage":{"@id":"https:\/\/gentedebasquet.com.ar\/sitio\/2014\/08\/20\/levanto-la-guardia\/#primaryimage"},"image":{"@id":"https:\/\/gentedebasquet.com.ar\/sitio\/2014\/08\/20\/levanto-la-guardia\/#primaryimage"},"thumbnailUrl":"https:\/\/gentedebasquet.com.ar\/sitio\/wp-content\/uploads\/2014\/08\/10621959_10204502581708984_588268920_n.jpg","datePublished":"2014-08-21T02:36:14+00:00","author":{"@id":"https:\/\/gentedebasquet.com.ar\/sitio\/#\/schema\/person\/ca0b63bbb977369988a7bbbdc519943a"},"breadcrumb":{"@id":"https:\/\/gentedebasquet.com.ar\/sitio\/2014\/08\/20\/levanto-la-guardia\/#breadcrumb"},"inLanguage":"es","potentialAction":[{"@type":"ReadAction","target":["https:\/\/gentedebasquet.com.ar\/sitio\/2014\/08\/20\/levanto-la-guardia\/"]}]},{"@type":"ImageObject","inLanguage":"es","@id":"https:\/\/gentedebasquet.com.ar\/sitio\/2014\/08\/20\/levanto-la-guardia\/#primaryimage","url":"https:\/\/gentedebasquet.com.ar\/sitio\/wp-content\/uploads\/2014\/08\/10621959_10204502581708984_588268920_n.jpg","contentUrl":"https:\/\/gentedebasquet.com.ar\/sitio\/wp-content\/uploads\/2014\/08\/10621959_10204502581708984_588268920_n.jpg","width":690,"height":319},{"@type":"BreadcrumbList","@id":"https:\/\/gentedebasquet.com.ar\/sitio\/2014\/08\/20\/levanto-la-guardia\/#breadcrumb","itemListElement":[{"@type":"ListItem","position":1,"name":"Portada","item":"https:\/\/gentedebasquet.com.ar\/sitio\/"},{"@type":"ListItem","position":2,"name":"Levant\u00f3 la guardia"}]},{"@type":"WebSite","@id":"https:\/\/gentedebasquet.com.ar\/sitio\/#website","url":"https:\/\/gentedebasquet.com.ar\/sitio\/","name":"Gente de B\u00e1squet","description":"La revista del basquet de Bah\u00eda Blanca","potentialAction":[{"@type":"SearchAction","target":{"@type":"EntryPoint","urlTemplate":"https:\/\/gentedebasquet.com.ar\/sitio\/?s={search_term_string}"},"query-input":{"@type":"PropertyValueSpecification","valueRequired":true,"valueName":"search_term_string"}}],"inLanguage":"es"},{"@type":"Person","@id":"https:\/\/gentedebasquet.com.ar\/sitio\/#\/schema\/person\/ca0b63bbb977369988a7bbbdc519943a","name":"Gente de B\u00e1squet","image":{"@type":"ImageObject","inLanguage":"es","@id":"https:\/\/secure.gravatar.com\/avatar\/7f2c48bdc33b30088f941fb6082e555f2874c98e20cb159d7b92b50eadfce793?s=96&d=mm&r=g","url":"https:\/\/secure.gravatar.com\/avatar\/7f2c48bdc33b30088f941fb6082e555f2874c98e20cb159d7b92b50eadfce793?s=96&d=mm&r=g","contentUrl":"https:\/\/secure.gravatar.com\/avatar\/7f2c48bdc33b30088f941fb6082e555f2874c98e20cb159d7b92b50eadfce793?s=96&d=mm&r=g","caption":"Gente de B\u00e1squet"},"sameAs":["http:\/\/gentedebasquet.com.ar\/sitio"],"url":"https:\/\/gentedebasquet.com.ar\/sitio\/author\/ulises\/"}]}},"_links":{"self":[{"href":"https:\/\/gentedebasquet.com.ar\/sitio\/wp-json\/wp\/v2\/posts\/36885","targetHints":{"allow":["GET"]}}],"collection":[{"href":"https:\/\/gentedebasquet.com.ar\/sitio\/wp-json\/wp\/v2\/posts"}],"about":[{"href":"https:\/\/gentedebasquet.com.ar\/sitio\/wp-json\/wp\/v2\/types\/post"}],"author":[{"embeddable":true,"href":"https:\/\/gentedebasquet.com.ar\/sitio\/wp-json\/wp\/v2\/users\/1"}],"replies":[{"embeddable":true,"href":"https:\/\/gentedebasquet.com.ar\/sitio\/wp-json\/wp\/v2\/comments?post=36885"}],"version-history":[{"count":0,"href":"https:\/\/gentedebasquet.com.ar\/sitio\/wp-json\/wp\/v2\/posts\/36885\/revisions"}],"wp:featuredmedia":[{"embeddable":true,"href":"https:\/\/gentedebasquet.com.ar\/sitio\/wp-json\/wp\/v2\/media\/36887"}],"wp:attachment":[{"href":"https:\/\/gentedebasquet.com.ar\/sitio\/wp-json\/wp\/v2\/media?parent=36885"}],"wp:term":[{"taxonomy":"category","embeddable":true,"href":"https:\/\/gentedebasquet.com.ar\/sitio\/wp-json\/wp\/v2\/categories?post=36885"},{"taxonomy":"post_tag","embeddable":true,"href":"https:\/\/gentedebasquet.com.ar\/sitio\/wp-json\/wp\/v2\/tags?post=36885"}],"curies":[{"name":"wp","href":"https:\/\/api.w.org\/{rel}","templated":true}]}}