{"id":36966,"date":"2014-08-23T02:18:16","date_gmt":"2014-08-23T05:18:16","guid":{"rendered":"http:\/\/www.gentedebasquet.com.ar\/?p=36966"},"modified":"2014-08-23T02:18:16","modified_gmt":"2014-08-23T05:18:16","slug":"tuvo-su-fiesta-de-quince","status":"publish","type":"post","link":"https:\/\/gentedebasquet.com.ar\/sitio\/2014\/08\/23\/tuvo-su-fiesta-de-quince\/","title":{"rendered":"Tuvo su fiesta de quince"},"content":{"rendered":"<p><b>Gracias a 15 triples (contra 11 dobles) \u00a0y a su efectividad en la l\u00ednea (30\/37 T1), Barracas venci\u00f3 como local a Sportivo por 97 a 70 y sum\u00f3 su quinta victoria consecutiva.\u00a0 El local sac\u00f3 ventajas en un primer tiempo de alto goleo y mucha intensidad (51-41), y luego fue progresivamente estirando la diferencia. Carci abri\u00f3 el juego (22, 4\/7 T3, 19 en el PT) y Harina lo cerr\u00f3 (24, 4\/7 T3, 19 en el ST) en el equipo de Palumbo que adem\u00e1s conto con la importante tarea de Mond\u00f3n (17 + 15 rebotes) y las bombas de Trellini (12, 4\/10 T3). En Sportivo, que termin\u00f3 descontento con el arbitraje, no alcanz\u00f3 con la actuaci\u00f3n de Gentili que anot\u00f3 25 puntos (6\/9 T3), 20 en el PT.<\/b><\/p>\n<p>Con todo arranc\u00f3 Barracas que cargando el rebote ofensivo (3) y sumando con Mond\u00f3n (4) m\u00e1s la conducci\u00f3n de Carci (3), establec\u00eda r\u00e1pidas diferencias (9-3) en 3 minutos aprovechando las p\u00e9rdidas de su rival (3), pero cinco fallos consecutivos secaron a los de Palumbo y una nueva bomba de Gentili (2\/2 T3) y un acierto de larga distancia de Tuero, hicieron que Sportivo disfrute de un parcial de 8-0 que lo puso arriba (11-9) a mediados del cuarto. Aunque Gentili volv\u00eda a castigar de lejos (cerr\u00f3 con 9, 3\/5 T3), Sportivo parec\u00eda inc\u00f3modo forzando muchos lanzamientos y el due\u00f1o de casa contaba con una nueva acci\u00f3n de Carci y Trellini se sumaba a la fiesta de triples para que el partido quede igualado en 15 a poco m\u00e1s de 2 minutos para el final. En ese pasaje el visitante no anot\u00f3, ya que se mantuvo yendo hacia adentro pero sin \u00e9xito (termin\u00f3 con 1\/7 T2) y el local lo maximiz\u00f3, porque Carci (cerr\u00f3 con 10) segu\u00eda atacando el aro y facturando desde la l\u00ednea (4\/4 T1) y Harina (5) comenzaba a entrar en juego para establecer una racha de 11 a 2 que le dio una buena luz al cabo del primer per\u00edodo: 26-17.<\/p>\n<p>Ya en el segundo cuarto, el local volvi\u00f3 a pegar de arranque gracias a los triples de Carci y Trellini, que encabezaron una racha de 8-0 que le dio una gran diferencia (34-17), pero de la misma manera respondi\u00f3 Sportivo que con las bombas de Asnaghi (5) y Gentili marc\u00f3 tambi\u00e9n un parcial de 8-0 que volvi\u00f3 a dejar a su equipo a 9 (34-25) a falta de 6.52. El partido era bien jugado y mantuvo mucha intensidad durante todo ese primer tiempo, el visitante sigui\u00f3 disfrutando de su buen andar ofensivo con un Gentili\u00a0 (cerr\u00f3 con 11, 2\/2 T3 y 5\/6 T1) determinante haci\u00e9ndose cargo de los ataques y con la aparici\u00f3n en el juego de L. Santarelli (4), y as\u00ed los de \u00c1lvarez intentaron achicar el tanteador, pero Carci era una m\u00e1quina de anotar de larga distancia (termin\u00f3 con 9, 3\/3 T3) y Mond\u00f3n luchaba cerca del canasto y se ganaba sus puntos (5\/6 T1) para que Barracas mantenga su ventaja y se vaya a los vestuarios ganando 51 a 41.<\/p>\n<p>La gran ofensiva con la que cont\u00f3 el equipo de Palumbo en la primera etapa, pareci\u00f3 desaparecer tras el entretiempo, porque estuvo 5 minutos sin anotar tiros de campo (0\/5) y solo mov\u00eda el tanteador mediante tiros libres (Carci y Mond\u00f3n) hasta que Montanaro consigui\u00f3 sumar cerca del cesto, pero Sportivo parec\u00eda no encontrarle la vuelta a la defensa rival, sufr\u00eda a la hora de meterse en la pintura y logr\u00f3 achicar solo a 6 (57-51) pasando la mitad del cuarto gracias a acciones individuales encabezadas por Tuero y Gentili. Pero ahora ser\u00eda el visitante el que sufrir\u00eda para poder anotar, porque el equipo de calle Alvarado profundiz\u00f3 sus problemas a la hora de romper la defensa rival, sec\u00e1ndose y logrando mover el tablero \u00fanicamente mediante tiros libres durante esos 4 minutos finales, y Barracas, pese a ver como Carci se iba al banco con cuatro infracciones, encontr\u00f3 las respuestas en Harina (7) que machaba tanto de larga distancia como corriendo el contragolpe en la \u00faltima jugada del parcial que despert\u00f3 pol\u00e9mica (t\u00e9cnica a Gentili inclu\u00edda), para que su elenco vuelva a escaparse y llegue al\u00a0 \u00faltimo per\u00edodo con 14 de ventaja ya que venc\u00eda 68 a 54.<\/p>\n<p>Las secuelas de la \u00faltima acci\u00f3n del tercer parcial le hicieron da\u00f1o a Sportivo que se descontrol\u00f3 (t\u00e9cnico al entrenador) y la mano caliente de Harina (6) sigui\u00f3 agrandando el liderazgo del Bosque que ya ten\u00eda 20 de luz (74-54) a falta de 8 minutos. Los triples de Gendana (6, 2\/5 T3) y la defensa presi\u00f3n no fueron suficientes para que el visitante vuelva al partido y a falta de medio cuarto los suplentes ingresaron al juego, mientras que el propio Harina (termin\u00f3 con 12) se encarg\u00f3 de liquidar la historia bien secundado por el efectivo ingreso de Gonz\u00e1lez (6) que le dio soluciones en el per\u00edmetro a Palumbo\u00a0 en el quinto triunfo consecutivo de Barracas que sigue como l\u00edder del torneo en soledad.<\/p>\n<p>&nbsp;<\/p>\n<h6>Tras el robo de bal\u00f3n, Harina anota el doble y recibe la falta en el cierre del 3C.<\/h6>\n<h6>Todo Sportivo protesta y Gentili recibe la t\u00e9cnica<\/h6>\n<p>[vimeo]http:\/\/vimeo.com\/104156810[\/vimeo]<\/p>\n<p>&nbsp;<\/p>\n<p><em><b><span style=\"text-decoration: underline;\">S\u00edntesis:<\/span><\/b><\/em><\/p>\n<p><b>Barracas 97:<\/b> Dami\u00e1n Carci 22, Federico Harina 24, Mariano Trellini 12, Mauro Santillan 8, Andr\u00e9s Mond\u00f3n 17 (FI). \u00a0Juli\u00e1n Serrano 0, Joaqu\u00edn Gonz\u00e1lez 6, Mauro Montanaro 5, Andr\u00e9s Almir\u00f3n 3. DT: Juan Sergio Palumbo.<\/p>\n<p><b>Sportivo Bahiense 70: <\/b>Gustavo Gentili 25, Joaqu\u00edn Tuero 5, Lucas Santarelli 5, Tom\u00e1s Santarelli 5, Nicol\u00e1s Mart\u00ednez 2 (FI). Fabi\u00e1n Gendana 6, Axel Hammerschmidt 3, Germ\u00e1n Rausemberg 3, Mariano \u00c1lvarez 2, Yoel Asnaghi 10, Ferm\u00edn Iriarte 4, Juan Manuel Ponce 0. DT: Fernando \u00c1lvarez.<\/p>\n<p><b>Parciales:<\/b> 26-17, 51-41 (25-24), 68-54 (17-13), 97-70 (29-16).<\/p>\n<p><b>\u00c1rbitros:<\/b> Eduardo Ferreyra \u2013 Sebasti\u00e1n Arcas.<\/p>\n<p><b>Estadio:<\/b> El Bosque (Barracas).<\/p>\n<p><a class=\"modalf iframe\" title=\"Planilla\" href=\"https:\/\/docs.google.com\/spreadsheets\/d\/1MtjELupbhQr8onDNkOoui9PY70oK8JoQGifXRsOP-e0\/pubhtml\" target=\"_blank\" rel=\"noopener\">Ver Planilla<\/a><\/p>\n","protected":false},"excerpt":{"rendered":"<p>Por los triples (15) y  la efectividad en la l\u00ednea, Barracas venci\u00f3 a Sportivo por 97 a 70<\/p>\n","protected":false},"author":1,"featured_media":36968,"comment_status":"closed","ping_status":"open","sticky":false,"template":"","format":"standard","meta":{"jnews-multi-image_gallery":[],"jnews_single_post":[],"jnews_primary_category":[],"footnotes":""},"categories":[25,101],"tags":[333,527,209,233,583],"class_list":["post-36966","post","type-post","status-publish","format-standard","has-post-thumbnail","hentry","category-segunda","category-slide","tag-barracas","tag-damian-carci","tag-federico-harina","tag-gustavo-gentili","tag-sportivo"],"yoast_head":"<!-- This site is optimized with the Yoast SEO plugin v27.5 - https:\/\/yoast.com\/product\/yoast-seo-wordpress\/ -->\n<title>Tuvo su fiesta de quince - Gente de B\u00e1squet<\/title>\n<meta name=\"robots\" content=\"index, follow, max-snippet:-1, max-image-preview:large, max-video-preview:-1\" \/>\n<link rel=\"canonical\" href=\"https:\/\/gentedebasquet.com.ar\/sitio\/2014\/08\/23\/tuvo-su-fiesta-de-quince\/\" \/>\n<meta property=\"og:locale\" content=\"es_ES\" \/>\n<meta property=\"og:type\" content=\"article\" \/>\n<meta property=\"og:title\" content=\"Tuvo su fiesta de quince - Gente de B\u00e1squet\" \/>\n<meta property=\"og:description\" content=\"Por los triples (15) y la efectividad en la l\u00ednea, Barracas venci\u00f3 a Sportivo por 97 a 70\" \/>\n<meta property=\"og:url\" content=\"https:\/\/gentedebasquet.com.ar\/sitio\/2014\/08\/23\/tuvo-su-fiesta-de-quince\/\" \/>\n<meta property=\"og:site_name\" content=\"Gente de B\u00e1squet\" \/>\n<meta property=\"article:published_time\" content=\"2014-08-23T05:18:16+00:00\" \/>\n<meta property=\"og:image\" content=\"https:\/\/gentedebasquet.com.ar\/sitio\/wp-content\/uploads\/2014\/08\/10622190_10201165180730830_1736888694_n.jpg\" \/>\n\t<meta property=\"og:image:width\" content=\"690\" \/>\n\t<meta property=\"og:image:height\" content=\"319\" \/>\n\t<meta property=\"og:image:type\" content=\"image\/jpeg\" \/>\n<meta name=\"author\" content=\"Gente de B\u00e1squet\" \/>\n<meta name=\"twitter:card\" content=\"summary_large_image\" \/>\n<meta name=\"twitter:label1\" content=\"Escrito por\" \/>\n\t<meta name=\"twitter:data1\" content=\"Gente de B\u00e1squet\" \/>\n\t<meta name=\"twitter:label2\" content=\"Tiempo de lectura\" \/>\n\t<meta name=\"twitter:data2\" content=\"5 minutos\" \/>\n<script type=\"application\/ld+json\" class=\"yoast-schema-graph\">{\"@context\":\"https:\\\/\\\/schema.org\",\"@graph\":[{\"@type\":\"Article\",\"@id\":\"https:\\\/\\\/gentedebasquet.com.ar\\\/sitio\\\/2014\\\/08\\\/23\\\/tuvo-su-fiesta-de-quince\\\/#article\",\"isPartOf\":{\"@id\":\"https:\\\/\\\/gentedebasquet.com.ar\\\/sitio\\\/2014\\\/08\\\/23\\\/tuvo-su-fiesta-de-quince\\\/\"},\"author\":{\"name\":\"Gente de B\u00e1squet\",\"@id\":\"https:\\\/\\\/gentedebasquet.com.ar\\\/sitio\\\/#\\\/schema\\\/person\\\/ca0b63bbb977369988a7bbbdc519943a\"},\"headline\":\"Tuvo su fiesta de quince\",\"datePublished\":\"2014-08-23T05:18:16+00:00\",\"mainEntityOfPage\":{\"@id\":\"https:\\\/\\\/gentedebasquet.com.ar\\\/sitio\\\/2014\\\/08\\\/23\\\/tuvo-su-fiesta-de-quince\\\/\"},\"wordCount\":940,\"image\":{\"@id\":\"https:\\\/\\\/gentedebasquet.com.ar\\\/sitio\\\/2014\\\/08\\\/23\\\/tuvo-su-fiesta-de-quince\\\/#primaryimage\"},\"thumbnailUrl\":\"https:\\\/\\\/gentedebasquet.com.ar\\\/sitio\\\/wp-content\\\/uploads\\\/2014\\\/08\\\/10622190_10201165180730830_1736888694_n.jpg\",\"keywords\":[\"Barracas\",\"Dami\u00e1n Carci\",\"Federico Harina\",\"Gustavo Gentili\",\"Sportivo\"],\"articleSection\":[\"Segunda\",\"Slide\"],\"inLanguage\":\"es\"},{\"@type\":\"WebPage\",\"@id\":\"https:\\\/\\\/gentedebasquet.com.ar\\\/sitio\\\/2014\\\/08\\\/23\\\/tuvo-su-fiesta-de-quince\\\/\",\"url\":\"https:\\\/\\\/gentedebasquet.com.ar\\\/sitio\\\/2014\\\/08\\\/23\\\/tuvo-su-fiesta-de-quince\\\/\",\"name\":\"Tuvo su fiesta de quince - Gente de B\u00e1squet\",\"isPartOf\":{\"@id\":\"https:\\\/\\\/gentedebasquet.com.ar\\\/sitio\\\/#website\"},\"primaryImageOfPage\":{\"@id\":\"https:\\\/\\\/gentedebasquet.com.ar\\\/sitio\\\/2014\\\/08\\\/23\\\/tuvo-su-fiesta-de-quince\\\/#primaryimage\"},\"image\":{\"@id\":\"https:\\\/\\\/gentedebasquet.com.ar\\\/sitio\\\/2014\\\/08\\\/23\\\/tuvo-su-fiesta-de-quince\\\/#primaryimage\"},\"thumbnailUrl\":\"https:\\\/\\\/gentedebasquet.com.ar\\\/sitio\\\/wp-content\\\/uploads\\\/2014\\\/08\\\/10622190_10201165180730830_1736888694_n.jpg\",\"datePublished\":\"2014-08-23T05:18:16+00:00\",\"author\":{\"@id\":\"https:\\\/\\\/gentedebasquet.com.ar\\\/sitio\\\/#\\\/schema\\\/person\\\/ca0b63bbb977369988a7bbbdc519943a\"},\"breadcrumb\":{\"@id\":\"https:\\\/\\\/gentedebasquet.com.ar\\\/sitio\\\/2014\\\/08\\\/23\\\/tuvo-su-fiesta-de-quince\\\/#breadcrumb\"},\"inLanguage\":\"es\",\"potentialAction\":[{\"@type\":\"ReadAction\",\"target\":[\"https:\\\/\\\/gentedebasquet.com.ar\\\/sitio\\\/2014\\\/08\\\/23\\\/tuvo-su-fiesta-de-quince\\\/\"]}]},{\"@type\":\"ImageObject\",\"inLanguage\":\"es\",\"@id\":\"https:\\\/\\\/gentedebasquet.com.ar\\\/sitio\\\/2014\\\/08\\\/23\\\/tuvo-su-fiesta-de-quince\\\/#primaryimage\",\"url\":\"https:\\\/\\\/gentedebasquet.com.ar\\\/sitio\\\/wp-content\\\/uploads\\\/2014\\\/08\\\/10622190_10201165180730830_1736888694_n.jpg\",\"contentUrl\":\"https:\\\/\\\/gentedebasquet.com.ar\\\/sitio\\\/wp-content\\\/uploads\\\/2014\\\/08\\\/10622190_10201165180730830_1736888694_n.jpg\",\"width\":690,\"height\":319},{\"@type\":\"BreadcrumbList\",\"@id\":\"https:\\\/\\\/gentedebasquet.com.ar\\\/sitio\\\/2014\\\/08\\\/23\\\/tuvo-su-fiesta-de-quince\\\/#breadcrumb\",\"itemListElement\":[{\"@type\":\"ListItem\",\"position\":1,\"name\":\"Portada\",\"item\":\"https:\\\/\\\/gentedebasquet.com.ar\\\/sitio\\\/\"},{\"@type\":\"ListItem\",\"position\":2,\"name\":\"Tuvo su fiesta de quince\"}]},{\"@type\":\"WebSite\",\"@id\":\"https:\\\/\\\/gentedebasquet.com.ar\\\/sitio\\\/#website\",\"url\":\"https:\\\/\\\/gentedebasquet.com.ar\\\/sitio\\\/\",\"name\":\"Gente de B\u00e1squet\",\"description\":\"La revista del basquet de Bah\u00eda Blanca\",\"potentialAction\":[{\"@type\":\"SearchAction\",\"target\":{\"@type\":\"EntryPoint\",\"urlTemplate\":\"https:\\\/\\\/gentedebasquet.com.ar\\\/sitio\\\/?s={search_term_string}\"},\"query-input\":{\"@type\":\"PropertyValueSpecification\",\"valueRequired\":true,\"valueName\":\"search_term_string\"}}],\"inLanguage\":\"es\"},{\"@type\":\"Person\",\"@id\":\"https:\\\/\\\/gentedebasquet.com.ar\\\/sitio\\\/#\\\/schema\\\/person\\\/ca0b63bbb977369988a7bbbdc519943a\",\"name\":\"Gente de B\u00e1squet\",\"image\":{\"@type\":\"ImageObject\",\"inLanguage\":\"es\",\"@id\":\"https:\\\/\\\/secure.gravatar.com\\\/avatar\\\/7f2c48bdc33b30088f941fb6082e555f2874c98e20cb159d7b92b50eadfce793?s=96&d=mm&r=g\",\"url\":\"https:\\\/\\\/secure.gravatar.com\\\/avatar\\\/7f2c48bdc33b30088f941fb6082e555f2874c98e20cb159d7b92b50eadfce793?s=96&d=mm&r=g\",\"contentUrl\":\"https:\\\/\\\/secure.gravatar.com\\\/avatar\\\/7f2c48bdc33b30088f941fb6082e555f2874c98e20cb159d7b92b50eadfce793?s=96&d=mm&r=g\",\"caption\":\"Gente de B\u00e1squet\"},\"sameAs\":[\"http:\\\/\\\/gentedebasquet.com.ar\\\/sitio\"],\"url\":\"https:\\\/\\\/gentedebasquet.com.ar\\\/sitio\\\/author\\\/ulises\\\/\"}]}<\/script>\n<!-- \/ Yoast SEO plugin. -->","yoast_head_json":{"title":"Tuvo su fiesta de quince - Gente de B\u00e1squet","robots":{"index":"index","follow":"follow","max-snippet":"max-snippet:-1","max-image-preview":"max-image-preview:large","max-video-preview":"max-video-preview:-1"},"canonical":"https:\/\/gentedebasquet.com.ar\/sitio\/2014\/08\/23\/tuvo-su-fiesta-de-quince\/","og_locale":"es_ES","og_type":"article","og_title":"Tuvo su fiesta de quince - Gente de B\u00e1squet","og_description":"Por los triples (15) y la efectividad en la l\u00ednea, Barracas venci\u00f3 a Sportivo por 97 a 70","og_url":"https:\/\/gentedebasquet.com.ar\/sitio\/2014\/08\/23\/tuvo-su-fiesta-de-quince\/","og_site_name":"Gente de B\u00e1squet","article_published_time":"2014-08-23T05:18:16+00:00","og_image":[{"width":690,"height":319,"url":"https:\/\/gentedebasquet.com.ar\/sitio\/wp-content\/uploads\/2014\/08\/10622190_10201165180730830_1736888694_n.jpg","type":"image\/jpeg"}],"author":"Gente de B\u00e1squet","twitter_card":"summary_large_image","twitter_misc":{"Escrito por":"Gente de B\u00e1squet","Tiempo de lectura":"5 minutos"},"schema":{"@context":"https:\/\/schema.org","@graph":[{"@type":"Article","@id":"https:\/\/gentedebasquet.com.ar\/sitio\/2014\/08\/23\/tuvo-su-fiesta-de-quince\/#article","isPartOf":{"@id":"https:\/\/gentedebasquet.com.ar\/sitio\/2014\/08\/23\/tuvo-su-fiesta-de-quince\/"},"author":{"name":"Gente de B\u00e1squet","@id":"https:\/\/gentedebasquet.com.ar\/sitio\/#\/schema\/person\/ca0b63bbb977369988a7bbbdc519943a"},"headline":"Tuvo su fiesta de quince","datePublished":"2014-08-23T05:18:16+00:00","mainEntityOfPage":{"@id":"https:\/\/gentedebasquet.com.ar\/sitio\/2014\/08\/23\/tuvo-su-fiesta-de-quince\/"},"wordCount":940,"image":{"@id":"https:\/\/gentedebasquet.com.ar\/sitio\/2014\/08\/23\/tuvo-su-fiesta-de-quince\/#primaryimage"},"thumbnailUrl":"https:\/\/gentedebasquet.com.ar\/sitio\/wp-content\/uploads\/2014\/08\/10622190_10201165180730830_1736888694_n.jpg","keywords":["Barracas","Dami\u00e1n Carci","Federico Harina","Gustavo Gentili","Sportivo"],"articleSection":["Segunda","Slide"],"inLanguage":"es"},{"@type":"WebPage","@id":"https:\/\/gentedebasquet.com.ar\/sitio\/2014\/08\/23\/tuvo-su-fiesta-de-quince\/","url":"https:\/\/gentedebasquet.com.ar\/sitio\/2014\/08\/23\/tuvo-su-fiesta-de-quince\/","name":"Tuvo su fiesta de quince - Gente de B\u00e1squet","isPartOf":{"@id":"https:\/\/gentedebasquet.com.ar\/sitio\/#website"},"primaryImageOfPage":{"@id":"https:\/\/gentedebasquet.com.ar\/sitio\/2014\/08\/23\/tuvo-su-fiesta-de-quince\/#primaryimage"},"image":{"@id":"https:\/\/gentedebasquet.com.ar\/sitio\/2014\/08\/23\/tuvo-su-fiesta-de-quince\/#primaryimage"},"thumbnailUrl":"https:\/\/gentedebasquet.com.ar\/sitio\/wp-content\/uploads\/2014\/08\/10622190_10201165180730830_1736888694_n.jpg","datePublished":"2014-08-23T05:18:16+00:00","author":{"@id":"https:\/\/gentedebasquet.com.ar\/sitio\/#\/schema\/person\/ca0b63bbb977369988a7bbbdc519943a"},"breadcrumb":{"@id":"https:\/\/gentedebasquet.com.ar\/sitio\/2014\/08\/23\/tuvo-su-fiesta-de-quince\/#breadcrumb"},"inLanguage":"es","potentialAction":[{"@type":"ReadAction","target":["https:\/\/gentedebasquet.com.ar\/sitio\/2014\/08\/23\/tuvo-su-fiesta-de-quince\/"]}]},{"@type":"ImageObject","inLanguage":"es","@id":"https:\/\/gentedebasquet.com.ar\/sitio\/2014\/08\/23\/tuvo-su-fiesta-de-quince\/#primaryimage","url":"https:\/\/gentedebasquet.com.ar\/sitio\/wp-content\/uploads\/2014\/08\/10622190_10201165180730830_1736888694_n.jpg","contentUrl":"https:\/\/gentedebasquet.com.ar\/sitio\/wp-content\/uploads\/2014\/08\/10622190_10201165180730830_1736888694_n.jpg","width":690,"height":319},{"@type":"BreadcrumbList","@id":"https:\/\/gentedebasquet.com.ar\/sitio\/2014\/08\/23\/tuvo-su-fiesta-de-quince\/#breadcrumb","itemListElement":[{"@type":"ListItem","position":1,"name":"Portada","item":"https:\/\/gentedebasquet.com.ar\/sitio\/"},{"@type":"ListItem","position":2,"name":"Tuvo su fiesta de quince"}]},{"@type":"WebSite","@id":"https:\/\/gentedebasquet.com.ar\/sitio\/#website","url":"https:\/\/gentedebasquet.com.ar\/sitio\/","name":"Gente de B\u00e1squet","description":"La revista del basquet de Bah\u00eda Blanca","potentialAction":[{"@type":"SearchAction","target":{"@type":"EntryPoint","urlTemplate":"https:\/\/gentedebasquet.com.ar\/sitio\/?s={search_term_string}"},"query-input":{"@type":"PropertyValueSpecification","valueRequired":true,"valueName":"search_term_string"}}],"inLanguage":"es"},{"@type":"Person","@id":"https:\/\/gentedebasquet.com.ar\/sitio\/#\/schema\/person\/ca0b63bbb977369988a7bbbdc519943a","name":"Gente de B\u00e1squet","image":{"@type":"ImageObject","inLanguage":"es","@id":"https:\/\/secure.gravatar.com\/avatar\/7f2c48bdc33b30088f941fb6082e555f2874c98e20cb159d7b92b50eadfce793?s=96&d=mm&r=g","url":"https:\/\/secure.gravatar.com\/avatar\/7f2c48bdc33b30088f941fb6082e555f2874c98e20cb159d7b92b50eadfce793?s=96&d=mm&r=g","contentUrl":"https:\/\/secure.gravatar.com\/avatar\/7f2c48bdc33b30088f941fb6082e555f2874c98e20cb159d7b92b50eadfce793?s=96&d=mm&r=g","caption":"Gente de B\u00e1squet"},"sameAs":["http:\/\/gentedebasquet.com.ar\/sitio"],"url":"https:\/\/gentedebasquet.com.ar\/sitio\/author\/ulises\/"}]}},"_links":{"self":[{"href":"https:\/\/gentedebasquet.com.ar\/sitio\/wp-json\/wp\/v2\/posts\/36966","targetHints":{"allow":["GET"]}}],"collection":[{"href":"https:\/\/gentedebasquet.com.ar\/sitio\/wp-json\/wp\/v2\/posts"}],"about":[{"href":"https:\/\/gentedebasquet.com.ar\/sitio\/wp-json\/wp\/v2\/types\/post"}],"author":[{"embeddable":true,"href":"https:\/\/gentedebasquet.com.ar\/sitio\/wp-json\/wp\/v2\/users\/1"}],"replies":[{"embeddable":true,"href":"https:\/\/gentedebasquet.com.ar\/sitio\/wp-json\/wp\/v2\/comments?post=36966"}],"version-history":[{"count":0,"href":"https:\/\/gentedebasquet.com.ar\/sitio\/wp-json\/wp\/v2\/posts\/36966\/revisions"}],"wp:featuredmedia":[{"embeddable":true,"href":"https:\/\/gentedebasquet.com.ar\/sitio\/wp-json\/wp\/v2\/media\/36968"}],"wp:attachment":[{"href":"https:\/\/gentedebasquet.com.ar\/sitio\/wp-json\/wp\/v2\/media?parent=36966"}],"wp:term":[{"taxonomy":"category","embeddable":true,"href":"https:\/\/gentedebasquet.com.ar\/sitio\/wp-json\/wp\/v2\/categories?post=36966"},{"taxonomy":"post_tag","embeddable":true,"href":"https:\/\/gentedebasquet.com.ar\/sitio\/wp-json\/wp\/v2\/tags?post=36966"}],"curies":[{"name":"wp","href":"https:\/\/api.w.org\/{rel}","templated":true}]}}