{"id":37027,"date":"2014-08-25T00:28:25","date_gmt":"2014-08-25T03:28:25","guid":{"rendered":"http:\/\/www.gentedebasquet.com.ar\/?p=37027"},"modified":"2014-08-25T00:28:25","modified_gmt":"2014-08-25T03:28:25","slug":"le-canto-las-500","status":"publish","type":"post","link":"https:\/\/gentedebasquet.com.ar\/sitio\/2014\/08\/25\/le-canto-las-500\/","title":{"rendered":"Le cant\u00f3 las 500"},"content":{"rendered":"<p><b>San Lorenzo se impuso a Olimpo 98 a 89 en suplementario, luego de haber igualado en 79 en el tiempo regular. Con un gran pasaje de Luciano Fortelli (cumpli\u00f3 500 partidos en torneos superiores) el due\u00f1o de casa quebr\u00f3 en el overtime el encuentro, que tuvo a Mart\u00edn R\u00edos Lodoli (17, 12\/16 T1), Sebasti\u00e1n Branciforte (17) y Jorge Garc\u00eda (15 y 8 rebotes) como principales estandartes a lo largo del partido. Mientras que Germ\u00e1n Ressia (20, 10\/15 T1) y Jervaughn Scales (17, 7 rebotes y 4 tapas) sobresalieron en el elenco visitante.<\/b><\/p>\n<p>Olimpo apost\u00f3 al trabajo de Scales cerca del cesto para crear los espacios necesarios para que Gim\u00e9nez (8) y Gast\u00f3n Ressia (5) encontraran la soltura en su juego ante una endeble defensa zonal, la que tambi\u00e9n ensay\u00f3 el \u201caurinegro\u201d; aunque San Lorenzo lejos de amilanarse y entrar en la desesperaci\u00f3n, apost\u00f3 al juego interior con Garc\u00eda (11) y chispazos de Silva. Pero cuando Morando (8, tir\u00f3 para 10) encontr\u00f3 su lanzamiento, el due\u00f1o de casa pas\u00f3 a dominar las acciones con un parcial de 9-0 (que luego estir\u00f3 a 17-6) sobre el final del segmento inicial.<\/p>\n<p>Al Germ\u00e1n Ressia tomar la posta de la ofensiva de Olimpo, su equipo altern\u00f3 sus variantes y hasta le dio mayor libertad a Scales (7) en la pintura; por eso fue que el due\u00f1o de casa apel\u00f3 a una defensa caj\u00f3n sobre el base. No obstante el desarrollo fue equilibrado porque Banchero (8) entr\u00f3 intenso desde el banco para \u201cSanlo\u201d y junto a Hildemann (5) fueron los principales argumentos con que cont\u00f3 el local en ataque. A pesar de ello Scales (3 tapas) provoc\u00f3 malos lanzamientos y con Arens, la visita pudo correr para que el ritmo sea por dem\u00e1s vertiginoso.<\/p>\n<p>Con el mismo esquema ofensivo que en el inicio, San Lorenzo fue fruct\u00edfero cuando puso el bal\u00f3n en la pintura (12 de los 22) y as\u00ed se mantuvo al frente a lo largo del tercer chico; y m\u00e1xime cuando Branciforte (10) cobr\u00f3 protagonismo mediante su personalidad. Pero no todo fue color de rosa porque los hermanos Ressia (13 entre ambos) siguieron haciendo de las suyas y sumado al car\u00e1cter de Arens (volcada m\u00e1s inflaci\u00f3n inclu\u00edda), los de Allende mantuvieron equilibrado el tr\u00e1mite del encuentro.<\/p>\n<p>El cuarto cap\u00edtulo estuvo marcado por un cambio radical en los \u201cpitos\u201d, ya que la tendencia a lo largo de los tres primeros cuartos fue de mucho roce y muchas protestas; y de ese escenario se pas\u00f3 a estar celosos con los fallos. En medio de este marco, R\u00edos Lodoli (7) acrecent\u00f3 su contribuci\u00f3n y Germ\u00e1n Ressia (5) fue muy inteligente para leer cuando romper hacia el cesto y cuando desgastar la defensa. Pero poco a poco Olimpo comenz\u00f3 a perder soldados (Gim\u00e9nez, Germ\u00e1n, Scales, Fern\u00e1ndez y Silva) y a dilapidar chances desde la l\u00ednea (3\/8 T1), dejando escapar la posibilidad de quebrar el encuentro. En contrapartida San Lorenzo (8\/10 T1) fue la ant\u00edtesis y tuvo su oportunidad de liquidar el juego con dos tiros de Fortelli, aunque sin los resultados esperados.<\/p>\n<p>Ya en el suplementario, San Lorenzo fue una aplanadora con Fortelli (6) como motor; y cuando \u201cLucho\u201d controla el juego a su equipo se le facilitan las cosas, ya que Hildemann golpe\u00f3 en cada oportunidad desde la l\u00ednea y Branciforte una vez m\u00e1s colabor\u00f3 en ofensiva ante un rival ya sin claridad ante la ausencia de jugadores claves. Y con un contundente 10\/11 T1 en la l\u00ednea fue liquidando el encuentro a su favor.<\/p>\n<p>&nbsp;<\/p>\n<p>[vimeo]http:\/\/vimeo.com\/104269670[\/vimeo]<\/p>\n<p>&nbsp;<\/p>\n<p><em><span style=\"text-decoration: underline;\">S\u00edntesis: <\/span><\/em><\/p>\n<p><strong>San Lorenzo 98: <\/strong>Luciano Fortelli 8, Mariano Morando 8, Mart\u00edn R\u00edos Lodoli 17, Jorge Garc\u00eda 15 y Leandro Silva 10 (F.I.); Federico Biggi 0, Nahuel Diez 2, Gustavo Banchero 8, Sebasti\u00e1n Branciforte 17 y Andr\u00e9s Hildemann 10. DT: Claudio Queti.<\/p>\n<p><strong>Olimpo 89: <\/strong>Germ\u00e1n Ressia 20, Gast\u00f3n Ressia 14, Emilio Gim\u00e9nez 10, Marcos Fern\u00e1ndez 2 y Jervaughn Scales 17 (F.I.); Lahuel Silva 0, Cristian Victoria 10, Facundo Arens 8, Lucas Lucchetti 4, Franco Ruesga 9 y Federico Montenegro 0. DT: Daniel Allende.<\/p>\n<p><strong>Parciales: <\/strong>25-20, 42-39 (17-19), 64-62 (22-23) y 79-79 (15-17).<\/p>\n<p><strong>Suplementario<\/strong>: 98-89 (19-10).<\/p>\n<p><strong>\u00c1rbitros: <\/strong>Jorge Scheffer y Sebasti\u00e1n Arcas.<\/p>\n<p><strong>Estadio: <\/strong>\u201cRom\u00e1n Avecilla\u201d (San Lorenzo).<\/p>\n<p><a class=\"modalf iframe\" title=\"Planilla\" href=\"https:\/\/docs.google.com\/spreadsheets\/d\/1omcpRdg9OCm4t-HTChE5T95JukhoWF5qfD4btbuG6eQ\/pubhtml\" target=\"_blank\" rel=\"noopener\">Ver Planilla<\/a><\/p>\n<p><strong>Dato estad\u00edstico<\/strong>: Nicol\u00e1s Batista.<\/p>\n","protected":false},"excerpt":{"rendered":"<p>San Lorenzo debi\u00f3 luchar hasta el suplementario para vencer a Olimpo: 98-89<\/p>\n","protected":false},"author":1,"featured_media":37028,"comment_status":"closed","ping_status":"open","sticky":false,"template":"","format":"standard","meta":{"jnews-multi-image_gallery":[],"jnews_single_post":[],"jnews_primary_category":[],"footnotes":""},"categories":[23,101],"tags":[284,425,89,225,16,19,877],"class_list":["post-37027","post","type-post","status-publish","format-standard","has-post-thumbnail","hentry","category-primera","category-slide","tag-german-ressia","tag-jervaughn-scales","tag-jorge-garcia","tag-martin-rios-lodoli","tag-olimpo","tag-san-lorenzo","tag-sebatian-branciforte"],"yoast_head":"<!-- This site is optimized with the Yoast SEO plugin v27.5 - https:\/\/yoast.com\/product\/yoast-seo-wordpress\/ -->\n<title>Le cant\u00f3 las 500 - Gente de B\u00e1squet<\/title>\n<meta name=\"robots\" content=\"index, follow, max-snippet:-1, max-image-preview:large, max-video-preview:-1\" \/>\n<link rel=\"canonical\" href=\"http:\/\/gentedebasquet.com.ar\/sitio\/2014\/08\/25\/le-canto-las-500\/\" \/>\n<meta property=\"og:locale\" content=\"es_ES\" \/>\n<meta property=\"og:type\" content=\"article\" \/>\n<meta property=\"og:title\" content=\"Le cant\u00f3 las 500 - Gente de B\u00e1squet\" \/>\n<meta property=\"og:description\" content=\"San Lorenzo debi\u00f3 luchar hasta el suplementario para vencer a Olimpo: 98-89\" \/>\n<meta property=\"og:url\" content=\"http:\/\/gentedebasquet.com.ar\/sitio\/2014\/08\/25\/le-canto-las-500\/\" \/>\n<meta property=\"og:site_name\" content=\"Gente de B\u00e1squet\" \/>\n<meta property=\"article:published_time\" content=\"2014-08-25T03:28:25+00:00\" \/>\n<meta property=\"og:image\" content=\"http:\/\/gentedebasquet.com.ar\/sitio\/wp-content\/uploads\/2014\/08\/DSCF3939.jpg\" \/>\n\t<meta property=\"og:image:width\" content=\"690\" \/>\n\t<meta property=\"og:image:height\" content=\"391\" \/>\n\t<meta property=\"og:image:type\" content=\"image\/jpeg\" \/>\n<meta name=\"author\" content=\"Gente de B\u00e1squet\" \/>\n<meta name=\"twitter:card\" content=\"summary_large_image\" \/>\n<meta name=\"twitter:label1\" content=\"Escrito por\" \/>\n\t<meta name=\"twitter:data1\" content=\"Gente de B\u00e1squet\" \/>\n\t<meta name=\"twitter:label2\" content=\"Tiempo de lectura\" \/>\n\t<meta name=\"twitter:data2\" content=\"3 minutos\" \/>\n<script type=\"application\/ld+json\" class=\"yoast-schema-graph\">{\"@context\":\"https:\\\/\\\/schema.org\",\"@graph\":[{\"@type\":\"Article\",\"@id\":\"http:\\\/\\\/gentedebasquet.com.ar\\\/sitio\\\/2014\\\/08\\\/25\\\/le-canto-las-500\\\/#article\",\"isPartOf\":{\"@id\":\"http:\\\/\\\/gentedebasquet.com.ar\\\/sitio\\\/2014\\\/08\\\/25\\\/le-canto-las-500\\\/\"},\"author\":{\"name\":\"Gente de B\u00e1squet\",\"@id\":\"https:\\\/\\\/gentedebasquet.com.ar\\\/sitio\\\/#\\\/schema\\\/person\\\/ca0b63bbb977369988a7bbbdc519943a\"},\"headline\":\"Le cant\u00f3 las 500\",\"datePublished\":\"2014-08-25T03:28:25+00:00\",\"mainEntityOfPage\":{\"@id\":\"http:\\\/\\\/gentedebasquet.com.ar\\\/sitio\\\/2014\\\/08\\\/25\\\/le-canto-las-500\\\/\"},\"wordCount\":696,\"image\":{\"@id\":\"http:\\\/\\\/gentedebasquet.com.ar\\\/sitio\\\/2014\\\/08\\\/25\\\/le-canto-las-500\\\/#primaryimage\"},\"thumbnailUrl\":\"https:\\\/\\\/gentedebasquet.com.ar\\\/sitio\\\/wp-content\\\/uploads\\\/2014\\\/08\\\/DSCF3939.jpg\",\"keywords\":[\"Germ\u00e1n Ressia\",\"Jervaughn Scales\",\"Jorge Garc\u00eda\",\"Mart\u00edn R\u00edos Lodoli\",\"Ol\u00edmpo\",\"San Lorenzo\",\"Sebati\u00e1n Branciforte\"],\"articleSection\":[\"Primera\",\"Slide\"],\"inLanguage\":\"es\"},{\"@type\":\"WebPage\",\"@id\":\"http:\\\/\\\/gentedebasquet.com.ar\\\/sitio\\\/2014\\\/08\\\/25\\\/le-canto-las-500\\\/\",\"url\":\"http:\\\/\\\/gentedebasquet.com.ar\\\/sitio\\\/2014\\\/08\\\/25\\\/le-canto-las-500\\\/\",\"name\":\"Le cant\u00f3 las 500 - Gente de B\u00e1squet\",\"isPartOf\":{\"@id\":\"https:\\\/\\\/gentedebasquet.com.ar\\\/sitio\\\/#website\"},\"primaryImageOfPage\":{\"@id\":\"http:\\\/\\\/gentedebasquet.com.ar\\\/sitio\\\/2014\\\/08\\\/25\\\/le-canto-las-500\\\/#primaryimage\"},\"image\":{\"@id\":\"http:\\\/\\\/gentedebasquet.com.ar\\\/sitio\\\/2014\\\/08\\\/25\\\/le-canto-las-500\\\/#primaryimage\"},\"thumbnailUrl\":\"https:\\\/\\\/gentedebasquet.com.ar\\\/sitio\\\/wp-content\\\/uploads\\\/2014\\\/08\\\/DSCF3939.jpg\",\"datePublished\":\"2014-08-25T03:28:25+00:00\",\"author\":{\"@id\":\"https:\\\/\\\/gentedebasquet.com.ar\\\/sitio\\\/#\\\/schema\\\/person\\\/ca0b63bbb977369988a7bbbdc519943a\"},\"breadcrumb\":{\"@id\":\"http:\\\/\\\/gentedebasquet.com.ar\\\/sitio\\\/2014\\\/08\\\/25\\\/le-canto-las-500\\\/#breadcrumb\"},\"inLanguage\":\"es\",\"potentialAction\":[{\"@type\":\"ReadAction\",\"target\":[\"http:\\\/\\\/gentedebasquet.com.ar\\\/sitio\\\/2014\\\/08\\\/25\\\/le-canto-las-500\\\/\"]}]},{\"@type\":\"ImageObject\",\"inLanguage\":\"es\",\"@id\":\"http:\\\/\\\/gentedebasquet.com.ar\\\/sitio\\\/2014\\\/08\\\/25\\\/le-canto-las-500\\\/#primaryimage\",\"url\":\"https:\\\/\\\/gentedebasquet.com.ar\\\/sitio\\\/wp-content\\\/uploads\\\/2014\\\/08\\\/DSCF3939.jpg\",\"contentUrl\":\"https:\\\/\\\/gentedebasquet.com.ar\\\/sitio\\\/wp-content\\\/uploads\\\/2014\\\/08\\\/DSCF3939.jpg\",\"width\":690,\"height\":391},{\"@type\":\"BreadcrumbList\",\"@id\":\"http:\\\/\\\/gentedebasquet.com.ar\\\/sitio\\\/2014\\\/08\\\/25\\\/le-canto-las-500\\\/#breadcrumb\",\"itemListElement\":[{\"@type\":\"ListItem\",\"position\":1,\"name\":\"Portada\",\"item\":\"https:\\\/\\\/gentedebasquet.com.ar\\\/sitio\\\/\"},{\"@type\":\"ListItem\",\"position\":2,\"name\":\"Le cant\u00f3 las 500\"}]},{\"@type\":\"WebSite\",\"@id\":\"https:\\\/\\\/gentedebasquet.com.ar\\\/sitio\\\/#website\",\"url\":\"https:\\\/\\\/gentedebasquet.com.ar\\\/sitio\\\/\",\"name\":\"Gente de B\u00e1squet\",\"description\":\"La revista del basquet de Bah\u00eda Blanca\",\"potentialAction\":[{\"@type\":\"SearchAction\",\"target\":{\"@type\":\"EntryPoint\",\"urlTemplate\":\"https:\\\/\\\/gentedebasquet.com.ar\\\/sitio\\\/?s={search_term_string}\"},\"query-input\":{\"@type\":\"PropertyValueSpecification\",\"valueRequired\":true,\"valueName\":\"search_term_string\"}}],\"inLanguage\":\"es\"},{\"@type\":\"Person\",\"@id\":\"https:\\\/\\\/gentedebasquet.com.ar\\\/sitio\\\/#\\\/schema\\\/person\\\/ca0b63bbb977369988a7bbbdc519943a\",\"name\":\"Gente de B\u00e1squet\",\"image\":{\"@type\":\"ImageObject\",\"inLanguage\":\"es\",\"@id\":\"https:\\\/\\\/secure.gravatar.com\\\/avatar\\\/7f2c48bdc33b30088f941fb6082e555f2874c98e20cb159d7b92b50eadfce793?s=96&d=mm&r=g\",\"url\":\"https:\\\/\\\/secure.gravatar.com\\\/avatar\\\/7f2c48bdc33b30088f941fb6082e555f2874c98e20cb159d7b92b50eadfce793?s=96&d=mm&r=g\",\"contentUrl\":\"https:\\\/\\\/secure.gravatar.com\\\/avatar\\\/7f2c48bdc33b30088f941fb6082e555f2874c98e20cb159d7b92b50eadfce793?s=96&d=mm&r=g\",\"caption\":\"Gente de B\u00e1squet\"},\"sameAs\":[\"http:\\\/\\\/gentedebasquet.com.ar\\\/sitio\"],\"url\":\"https:\\\/\\\/gentedebasquet.com.ar\\\/sitio\\\/author\\\/ulises\\\/\"}]}<\/script>\n<!-- \/ Yoast SEO plugin. -->","yoast_head_json":{"title":"Le cant\u00f3 las 500 - Gente de B\u00e1squet","robots":{"index":"index","follow":"follow","max-snippet":"max-snippet:-1","max-image-preview":"max-image-preview:large","max-video-preview":"max-video-preview:-1"},"canonical":"http:\/\/gentedebasquet.com.ar\/sitio\/2014\/08\/25\/le-canto-las-500\/","og_locale":"es_ES","og_type":"article","og_title":"Le cant\u00f3 las 500 - Gente de B\u00e1squet","og_description":"San Lorenzo debi\u00f3 luchar hasta el suplementario para vencer a Olimpo: 98-89","og_url":"http:\/\/gentedebasquet.com.ar\/sitio\/2014\/08\/25\/le-canto-las-500\/","og_site_name":"Gente de B\u00e1squet","article_published_time":"2014-08-25T03:28:25+00:00","og_image":[{"width":690,"height":391,"url":"http:\/\/gentedebasquet.com.ar\/sitio\/wp-content\/uploads\/2014\/08\/DSCF3939.jpg","type":"image\/jpeg"}],"author":"Gente de B\u00e1squet","twitter_card":"summary_large_image","twitter_misc":{"Escrito por":"Gente de B\u00e1squet","Tiempo de lectura":"3 minutos"},"schema":{"@context":"https:\/\/schema.org","@graph":[{"@type":"Article","@id":"http:\/\/gentedebasquet.com.ar\/sitio\/2014\/08\/25\/le-canto-las-500\/#article","isPartOf":{"@id":"http:\/\/gentedebasquet.com.ar\/sitio\/2014\/08\/25\/le-canto-las-500\/"},"author":{"name":"Gente de B\u00e1squet","@id":"https:\/\/gentedebasquet.com.ar\/sitio\/#\/schema\/person\/ca0b63bbb977369988a7bbbdc519943a"},"headline":"Le cant\u00f3 las 500","datePublished":"2014-08-25T03:28:25+00:00","mainEntityOfPage":{"@id":"http:\/\/gentedebasquet.com.ar\/sitio\/2014\/08\/25\/le-canto-las-500\/"},"wordCount":696,"image":{"@id":"http:\/\/gentedebasquet.com.ar\/sitio\/2014\/08\/25\/le-canto-las-500\/#primaryimage"},"thumbnailUrl":"https:\/\/gentedebasquet.com.ar\/sitio\/wp-content\/uploads\/2014\/08\/DSCF3939.jpg","keywords":["Germ\u00e1n Ressia","Jervaughn Scales","Jorge Garc\u00eda","Mart\u00edn R\u00edos Lodoli","Ol\u00edmpo","San Lorenzo","Sebati\u00e1n Branciforte"],"articleSection":["Primera","Slide"],"inLanguage":"es"},{"@type":"WebPage","@id":"http:\/\/gentedebasquet.com.ar\/sitio\/2014\/08\/25\/le-canto-las-500\/","url":"http:\/\/gentedebasquet.com.ar\/sitio\/2014\/08\/25\/le-canto-las-500\/","name":"Le cant\u00f3 las 500 - Gente de B\u00e1squet","isPartOf":{"@id":"https:\/\/gentedebasquet.com.ar\/sitio\/#website"},"primaryImageOfPage":{"@id":"http:\/\/gentedebasquet.com.ar\/sitio\/2014\/08\/25\/le-canto-las-500\/#primaryimage"},"image":{"@id":"http:\/\/gentedebasquet.com.ar\/sitio\/2014\/08\/25\/le-canto-las-500\/#primaryimage"},"thumbnailUrl":"https:\/\/gentedebasquet.com.ar\/sitio\/wp-content\/uploads\/2014\/08\/DSCF3939.jpg","datePublished":"2014-08-25T03:28:25+00:00","author":{"@id":"https:\/\/gentedebasquet.com.ar\/sitio\/#\/schema\/person\/ca0b63bbb977369988a7bbbdc519943a"},"breadcrumb":{"@id":"http:\/\/gentedebasquet.com.ar\/sitio\/2014\/08\/25\/le-canto-las-500\/#breadcrumb"},"inLanguage":"es","potentialAction":[{"@type":"ReadAction","target":["http:\/\/gentedebasquet.com.ar\/sitio\/2014\/08\/25\/le-canto-las-500\/"]}]},{"@type":"ImageObject","inLanguage":"es","@id":"http:\/\/gentedebasquet.com.ar\/sitio\/2014\/08\/25\/le-canto-las-500\/#primaryimage","url":"https:\/\/gentedebasquet.com.ar\/sitio\/wp-content\/uploads\/2014\/08\/DSCF3939.jpg","contentUrl":"https:\/\/gentedebasquet.com.ar\/sitio\/wp-content\/uploads\/2014\/08\/DSCF3939.jpg","width":690,"height":391},{"@type":"BreadcrumbList","@id":"http:\/\/gentedebasquet.com.ar\/sitio\/2014\/08\/25\/le-canto-las-500\/#breadcrumb","itemListElement":[{"@type":"ListItem","position":1,"name":"Portada","item":"https:\/\/gentedebasquet.com.ar\/sitio\/"},{"@type":"ListItem","position":2,"name":"Le cant\u00f3 las 500"}]},{"@type":"WebSite","@id":"https:\/\/gentedebasquet.com.ar\/sitio\/#website","url":"https:\/\/gentedebasquet.com.ar\/sitio\/","name":"Gente de B\u00e1squet","description":"La revista del basquet de Bah\u00eda Blanca","potentialAction":[{"@type":"SearchAction","target":{"@type":"EntryPoint","urlTemplate":"https:\/\/gentedebasquet.com.ar\/sitio\/?s={search_term_string}"},"query-input":{"@type":"PropertyValueSpecification","valueRequired":true,"valueName":"search_term_string"}}],"inLanguage":"es"},{"@type":"Person","@id":"https:\/\/gentedebasquet.com.ar\/sitio\/#\/schema\/person\/ca0b63bbb977369988a7bbbdc519943a","name":"Gente de B\u00e1squet","image":{"@type":"ImageObject","inLanguage":"es","@id":"https:\/\/secure.gravatar.com\/avatar\/7f2c48bdc33b30088f941fb6082e555f2874c98e20cb159d7b92b50eadfce793?s=96&d=mm&r=g","url":"https:\/\/secure.gravatar.com\/avatar\/7f2c48bdc33b30088f941fb6082e555f2874c98e20cb159d7b92b50eadfce793?s=96&d=mm&r=g","contentUrl":"https:\/\/secure.gravatar.com\/avatar\/7f2c48bdc33b30088f941fb6082e555f2874c98e20cb159d7b92b50eadfce793?s=96&d=mm&r=g","caption":"Gente de B\u00e1squet"},"sameAs":["http:\/\/gentedebasquet.com.ar\/sitio"],"url":"https:\/\/gentedebasquet.com.ar\/sitio\/author\/ulises\/"}]}},"_links":{"self":[{"href":"https:\/\/gentedebasquet.com.ar\/sitio\/wp-json\/wp\/v2\/posts\/37027","targetHints":{"allow":["GET"]}}],"collection":[{"href":"https:\/\/gentedebasquet.com.ar\/sitio\/wp-json\/wp\/v2\/posts"}],"about":[{"href":"https:\/\/gentedebasquet.com.ar\/sitio\/wp-json\/wp\/v2\/types\/post"}],"author":[{"embeddable":true,"href":"https:\/\/gentedebasquet.com.ar\/sitio\/wp-json\/wp\/v2\/users\/1"}],"replies":[{"embeddable":true,"href":"https:\/\/gentedebasquet.com.ar\/sitio\/wp-json\/wp\/v2\/comments?post=37027"}],"version-history":[{"count":0,"href":"https:\/\/gentedebasquet.com.ar\/sitio\/wp-json\/wp\/v2\/posts\/37027\/revisions"}],"wp:featuredmedia":[{"embeddable":true,"href":"https:\/\/gentedebasquet.com.ar\/sitio\/wp-json\/wp\/v2\/media\/37028"}],"wp:attachment":[{"href":"https:\/\/gentedebasquet.com.ar\/sitio\/wp-json\/wp\/v2\/media?parent=37027"}],"wp:term":[{"taxonomy":"category","embeddable":true,"href":"https:\/\/gentedebasquet.com.ar\/sitio\/wp-json\/wp\/v2\/categories?post=37027"},{"taxonomy":"post_tag","embeddable":true,"href":"https:\/\/gentedebasquet.com.ar\/sitio\/wp-json\/wp\/v2\/tags?post=37027"}],"curies":[{"name":"wp","href":"https:\/\/api.w.org\/{rel}","templated":true}]}}