{"id":37084,"date":"2014-08-25T14:00:35","date_gmt":"2014-08-25T17:00:35","guid":{"rendered":"http:\/\/www.gentedebasquet.com.ar\/?p=37084"},"modified":"2014-08-25T14:00:35","modified_gmt":"2014-08-25T17:00:35","slug":"semifinalista-olimpico","status":"publish","type":"post","link":"https:\/\/gentedebasquet.com.ar\/sitio\/2014\/08\/25\/semifinalista-olimpico\/","title":{"rendered":"Semifinalista ol\u00edmpico"},"content":{"rendered":"<p><strong>El equipo que tiene al bahiense Rodrigo Gerhardt venci\u00f3 20-13 a Uruguay en octavos de final y 21-13 a Venezuela en cuartos, y se meti\u00f3 en semifinales de los Juegos Ol\u00edmpicos de la Juventud que se disputan en Nanjing, China. Argentina tendr\u00e1 doble chance de lograr una medalla. El rival en semis ser\u00e1 Francia, este martes a las 7.30.<\/strong><\/p>\n<p>La estupenda actuaci\u00f3n de la Selecci\u00f3n Nacional U18-M 3&#215;3 contin\u00faa en Nanjing. Este lunes por la ma\u00f1ana, los chicos argentinos jugaron en alto nivel y lograron sortear los octavos y cuartos de final con victorias 20-13 sobre Uruguay y 21-13 sobre Venezuela, respectivamente.<\/p>\n<p>Pese a la baja efectividad de larga distancia (3\/17), Argentina no pas\u00f3 sobresaltos ante Uruguay. Jos\u00e9 Vildoza brill\u00f3 con 9 puntos, pero tambi\u00e9n fue muy bueno el aporte de Michel Divoy y Juan Pablo Lugr\u00edn, quienes sumaron 5 puntos cada uno. Rodrigo Gerhardt aport\u00f3 1 tanto.<\/p>\n<p>Posteriormente, en cuartos de final, Argentina enfrent\u00f3 a Venezuela. A diferencia del partido frente a Uruguay, los chicos de Germanetto estuvieron finos desde detr\u00e1s de la l\u00ednea de triple (8\/17) y no precisaron jugar los 10 minutos, ya que alcanzaron la cifra de 21, para ganar 21-13.<\/p>\n<p>Jos\u00e9 Vildoza estuvo intratable desde larga distancia con 5\/9 para un total de 11 de los 21 puntos argentinos. Lugr\u00edn fue fundamental con 6 tantos, mientras que Divoy registr\u00f3 3 puntos y Gerhardt sum\u00f3 1.<\/p>\n<p>Este martes concluye el certamen. En la primera semifinal, Argentina enfrentar\u00e1 a Francia desde las 7:30 de la ma\u00f1ana (hora de nuestro pa\u00eds). En caso de ganar, nuestra Selecci\u00f3n jugar\u00e1 la final a las 10:30 horas. Si pierden en semis jugar\u00e1n por el Bronce a las 9:30 horas.<\/p>\n<p>El b\u00e1squetbol masculino se juega en la modalidad 3&#215;3 categor\u00eda U18, 20 equipos participan del certamen, divididos en dos grupos de 10 equipos cada uno. Juegan todos contra todos en cada zona y los mejores 8 avanzar\u00e1n a octavos de final. A partir de ah\u00ed se continuar\u00e1 con la tradicional estructura de cuartos de final, semifinales y final.<\/p>\n<p>&nbsp;<\/p>\n<h6><b>ARGENTINA U18 3X3<\/b><\/h6>\n<p>-VILDOZA, Jos\u00e9<br \/>\nPosici\u00f3n: base<br \/>\nAltura: 1.91 metro<br \/>\nA\u00f1o de Nacimiento: 1996<br \/>\nClub: Libertad de Sunchales, Santa Fe.<\/p>\n<p>DIVOY, Michel<br \/>\nPosici\u00f3n: escolta<br \/>\nAltura: 1.92 metro<br \/>\nA\u00f1o de Nacimiento: 1996<br \/>\nClub: Monte Hermoso Basquet<\/p>\n<p>-LUGR\u00cdN, Juan Pablo<br \/>\nPosici\u00f3n: Alero<br \/>\nAltura: 1.94 metro<br \/>\nA\u00f1o de Nacimiento: 1996<br \/>\nClub: Obras Sanitarias, Capital Federal<\/p>\n<p>-GERHARDT, Rodrigo<br \/>\nPosici\u00f3n: alero\/alapivot<br \/>\nAltura: 1.98 metro<br \/>\nA\u00f1o de Nacimiento: 1996<br \/>\nClub: Bahiense del Norte, Buenos Aires<\/p>\n<p>Director T\u00e9cnico: Marcelo Germanetto.<\/p>\n<p><strong>Fuente:<\/strong> Diego Garc\u00eda (Prensa CABB).<\/p>\n","protected":false},"excerpt":{"rendered":"<p>Argentina, con Gerhardt, enfrentar\u00e1 a Francia en busca de una medalla en Nanjing 2014<\/p>\n","protected":false},"author":1,"featured_media":37089,"comment_status":"closed","ping_status":"open","sticky":false,"template":"","format":"standard","meta":{"jnews-multi-image_gallery":[],"jnews_single_post":[],"jnews_primary_category":[],"footnotes":""},"categories":[24,101],"tags":[708,868,174],"class_list":["post-37084","post","type-post","status-publish","format-standard","has-post-thumbnail","hentry","category-overtime","category-slide","tag-argentina-u18","tag-nanjing-2014","tag-rodrigo-gerhardt"],"yoast_head":"<!-- This site is optimized with the Yoast SEO plugin v27.5 - https:\/\/yoast.com\/product\/yoast-seo-wordpress\/ -->\n<title>Semifinalista ol\u00edmpico - Gente de B\u00e1squet<\/title>\n<meta name=\"robots\" content=\"index, follow, max-snippet:-1, max-image-preview:large, max-video-preview:-1\" \/>\n<link rel=\"canonical\" href=\"https:\/\/gentedebasquet.com.ar\/sitio\/2014\/08\/25\/semifinalista-olimpico\/\" \/>\n<meta property=\"og:locale\" content=\"es_ES\" \/>\n<meta property=\"og:type\" content=\"article\" \/>\n<meta property=\"og:title\" content=\"Semifinalista ol\u00edmpico - Gente de B\u00e1squet\" \/>\n<meta property=\"og:description\" content=\"Argentina, con Gerhardt, enfrentar\u00e1 a Francia en busca de una medalla en Nanjing 2014\" \/>\n<meta property=\"og:url\" content=\"https:\/\/gentedebasquet.com.ar\/sitio\/2014\/08\/25\/semifinalista-olimpico\/\" \/>\n<meta property=\"og:site_name\" content=\"Gente de B\u00e1squet\" \/>\n<meta property=\"article:published_time\" content=\"2014-08-25T17:00:35+00:00\" \/>\n<meta property=\"og:image\" content=\"https:\/\/gentedebasquet.com.ar\/sitio\/wp-content\/uploads\/2014\/08\/medalla-2.jpg\" \/>\n\t<meta property=\"og:image:width\" content=\"690\" \/>\n\t<meta property=\"og:image:height\" content=\"319\" \/>\n\t<meta property=\"og:image:type\" content=\"image\/jpeg\" \/>\n<meta name=\"author\" content=\"Gente de B\u00e1squet\" \/>\n<meta name=\"twitter:card\" content=\"summary_large_image\" \/>\n<meta name=\"twitter:label1\" content=\"Escrito por\" \/>\n\t<meta name=\"twitter:data1\" content=\"Gente de B\u00e1squet\" \/>\n\t<meta name=\"twitter:label2\" content=\"Tiempo de lectura\" \/>\n\t<meta name=\"twitter:data2\" content=\"2 minutos\" \/>\n<script type=\"application\/ld+json\" class=\"yoast-schema-graph\">{\"@context\":\"https:\\\/\\\/schema.org\",\"@graph\":[{\"@type\":\"Article\",\"@id\":\"https:\\\/\\\/gentedebasquet.com.ar\\\/sitio\\\/2014\\\/08\\\/25\\\/semifinalista-olimpico\\\/#article\",\"isPartOf\":{\"@id\":\"https:\\\/\\\/gentedebasquet.com.ar\\\/sitio\\\/2014\\\/08\\\/25\\\/semifinalista-olimpico\\\/\"},\"author\":{\"name\":\"Gente de B\u00e1squet\",\"@id\":\"https:\\\/\\\/gentedebasquet.com.ar\\\/sitio\\\/#\\\/schema\\\/person\\\/ca0b63bbb977369988a7bbbdc519943a\"},\"headline\":\"Semifinalista ol\u00edmpico\",\"datePublished\":\"2014-08-25T17:00:35+00:00\",\"mainEntityOfPage\":{\"@id\":\"https:\\\/\\\/gentedebasquet.com.ar\\\/sitio\\\/2014\\\/08\\\/25\\\/semifinalista-olimpico\\\/\"},\"wordCount\":420,\"image\":{\"@id\":\"https:\\\/\\\/gentedebasquet.com.ar\\\/sitio\\\/2014\\\/08\\\/25\\\/semifinalista-olimpico\\\/#primaryimage\"},\"thumbnailUrl\":\"https:\\\/\\\/gentedebasquet.com.ar\\\/sitio\\\/wp-content\\\/uploads\\\/2014\\\/08\\\/medalla-2.jpg\",\"keywords\":[\"Argentina U18\",\"Nanjing 2014\",\"Rodrigo Gerhardt\"],\"articleSection\":[\"#Overtime\",\"Slide\"],\"inLanguage\":\"es\"},{\"@type\":\"WebPage\",\"@id\":\"https:\\\/\\\/gentedebasquet.com.ar\\\/sitio\\\/2014\\\/08\\\/25\\\/semifinalista-olimpico\\\/\",\"url\":\"https:\\\/\\\/gentedebasquet.com.ar\\\/sitio\\\/2014\\\/08\\\/25\\\/semifinalista-olimpico\\\/\",\"name\":\"Semifinalista ol\u00edmpico - Gente de B\u00e1squet\",\"isPartOf\":{\"@id\":\"https:\\\/\\\/gentedebasquet.com.ar\\\/sitio\\\/#website\"},\"primaryImageOfPage\":{\"@id\":\"https:\\\/\\\/gentedebasquet.com.ar\\\/sitio\\\/2014\\\/08\\\/25\\\/semifinalista-olimpico\\\/#primaryimage\"},\"image\":{\"@id\":\"https:\\\/\\\/gentedebasquet.com.ar\\\/sitio\\\/2014\\\/08\\\/25\\\/semifinalista-olimpico\\\/#primaryimage\"},\"thumbnailUrl\":\"https:\\\/\\\/gentedebasquet.com.ar\\\/sitio\\\/wp-content\\\/uploads\\\/2014\\\/08\\\/medalla-2.jpg\",\"datePublished\":\"2014-08-25T17:00:35+00:00\",\"author\":{\"@id\":\"https:\\\/\\\/gentedebasquet.com.ar\\\/sitio\\\/#\\\/schema\\\/person\\\/ca0b63bbb977369988a7bbbdc519943a\"},\"breadcrumb\":{\"@id\":\"https:\\\/\\\/gentedebasquet.com.ar\\\/sitio\\\/2014\\\/08\\\/25\\\/semifinalista-olimpico\\\/#breadcrumb\"},\"inLanguage\":\"es\",\"potentialAction\":[{\"@type\":\"ReadAction\",\"target\":[\"https:\\\/\\\/gentedebasquet.com.ar\\\/sitio\\\/2014\\\/08\\\/25\\\/semifinalista-olimpico\\\/\"]}]},{\"@type\":\"ImageObject\",\"inLanguage\":\"es\",\"@id\":\"https:\\\/\\\/gentedebasquet.com.ar\\\/sitio\\\/2014\\\/08\\\/25\\\/semifinalista-olimpico\\\/#primaryimage\",\"url\":\"https:\\\/\\\/gentedebasquet.com.ar\\\/sitio\\\/wp-content\\\/uploads\\\/2014\\\/08\\\/medalla-2.jpg\",\"contentUrl\":\"https:\\\/\\\/gentedebasquet.com.ar\\\/sitio\\\/wp-content\\\/uploads\\\/2014\\\/08\\\/medalla-2.jpg\",\"width\":690,\"height\":319},{\"@type\":\"BreadcrumbList\",\"@id\":\"https:\\\/\\\/gentedebasquet.com.ar\\\/sitio\\\/2014\\\/08\\\/25\\\/semifinalista-olimpico\\\/#breadcrumb\",\"itemListElement\":[{\"@type\":\"ListItem\",\"position\":1,\"name\":\"Portada\",\"item\":\"https:\\\/\\\/gentedebasquet.com.ar\\\/sitio\\\/\"},{\"@type\":\"ListItem\",\"position\":2,\"name\":\"Semifinalista ol\u00edmpico\"}]},{\"@type\":\"WebSite\",\"@id\":\"https:\\\/\\\/gentedebasquet.com.ar\\\/sitio\\\/#website\",\"url\":\"https:\\\/\\\/gentedebasquet.com.ar\\\/sitio\\\/\",\"name\":\"Gente de B\u00e1squet\",\"description\":\"La revista del basquet de Bah\u00eda Blanca\",\"potentialAction\":[{\"@type\":\"SearchAction\",\"target\":{\"@type\":\"EntryPoint\",\"urlTemplate\":\"https:\\\/\\\/gentedebasquet.com.ar\\\/sitio\\\/?s={search_term_string}\"},\"query-input\":{\"@type\":\"PropertyValueSpecification\",\"valueRequired\":true,\"valueName\":\"search_term_string\"}}],\"inLanguage\":\"es\"},{\"@type\":\"Person\",\"@id\":\"https:\\\/\\\/gentedebasquet.com.ar\\\/sitio\\\/#\\\/schema\\\/person\\\/ca0b63bbb977369988a7bbbdc519943a\",\"name\":\"Gente de B\u00e1squet\",\"image\":{\"@type\":\"ImageObject\",\"inLanguage\":\"es\",\"@id\":\"https:\\\/\\\/secure.gravatar.com\\\/avatar\\\/7f2c48bdc33b30088f941fb6082e555f2874c98e20cb159d7b92b50eadfce793?s=96&d=mm&r=g\",\"url\":\"https:\\\/\\\/secure.gravatar.com\\\/avatar\\\/7f2c48bdc33b30088f941fb6082e555f2874c98e20cb159d7b92b50eadfce793?s=96&d=mm&r=g\",\"contentUrl\":\"https:\\\/\\\/secure.gravatar.com\\\/avatar\\\/7f2c48bdc33b30088f941fb6082e555f2874c98e20cb159d7b92b50eadfce793?s=96&d=mm&r=g\",\"caption\":\"Gente de B\u00e1squet\"},\"sameAs\":[\"http:\\\/\\\/gentedebasquet.com.ar\\\/sitio\"],\"url\":\"https:\\\/\\\/gentedebasquet.com.ar\\\/sitio\\\/author\\\/ulises\\\/\"}]}<\/script>\n<!-- \/ Yoast SEO plugin. -->","yoast_head_json":{"title":"Semifinalista ol\u00edmpico - Gente de B\u00e1squet","robots":{"index":"index","follow":"follow","max-snippet":"max-snippet:-1","max-image-preview":"max-image-preview:large","max-video-preview":"max-video-preview:-1"},"canonical":"https:\/\/gentedebasquet.com.ar\/sitio\/2014\/08\/25\/semifinalista-olimpico\/","og_locale":"es_ES","og_type":"article","og_title":"Semifinalista ol\u00edmpico - Gente de B\u00e1squet","og_description":"Argentina, con Gerhardt, enfrentar\u00e1 a Francia en busca de una medalla en Nanjing 2014","og_url":"https:\/\/gentedebasquet.com.ar\/sitio\/2014\/08\/25\/semifinalista-olimpico\/","og_site_name":"Gente de B\u00e1squet","article_published_time":"2014-08-25T17:00:35+00:00","og_image":[{"width":690,"height":319,"url":"https:\/\/gentedebasquet.com.ar\/sitio\/wp-content\/uploads\/2014\/08\/medalla-2.jpg","type":"image\/jpeg"}],"author":"Gente de B\u00e1squet","twitter_card":"summary_large_image","twitter_misc":{"Escrito por":"Gente de B\u00e1squet","Tiempo de lectura":"2 minutos"},"schema":{"@context":"https:\/\/schema.org","@graph":[{"@type":"Article","@id":"https:\/\/gentedebasquet.com.ar\/sitio\/2014\/08\/25\/semifinalista-olimpico\/#article","isPartOf":{"@id":"https:\/\/gentedebasquet.com.ar\/sitio\/2014\/08\/25\/semifinalista-olimpico\/"},"author":{"name":"Gente de B\u00e1squet","@id":"https:\/\/gentedebasquet.com.ar\/sitio\/#\/schema\/person\/ca0b63bbb977369988a7bbbdc519943a"},"headline":"Semifinalista ol\u00edmpico","datePublished":"2014-08-25T17:00:35+00:00","mainEntityOfPage":{"@id":"https:\/\/gentedebasquet.com.ar\/sitio\/2014\/08\/25\/semifinalista-olimpico\/"},"wordCount":420,"image":{"@id":"https:\/\/gentedebasquet.com.ar\/sitio\/2014\/08\/25\/semifinalista-olimpico\/#primaryimage"},"thumbnailUrl":"https:\/\/gentedebasquet.com.ar\/sitio\/wp-content\/uploads\/2014\/08\/medalla-2.jpg","keywords":["Argentina U18","Nanjing 2014","Rodrigo Gerhardt"],"articleSection":["#Overtime","Slide"],"inLanguage":"es"},{"@type":"WebPage","@id":"https:\/\/gentedebasquet.com.ar\/sitio\/2014\/08\/25\/semifinalista-olimpico\/","url":"https:\/\/gentedebasquet.com.ar\/sitio\/2014\/08\/25\/semifinalista-olimpico\/","name":"Semifinalista ol\u00edmpico - Gente de B\u00e1squet","isPartOf":{"@id":"https:\/\/gentedebasquet.com.ar\/sitio\/#website"},"primaryImageOfPage":{"@id":"https:\/\/gentedebasquet.com.ar\/sitio\/2014\/08\/25\/semifinalista-olimpico\/#primaryimage"},"image":{"@id":"https:\/\/gentedebasquet.com.ar\/sitio\/2014\/08\/25\/semifinalista-olimpico\/#primaryimage"},"thumbnailUrl":"https:\/\/gentedebasquet.com.ar\/sitio\/wp-content\/uploads\/2014\/08\/medalla-2.jpg","datePublished":"2014-08-25T17:00:35+00:00","author":{"@id":"https:\/\/gentedebasquet.com.ar\/sitio\/#\/schema\/person\/ca0b63bbb977369988a7bbbdc519943a"},"breadcrumb":{"@id":"https:\/\/gentedebasquet.com.ar\/sitio\/2014\/08\/25\/semifinalista-olimpico\/#breadcrumb"},"inLanguage":"es","potentialAction":[{"@type":"ReadAction","target":["https:\/\/gentedebasquet.com.ar\/sitio\/2014\/08\/25\/semifinalista-olimpico\/"]}]},{"@type":"ImageObject","inLanguage":"es","@id":"https:\/\/gentedebasquet.com.ar\/sitio\/2014\/08\/25\/semifinalista-olimpico\/#primaryimage","url":"https:\/\/gentedebasquet.com.ar\/sitio\/wp-content\/uploads\/2014\/08\/medalla-2.jpg","contentUrl":"https:\/\/gentedebasquet.com.ar\/sitio\/wp-content\/uploads\/2014\/08\/medalla-2.jpg","width":690,"height":319},{"@type":"BreadcrumbList","@id":"https:\/\/gentedebasquet.com.ar\/sitio\/2014\/08\/25\/semifinalista-olimpico\/#breadcrumb","itemListElement":[{"@type":"ListItem","position":1,"name":"Portada","item":"https:\/\/gentedebasquet.com.ar\/sitio\/"},{"@type":"ListItem","position":2,"name":"Semifinalista ol\u00edmpico"}]},{"@type":"WebSite","@id":"https:\/\/gentedebasquet.com.ar\/sitio\/#website","url":"https:\/\/gentedebasquet.com.ar\/sitio\/","name":"Gente de B\u00e1squet","description":"La revista del basquet de Bah\u00eda Blanca","potentialAction":[{"@type":"SearchAction","target":{"@type":"EntryPoint","urlTemplate":"https:\/\/gentedebasquet.com.ar\/sitio\/?s={search_term_string}"},"query-input":{"@type":"PropertyValueSpecification","valueRequired":true,"valueName":"search_term_string"}}],"inLanguage":"es"},{"@type":"Person","@id":"https:\/\/gentedebasquet.com.ar\/sitio\/#\/schema\/person\/ca0b63bbb977369988a7bbbdc519943a","name":"Gente de B\u00e1squet","image":{"@type":"ImageObject","inLanguage":"es","@id":"https:\/\/secure.gravatar.com\/avatar\/7f2c48bdc33b30088f941fb6082e555f2874c98e20cb159d7b92b50eadfce793?s=96&d=mm&r=g","url":"https:\/\/secure.gravatar.com\/avatar\/7f2c48bdc33b30088f941fb6082e555f2874c98e20cb159d7b92b50eadfce793?s=96&d=mm&r=g","contentUrl":"https:\/\/secure.gravatar.com\/avatar\/7f2c48bdc33b30088f941fb6082e555f2874c98e20cb159d7b92b50eadfce793?s=96&d=mm&r=g","caption":"Gente de B\u00e1squet"},"sameAs":["http:\/\/gentedebasquet.com.ar\/sitio"],"url":"https:\/\/gentedebasquet.com.ar\/sitio\/author\/ulises\/"}]}},"_links":{"self":[{"href":"https:\/\/gentedebasquet.com.ar\/sitio\/wp-json\/wp\/v2\/posts\/37084","targetHints":{"allow":["GET"]}}],"collection":[{"href":"https:\/\/gentedebasquet.com.ar\/sitio\/wp-json\/wp\/v2\/posts"}],"about":[{"href":"https:\/\/gentedebasquet.com.ar\/sitio\/wp-json\/wp\/v2\/types\/post"}],"author":[{"embeddable":true,"href":"https:\/\/gentedebasquet.com.ar\/sitio\/wp-json\/wp\/v2\/users\/1"}],"replies":[{"embeddable":true,"href":"https:\/\/gentedebasquet.com.ar\/sitio\/wp-json\/wp\/v2\/comments?post=37084"}],"version-history":[{"count":0,"href":"https:\/\/gentedebasquet.com.ar\/sitio\/wp-json\/wp\/v2\/posts\/37084\/revisions"}],"wp:featuredmedia":[{"embeddable":true,"href":"https:\/\/gentedebasquet.com.ar\/sitio\/wp-json\/wp\/v2\/media\/37089"}],"wp:attachment":[{"href":"https:\/\/gentedebasquet.com.ar\/sitio\/wp-json\/wp\/v2\/media?parent=37084"}],"wp:term":[{"taxonomy":"category","embeddable":true,"href":"https:\/\/gentedebasquet.com.ar\/sitio\/wp-json\/wp\/v2\/categories?post=37084"},{"taxonomy":"post_tag","embeddable":true,"href":"https:\/\/gentedebasquet.com.ar\/sitio\/wp-json\/wp\/v2\/tags?post=37084"}],"curies":[{"name":"wp","href":"https:\/\/api.w.org\/{rel}","templated":true}]}}