{"id":37105,"date":"2014-08-23T18:01:07","date_gmt":"2014-08-23T21:01:07","guid":{"rendered":"http:\/\/www.gentedebasquet.com.ar\/?p=37105"},"modified":"2014-08-23T18:01:07","modified_gmt":"2014-08-23T21:01:07","slug":"casi-cien","status":"publish","type":"post","link":"https:\/\/gentedebasquet.com.ar\/sitio\/2014\/08\/23\/casi-cien\/","title":{"rendered":"Casi cien"},"content":{"rendered":"<p><b>Por el Hexagonal \u201c2\u201d de U-15 y en un partido sin muchos sobresaltos, Napost\u00e1 venci\u00f3 a 9 de Julio en condici\u00f3n de visitante 98 a 46. En el conjunto vencedor se destacaron \u00a0Federico El\u00edas con 18,\u00a0 Tom\u00e1s Sebasti\u00e1n con 16 y Juan Andr\u00e9s Abraham con 14 unidades. Por el lado del local, el goleador fue Alex Gelvez con 15 puntos.<\/b><\/p>\n<p>El partido comenz\u00f3 muy impreciso en ambos equipos, pero con una leve ventaja sobre el parquet de Napost\u00e1. 9 de Julio estaba muy desconcentrado y\u00a0 su rival supo aprovechar sus falencias. Con Tom\u00e1s Sebasti\u00e1n (10) como conductor, Napost\u00e1 lograba sacar distancia en el marcador. Los de \u201cNueve\u201d, hicieron su mayor esfuerzo para achicar la brecha, pero la visita se llev\u00f3 el primer parcial 23-13.<\/p>\n<p>En los segundos diez, el partido fue otro. Los dirigidos por Mart\u00edn Macaya, mostraron su jerarqu\u00eda en la cancha y bas\u00e1ndose en el orden y la buena efectividad en tiros de campo, lograba seguir alej\u00e1ndose de su rival. Tuvieron un gran pasaje tanto en lo defensivo como en lo ofensivo, logrando anular completamente al conjunto local. Los dirigidos por Deminicis sufrieron mucho sus imprecisiones (9 p\u00e9rdidas en el cuarto) y su falta de goleo y fueron al entretiempo 25-43 abajo.<\/p>\n<p>Luego del descanso, las cosas no variaron mucho. Sigui\u00f3 el predominio de Napost\u00e1 y esto se vi\u00f3 reflejado en el parcial 11-0 que meti\u00f3 en los primeros minutos. Mientras tanto, el conjunto local, logr\u00f3 convertir un tiro de cancha luego de cuatro largos minutos. Cabe destacar el gran trabajo en defensa que realiz\u00f3 el conjunto de Macaya, ya que, en este cuarto lograron recuperar diez pelotas, sumado a la buena rotaci\u00f3n del bal\u00f3n y al goleo repartido. Se llevaron este parcial 76 a 34.<\/p>\n<p>Ya en la recta final del partido, a 9 de Julio se le hizo imposible remontar lo que no pudo en los tres cuartos anteriores. Sigui\u00f3 predominando el buen juego colectivo de la visita lo que le permiti\u00f3 llevarse la victoria por un contundente 98 a 46.<\/p>\n<p><i>\u00a0<\/i><\/p>\n<p><b><i><span style=\"text-decoration: underline;\">S\u00edntesis<\/span><\/i><\/b><\/p>\n<p><b>9 de Julio 46: <\/b>Facundo David 5, Alan Prost 6, Stefano Gilio 0, Manuel Slorimisqui 2, Alex Gelvez 15 (FI); Jerem\u00edas Jaime 9, Dino Mottura 0, Juan Cruz Pareja 2, Tom\u00e1s Restivo 2, Manuel Costa 5. DT: Luciano Deminicis.<\/p>\n<p><b>Napost\u00e1 98: <\/b>Tom\u00e1s Sebasti\u00e1n 16, Juan Andr\u00e9s Abraham 14, Tom\u00e1s Rodr\u00edguez 5, Mateo Fern\u00e1ndez 10, Gast\u00f3n Ayala 4 (FI); Federico El\u00edas 18, Gonzalo Ag\u00fcero 10, Francisco Burastero 5, Guido Muzi 0, Tom\u00e1s Lacasa 6, Iv\u00e1n Balbuena. DT: Mart\u00edn Macaya.<\/p>\n<p><b>Parciales: <\/b>13-23, 25-43 (12-20), 34-76 (9-33), 46-98 (12-22).<\/p>\n<p><b>\u00c1rbitros: <\/b>Franco Berlato \u2013 Jorge Blanco.<\/p>\n<p><b>Estadio:\u00a0<\/b>Nestor Damiani (9 de Julio).<\/p>\n","protected":false},"excerpt":{"rendered":"<p>Napost\u00e1 dobleg\u00f3 a 9 de Julio en Infantiles: fue 98 a 46 con 18 de Federico El\u00edas<\/p>\n","protected":false},"author":1,"featured_media":37108,"comment_status":"closed","ping_status":"open","sticky":false,"template":"","format":"standard","meta":{"jnews-multi-image_gallery":[],"jnews_single_post":[],"jnews_primary_category":[],"footnotes":""},"categories":[101,27],"tags":[2,15],"class_list":["post-37105","post","type-post","status-publish","format-standard","has-post-thumbnail","hentry","category-slide","category-u15","tag-9dejulio","tag-naposta"],"yoast_head":"<!-- This site is optimized with the Yoast SEO plugin v27.5 - https:\/\/yoast.com\/product\/yoast-seo-wordpress\/ -->\n<title>Casi cien - Gente de B\u00e1squet<\/title>\n<meta name=\"robots\" content=\"index, follow, max-snippet:-1, max-image-preview:large, max-video-preview:-1\" \/>\n<link rel=\"canonical\" href=\"https:\/\/gentedebasquet.com.ar\/sitio\/2014\/08\/23\/casi-cien\/\" \/>\n<meta property=\"og:locale\" content=\"es_ES\" \/>\n<meta property=\"og:type\" content=\"article\" \/>\n<meta property=\"og:title\" content=\"Casi cien - Gente de B\u00e1squet\" \/>\n<meta property=\"og:description\" content=\"Napost\u00e1 dobleg\u00f3 a 9 de Julio en Infantiles: fue 98 a 46 con 18 de Federico El\u00edas\" \/>\n<meta property=\"og:url\" content=\"https:\/\/gentedebasquet.com.ar\/sitio\/2014\/08\/23\/casi-cien\/\" \/>\n<meta property=\"og:site_name\" content=\"Gente de B\u00e1squet\" \/>\n<meta property=\"article:published_time\" content=\"2014-08-23T21:01:07+00:00\" \/>\n<meta property=\"og:image\" content=\"https:\/\/gentedebasquet.com.ar\/sitio\/wp-content\/uploads\/2014\/08\/9-de-Julio1.jpg\" \/>\n\t<meta property=\"og:image:width\" content=\"690\" \/>\n\t<meta property=\"og:image:height\" content=\"319\" \/>\n\t<meta property=\"og:image:type\" content=\"image\/jpeg\" \/>\n<meta name=\"author\" content=\"Gente de B\u00e1squet\" \/>\n<meta name=\"twitter:card\" content=\"summary_large_image\" \/>\n<meta name=\"twitter:label1\" content=\"Escrito por\" \/>\n\t<meta name=\"twitter:data1\" content=\"Gente de B\u00e1squet\" \/>\n\t<meta name=\"twitter:label2\" content=\"Tiempo de lectura\" \/>\n\t<meta name=\"twitter:data2\" content=\"2 minutos\" \/>\n<script type=\"application\/ld+json\" class=\"yoast-schema-graph\">{\"@context\":\"https:\\\/\\\/schema.org\",\"@graph\":[{\"@type\":\"Article\",\"@id\":\"https:\\\/\\\/gentedebasquet.com.ar\\\/sitio\\\/2014\\\/08\\\/23\\\/casi-cien\\\/#article\",\"isPartOf\":{\"@id\":\"https:\\\/\\\/gentedebasquet.com.ar\\\/sitio\\\/2014\\\/08\\\/23\\\/casi-cien\\\/\"},\"author\":{\"name\":\"Gente de B\u00e1squet\",\"@id\":\"https:\\\/\\\/gentedebasquet.com.ar\\\/sitio\\\/#\\\/schema\\\/person\\\/ca0b63bbb977369988a7bbbdc519943a\"},\"headline\":\"Casi cien\",\"datePublished\":\"2014-08-23T21:01:07+00:00\",\"mainEntityOfPage\":{\"@id\":\"https:\\\/\\\/gentedebasquet.com.ar\\\/sitio\\\/2014\\\/08\\\/23\\\/casi-cien\\\/\"},\"wordCount\":424,\"image\":{\"@id\":\"https:\\\/\\\/gentedebasquet.com.ar\\\/sitio\\\/2014\\\/08\\\/23\\\/casi-cien\\\/#primaryimage\"},\"thumbnailUrl\":\"https:\\\/\\\/gentedebasquet.com.ar\\\/sitio\\\/wp-content\\\/uploads\\\/2014\\\/08\\\/9-de-Julio1.jpg\",\"keywords\":[\"9 de Julio\",\"Naposta\"],\"articleSection\":[\"Slide\",\"U15\"],\"inLanguage\":\"es\"},{\"@type\":\"WebPage\",\"@id\":\"https:\\\/\\\/gentedebasquet.com.ar\\\/sitio\\\/2014\\\/08\\\/23\\\/casi-cien\\\/\",\"url\":\"https:\\\/\\\/gentedebasquet.com.ar\\\/sitio\\\/2014\\\/08\\\/23\\\/casi-cien\\\/\",\"name\":\"Casi cien - Gente de B\u00e1squet\",\"isPartOf\":{\"@id\":\"https:\\\/\\\/gentedebasquet.com.ar\\\/sitio\\\/#website\"},\"primaryImageOfPage\":{\"@id\":\"https:\\\/\\\/gentedebasquet.com.ar\\\/sitio\\\/2014\\\/08\\\/23\\\/casi-cien\\\/#primaryimage\"},\"image\":{\"@id\":\"https:\\\/\\\/gentedebasquet.com.ar\\\/sitio\\\/2014\\\/08\\\/23\\\/casi-cien\\\/#primaryimage\"},\"thumbnailUrl\":\"https:\\\/\\\/gentedebasquet.com.ar\\\/sitio\\\/wp-content\\\/uploads\\\/2014\\\/08\\\/9-de-Julio1.jpg\",\"datePublished\":\"2014-08-23T21:01:07+00:00\",\"author\":{\"@id\":\"https:\\\/\\\/gentedebasquet.com.ar\\\/sitio\\\/#\\\/schema\\\/person\\\/ca0b63bbb977369988a7bbbdc519943a\"},\"breadcrumb\":{\"@id\":\"https:\\\/\\\/gentedebasquet.com.ar\\\/sitio\\\/2014\\\/08\\\/23\\\/casi-cien\\\/#breadcrumb\"},\"inLanguage\":\"es\",\"potentialAction\":[{\"@type\":\"ReadAction\",\"target\":[\"https:\\\/\\\/gentedebasquet.com.ar\\\/sitio\\\/2014\\\/08\\\/23\\\/casi-cien\\\/\"]}]},{\"@type\":\"ImageObject\",\"inLanguage\":\"es\",\"@id\":\"https:\\\/\\\/gentedebasquet.com.ar\\\/sitio\\\/2014\\\/08\\\/23\\\/casi-cien\\\/#primaryimage\",\"url\":\"https:\\\/\\\/gentedebasquet.com.ar\\\/sitio\\\/wp-content\\\/uploads\\\/2014\\\/08\\\/9-de-Julio1.jpg\",\"contentUrl\":\"https:\\\/\\\/gentedebasquet.com.ar\\\/sitio\\\/wp-content\\\/uploads\\\/2014\\\/08\\\/9-de-Julio1.jpg\",\"width\":690,\"height\":319},{\"@type\":\"BreadcrumbList\",\"@id\":\"https:\\\/\\\/gentedebasquet.com.ar\\\/sitio\\\/2014\\\/08\\\/23\\\/casi-cien\\\/#breadcrumb\",\"itemListElement\":[{\"@type\":\"ListItem\",\"position\":1,\"name\":\"Portada\",\"item\":\"https:\\\/\\\/gentedebasquet.com.ar\\\/sitio\\\/\"},{\"@type\":\"ListItem\",\"position\":2,\"name\":\"Casi cien\"}]},{\"@type\":\"WebSite\",\"@id\":\"https:\\\/\\\/gentedebasquet.com.ar\\\/sitio\\\/#website\",\"url\":\"https:\\\/\\\/gentedebasquet.com.ar\\\/sitio\\\/\",\"name\":\"Gente de B\u00e1squet\",\"description\":\"La revista del basquet de Bah\u00eda Blanca\",\"potentialAction\":[{\"@type\":\"SearchAction\",\"target\":{\"@type\":\"EntryPoint\",\"urlTemplate\":\"https:\\\/\\\/gentedebasquet.com.ar\\\/sitio\\\/?s={search_term_string}\"},\"query-input\":{\"@type\":\"PropertyValueSpecification\",\"valueRequired\":true,\"valueName\":\"search_term_string\"}}],\"inLanguage\":\"es\"},{\"@type\":\"Person\",\"@id\":\"https:\\\/\\\/gentedebasquet.com.ar\\\/sitio\\\/#\\\/schema\\\/person\\\/ca0b63bbb977369988a7bbbdc519943a\",\"name\":\"Gente de B\u00e1squet\",\"image\":{\"@type\":\"ImageObject\",\"inLanguage\":\"es\",\"@id\":\"https:\\\/\\\/secure.gravatar.com\\\/avatar\\\/7f2c48bdc33b30088f941fb6082e555f2874c98e20cb159d7b92b50eadfce793?s=96&d=mm&r=g\",\"url\":\"https:\\\/\\\/secure.gravatar.com\\\/avatar\\\/7f2c48bdc33b30088f941fb6082e555f2874c98e20cb159d7b92b50eadfce793?s=96&d=mm&r=g\",\"contentUrl\":\"https:\\\/\\\/secure.gravatar.com\\\/avatar\\\/7f2c48bdc33b30088f941fb6082e555f2874c98e20cb159d7b92b50eadfce793?s=96&d=mm&r=g\",\"caption\":\"Gente de B\u00e1squet\"},\"sameAs\":[\"http:\\\/\\\/gentedebasquet.com.ar\\\/sitio\"],\"url\":\"https:\\\/\\\/gentedebasquet.com.ar\\\/sitio\\\/author\\\/ulises\\\/\"}]}<\/script>\n<!-- \/ Yoast SEO plugin. -->","yoast_head_json":{"title":"Casi cien - Gente de B\u00e1squet","robots":{"index":"index","follow":"follow","max-snippet":"max-snippet:-1","max-image-preview":"max-image-preview:large","max-video-preview":"max-video-preview:-1"},"canonical":"https:\/\/gentedebasquet.com.ar\/sitio\/2014\/08\/23\/casi-cien\/","og_locale":"es_ES","og_type":"article","og_title":"Casi cien - Gente de B\u00e1squet","og_description":"Napost\u00e1 dobleg\u00f3 a 9 de Julio en Infantiles: fue 98 a 46 con 18 de Federico El\u00edas","og_url":"https:\/\/gentedebasquet.com.ar\/sitio\/2014\/08\/23\/casi-cien\/","og_site_name":"Gente de B\u00e1squet","article_published_time":"2014-08-23T21:01:07+00:00","og_image":[{"width":690,"height":319,"url":"https:\/\/gentedebasquet.com.ar\/sitio\/wp-content\/uploads\/2014\/08\/9-de-Julio1.jpg","type":"image\/jpeg"}],"author":"Gente de B\u00e1squet","twitter_card":"summary_large_image","twitter_misc":{"Escrito por":"Gente de B\u00e1squet","Tiempo de lectura":"2 minutos"},"schema":{"@context":"https:\/\/schema.org","@graph":[{"@type":"Article","@id":"https:\/\/gentedebasquet.com.ar\/sitio\/2014\/08\/23\/casi-cien\/#article","isPartOf":{"@id":"https:\/\/gentedebasquet.com.ar\/sitio\/2014\/08\/23\/casi-cien\/"},"author":{"name":"Gente de B\u00e1squet","@id":"https:\/\/gentedebasquet.com.ar\/sitio\/#\/schema\/person\/ca0b63bbb977369988a7bbbdc519943a"},"headline":"Casi cien","datePublished":"2014-08-23T21:01:07+00:00","mainEntityOfPage":{"@id":"https:\/\/gentedebasquet.com.ar\/sitio\/2014\/08\/23\/casi-cien\/"},"wordCount":424,"image":{"@id":"https:\/\/gentedebasquet.com.ar\/sitio\/2014\/08\/23\/casi-cien\/#primaryimage"},"thumbnailUrl":"https:\/\/gentedebasquet.com.ar\/sitio\/wp-content\/uploads\/2014\/08\/9-de-Julio1.jpg","keywords":["9 de Julio","Naposta"],"articleSection":["Slide","U15"],"inLanguage":"es"},{"@type":"WebPage","@id":"https:\/\/gentedebasquet.com.ar\/sitio\/2014\/08\/23\/casi-cien\/","url":"https:\/\/gentedebasquet.com.ar\/sitio\/2014\/08\/23\/casi-cien\/","name":"Casi cien - Gente de B\u00e1squet","isPartOf":{"@id":"https:\/\/gentedebasquet.com.ar\/sitio\/#website"},"primaryImageOfPage":{"@id":"https:\/\/gentedebasquet.com.ar\/sitio\/2014\/08\/23\/casi-cien\/#primaryimage"},"image":{"@id":"https:\/\/gentedebasquet.com.ar\/sitio\/2014\/08\/23\/casi-cien\/#primaryimage"},"thumbnailUrl":"https:\/\/gentedebasquet.com.ar\/sitio\/wp-content\/uploads\/2014\/08\/9-de-Julio1.jpg","datePublished":"2014-08-23T21:01:07+00:00","author":{"@id":"https:\/\/gentedebasquet.com.ar\/sitio\/#\/schema\/person\/ca0b63bbb977369988a7bbbdc519943a"},"breadcrumb":{"@id":"https:\/\/gentedebasquet.com.ar\/sitio\/2014\/08\/23\/casi-cien\/#breadcrumb"},"inLanguage":"es","potentialAction":[{"@type":"ReadAction","target":["https:\/\/gentedebasquet.com.ar\/sitio\/2014\/08\/23\/casi-cien\/"]}]},{"@type":"ImageObject","inLanguage":"es","@id":"https:\/\/gentedebasquet.com.ar\/sitio\/2014\/08\/23\/casi-cien\/#primaryimage","url":"https:\/\/gentedebasquet.com.ar\/sitio\/wp-content\/uploads\/2014\/08\/9-de-Julio1.jpg","contentUrl":"https:\/\/gentedebasquet.com.ar\/sitio\/wp-content\/uploads\/2014\/08\/9-de-Julio1.jpg","width":690,"height":319},{"@type":"BreadcrumbList","@id":"https:\/\/gentedebasquet.com.ar\/sitio\/2014\/08\/23\/casi-cien\/#breadcrumb","itemListElement":[{"@type":"ListItem","position":1,"name":"Portada","item":"https:\/\/gentedebasquet.com.ar\/sitio\/"},{"@type":"ListItem","position":2,"name":"Casi cien"}]},{"@type":"WebSite","@id":"https:\/\/gentedebasquet.com.ar\/sitio\/#website","url":"https:\/\/gentedebasquet.com.ar\/sitio\/","name":"Gente de B\u00e1squet","description":"La revista del basquet de Bah\u00eda Blanca","potentialAction":[{"@type":"SearchAction","target":{"@type":"EntryPoint","urlTemplate":"https:\/\/gentedebasquet.com.ar\/sitio\/?s={search_term_string}"},"query-input":{"@type":"PropertyValueSpecification","valueRequired":true,"valueName":"search_term_string"}}],"inLanguage":"es"},{"@type":"Person","@id":"https:\/\/gentedebasquet.com.ar\/sitio\/#\/schema\/person\/ca0b63bbb977369988a7bbbdc519943a","name":"Gente de B\u00e1squet","image":{"@type":"ImageObject","inLanguage":"es","@id":"https:\/\/secure.gravatar.com\/avatar\/7f2c48bdc33b30088f941fb6082e555f2874c98e20cb159d7b92b50eadfce793?s=96&d=mm&r=g","url":"https:\/\/secure.gravatar.com\/avatar\/7f2c48bdc33b30088f941fb6082e555f2874c98e20cb159d7b92b50eadfce793?s=96&d=mm&r=g","contentUrl":"https:\/\/secure.gravatar.com\/avatar\/7f2c48bdc33b30088f941fb6082e555f2874c98e20cb159d7b92b50eadfce793?s=96&d=mm&r=g","caption":"Gente de B\u00e1squet"},"sameAs":["http:\/\/gentedebasquet.com.ar\/sitio"],"url":"https:\/\/gentedebasquet.com.ar\/sitio\/author\/ulises\/"}]}},"_links":{"self":[{"href":"https:\/\/gentedebasquet.com.ar\/sitio\/wp-json\/wp\/v2\/posts\/37105","targetHints":{"allow":["GET"]}}],"collection":[{"href":"https:\/\/gentedebasquet.com.ar\/sitio\/wp-json\/wp\/v2\/posts"}],"about":[{"href":"https:\/\/gentedebasquet.com.ar\/sitio\/wp-json\/wp\/v2\/types\/post"}],"author":[{"embeddable":true,"href":"https:\/\/gentedebasquet.com.ar\/sitio\/wp-json\/wp\/v2\/users\/1"}],"replies":[{"embeddable":true,"href":"https:\/\/gentedebasquet.com.ar\/sitio\/wp-json\/wp\/v2\/comments?post=37105"}],"version-history":[{"count":0,"href":"https:\/\/gentedebasquet.com.ar\/sitio\/wp-json\/wp\/v2\/posts\/37105\/revisions"}],"wp:featuredmedia":[{"embeddable":true,"href":"https:\/\/gentedebasquet.com.ar\/sitio\/wp-json\/wp\/v2\/media\/37108"}],"wp:attachment":[{"href":"https:\/\/gentedebasquet.com.ar\/sitio\/wp-json\/wp\/v2\/media?parent=37105"}],"wp:term":[{"taxonomy":"category","embeddable":true,"href":"https:\/\/gentedebasquet.com.ar\/sitio\/wp-json\/wp\/v2\/categories?post=37105"},{"taxonomy":"post_tag","embeddable":true,"href":"https:\/\/gentedebasquet.com.ar\/sitio\/wp-json\/wp\/v2\/tags?post=37105"}],"curies":[{"name":"wp","href":"https:\/\/api.w.org\/{rel}","templated":true}]}}