{"id":37124,"date":"2014-08-26T13:36:06","date_gmt":"2014-08-26T16:36:06","guid":{"rendered":"http:\/\/www.gentedebasquet.com.ar\/?p=37124"},"modified":"2014-08-26T13:36:06","modified_gmt":"2014-08-26T16:36:06","slug":"basquet-de-bronce","status":"publish","type":"post","link":"https:\/\/gentedebasquet.com.ar\/sitio\/2014\/08\/26\/basquet-de-bronce\/","title":{"rendered":"B\u00e1squet de bronce"},"content":{"rendered":"<p><strong>La Selecci\u00f3n Nacional U18-M 3&#215;3 cay\u00f3 en semifinales ante Francia por un apretado 16-14, pero luego venci\u00f3 a Rusia 17-14 y se qued\u00f3 con la medalla de bronce en los Juegos Ol\u00edmpicos de la Juventud, que se desarrollan hasta el 28 de agosto en Nanjing, China. El bahiense Rodrigo Gerhardt sum\u00f3 2 puntos en el \u00faltimo juego.<\/strong><\/p>\n<p>Gran alegr\u00eda para el b\u00e1squetbol argentino. La Selecci\u00f3n Nacional U18-M se colg\u00f3 la medalla de bronce en los Juegos Ol\u00edmpicos de la Juventud. Luego de ocho d\u00edas de competici\u00f3n, los dirigidos por Marcelo Germanetto lo consiguieron y metieron a nuestro pa\u00eds en el podio.<\/p>\n<p>A primer turno, en semifinales, Argentina fue superior a lo largo de casi todo el juego, pero no pudo sobre el cierre y el triunfo se le escap\u00f3.<\/p>\n<p>Los chicos argentinos tuvieron un excelente comienzo gracias al desequilibrio de Jos\u00e9 Vildoza, quien anot\u00f3 5 puntos para poner a nuestra selecci\u00f3n arriba 5-2 con 7m30s por jugar. Francia reaccion\u00f3 para reducir la diferencia a solo 1 tanto (6-5), pero con dos puntos de Michel Divoy y uno de Vildoza, Argentina se escap\u00f3 10-6.<\/p>\n<p>No obstante, la fortaleza f\u00edsica, capacidad atl\u00e9tica y altura de los franceses comenz\u00f3 a hacerse sentir. Los dirigidos por Marcelo Germanetto comenzaron a cargarse de faltas, lo que es muy peligroso ya que al llegar al l\u00edmite de 7 cada nueva falta otorga dos libres al rival.<\/p>\n<p>Un nuevo lanzamiento de dos puntos acertado por Divoy, m\u00e1s un simple de Vildoza marcaron dos tantos de luz (13-11) para Argentina, con 1m45s restantes. Lamentablemente, las faltas complicaron a nuestra selecci\u00f3n. Desde la l\u00ednea de libres, Francia empat\u00f3 en 13 a 1m20s y luego, por la misma v\u00eda, pas\u00f3 al frente por primera vez (15-13) con 53 segundos por jugar.<\/p>\n<p>Argentina tuvo un lanzamiento de larga distancia para empatar, pero el bal\u00f3n no quiso ingresar y el apretado triunfo (16-14) qued\u00f3 en manos de los franceses.<\/p>\n<p>&nbsp;<\/p>\n<p>[vimeo]http:\/\/vimeo.com\/104396457[\/vimeo]<\/p>\n<p>&nbsp;<\/p>\n<p>Poco despu\u00e9s, los chicos argentinos saltaron al campo de juego nuevamente, para medirse ante Rusia (que perdi\u00f3 frente a Lituania en la otra semifinal). Ambos equipos llegaron golpeados por no haber podido entrar a la final, pero eso r\u00e1pidamente qued\u00f3 atr\u00e1s y el juego fue muy competitivo.<\/p>\n<p>Rusia peg\u00f3 primero y se escap\u00f3 5-2 con muy buena efectividad a larga distancia. Argentina luch\u00f3 y logr\u00f3 empatar el juego en 6, tras una conversi\u00f3n de dos puntos de Vildoza. Lugr\u00edn captur\u00f3 una pelota perdida y puso adelante (7-6) por primera vez en el juego al equipo argentino, con 6m38s por jugar.<\/p>\n<p>A partir de ah\u00ed el partido fue muy parejo. Vildoza (9 puntos en total) fue vital con todo tipo de anotaciones para mantener a Argentina en juego. Un rebote ofensivo y conversi\u00f3n de Gerhardt le dio dos tantos de luz a nuestra selecci\u00f3n (10-8), a 3m24s del final.<\/p>\n<p>Sin embargo, Rusia empat\u00f3 r\u00e1pidamente y el juego se defini\u00f3 reci\u00e9n sobre el final. Divoy hizo una aparici\u00f3n fundamental con dos bombas en los minutos finales y Argentina finalmente pudo definir el juego, vengarse de la derrota sufrida ante Rusia en la fase de grupos y ganar la medalla de bronce con un triunfo 17-14.<\/p>\n<p>&nbsp;<\/p>\n<p><a href=\"http:\/\/www.gentedebasquet.com.ar\/wp-content\/uploads\/2014\/08\/planilla.jpg\"><img decoding=\"async\" class=\"aligncenter\" alt=\"Nanjing\" src=\"http:\/\/www.gentedebasquet.com.ar\/wp-content\/uploads\/2014\/08\/planilla.jpg\" width=\"640\" height=\"437\" \/><\/a><\/p>\n<p>&nbsp;<\/p>\n<p><a href=\"http:\/\/www.gentedebasquet.com.ar\/wp-content\/uploads\/2014\/08\/yogselfie.jpg\"><img decoding=\"async\" class=\"aligncenter size-full wp-image-37126\" alt=\"yogselfie\" src=\"http:\/\/www.gentedebasquet.com.ar\/wp-content\/uploads\/2014\/08\/yogselfie.jpg\" width=\"583\" height=\"583\" srcset=\"https:\/\/gentedebasquet.com.ar\/sitio\/wp-content\/uploads\/2014\/08\/yogselfie.jpg 583w, https:\/\/gentedebasquet.com.ar\/sitio\/wp-content\/uploads\/2014\/08\/yogselfie-300x300.jpg 300w, https:\/\/gentedebasquet.com.ar\/sitio\/wp-content\/uploads\/2014\/08\/yogselfie-150x150.jpg 150w\" sizes=\"(max-width: 583px) 100vw, 583px\" \/><\/a><\/p>\n<p><strong>Fuente:\u00a0<\/strong>Diego Garc\u00eda (Prensa CABB).<\/p>\n<p><strong>Foto principal:<\/strong> Mario Direne.<\/p>\n<p><strong>Foto nota:<\/strong> Rodrigo Gerhardt.<\/p>\n","protected":false},"excerpt":{"rendered":"<p>Con el bahiense Rodrigo Gerhardt, Argentina se subi\u00f3 al pido en los Juegos de Nanjing<\/p>\n","protected":false},"author":1,"featured_media":37125,"comment_status":"closed","ping_status":"open","sticky":false,"template":"","format":"standard","meta":{"jnews-multi-image_gallery":[],"jnews_single_post":[],"jnews_primary_category":[],"footnotes":""},"categories":[24,101],"tags":[708,868,174,879],"class_list":["post-37124","post","type-post","status-publish","format-standard","has-post-thumbnail","hentry","category-overtime","category-slide","tag-argentina-u18","tag-nanjing-2014","tag-rodrigo-gerhardt","tag-rusia"],"yoast_head":"<!-- This site is optimized with the Yoast SEO plugin v27.5 - https:\/\/yoast.com\/product\/yoast-seo-wordpress\/ -->\n<title>B\u00e1squet de bronce - Gente de B\u00e1squet<\/title>\n<meta name=\"robots\" content=\"index, follow, max-snippet:-1, max-image-preview:large, max-video-preview:-1\" \/>\n<link rel=\"canonical\" href=\"https:\/\/gentedebasquet.com.ar\/sitio\/2014\/08\/26\/basquet-de-bronce\/\" \/>\n<meta property=\"og:locale\" content=\"es_ES\" \/>\n<meta property=\"og:type\" content=\"article\" \/>\n<meta property=\"og:title\" content=\"B\u00e1squet de bronce - Gente de B\u00e1squet\" \/>\n<meta property=\"og:description\" content=\"Con el bahiense Rodrigo Gerhardt, Argentina se subi\u00f3 al pido en los Juegos de Nanjing\" \/>\n<meta property=\"og:url\" content=\"https:\/\/gentedebasquet.com.ar\/sitio\/2014\/08\/26\/basquet-de-bronce\/\" \/>\n<meta property=\"og:site_name\" content=\"Gente de B\u00e1squet\" \/>\n<meta property=\"article:published_time\" content=\"2014-08-26T16:36:06+00:00\" \/>\n<meta property=\"og:image\" content=\"https:\/\/gentedebasquet.com.ar\/sitio\/wp-content\/uploads\/2014\/08\/podio.jpg\" \/>\n\t<meta property=\"og:image:width\" content=\"690\" \/>\n\t<meta property=\"og:image:height\" content=\"319\" \/>\n\t<meta property=\"og:image:type\" content=\"image\/jpeg\" \/>\n<meta name=\"author\" content=\"Gente de B\u00e1squet\" \/>\n<meta name=\"twitter:card\" content=\"summary_large_image\" \/>\n<meta name=\"twitter:label1\" content=\"Escrito por\" \/>\n\t<meta name=\"twitter:data1\" content=\"Gente de B\u00e1squet\" \/>\n\t<meta name=\"twitter:label2\" content=\"Tiempo de lectura\" \/>\n\t<meta name=\"twitter:data2\" content=\"3 minutos\" \/>\n<script type=\"application\/ld+json\" class=\"yoast-schema-graph\">{\"@context\":\"https:\\\/\\\/schema.org\",\"@graph\":[{\"@type\":\"Article\",\"@id\":\"https:\\\/\\\/gentedebasquet.com.ar\\\/sitio\\\/2014\\\/08\\\/26\\\/basquet-de-bronce\\\/#article\",\"isPartOf\":{\"@id\":\"https:\\\/\\\/gentedebasquet.com.ar\\\/sitio\\\/2014\\\/08\\\/26\\\/basquet-de-bronce\\\/\"},\"author\":{\"name\":\"Gente de B\u00e1squet\",\"@id\":\"https:\\\/\\\/gentedebasquet.com.ar\\\/sitio\\\/#\\\/schema\\\/person\\\/ca0b63bbb977369988a7bbbdc519943a\"},\"headline\":\"B\u00e1squet de bronce\",\"datePublished\":\"2014-08-26T16:36:06+00:00\",\"mainEntityOfPage\":{\"@id\":\"https:\\\/\\\/gentedebasquet.com.ar\\\/sitio\\\/2014\\\/08\\\/26\\\/basquet-de-bronce\\\/\"},\"wordCount\":573,\"image\":{\"@id\":\"https:\\\/\\\/gentedebasquet.com.ar\\\/sitio\\\/2014\\\/08\\\/26\\\/basquet-de-bronce\\\/#primaryimage\"},\"thumbnailUrl\":\"https:\\\/\\\/gentedebasquet.com.ar\\\/sitio\\\/wp-content\\\/uploads\\\/2014\\\/08\\\/podio.jpg\",\"keywords\":[\"Argentina U18\",\"Nanjing 2014\",\"Rodrigo Gerhardt\",\"Rusia\"],\"articleSection\":[\"#Overtime\",\"Slide\"],\"inLanguage\":\"es\"},{\"@type\":\"WebPage\",\"@id\":\"https:\\\/\\\/gentedebasquet.com.ar\\\/sitio\\\/2014\\\/08\\\/26\\\/basquet-de-bronce\\\/\",\"url\":\"https:\\\/\\\/gentedebasquet.com.ar\\\/sitio\\\/2014\\\/08\\\/26\\\/basquet-de-bronce\\\/\",\"name\":\"B\u00e1squet de bronce - Gente de B\u00e1squet\",\"isPartOf\":{\"@id\":\"https:\\\/\\\/gentedebasquet.com.ar\\\/sitio\\\/#website\"},\"primaryImageOfPage\":{\"@id\":\"https:\\\/\\\/gentedebasquet.com.ar\\\/sitio\\\/2014\\\/08\\\/26\\\/basquet-de-bronce\\\/#primaryimage\"},\"image\":{\"@id\":\"https:\\\/\\\/gentedebasquet.com.ar\\\/sitio\\\/2014\\\/08\\\/26\\\/basquet-de-bronce\\\/#primaryimage\"},\"thumbnailUrl\":\"https:\\\/\\\/gentedebasquet.com.ar\\\/sitio\\\/wp-content\\\/uploads\\\/2014\\\/08\\\/podio.jpg\",\"datePublished\":\"2014-08-26T16:36:06+00:00\",\"author\":{\"@id\":\"https:\\\/\\\/gentedebasquet.com.ar\\\/sitio\\\/#\\\/schema\\\/person\\\/ca0b63bbb977369988a7bbbdc519943a\"},\"breadcrumb\":{\"@id\":\"https:\\\/\\\/gentedebasquet.com.ar\\\/sitio\\\/2014\\\/08\\\/26\\\/basquet-de-bronce\\\/#breadcrumb\"},\"inLanguage\":\"es\",\"potentialAction\":[{\"@type\":\"ReadAction\",\"target\":[\"https:\\\/\\\/gentedebasquet.com.ar\\\/sitio\\\/2014\\\/08\\\/26\\\/basquet-de-bronce\\\/\"]}]},{\"@type\":\"ImageObject\",\"inLanguage\":\"es\",\"@id\":\"https:\\\/\\\/gentedebasquet.com.ar\\\/sitio\\\/2014\\\/08\\\/26\\\/basquet-de-bronce\\\/#primaryimage\",\"url\":\"https:\\\/\\\/gentedebasquet.com.ar\\\/sitio\\\/wp-content\\\/uploads\\\/2014\\\/08\\\/podio.jpg\",\"contentUrl\":\"https:\\\/\\\/gentedebasquet.com.ar\\\/sitio\\\/wp-content\\\/uploads\\\/2014\\\/08\\\/podio.jpg\",\"width\":690,\"height\":319},{\"@type\":\"BreadcrumbList\",\"@id\":\"https:\\\/\\\/gentedebasquet.com.ar\\\/sitio\\\/2014\\\/08\\\/26\\\/basquet-de-bronce\\\/#breadcrumb\",\"itemListElement\":[{\"@type\":\"ListItem\",\"position\":1,\"name\":\"Portada\",\"item\":\"https:\\\/\\\/gentedebasquet.com.ar\\\/sitio\\\/\"},{\"@type\":\"ListItem\",\"position\":2,\"name\":\"B\u00e1squet de bronce\"}]},{\"@type\":\"WebSite\",\"@id\":\"https:\\\/\\\/gentedebasquet.com.ar\\\/sitio\\\/#website\",\"url\":\"https:\\\/\\\/gentedebasquet.com.ar\\\/sitio\\\/\",\"name\":\"Gente de B\u00e1squet\",\"description\":\"La revista del basquet de Bah\u00eda Blanca\",\"potentialAction\":[{\"@type\":\"SearchAction\",\"target\":{\"@type\":\"EntryPoint\",\"urlTemplate\":\"https:\\\/\\\/gentedebasquet.com.ar\\\/sitio\\\/?s={search_term_string}\"},\"query-input\":{\"@type\":\"PropertyValueSpecification\",\"valueRequired\":true,\"valueName\":\"search_term_string\"}}],\"inLanguage\":\"es\"},{\"@type\":\"Person\",\"@id\":\"https:\\\/\\\/gentedebasquet.com.ar\\\/sitio\\\/#\\\/schema\\\/person\\\/ca0b63bbb977369988a7bbbdc519943a\",\"name\":\"Gente de B\u00e1squet\",\"image\":{\"@type\":\"ImageObject\",\"inLanguage\":\"es\",\"@id\":\"https:\\\/\\\/secure.gravatar.com\\\/avatar\\\/7f2c48bdc33b30088f941fb6082e555f2874c98e20cb159d7b92b50eadfce793?s=96&d=mm&r=g\",\"url\":\"https:\\\/\\\/secure.gravatar.com\\\/avatar\\\/7f2c48bdc33b30088f941fb6082e555f2874c98e20cb159d7b92b50eadfce793?s=96&d=mm&r=g\",\"contentUrl\":\"https:\\\/\\\/secure.gravatar.com\\\/avatar\\\/7f2c48bdc33b30088f941fb6082e555f2874c98e20cb159d7b92b50eadfce793?s=96&d=mm&r=g\",\"caption\":\"Gente de B\u00e1squet\"},\"sameAs\":[\"http:\\\/\\\/gentedebasquet.com.ar\\\/sitio\"],\"url\":\"https:\\\/\\\/gentedebasquet.com.ar\\\/sitio\\\/author\\\/ulises\\\/\"}]}<\/script>\n<!-- \/ Yoast SEO plugin. -->","yoast_head_json":{"title":"B\u00e1squet de bronce - Gente de B\u00e1squet","robots":{"index":"index","follow":"follow","max-snippet":"max-snippet:-1","max-image-preview":"max-image-preview:large","max-video-preview":"max-video-preview:-1"},"canonical":"https:\/\/gentedebasquet.com.ar\/sitio\/2014\/08\/26\/basquet-de-bronce\/","og_locale":"es_ES","og_type":"article","og_title":"B\u00e1squet de bronce - Gente de B\u00e1squet","og_description":"Con el bahiense Rodrigo Gerhardt, Argentina se subi\u00f3 al pido en los Juegos de Nanjing","og_url":"https:\/\/gentedebasquet.com.ar\/sitio\/2014\/08\/26\/basquet-de-bronce\/","og_site_name":"Gente de B\u00e1squet","article_published_time":"2014-08-26T16:36:06+00:00","og_image":[{"width":690,"height":319,"url":"https:\/\/gentedebasquet.com.ar\/sitio\/wp-content\/uploads\/2014\/08\/podio.jpg","type":"image\/jpeg"}],"author":"Gente de B\u00e1squet","twitter_card":"summary_large_image","twitter_misc":{"Escrito por":"Gente de B\u00e1squet","Tiempo de lectura":"3 minutos"},"schema":{"@context":"https:\/\/schema.org","@graph":[{"@type":"Article","@id":"https:\/\/gentedebasquet.com.ar\/sitio\/2014\/08\/26\/basquet-de-bronce\/#article","isPartOf":{"@id":"https:\/\/gentedebasquet.com.ar\/sitio\/2014\/08\/26\/basquet-de-bronce\/"},"author":{"name":"Gente de B\u00e1squet","@id":"https:\/\/gentedebasquet.com.ar\/sitio\/#\/schema\/person\/ca0b63bbb977369988a7bbbdc519943a"},"headline":"B\u00e1squet de bronce","datePublished":"2014-08-26T16:36:06+00:00","mainEntityOfPage":{"@id":"https:\/\/gentedebasquet.com.ar\/sitio\/2014\/08\/26\/basquet-de-bronce\/"},"wordCount":573,"image":{"@id":"https:\/\/gentedebasquet.com.ar\/sitio\/2014\/08\/26\/basquet-de-bronce\/#primaryimage"},"thumbnailUrl":"https:\/\/gentedebasquet.com.ar\/sitio\/wp-content\/uploads\/2014\/08\/podio.jpg","keywords":["Argentina U18","Nanjing 2014","Rodrigo Gerhardt","Rusia"],"articleSection":["#Overtime","Slide"],"inLanguage":"es"},{"@type":"WebPage","@id":"https:\/\/gentedebasquet.com.ar\/sitio\/2014\/08\/26\/basquet-de-bronce\/","url":"https:\/\/gentedebasquet.com.ar\/sitio\/2014\/08\/26\/basquet-de-bronce\/","name":"B\u00e1squet de bronce - Gente de B\u00e1squet","isPartOf":{"@id":"https:\/\/gentedebasquet.com.ar\/sitio\/#website"},"primaryImageOfPage":{"@id":"https:\/\/gentedebasquet.com.ar\/sitio\/2014\/08\/26\/basquet-de-bronce\/#primaryimage"},"image":{"@id":"https:\/\/gentedebasquet.com.ar\/sitio\/2014\/08\/26\/basquet-de-bronce\/#primaryimage"},"thumbnailUrl":"https:\/\/gentedebasquet.com.ar\/sitio\/wp-content\/uploads\/2014\/08\/podio.jpg","datePublished":"2014-08-26T16:36:06+00:00","author":{"@id":"https:\/\/gentedebasquet.com.ar\/sitio\/#\/schema\/person\/ca0b63bbb977369988a7bbbdc519943a"},"breadcrumb":{"@id":"https:\/\/gentedebasquet.com.ar\/sitio\/2014\/08\/26\/basquet-de-bronce\/#breadcrumb"},"inLanguage":"es","potentialAction":[{"@type":"ReadAction","target":["https:\/\/gentedebasquet.com.ar\/sitio\/2014\/08\/26\/basquet-de-bronce\/"]}]},{"@type":"ImageObject","inLanguage":"es","@id":"https:\/\/gentedebasquet.com.ar\/sitio\/2014\/08\/26\/basquet-de-bronce\/#primaryimage","url":"https:\/\/gentedebasquet.com.ar\/sitio\/wp-content\/uploads\/2014\/08\/podio.jpg","contentUrl":"https:\/\/gentedebasquet.com.ar\/sitio\/wp-content\/uploads\/2014\/08\/podio.jpg","width":690,"height":319},{"@type":"BreadcrumbList","@id":"https:\/\/gentedebasquet.com.ar\/sitio\/2014\/08\/26\/basquet-de-bronce\/#breadcrumb","itemListElement":[{"@type":"ListItem","position":1,"name":"Portada","item":"https:\/\/gentedebasquet.com.ar\/sitio\/"},{"@type":"ListItem","position":2,"name":"B\u00e1squet de bronce"}]},{"@type":"WebSite","@id":"https:\/\/gentedebasquet.com.ar\/sitio\/#website","url":"https:\/\/gentedebasquet.com.ar\/sitio\/","name":"Gente de B\u00e1squet","description":"La revista del basquet de Bah\u00eda Blanca","potentialAction":[{"@type":"SearchAction","target":{"@type":"EntryPoint","urlTemplate":"https:\/\/gentedebasquet.com.ar\/sitio\/?s={search_term_string}"},"query-input":{"@type":"PropertyValueSpecification","valueRequired":true,"valueName":"search_term_string"}}],"inLanguage":"es"},{"@type":"Person","@id":"https:\/\/gentedebasquet.com.ar\/sitio\/#\/schema\/person\/ca0b63bbb977369988a7bbbdc519943a","name":"Gente de B\u00e1squet","image":{"@type":"ImageObject","inLanguage":"es","@id":"https:\/\/secure.gravatar.com\/avatar\/7f2c48bdc33b30088f941fb6082e555f2874c98e20cb159d7b92b50eadfce793?s=96&d=mm&r=g","url":"https:\/\/secure.gravatar.com\/avatar\/7f2c48bdc33b30088f941fb6082e555f2874c98e20cb159d7b92b50eadfce793?s=96&d=mm&r=g","contentUrl":"https:\/\/secure.gravatar.com\/avatar\/7f2c48bdc33b30088f941fb6082e555f2874c98e20cb159d7b92b50eadfce793?s=96&d=mm&r=g","caption":"Gente de B\u00e1squet"},"sameAs":["http:\/\/gentedebasquet.com.ar\/sitio"],"url":"https:\/\/gentedebasquet.com.ar\/sitio\/author\/ulises\/"}]}},"_links":{"self":[{"href":"https:\/\/gentedebasquet.com.ar\/sitio\/wp-json\/wp\/v2\/posts\/37124","targetHints":{"allow":["GET"]}}],"collection":[{"href":"https:\/\/gentedebasquet.com.ar\/sitio\/wp-json\/wp\/v2\/posts"}],"about":[{"href":"https:\/\/gentedebasquet.com.ar\/sitio\/wp-json\/wp\/v2\/types\/post"}],"author":[{"embeddable":true,"href":"https:\/\/gentedebasquet.com.ar\/sitio\/wp-json\/wp\/v2\/users\/1"}],"replies":[{"embeddable":true,"href":"https:\/\/gentedebasquet.com.ar\/sitio\/wp-json\/wp\/v2\/comments?post=37124"}],"version-history":[{"count":0,"href":"https:\/\/gentedebasquet.com.ar\/sitio\/wp-json\/wp\/v2\/posts\/37124\/revisions"}],"wp:featuredmedia":[{"embeddable":true,"href":"https:\/\/gentedebasquet.com.ar\/sitio\/wp-json\/wp\/v2\/media\/37125"}],"wp:attachment":[{"href":"https:\/\/gentedebasquet.com.ar\/sitio\/wp-json\/wp\/v2\/media?parent=37124"}],"wp:term":[{"taxonomy":"category","embeddable":true,"href":"https:\/\/gentedebasquet.com.ar\/sitio\/wp-json\/wp\/v2\/categories?post=37124"},{"taxonomy":"post_tag","embeddable":true,"href":"https:\/\/gentedebasquet.com.ar\/sitio\/wp-json\/wp\/v2\/tags?post=37124"}],"curies":[{"name":"wp","href":"https:\/\/api.w.org\/{rel}","templated":true}]}}