{"id":37228,"date":"2014-08-28T22:26:48","date_gmt":"2014-08-29T01:26:48","guid":{"rendered":"http:\/\/www.gentedebasquet.com.ar\/?p=37228"},"modified":"2014-08-28T22:26:48","modified_gmt":"2014-08-29T01:26:48","slug":"feliz-en-tu-dia","status":"publish","type":"post","link":"https:\/\/gentedebasquet.com.ar\/sitio\/2014\/08\/28\/feliz-en-tu-dia\/","title":{"rendered":"Feliz en tu d\u00eda"},"content":{"rendered":"<p><strong>Independiente venci\u00f3 a domicilio a 9 de Julio por 68 a 23, en el \u00faltimo partido correspondiente a la primer fecha del Torneo Femenino de Primera Divisi\u00f3n. \u00a0La figura del partido fue Bel\u00e9n Tombesi con 16 puntos y 11 rebotes en la noche de su cumplea\u00f1os. \u00a0Tambi\u00e9n, hubo buenas producciones de Nadia Vrizz (10), Sof\u00eda Bailetti (11) y Soledad Vidaurreta (15, desde la banca). \u00a0El local sufri\u00f3 un partido de bajo goleo, en donde las producciones individuales m\u00e1s destacadas fueron las de Guillermina Rial (6) y Anal\u00edz Carcas (6).<\/strong><\/p>\n<p>De entrada el encuentro fue dispar, con Independiente (sin Sol Sosa, producto de una lumbalgia) liderando las acciones concretando un parcial de 6-0 \u00a0en los primeros minutos del encuentro. \u00a0El juego interno fue clave para el conjunto de Viviana Albizu, esto qued\u00f3 evidenciado en lo producido por Tombesi (7 puntos y 4 rebotes), Vanina Rodr\u00edguez (4 y 4 rebotes), y la defensa en zona 2-1-2 intensa que anul\u00f3 por completo al rival en la pintura. \u00a0Por su parte, el equipo de \u00abLucho\u00bb Deminicis apost\u00f3 por correr r\u00e1pido la cancha, y tomar tiros con posesiones del bal\u00f3 de corta duraci\u00f3n. \u00a0Pero un bajo porcentaje de campo (14 %, 2-14 intentos), caus\u00f3 que el local terminara el parcial con apenas 4 unidades en su haber.<\/p>\n<p>En el 2C el \u00ab9\u00bb mejor\u00f3 su actuaci\u00f3n con respecto al 1C, a partir de la aparici\u00f3n de goleo externo de la mano de Anal\u00edz Carcas y Guillermina Rial y de una mejor tarea en defensa. \u00a0Igual, el Viola se volvi\u00f3 a llevar el per\u00edodo (11-10) gracias al aporte que lleg\u00f3 desde la banca, principalmente de la mano de Soledad Vidaurreta (4), ocupando con eficacia la posici\u00f3n de base y comandando la ofensiva de su equipo. \u00a0Al cierre de la primera mitad, Independiente se iba al vestuario con una ya amplia ventaja (14-32).<\/p>\n<p>En el 3C, 9 de Julio ajust\u00f3 en defensa y comenz\u00f3 a marcar en zona 2-3 para intentar anular el juego interno de la visita. \u00a0El partido entr\u00f3 en un ritmo err\u00e1tico, provocando otro per\u00edodo de baja anotaci\u00f3n (6-11 en favor de Independiente). \u00a0El Viola continu\u00f3 favoreciendo el juego cercano al aro, y Sof\u00eda Bailetti (7) se destac\u00f3 con un par de buenas penetraciones al canasto y una bomba desde tercera dimensi\u00f3n.<\/p>\n<p>El 4C fue meramente anecd\u00f3tico, puesto que el cotejo continu\u00f3 desarroll\u00e1ndose por una senda imprecisa, \u00a0favoreciendo altamente a las chicas de Albizu \u00a0que concretaron un parcial lapidante (25-3). \u00a0Vidaurreta se rob\u00f3 el segmento con su producci\u00f3n (11) junto con Tombesi (7, incluso conectando desde larga distancia) para darle a Independiente un debut con victoria en la Primera Divisi\u00f3n del B\u00e1squet Femenino.<\/p>\n<div class=\"jeg_video_container jeg_video_content\"><iframe loading=\"lazy\" title=\"Doble de Tombesi contra la tabla.\" src=\"https:\/\/player.vimeo.com\/video\/104682928?dnt=1&amp;app_id=122963\" width=\"500\" height=\"750\" frameborder=\"0\" allow=\"autoplay; fullscreen; picture-in-picture; clipboard-write\"><\/iframe><\/div>\n<p>&nbsp;<\/p>\n<p><strong><span style=\"text-decoration: underline;\"><em>S\u00edntesis:<\/em><\/span><\/strong><\/p>\n<p><strong>9 de Julio 23:\u00a0<\/strong>Nerina Franco 3, Magdalena Gorriti 0, Guillermina Rial 6, Carolina Arr\u00f3 3 (x), Ivana L\u00f3pez 4 (FI); Anal\u00edz Carcas 6, Eliana Monzani 0, Agustina Rodr\u00edguez 0 y Camila Leal 0. \u00a0DT: Luciano Deminicis.<\/p>\n<p><strong>Independiente 68:\u00a0<\/strong>Sof\u00eda Bailetti 11, Nadia Vrizz 10, Josefina Calvento 2, Bel\u00e9n Tombesi 16, Vanina Rodr\u00edguez 6 (FI); Daniela De Mori 2, Marianella Leal 0, Soledad Vidaurreta 15, Marianella Pye 2, Evangelina Rodr\u00edguez 0, Valentina Pel\u00e1ez 2, Roc\u00edo Garc\u00eda 2. \u00a0D.T: Viviana Albizu.<\/p>\n<p><strong>Parciales:\u00a0<\/strong>4-21, 14-32 (10-11), 20-43 (6-11), 23-68 (3-15).<\/p>\n<p><strong>\u00c1rbitros:\u00a0<\/strong>Marcelo Gordillo &#8211; Ludmila Munz.<\/p>\n<p><strong>Estadio:\u00a0<\/strong>N\u00e9stor Damiani (9 de Julio).<\/p>\n<p><a class=\"modalf iframe\" title=\"Planilla\" href=\"https:\/\/docs.google.com\/spreadsheets\/d\/1bShXCK_loC7MH6HIawWxnQZUETEK_dr2bA2YIVlFUtY\/pubhtml\" target=\"_blank\" rel=\"noopener\">Ver Planilla<\/a><\/p>\n","protected":false},"excerpt":{"rendered":"<p>De la mano de la cumplea\u00f1era Bel\u00e9n Tombesi, Independiente venci\u00f3 a 9 de Julio 68-23<\/p>\n","protected":false},"author":1,"featured_media":37235,"comment_status":"closed","ping_status":"open","sticky":false,"template":"","format":"standard","meta":{"jnews-multi-image_gallery":[],"jnews_single_post":[],"jnews_primary_category":[],"footnotes":""},"categories":[33,526,101],"tags":[2,623,176,12,821,880,881],"class_list":["post-37228","post","type-post","status-publish","format-standard","has-post-thumbnail","hentry","category-femenino","category-primera-femenino-2","category-slide","tag-9dejulio","tag-belen-tombesi","tag-guillermina-rial","tag-independiente","tag-nadia-vrizz","tag-primera-femenino","tag-soledad-vidarrueta"],"yoast_head":"<!-- This site is optimized with the Yoast SEO plugin v27.4 - https:\/\/yoast.com\/product\/yoast-seo-wordpress\/ -->\n<title>Feliz en tu d\u00eda - Gente de B\u00e1squet<\/title>\n<meta name=\"robots\" content=\"index, follow, max-snippet:-1, max-image-preview:large, max-video-preview:-1\" \/>\n<link rel=\"canonical\" href=\"https:\/\/gentedebasquet.com.ar\/sitio\/2014\/08\/28\/feliz-en-tu-dia\/\" \/>\n<meta property=\"og:locale\" content=\"es_ES\" \/>\n<meta property=\"og:type\" content=\"article\" \/>\n<meta property=\"og:title\" content=\"Feliz en tu d\u00eda - Gente de B\u00e1squet\" \/>\n<meta property=\"og:description\" content=\"De la mano de la cumplea\u00f1era Bel\u00e9n Tombesi, Independiente venci\u00f3 a 9 de Julio 68-23\" \/>\n<meta property=\"og:url\" content=\"https:\/\/gentedebasquet.com.ar\/sitio\/2014\/08\/28\/feliz-en-tu-dia\/\" \/>\n<meta property=\"og:site_name\" content=\"Gente de B\u00e1squet\" \/>\n<meta property=\"article:published_time\" content=\"2014-08-29T01:26:48+00:00\" \/>\n<meta property=\"og:image\" content=\"https:\/\/gentedebasquet.com.ar\/sitio\/wp-content\/uploads\/2014\/08\/Tombesi.jpg\" \/>\n\t<meta property=\"og:image:width\" content=\"690\" \/>\n\t<meta property=\"og:image:height\" content=\"319\" \/>\n\t<meta property=\"og:image:type\" content=\"image\/jpeg\" \/>\n<meta name=\"author\" content=\"Gente de B\u00e1squet\" \/>\n<meta name=\"twitter:card\" content=\"summary_large_image\" \/>\n<meta name=\"twitter:label1\" content=\"Escrito por\" \/>\n\t<meta name=\"twitter:data1\" content=\"Gente de B\u00e1squet\" \/>\n\t<meta name=\"twitter:label2\" content=\"Tiempo de lectura\" \/>\n\t<meta name=\"twitter:data2\" content=\"3 minutos\" \/>\n<script type=\"application\/ld+json\" class=\"yoast-schema-graph\">{\"@context\":\"https:\\\/\\\/schema.org\",\"@graph\":[{\"@type\":\"Article\",\"@id\":\"https:\\\/\\\/gentedebasquet.com.ar\\\/sitio\\\/2014\\\/08\\\/28\\\/feliz-en-tu-dia\\\/#article\",\"isPartOf\":{\"@id\":\"https:\\\/\\\/gentedebasquet.com.ar\\\/sitio\\\/2014\\\/08\\\/28\\\/feliz-en-tu-dia\\\/\"},\"author\":{\"name\":\"Gente de B\u00e1squet\",\"@id\":\"http:\\\/\\\/gentedebasquet.com.ar\\\/sitio\\\/#\\\/schema\\\/person\\\/ca0b63bbb977369988a7bbbdc519943a\"},\"headline\":\"Feliz en tu d\u00eda\",\"datePublished\":\"2014-08-29T01:26:48+00:00\",\"mainEntityOfPage\":{\"@id\":\"https:\\\/\\\/gentedebasquet.com.ar\\\/sitio\\\/2014\\\/08\\\/28\\\/feliz-en-tu-dia\\\/\"},\"wordCount\":541,\"image\":{\"@id\":\"https:\\\/\\\/gentedebasquet.com.ar\\\/sitio\\\/2014\\\/08\\\/28\\\/feliz-en-tu-dia\\\/#primaryimage\"},\"thumbnailUrl\":\"https:\\\/\\\/gentedebasquet.com.ar\\\/sitio\\\/wp-content\\\/uploads\\\/2014\\\/08\\\/Tombesi.jpg\",\"keywords\":[\"9 de Julio\",\"Bel\u00e9n Tombesi\",\"guillermina rial\",\"independiente\",\"Nadia Vrizz\",\"primera femenino\",\"Soledad Vidarrueta\"],\"articleSection\":[\"Femenino\",\"Primera Femenino\",\"Slide\"],\"inLanguage\":\"es\"},{\"@type\":\"WebPage\",\"@id\":\"https:\\\/\\\/gentedebasquet.com.ar\\\/sitio\\\/2014\\\/08\\\/28\\\/feliz-en-tu-dia\\\/\",\"url\":\"https:\\\/\\\/gentedebasquet.com.ar\\\/sitio\\\/2014\\\/08\\\/28\\\/feliz-en-tu-dia\\\/\",\"name\":\"Feliz en tu d\u00eda - Gente de B\u00e1squet\",\"isPartOf\":{\"@id\":\"http:\\\/\\\/gentedebasquet.com.ar\\\/sitio\\\/#website\"},\"primaryImageOfPage\":{\"@id\":\"https:\\\/\\\/gentedebasquet.com.ar\\\/sitio\\\/2014\\\/08\\\/28\\\/feliz-en-tu-dia\\\/#primaryimage\"},\"image\":{\"@id\":\"https:\\\/\\\/gentedebasquet.com.ar\\\/sitio\\\/2014\\\/08\\\/28\\\/feliz-en-tu-dia\\\/#primaryimage\"},\"thumbnailUrl\":\"https:\\\/\\\/gentedebasquet.com.ar\\\/sitio\\\/wp-content\\\/uploads\\\/2014\\\/08\\\/Tombesi.jpg\",\"datePublished\":\"2014-08-29T01:26:48+00:00\",\"author\":{\"@id\":\"http:\\\/\\\/gentedebasquet.com.ar\\\/sitio\\\/#\\\/schema\\\/person\\\/ca0b63bbb977369988a7bbbdc519943a\"},\"breadcrumb\":{\"@id\":\"https:\\\/\\\/gentedebasquet.com.ar\\\/sitio\\\/2014\\\/08\\\/28\\\/feliz-en-tu-dia\\\/#breadcrumb\"},\"inLanguage\":\"es\",\"potentialAction\":[{\"@type\":\"ReadAction\",\"target\":[\"https:\\\/\\\/gentedebasquet.com.ar\\\/sitio\\\/2014\\\/08\\\/28\\\/feliz-en-tu-dia\\\/\"]}]},{\"@type\":\"ImageObject\",\"inLanguage\":\"es\",\"@id\":\"https:\\\/\\\/gentedebasquet.com.ar\\\/sitio\\\/2014\\\/08\\\/28\\\/feliz-en-tu-dia\\\/#primaryimage\",\"url\":\"https:\\\/\\\/gentedebasquet.com.ar\\\/sitio\\\/wp-content\\\/uploads\\\/2014\\\/08\\\/Tombesi.jpg\",\"contentUrl\":\"https:\\\/\\\/gentedebasquet.com.ar\\\/sitio\\\/wp-content\\\/uploads\\\/2014\\\/08\\\/Tombesi.jpg\",\"width\":690,\"height\":319},{\"@type\":\"BreadcrumbList\",\"@id\":\"https:\\\/\\\/gentedebasquet.com.ar\\\/sitio\\\/2014\\\/08\\\/28\\\/feliz-en-tu-dia\\\/#breadcrumb\",\"itemListElement\":[{\"@type\":\"ListItem\",\"position\":1,\"name\":\"Portada\",\"item\":\"http:\\\/\\\/gentedebasquet.com.ar\\\/sitio\\\/\"},{\"@type\":\"ListItem\",\"position\":2,\"name\":\"Feliz en tu d\u00eda\"}]},{\"@type\":\"WebSite\",\"@id\":\"http:\\\/\\\/gentedebasquet.com.ar\\\/sitio\\\/#website\",\"url\":\"http:\\\/\\\/gentedebasquet.com.ar\\\/sitio\\\/\",\"name\":\"Gente de B\u00e1squet\",\"description\":\"La revista del basquet de Bah\u00eda Blanca\",\"potentialAction\":[{\"@type\":\"SearchAction\",\"target\":{\"@type\":\"EntryPoint\",\"urlTemplate\":\"http:\\\/\\\/gentedebasquet.com.ar\\\/sitio\\\/?s={search_term_string}\"},\"query-input\":{\"@type\":\"PropertyValueSpecification\",\"valueRequired\":true,\"valueName\":\"search_term_string\"}}],\"inLanguage\":\"es\"},{\"@type\":\"Person\",\"@id\":\"http:\\\/\\\/gentedebasquet.com.ar\\\/sitio\\\/#\\\/schema\\\/person\\\/ca0b63bbb977369988a7bbbdc519943a\",\"name\":\"Gente de B\u00e1squet\",\"image\":{\"@type\":\"ImageObject\",\"inLanguage\":\"es\",\"@id\":\"https:\\\/\\\/secure.gravatar.com\\\/avatar\\\/7f2c48bdc33b30088f941fb6082e555f2874c98e20cb159d7b92b50eadfce793?s=96&d=mm&r=g\",\"url\":\"https:\\\/\\\/secure.gravatar.com\\\/avatar\\\/7f2c48bdc33b30088f941fb6082e555f2874c98e20cb159d7b92b50eadfce793?s=96&d=mm&r=g\",\"contentUrl\":\"https:\\\/\\\/secure.gravatar.com\\\/avatar\\\/7f2c48bdc33b30088f941fb6082e555f2874c98e20cb159d7b92b50eadfce793?s=96&d=mm&r=g\",\"caption\":\"Gente de B\u00e1squet\"},\"sameAs\":[\"http:\\\/\\\/gentedebasquet.com.ar\\\/sitio\"],\"url\":\"https:\\\/\\\/gentedebasquet.com.ar\\\/sitio\\\/author\\\/ulises\\\/\"}]}<\/script>\n<!-- \/ Yoast SEO plugin. -->","yoast_head_json":{"title":"Feliz en tu d\u00eda - Gente de B\u00e1squet","robots":{"index":"index","follow":"follow","max-snippet":"max-snippet:-1","max-image-preview":"max-image-preview:large","max-video-preview":"max-video-preview:-1"},"canonical":"https:\/\/gentedebasquet.com.ar\/sitio\/2014\/08\/28\/feliz-en-tu-dia\/","og_locale":"es_ES","og_type":"article","og_title":"Feliz en tu d\u00eda - Gente de B\u00e1squet","og_description":"De la mano de la cumplea\u00f1era Bel\u00e9n Tombesi, Independiente venci\u00f3 a 9 de Julio 68-23","og_url":"https:\/\/gentedebasquet.com.ar\/sitio\/2014\/08\/28\/feliz-en-tu-dia\/","og_site_name":"Gente de B\u00e1squet","article_published_time":"2014-08-29T01:26:48+00:00","og_image":[{"width":690,"height":319,"url":"https:\/\/gentedebasquet.com.ar\/sitio\/wp-content\/uploads\/2014\/08\/Tombesi.jpg","type":"image\/jpeg"}],"author":"Gente de B\u00e1squet","twitter_card":"summary_large_image","twitter_misc":{"Escrito por":"Gente de B\u00e1squet","Tiempo de lectura":"3 minutos"},"schema":{"@context":"https:\/\/schema.org","@graph":[{"@type":"Article","@id":"https:\/\/gentedebasquet.com.ar\/sitio\/2014\/08\/28\/feliz-en-tu-dia\/#article","isPartOf":{"@id":"https:\/\/gentedebasquet.com.ar\/sitio\/2014\/08\/28\/feliz-en-tu-dia\/"},"author":{"name":"Gente de B\u00e1squet","@id":"http:\/\/gentedebasquet.com.ar\/sitio\/#\/schema\/person\/ca0b63bbb977369988a7bbbdc519943a"},"headline":"Feliz en tu d\u00eda","datePublished":"2014-08-29T01:26:48+00:00","mainEntityOfPage":{"@id":"https:\/\/gentedebasquet.com.ar\/sitio\/2014\/08\/28\/feliz-en-tu-dia\/"},"wordCount":541,"image":{"@id":"https:\/\/gentedebasquet.com.ar\/sitio\/2014\/08\/28\/feliz-en-tu-dia\/#primaryimage"},"thumbnailUrl":"https:\/\/gentedebasquet.com.ar\/sitio\/wp-content\/uploads\/2014\/08\/Tombesi.jpg","keywords":["9 de Julio","Bel\u00e9n Tombesi","guillermina rial","independiente","Nadia Vrizz","primera femenino","Soledad Vidarrueta"],"articleSection":["Femenino","Primera Femenino","Slide"],"inLanguage":"es"},{"@type":"WebPage","@id":"https:\/\/gentedebasquet.com.ar\/sitio\/2014\/08\/28\/feliz-en-tu-dia\/","url":"https:\/\/gentedebasquet.com.ar\/sitio\/2014\/08\/28\/feliz-en-tu-dia\/","name":"Feliz en tu d\u00eda - Gente de B\u00e1squet","isPartOf":{"@id":"http:\/\/gentedebasquet.com.ar\/sitio\/#website"},"primaryImageOfPage":{"@id":"https:\/\/gentedebasquet.com.ar\/sitio\/2014\/08\/28\/feliz-en-tu-dia\/#primaryimage"},"image":{"@id":"https:\/\/gentedebasquet.com.ar\/sitio\/2014\/08\/28\/feliz-en-tu-dia\/#primaryimage"},"thumbnailUrl":"https:\/\/gentedebasquet.com.ar\/sitio\/wp-content\/uploads\/2014\/08\/Tombesi.jpg","datePublished":"2014-08-29T01:26:48+00:00","author":{"@id":"http:\/\/gentedebasquet.com.ar\/sitio\/#\/schema\/person\/ca0b63bbb977369988a7bbbdc519943a"},"breadcrumb":{"@id":"https:\/\/gentedebasquet.com.ar\/sitio\/2014\/08\/28\/feliz-en-tu-dia\/#breadcrumb"},"inLanguage":"es","potentialAction":[{"@type":"ReadAction","target":["https:\/\/gentedebasquet.com.ar\/sitio\/2014\/08\/28\/feliz-en-tu-dia\/"]}]},{"@type":"ImageObject","inLanguage":"es","@id":"https:\/\/gentedebasquet.com.ar\/sitio\/2014\/08\/28\/feliz-en-tu-dia\/#primaryimage","url":"https:\/\/gentedebasquet.com.ar\/sitio\/wp-content\/uploads\/2014\/08\/Tombesi.jpg","contentUrl":"https:\/\/gentedebasquet.com.ar\/sitio\/wp-content\/uploads\/2014\/08\/Tombesi.jpg","width":690,"height":319},{"@type":"BreadcrumbList","@id":"https:\/\/gentedebasquet.com.ar\/sitio\/2014\/08\/28\/feliz-en-tu-dia\/#breadcrumb","itemListElement":[{"@type":"ListItem","position":1,"name":"Portada","item":"http:\/\/gentedebasquet.com.ar\/sitio\/"},{"@type":"ListItem","position":2,"name":"Feliz en tu d\u00eda"}]},{"@type":"WebSite","@id":"http:\/\/gentedebasquet.com.ar\/sitio\/#website","url":"http:\/\/gentedebasquet.com.ar\/sitio\/","name":"Gente de B\u00e1squet","description":"La revista del basquet de Bah\u00eda Blanca","potentialAction":[{"@type":"SearchAction","target":{"@type":"EntryPoint","urlTemplate":"http:\/\/gentedebasquet.com.ar\/sitio\/?s={search_term_string}"},"query-input":{"@type":"PropertyValueSpecification","valueRequired":true,"valueName":"search_term_string"}}],"inLanguage":"es"},{"@type":"Person","@id":"http:\/\/gentedebasquet.com.ar\/sitio\/#\/schema\/person\/ca0b63bbb977369988a7bbbdc519943a","name":"Gente de B\u00e1squet","image":{"@type":"ImageObject","inLanguage":"es","@id":"https:\/\/secure.gravatar.com\/avatar\/7f2c48bdc33b30088f941fb6082e555f2874c98e20cb159d7b92b50eadfce793?s=96&d=mm&r=g","url":"https:\/\/secure.gravatar.com\/avatar\/7f2c48bdc33b30088f941fb6082e555f2874c98e20cb159d7b92b50eadfce793?s=96&d=mm&r=g","contentUrl":"https:\/\/secure.gravatar.com\/avatar\/7f2c48bdc33b30088f941fb6082e555f2874c98e20cb159d7b92b50eadfce793?s=96&d=mm&r=g","caption":"Gente de B\u00e1squet"},"sameAs":["http:\/\/gentedebasquet.com.ar\/sitio"],"url":"https:\/\/gentedebasquet.com.ar\/sitio\/author\/ulises\/"}]}},"_links":{"self":[{"href":"https:\/\/gentedebasquet.com.ar\/sitio\/wp-json\/wp\/v2\/posts\/37228","targetHints":{"allow":["GET"]}}],"collection":[{"href":"https:\/\/gentedebasquet.com.ar\/sitio\/wp-json\/wp\/v2\/posts"}],"about":[{"href":"https:\/\/gentedebasquet.com.ar\/sitio\/wp-json\/wp\/v2\/types\/post"}],"author":[{"embeddable":true,"href":"https:\/\/gentedebasquet.com.ar\/sitio\/wp-json\/wp\/v2\/users\/1"}],"replies":[{"embeddable":true,"href":"https:\/\/gentedebasquet.com.ar\/sitio\/wp-json\/wp\/v2\/comments?post=37228"}],"version-history":[{"count":0,"href":"https:\/\/gentedebasquet.com.ar\/sitio\/wp-json\/wp\/v2\/posts\/37228\/revisions"}],"wp:featuredmedia":[{"embeddable":true,"href":"https:\/\/gentedebasquet.com.ar\/sitio\/wp-json\/wp\/v2\/media\/37235"}],"wp:attachment":[{"href":"https:\/\/gentedebasquet.com.ar\/sitio\/wp-json\/wp\/v2\/media?parent=37228"}],"wp:term":[{"taxonomy":"category","embeddable":true,"href":"https:\/\/gentedebasquet.com.ar\/sitio\/wp-json\/wp\/v2\/categories?post=37228"},{"taxonomy":"post_tag","embeddable":true,"href":"https:\/\/gentedebasquet.com.ar\/sitio\/wp-json\/wp\/v2\/tags?post=37228"}],"curies":[{"name":"wp","href":"https:\/\/api.w.org\/{rel}","templated":true}]}}