{"id":37475,"date":"2014-09-01T13:40:37","date_gmt":"2014-09-01T16:40:37","guid":{"rendered":"http:\/\/www.gentedebasquet.com.ar\/?p=37475"},"modified":"2014-09-01T13:40:37","modified_gmt":"2014-09-01T16:40:37","slug":"dia-4-plaza-de-espana-fan-zone-argentina-te-mata","status":"publish","type":"post","link":"https:\/\/gentedebasquet.com.ar\/sitio\/2014\/09\/01\/dia-4-plaza-de-espana-fan-zone-argentina-te-mata\/","title":{"rendered":"D\u00eda 4: Plaza de Espa\u00f1a \u2013 Fan Zone \u2013 Argentina te Mata"},"content":{"rendered":"<p>Arrancamos temprano el cuarto d\u00eda. Desayuno bien cargado para evitar el almuerzo y a caminar por Sevilla. El destino: La Plaza de Espa\u00f1a. Para varios uno de los monumentos m\u00e1s lindos del pa\u00eds ib\u00e9rico. No lo describo mucho porque creo que con ver las im\u00e1genes alcanza bastante. El mismo est\u00e1 dentro del parque de Mar\u00eda Luisa, el cual nos qued\u00f3 pendiente de seguir recorriendo, ya que cambiamos el rumbo en la br\u00fajula y nos fuimos a disfrutar del Fan Zone antes de pasar por el hostel y seguir para la cancha.<\/p>\n<p>En el Fan Zone, ubicado en la Plaza de la Encarnaci\u00f3n, estuve a un cent\u00edmetro de probar el simulador del nuevo BMW, pero la pelota de goma espuma entr\u00f3 en el primer aro, pero coquete\u00f3 con el segundo. Despu\u00e9s disfrut\u00e9 con el aro de Iberia, volc\u00e1ndola para la foto (una mentira ya que era con mini-tramp y llegaba igualmente con lo justo). Pero nos divertimos con los Filipinos y los Espa\u00f1oles haciendo un poco de show.<\/p>\n<p>Nos perdimos un poco en el Barrio de Santa Cruz, cambiando el camino de vuelta al hostel. Las calles son angostas y no existen las manzanas cuadradas, dir\u00eda que no existen las manzanas, calles que van y vienen, con direcciones variadas, caminos sinuosos y que si no vas atento podes estar dando la misma vuelta diez veces.<\/p>\n<p>Pasamos por el hostel, picamos algo, descansamos un poco del calor y arrancamos para la cancha. Con 40 grados a la sombra y 46 al sol recorrimos las m\u00e1s de 30 cuadras. Ni una palabra con mi hermana. Salvo cuando nos acordamos de Talleres y le dedicamos una canci\u00f3n hecha con coros y todo. Creo que el calor nos estaba afectando.<\/p>\n<p>Un minuto o menos dur\u00f3 el agua que compramos antes de entrar. Hoy ten\u00edamos las banderas, as\u00ed que las escondimos bien en la mochila y pasaron. Para quienes vieron el partido no hace falta que se los cuente, para el resto les digo que fue un partidazo. Los filipinos metieron de todos lados, pero para suerte nuestra apareci\u00f3 el Mata que conoc\u00edamos, Laprovittola debut\u00f3 y no le pes\u00f3, Scola tremendo como siempre, y el Chapu bueno, es el Chapu y los huevos de ORO, como lo conocimos siempre.<\/p>\n<p>M\u00e1s tarde fue el turno de Puerto Rico-Grecia pero al finalizar el 3er cuarto emprendimos el regreso, los boricuas tuvieron un flojo mundial y ya est\u00e1n eliminados. Unos sandwichs y dos litros de agua fueron la cena en la terraza. Y despu\u00e9s por fin lleg\u00f3 el ansiado fernet. Casualidades de la vida, entre tantos extranjeros hab\u00eda dos argentinos en el hostel con el mismo motivo que nosotros. As\u00ed que la banda se ampli\u00f3 y ma\u00f1ana en el d\u00eda libre iremos a M\u00e1laga.<\/p>\n<p>Seg\u00fan dicen hay playas muy lindas, as\u00ed que a la vuelta les contar\u00e9.<\/p>\n","protected":false},"excerpt":{"rendered":"<p>Diario de viaje de Mart\u00edn G\u00e1lvez en la Copa del Mundo de Espa\u00f1a<\/p>\n","protected":false},"author":1,"featured_media":37476,"comment_status":"closed","ping_status":"open","sticky":false,"template":"","format":"standard","meta":{"jnews-multi-image_gallery":[],"jnews_single_post":[],"jnews_primary_category":[],"footnotes":""},"categories":[24,101],"tags":[886,128],"class_list":["post-37475","post","type-post","status-publish","format-standard","has-post-thumbnail","hentry","category-overtime","category-slide","tag-diario-de-viaje","tag-espana-2014"],"yoast_head":"<!-- This site is optimized with the Yoast SEO plugin v27.5 - https:\/\/yoast.com\/product\/yoast-seo-wordpress\/ -->\n<title>D\u00eda 4: Plaza de Espa\u00f1a \u2013 Fan Zone \u2013 Argentina te Mata - Gente de B\u00e1squet<\/title>\n<meta name=\"robots\" content=\"index, follow, max-snippet:-1, max-image-preview:large, max-video-preview:-1\" \/>\n<link rel=\"canonical\" href=\"https:\/\/gentedebasquet.com.ar\/sitio\/2014\/09\/01\/dia-4-plaza-de-espana-fan-zone-argentina-te-mata\/\" \/>\n<meta property=\"og:locale\" content=\"es_ES\" \/>\n<meta property=\"og:type\" content=\"article\" \/>\n<meta property=\"og:title\" content=\"D\u00eda 4: Plaza de Espa\u00f1a \u2013 Fan Zone \u2013 Argentina te Mata - Gente de B\u00e1squet\" \/>\n<meta property=\"og:description\" content=\"Diario de viaje de Mart\u00edn G\u00e1lvez en la Copa del Mundo de Espa\u00f1a\" \/>\n<meta property=\"og:url\" content=\"https:\/\/gentedebasquet.com.ar\/sitio\/2014\/09\/01\/dia-4-plaza-de-espana-fan-zone-argentina-te-mata\/\" \/>\n<meta property=\"og:site_name\" content=\"Gente de B\u00e1squet\" \/>\n<meta property=\"article:published_time\" content=\"2014-09-01T16:40:37+00:00\" \/>\n<meta property=\"og:image\" content=\"https:\/\/gentedebasquet.com.ar\/sitio\/wp-content\/uploads\/2014\/09\/Galvez.jpg\" \/>\n\t<meta property=\"og:image:width\" content=\"690\" \/>\n\t<meta property=\"og:image:height\" content=\"319\" \/>\n\t<meta property=\"og:image:type\" content=\"image\/jpeg\" \/>\n<meta name=\"author\" content=\"Gente de B\u00e1squet\" \/>\n<meta name=\"twitter:card\" content=\"summary_large_image\" \/>\n<meta name=\"twitter:label1\" content=\"Escrito por\" \/>\n\t<meta name=\"twitter:data1\" content=\"Gente de B\u00e1squet\" \/>\n\t<meta name=\"twitter:label2\" content=\"Tiempo de lectura\" \/>\n\t<meta name=\"twitter:data2\" content=\"2 minutos\" \/>\n<script type=\"application\/ld+json\" class=\"yoast-schema-graph\">{\"@context\":\"https:\\\/\\\/schema.org\",\"@graph\":[{\"@type\":\"Article\",\"@id\":\"https:\\\/\\\/gentedebasquet.com.ar\\\/sitio\\\/2014\\\/09\\\/01\\\/dia-4-plaza-de-espana-fan-zone-argentina-te-mata\\\/#article\",\"isPartOf\":{\"@id\":\"https:\\\/\\\/gentedebasquet.com.ar\\\/sitio\\\/2014\\\/09\\\/01\\\/dia-4-plaza-de-espana-fan-zone-argentina-te-mata\\\/\"},\"author\":{\"name\":\"Gente de B\u00e1squet\",\"@id\":\"http:\\\/\\\/gentedebasquet.com.ar\\\/sitio\\\/#\\\/schema\\\/person\\\/ca0b63bbb977369988a7bbbdc519943a\"},\"headline\":\"D\u00eda 4: Plaza de Espa\u00f1a \u2013 Fan Zone \u2013 Argentina te Mata\",\"datePublished\":\"2014-09-01T16:40:37+00:00\",\"mainEntityOfPage\":{\"@id\":\"https:\\\/\\\/gentedebasquet.com.ar\\\/sitio\\\/2014\\\/09\\\/01\\\/dia-4-plaza-de-espana-fan-zone-argentina-te-mata\\\/\"},\"wordCount\":502,\"image\":{\"@id\":\"https:\\\/\\\/gentedebasquet.com.ar\\\/sitio\\\/2014\\\/09\\\/01\\\/dia-4-plaza-de-espana-fan-zone-argentina-te-mata\\\/#primaryimage\"},\"thumbnailUrl\":\"https:\\\/\\\/gentedebasquet.com.ar\\\/sitio\\\/wp-content\\\/uploads\\\/2014\\\/09\\\/Galvez.jpg\",\"keywords\":[\"Diario de viaje\",\"Espa\u00f1a 2014\"],\"articleSection\":[\"#Overtime\",\"Slide\"],\"inLanguage\":\"es\"},{\"@type\":\"WebPage\",\"@id\":\"https:\\\/\\\/gentedebasquet.com.ar\\\/sitio\\\/2014\\\/09\\\/01\\\/dia-4-plaza-de-espana-fan-zone-argentina-te-mata\\\/\",\"url\":\"https:\\\/\\\/gentedebasquet.com.ar\\\/sitio\\\/2014\\\/09\\\/01\\\/dia-4-plaza-de-espana-fan-zone-argentina-te-mata\\\/\",\"name\":\"D\u00eda 4: Plaza de Espa\u00f1a \u2013 Fan Zone \u2013 Argentina te Mata - Gente de B\u00e1squet\",\"isPartOf\":{\"@id\":\"http:\\\/\\\/gentedebasquet.com.ar\\\/sitio\\\/#website\"},\"primaryImageOfPage\":{\"@id\":\"https:\\\/\\\/gentedebasquet.com.ar\\\/sitio\\\/2014\\\/09\\\/01\\\/dia-4-plaza-de-espana-fan-zone-argentina-te-mata\\\/#primaryimage\"},\"image\":{\"@id\":\"https:\\\/\\\/gentedebasquet.com.ar\\\/sitio\\\/2014\\\/09\\\/01\\\/dia-4-plaza-de-espana-fan-zone-argentina-te-mata\\\/#primaryimage\"},\"thumbnailUrl\":\"https:\\\/\\\/gentedebasquet.com.ar\\\/sitio\\\/wp-content\\\/uploads\\\/2014\\\/09\\\/Galvez.jpg\",\"datePublished\":\"2014-09-01T16:40:37+00:00\",\"author\":{\"@id\":\"http:\\\/\\\/gentedebasquet.com.ar\\\/sitio\\\/#\\\/schema\\\/person\\\/ca0b63bbb977369988a7bbbdc519943a\"},\"breadcrumb\":{\"@id\":\"https:\\\/\\\/gentedebasquet.com.ar\\\/sitio\\\/2014\\\/09\\\/01\\\/dia-4-plaza-de-espana-fan-zone-argentina-te-mata\\\/#breadcrumb\"},\"inLanguage\":\"es\",\"potentialAction\":[{\"@type\":\"ReadAction\",\"target\":[\"https:\\\/\\\/gentedebasquet.com.ar\\\/sitio\\\/2014\\\/09\\\/01\\\/dia-4-plaza-de-espana-fan-zone-argentina-te-mata\\\/\"]}]},{\"@type\":\"ImageObject\",\"inLanguage\":\"es\",\"@id\":\"https:\\\/\\\/gentedebasquet.com.ar\\\/sitio\\\/2014\\\/09\\\/01\\\/dia-4-plaza-de-espana-fan-zone-argentina-te-mata\\\/#primaryimage\",\"url\":\"https:\\\/\\\/gentedebasquet.com.ar\\\/sitio\\\/wp-content\\\/uploads\\\/2014\\\/09\\\/Galvez.jpg\",\"contentUrl\":\"https:\\\/\\\/gentedebasquet.com.ar\\\/sitio\\\/wp-content\\\/uploads\\\/2014\\\/09\\\/Galvez.jpg\",\"width\":690,\"height\":319},{\"@type\":\"BreadcrumbList\",\"@id\":\"https:\\\/\\\/gentedebasquet.com.ar\\\/sitio\\\/2014\\\/09\\\/01\\\/dia-4-plaza-de-espana-fan-zone-argentina-te-mata\\\/#breadcrumb\",\"itemListElement\":[{\"@type\":\"ListItem\",\"position\":1,\"name\":\"Portada\",\"item\":\"http:\\\/\\\/gentedebasquet.com.ar\\\/sitio\\\/\"},{\"@type\":\"ListItem\",\"position\":2,\"name\":\"D\u00eda 4: Plaza de Espa\u00f1a \u2013 Fan Zone \u2013 Argentina te Mata\"}]},{\"@type\":\"WebSite\",\"@id\":\"http:\\\/\\\/gentedebasquet.com.ar\\\/sitio\\\/#website\",\"url\":\"http:\\\/\\\/gentedebasquet.com.ar\\\/sitio\\\/\",\"name\":\"Gente de B\u00e1squet\",\"description\":\"La revista del basquet de Bah\u00eda Blanca\",\"potentialAction\":[{\"@type\":\"SearchAction\",\"target\":{\"@type\":\"EntryPoint\",\"urlTemplate\":\"http:\\\/\\\/gentedebasquet.com.ar\\\/sitio\\\/?s={search_term_string}\"},\"query-input\":{\"@type\":\"PropertyValueSpecification\",\"valueRequired\":true,\"valueName\":\"search_term_string\"}}],\"inLanguage\":\"es\"},{\"@type\":\"Person\",\"@id\":\"http:\\\/\\\/gentedebasquet.com.ar\\\/sitio\\\/#\\\/schema\\\/person\\\/ca0b63bbb977369988a7bbbdc519943a\",\"name\":\"Gente de B\u00e1squet\",\"image\":{\"@type\":\"ImageObject\",\"inLanguage\":\"es\",\"@id\":\"https:\\\/\\\/secure.gravatar.com\\\/avatar\\\/7f2c48bdc33b30088f941fb6082e555f2874c98e20cb159d7b92b50eadfce793?s=96&d=mm&r=g\",\"url\":\"https:\\\/\\\/secure.gravatar.com\\\/avatar\\\/7f2c48bdc33b30088f941fb6082e555f2874c98e20cb159d7b92b50eadfce793?s=96&d=mm&r=g\",\"contentUrl\":\"https:\\\/\\\/secure.gravatar.com\\\/avatar\\\/7f2c48bdc33b30088f941fb6082e555f2874c98e20cb159d7b92b50eadfce793?s=96&d=mm&r=g\",\"caption\":\"Gente de B\u00e1squet\"},\"sameAs\":[\"http:\\\/\\\/gentedebasquet.com.ar\\\/sitio\"],\"url\":\"https:\\\/\\\/gentedebasquet.com.ar\\\/sitio\\\/author\\\/ulises\\\/\"}]}<\/script>\n<!-- \/ Yoast SEO plugin. -->","yoast_head_json":{"title":"D\u00eda 4: Plaza de Espa\u00f1a \u2013 Fan Zone \u2013 Argentina te Mata - Gente de B\u00e1squet","robots":{"index":"index","follow":"follow","max-snippet":"max-snippet:-1","max-image-preview":"max-image-preview:large","max-video-preview":"max-video-preview:-1"},"canonical":"https:\/\/gentedebasquet.com.ar\/sitio\/2014\/09\/01\/dia-4-plaza-de-espana-fan-zone-argentina-te-mata\/","og_locale":"es_ES","og_type":"article","og_title":"D\u00eda 4: Plaza de Espa\u00f1a \u2013 Fan Zone \u2013 Argentina te Mata - Gente de B\u00e1squet","og_description":"Diario de viaje de Mart\u00edn G\u00e1lvez en la Copa del Mundo de Espa\u00f1a","og_url":"https:\/\/gentedebasquet.com.ar\/sitio\/2014\/09\/01\/dia-4-plaza-de-espana-fan-zone-argentina-te-mata\/","og_site_name":"Gente de B\u00e1squet","article_published_time":"2014-09-01T16:40:37+00:00","og_image":[{"width":690,"height":319,"url":"https:\/\/gentedebasquet.com.ar\/sitio\/wp-content\/uploads\/2014\/09\/Galvez.jpg","type":"image\/jpeg"}],"author":"Gente de B\u00e1squet","twitter_card":"summary_large_image","twitter_misc":{"Escrito por":"Gente de B\u00e1squet","Tiempo de lectura":"2 minutos"},"schema":{"@context":"https:\/\/schema.org","@graph":[{"@type":"Article","@id":"https:\/\/gentedebasquet.com.ar\/sitio\/2014\/09\/01\/dia-4-plaza-de-espana-fan-zone-argentina-te-mata\/#article","isPartOf":{"@id":"https:\/\/gentedebasquet.com.ar\/sitio\/2014\/09\/01\/dia-4-plaza-de-espana-fan-zone-argentina-te-mata\/"},"author":{"name":"Gente de B\u00e1squet","@id":"http:\/\/gentedebasquet.com.ar\/sitio\/#\/schema\/person\/ca0b63bbb977369988a7bbbdc519943a"},"headline":"D\u00eda 4: Plaza de Espa\u00f1a \u2013 Fan Zone \u2013 Argentina te Mata","datePublished":"2014-09-01T16:40:37+00:00","mainEntityOfPage":{"@id":"https:\/\/gentedebasquet.com.ar\/sitio\/2014\/09\/01\/dia-4-plaza-de-espana-fan-zone-argentina-te-mata\/"},"wordCount":502,"image":{"@id":"https:\/\/gentedebasquet.com.ar\/sitio\/2014\/09\/01\/dia-4-plaza-de-espana-fan-zone-argentina-te-mata\/#primaryimage"},"thumbnailUrl":"https:\/\/gentedebasquet.com.ar\/sitio\/wp-content\/uploads\/2014\/09\/Galvez.jpg","keywords":["Diario de viaje","Espa\u00f1a 2014"],"articleSection":["#Overtime","Slide"],"inLanguage":"es"},{"@type":"WebPage","@id":"https:\/\/gentedebasquet.com.ar\/sitio\/2014\/09\/01\/dia-4-plaza-de-espana-fan-zone-argentina-te-mata\/","url":"https:\/\/gentedebasquet.com.ar\/sitio\/2014\/09\/01\/dia-4-plaza-de-espana-fan-zone-argentina-te-mata\/","name":"D\u00eda 4: Plaza de Espa\u00f1a \u2013 Fan Zone \u2013 Argentina te Mata - Gente de B\u00e1squet","isPartOf":{"@id":"http:\/\/gentedebasquet.com.ar\/sitio\/#website"},"primaryImageOfPage":{"@id":"https:\/\/gentedebasquet.com.ar\/sitio\/2014\/09\/01\/dia-4-plaza-de-espana-fan-zone-argentina-te-mata\/#primaryimage"},"image":{"@id":"https:\/\/gentedebasquet.com.ar\/sitio\/2014\/09\/01\/dia-4-plaza-de-espana-fan-zone-argentina-te-mata\/#primaryimage"},"thumbnailUrl":"https:\/\/gentedebasquet.com.ar\/sitio\/wp-content\/uploads\/2014\/09\/Galvez.jpg","datePublished":"2014-09-01T16:40:37+00:00","author":{"@id":"http:\/\/gentedebasquet.com.ar\/sitio\/#\/schema\/person\/ca0b63bbb977369988a7bbbdc519943a"},"breadcrumb":{"@id":"https:\/\/gentedebasquet.com.ar\/sitio\/2014\/09\/01\/dia-4-plaza-de-espana-fan-zone-argentina-te-mata\/#breadcrumb"},"inLanguage":"es","potentialAction":[{"@type":"ReadAction","target":["https:\/\/gentedebasquet.com.ar\/sitio\/2014\/09\/01\/dia-4-plaza-de-espana-fan-zone-argentina-te-mata\/"]}]},{"@type":"ImageObject","inLanguage":"es","@id":"https:\/\/gentedebasquet.com.ar\/sitio\/2014\/09\/01\/dia-4-plaza-de-espana-fan-zone-argentina-te-mata\/#primaryimage","url":"https:\/\/gentedebasquet.com.ar\/sitio\/wp-content\/uploads\/2014\/09\/Galvez.jpg","contentUrl":"https:\/\/gentedebasquet.com.ar\/sitio\/wp-content\/uploads\/2014\/09\/Galvez.jpg","width":690,"height":319},{"@type":"BreadcrumbList","@id":"https:\/\/gentedebasquet.com.ar\/sitio\/2014\/09\/01\/dia-4-plaza-de-espana-fan-zone-argentina-te-mata\/#breadcrumb","itemListElement":[{"@type":"ListItem","position":1,"name":"Portada","item":"http:\/\/gentedebasquet.com.ar\/sitio\/"},{"@type":"ListItem","position":2,"name":"D\u00eda 4: Plaza de Espa\u00f1a \u2013 Fan Zone \u2013 Argentina te Mata"}]},{"@type":"WebSite","@id":"http:\/\/gentedebasquet.com.ar\/sitio\/#website","url":"http:\/\/gentedebasquet.com.ar\/sitio\/","name":"Gente de B\u00e1squet","description":"La revista del basquet de Bah\u00eda Blanca","potentialAction":[{"@type":"SearchAction","target":{"@type":"EntryPoint","urlTemplate":"http:\/\/gentedebasquet.com.ar\/sitio\/?s={search_term_string}"},"query-input":{"@type":"PropertyValueSpecification","valueRequired":true,"valueName":"search_term_string"}}],"inLanguage":"es"},{"@type":"Person","@id":"http:\/\/gentedebasquet.com.ar\/sitio\/#\/schema\/person\/ca0b63bbb977369988a7bbbdc519943a","name":"Gente de B\u00e1squet","image":{"@type":"ImageObject","inLanguage":"es","@id":"https:\/\/secure.gravatar.com\/avatar\/7f2c48bdc33b30088f941fb6082e555f2874c98e20cb159d7b92b50eadfce793?s=96&d=mm&r=g","url":"https:\/\/secure.gravatar.com\/avatar\/7f2c48bdc33b30088f941fb6082e555f2874c98e20cb159d7b92b50eadfce793?s=96&d=mm&r=g","contentUrl":"https:\/\/secure.gravatar.com\/avatar\/7f2c48bdc33b30088f941fb6082e555f2874c98e20cb159d7b92b50eadfce793?s=96&d=mm&r=g","caption":"Gente de B\u00e1squet"},"sameAs":["http:\/\/gentedebasquet.com.ar\/sitio"],"url":"https:\/\/gentedebasquet.com.ar\/sitio\/author\/ulises\/"}]}},"_links":{"self":[{"href":"https:\/\/gentedebasquet.com.ar\/sitio\/wp-json\/wp\/v2\/posts\/37475","targetHints":{"allow":["GET"]}}],"collection":[{"href":"https:\/\/gentedebasquet.com.ar\/sitio\/wp-json\/wp\/v2\/posts"}],"about":[{"href":"https:\/\/gentedebasquet.com.ar\/sitio\/wp-json\/wp\/v2\/types\/post"}],"author":[{"embeddable":true,"href":"https:\/\/gentedebasquet.com.ar\/sitio\/wp-json\/wp\/v2\/users\/1"}],"replies":[{"embeddable":true,"href":"https:\/\/gentedebasquet.com.ar\/sitio\/wp-json\/wp\/v2\/comments?post=37475"}],"version-history":[{"count":0,"href":"https:\/\/gentedebasquet.com.ar\/sitio\/wp-json\/wp\/v2\/posts\/37475\/revisions"}],"wp:featuredmedia":[{"embeddable":true,"href":"https:\/\/gentedebasquet.com.ar\/sitio\/wp-json\/wp\/v2\/media\/37476"}],"wp:attachment":[{"href":"https:\/\/gentedebasquet.com.ar\/sitio\/wp-json\/wp\/v2\/media?parent=37475"}],"wp:term":[{"taxonomy":"category","embeddable":true,"href":"https:\/\/gentedebasquet.com.ar\/sitio\/wp-json\/wp\/v2\/categories?post=37475"},{"taxonomy":"post_tag","embeddable":true,"href":"https:\/\/gentedebasquet.com.ar\/sitio\/wp-json\/wp\/v2\/tags?post=37475"}],"curies":[{"name":"wp","href":"https:\/\/api.w.org\/{rel}","templated":true}]}}