{"id":37763,"date":"2014-09-08T12:42:04","date_gmt":"2014-09-08T15:42:04","guid":{"rendered":"http:\/\/www.gentedebasquet.com.ar\/?p=37763"},"modified":"2014-09-08T12:42:04","modified_gmt":"2014-09-08T15:42:04","slug":"dia-10-museo-del-prado-con-el-alma-morir","status":"publish","type":"post","link":"https:\/\/gentedebasquet.com.ar\/sitio\/2014\/09\/08\/dia-10-museo-del-prado-con-el-alma-morir\/","title":{"rendered":"D\u00eda 10: Museo del Prado \u2013 Con el Alma Morir"},"content":{"rendered":"<p>Siendo domingo, ni estando en Espa\u00f1a me dan ganas de madrugar por eso arranque a media ma\u00f1ana. Mates y tostadas. M\u00fasica y un poco de diarios argentinos. Argentina jugaba a las 22, as\u00ed que la idea era salir sobre la tarde.<\/p>\n<p>Comimos unos sandwiches de jam\u00f3n, queso y tomate. Era domingo; asado, pastas o sandwiches, otra no hay. Acomodamos un poco las valijas, aunque en definitiva armamos la que no vas a acompa\u00f1ar estos 5 d\u00edas por Par\u00eds y Lisboa. Preparamos las mochilas y arrancamos.<\/p>\n<p>Disculpen si no me detengo a partir de este momento a describir el museo y el parque. Ya ver\u00e1n el porque. Entramos primero a una muestra sobre El Greco. Obras de Picasso, Rivera y muchos artistas m\u00e1s. Luego fuimos al Prado. Domingo, 17:30, no se los recomiendo. Gente por todos lados. Idiomas incalculables, pero una pregunta que me surgi\u00f3: \u00bfCu\u00e1ntas de las personas que van a los museos entienden verdaderamente de arte? \u00bfHace falta entender para ir? Hoy no me lo voy a poner a analizar, lo dejar\u00e9 para otro d\u00eda y ya ver\u00e1n porque.<\/p>\n<p>Salimos y nos adentramos en los caminos del Parque del Retiro. Una belleza. Un lugar m\u00e1s que aprobado si uno quiere disfrutar del domingo al aire libre.<\/p>\n<p>Y ahora si empieza la descripci\u00f3n en la que pretendo hacer hincapi\u00e9. Aproximadamente a las 20 llegamos a la zona del Palacio de los Deportes, tres brasileros le met\u00edan bombo y canto envueltos en una bandera de la Torcida Canarinha. De a poco se empezaban a ver almas celestes y blancas, y de a poco se aglomeraban a 50 metros de la entrada principal. Aparecieron las c\u00e1maras de los canales nacionales y los cantos no tardaron en llegar, y con ellos m\u00e1s y m\u00e1s hinchas.<\/p>\n<p>No les puedo explicar la sensaci\u00f3n que genera estar lejos de casa pero a la vez sentirse tan cerca cuando te abrazas con uno que no conoces y no conocer\u00e1s pero que tiene el mismo deseo que vos: cantar por los colores, sentirse como en casa, abrazarse y perderse en la euforia de los cantos y saltos que atraen a la gente que esta sentada en los bares y que se para para filmar a este pu\u00f1ado, que pasa a ser una masa m\u00f3vil celeste y blanca que canta sin parar. Para que se den cuenta, Juli le pregunt\u00f3 a un espa\u00f1ol porque filmaban tanto. \u00bfSaben lo qu\u00e9 dijo? Porque estos cantan m\u00e1s que todo el Bernabeu entero. Claramente es una pasi\u00f3n que no se entiende, sino que se disfruta.<\/p>\n<p>Creo no exagerar si digo que cantamos 30 minutos sin parar, y m\u00e1s de 6 o 7 cantitos diferentes. Las c\u00e1maras se fueron y cuando vieron que el n\u00famero de argentinos crec\u00eda, volvieron a aparecer.<\/p>\n<p>En la cancha el clima fue otro, un estadio inmenso, y est\u00e1bamos repartidos en manchones. Unos por ac\u00e1 y otros m\u00e1s all\u00e1. Los brasileros no eran muchos, pero ni hablaban. Nosotros murmur\u00e1bamos y alg\u00fan cantito solt\u00e1bamos.<\/p>\n<p>Como dije antes, all\u00e1 en los primeros d\u00edas que escrib\u00ed, an\u00e1lisis del juego no voy a hacer. Pero me voy a remitir a algunos pasajes para que entiendan un poco mejor los sentimientos. Con el primer cuarto de Argentina, las sonrisas florec\u00edan y parec\u00eda que pod\u00eda ser m\u00e1s f\u00e1cil de lo pensado. Ojo, lo digo por como empez\u00f3 Brasil que daba la sensaci\u00f3n de estar respet\u00e1ndonos demasiado.<\/p>\n<p>El segundo cuarto no se cerr\u00f3 de la mejor manera, y los nervios en la gente se notaban. Nadie quer\u00eda cantar, nadie se animaba. Yo llegue a ser risa de los espa\u00f1oles por estar solo parado, cantando y puteando, pero bueno estos muchachos van a la cancha a ver el partido sentados y vestidos como para ir al teatro, claramente la forma de vivirlo no es la misma y claramente hay un aspecto que les falta desarrollar: LA PASI\u00d3N.<\/p>\n<p>En el segundo tiempo la historia fue otra, Argentina entr\u00f3 dormida, Brasil con otra cara, con carra de perro hambriento y los basquetboleros sabr\u00e1n que esa cara es la de Magnano que siempre quiere ganar. Nos pasaron por arriba, pero basquetbol\u00edsticamente, la actitud de los nuestros es la de siempre, la que nos tienen acostumbrado a mostrar, la de dejar todo por la camiseta, la de dejar todo por el compa\u00f1ero. Y eso se ve\u00eda en Campazzo y su impotencia de no poder anotar, en la de Prigioni y su bronca por las faltas, en la del Luifa por saber que el d\u00eda que m\u00e1s se lo necesitaba las cosas no le sal\u00edan, pero el tipo en su cara, en sus ojos y en su mirada al techo demostraba que nadie se iba a ir m\u00e1s caliente que \u00e9l.<\/p>\n<p>Y ac\u00e1 fue cuando la gente entendi\u00f3. Entendi\u00f3 que no pod\u00eda callarse m\u00e1s, que estos guerreros (en sentido deportivo, porque nunca falta el que dice que el deporte no es una guerra) necesitaban ser reconocidos. Porque en 15 a\u00f1os jugaron 27 torneos, disputaron 23 semis, en 20 hicieron podio y en 7 fueron campeones. \u00bfAlgo m\u00e1s? Si, le ganaron dos veces al Dream Team.<\/p>\n<p>Entonces aunque hayamos perdido la gente se levant\u00f3 de su butaca, levant\u00f3 los brazos y alent\u00f3. Hab\u00edamos sido derrotados adentro, pero afuera cant\u00e1bamos m\u00e1s que los brasileros que por fin nos hab\u00edan podido ganar. Luifa daba vueltas por el estadio, solo, buscando una respuesta que la gente le dio. No ganaron hoy, pero ganaron antes y ganaron mucho. Y no solo t\u00edtulos, sino tambi\u00e9n respeto. Y se ganaron el coraz\u00f3n de todos.<\/p>\n<p>Por eso no describ\u00ed el museo o el parque, quer\u00eda describir esto. No se si me sali\u00f3 como esperaba, es dif\u00edcil trascribir los sentimientos y m\u00e1s cuando no se tiene el talento suficiente para hacerlo. Pero estar ah\u00ed, a metros de ellos, verlos dejar la piel en cada pelota, enojarse porque las cosas no les sal\u00edan y saber que el Mundial se iba, fue cuando me di cuenta que yo eleg\u00ed con mi coraz\u00f3n naranja: CON EL ALMA MORIR.<\/p>\n","protected":false},"excerpt":{"rendered":"<p>Diario de viaje de Mart\u00edn G\u00e1lvez en la Copa del Mundo de Espa\u00f1a<\/p>\n","protected":false},"author":1,"featured_media":37764,"comment_status":"closed","ping_status":"open","sticky":false,"template":"","format":"standard","meta":{"jnews-multi-image_gallery":[],"jnews_single_post":[],"jnews_primary_category":[],"footnotes":""},"categories":[24,101],"tags":[886,128],"class_list":["post-37763","post","type-post","status-publish","format-standard","has-post-thumbnail","hentry","category-overtime","category-slide","tag-diario-de-viaje","tag-espana-2014"],"yoast_head":"<!-- This site is optimized with the Yoast SEO plugin v27.5 - https:\/\/yoast.com\/product\/yoast-seo-wordpress\/ -->\n<title>D\u00eda 10: Museo del Prado \u2013 Con el Alma Morir - Gente de B\u00e1squet<\/title>\n<meta name=\"robots\" content=\"index, follow, max-snippet:-1, max-image-preview:large, max-video-preview:-1\" \/>\n<link rel=\"canonical\" href=\"https:\/\/gentedebasquet.com.ar\/sitio\/2014\/09\/08\/dia-10-museo-del-prado-con-el-alma-morir\/\" \/>\n<meta property=\"og:locale\" content=\"es_ES\" \/>\n<meta property=\"og:type\" content=\"article\" \/>\n<meta property=\"og:title\" content=\"D\u00eda 10: Museo del Prado \u2013 Con el Alma Morir - Gente de B\u00e1squet\" \/>\n<meta property=\"og:description\" content=\"Diario de viaje de Mart\u00edn G\u00e1lvez en la Copa del Mundo de Espa\u00f1a\" \/>\n<meta property=\"og:url\" content=\"https:\/\/gentedebasquet.com.ar\/sitio\/2014\/09\/08\/dia-10-museo-del-prado-con-el-alma-morir\/\" \/>\n<meta property=\"og:site_name\" content=\"Gente de B\u00e1squet\" \/>\n<meta property=\"article:published_time\" content=\"2014-09-08T15:42:04+00:00\" \/>\n<meta property=\"og:image\" content=\"https:\/\/gentedebasquet.com.ar\/sitio\/wp-content\/uploads\/2014\/09\/dia-10.jpg\" \/>\n\t<meta property=\"og:image:width\" content=\"690\" \/>\n\t<meta property=\"og:image:height\" content=\"319\" \/>\n\t<meta property=\"og:image:type\" content=\"image\/jpeg\" \/>\n<meta name=\"author\" content=\"Gente de B\u00e1squet\" \/>\n<meta name=\"twitter:card\" content=\"summary_large_image\" \/>\n<meta name=\"twitter:label1\" content=\"Escrito por\" \/>\n\t<meta name=\"twitter:data1\" content=\"Gente de B\u00e1squet\" \/>\n\t<meta name=\"twitter:label2\" content=\"Tiempo de lectura\" \/>\n\t<meta name=\"twitter:data2\" content=\"5 minutos\" \/>\n<script type=\"application\/ld+json\" class=\"yoast-schema-graph\">{\"@context\":\"https:\\\/\\\/schema.org\",\"@graph\":[{\"@type\":\"Article\",\"@id\":\"https:\\\/\\\/gentedebasquet.com.ar\\\/sitio\\\/2014\\\/09\\\/08\\\/dia-10-museo-del-prado-con-el-alma-morir\\\/#article\",\"isPartOf\":{\"@id\":\"https:\\\/\\\/gentedebasquet.com.ar\\\/sitio\\\/2014\\\/09\\\/08\\\/dia-10-museo-del-prado-con-el-alma-morir\\\/\"},\"author\":{\"name\":\"Gente de B\u00e1squet\",\"@id\":\"https:\\\/\\\/gentedebasquet.com.ar\\\/sitio\\\/#\\\/schema\\\/person\\\/ca0b63bbb977369988a7bbbdc519943a\"},\"headline\":\"D\u00eda 10: Museo del Prado \u2013 Con el Alma Morir\",\"datePublished\":\"2014-09-08T15:42:04+00:00\",\"mainEntityOfPage\":{\"@id\":\"https:\\\/\\\/gentedebasquet.com.ar\\\/sitio\\\/2014\\\/09\\\/08\\\/dia-10-museo-del-prado-con-el-alma-morir\\\/\"},\"wordCount\":1059,\"image\":{\"@id\":\"https:\\\/\\\/gentedebasquet.com.ar\\\/sitio\\\/2014\\\/09\\\/08\\\/dia-10-museo-del-prado-con-el-alma-morir\\\/#primaryimage\"},\"thumbnailUrl\":\"https:\\\/\\\/gentedebasquet.com.ar\\\/sitio\\\/wp-content\\\/uploads\\\/2014\\\/09\\\/dia-10.jpg\",\"keywords\":[\"Diario de viaje\",\"Espa\u00f1a 2014\"],\"articleSection\":[\"#Overtime\",\"Slide\"],\"inLanguage\":\"es\"},{\"@type\":\"WebPage\",\"@id\":\"https:\\\/\\\/gentedebasquet.com.ar\\\/sitio\\\/2014\\\/09\\\/08\\\/dia-10-museo-del-prado-con-el-alma-morir\\\/\",\"url\":\"https:\\\/\\\/gentedebasquet.com.ar\\\/sitio\\\/2014\\\/09\\\/08\\\/dia-10-museo-del-prado-con-el-alma-morir\\\/\",\"name\":\"D\u00eda 10: Museo del Prado \u2013 Con el Alma Morir - Gente de B\u00e1squet\",\"isPartOf\":{\"@id\":\"https:\\\/\\\/gentedebasquet.com.ar\\\/sitio\\\/#website\"},\"primaryImageOfPage\":{\"@id\":\"https:\\\/\\\/gentedebasquet.com.ar\\\/sitio\\\/2014\\\/09\\\/08\\\/dia-10-museo-del-prado-con-el-alma-morir\\\/#primaryimage\"},\"image\":{\"@id\":\"https:\\\/\\\/gentedebasquet.com.ar\\\/sitio\\\/2014\\\/09\\\/08\\\/dia-10-museo-del-prado-con-el-alma-morir\\\/#primaryimage\"},\"thumbnailUrl\":\"https:\\\/\\\/gentedebasquet.com.ar\\\/sitio\\\/wp-content\\\/uploads\\\/2014\\\/09\\\/dia-10.jpg\",\"datePublished\":\"2014-09-08T15:42:04+00:00\",\"author\":{\"@id\":\"https:\\\/\\\/gentedebasquet.com.ar\\\/sitio\\\/#\\\/schema\\\/person\\\/ca0b63bbb977369988a7bbbdc519943a\"},\"breadcrumb\":{\"@id\":\"https:\\\/\\\/gentedebasquet.com.ar\\\/sitio\\\/2014\\\/09\\\/08\\\/dia-10-museo-del-prado-con-el-alma-morir\\\/#breadcrumb\"},\"inLanguage\":\"es\",\"potentialAction\":[{\"@type\":\"ReadAction\",\"target\":[\"https:\\\/\\\/gentedebasquet.com.ar\\\/sitio\\\/2014\\\/09\\\/08\\\/dia-10-museo-del-prado-con-el-alma-morir\\\/\"]}]},{\"@type\":\"ImageObject\",\"inLanguage\":\"es\",\"@id\":\"https:\\\/\\\/gentedebasquet.com.ar\\\/sitio\\\/2014\\\/09\\\/08\\\/dia-10-museo-del-prado-con-el-alma-morir\\\/#primaryimage\",\"url\":\"https:\\\/\\\/gentedebasquet.com.ar\\\/sitio\\\/wp-content\\\/uploads\\\/2014\\\/09\\\/dia-10.jpg\",\"contentUrl\":\"https:\\\/\\\/gentedebasquet.com.ar\\\/sitio\\\/wp-content\\\/uploads\\\/2014\\\/09\\\/dia-10.jpg\",\"width\":690,\"height\":319},{\"@type\":\"BreadcrumbList\",\"@id\":\"https:\\\/\\\/gentedebasquet.com.ar\\\/sitio\\\/2014\\\/09\\\/08\\\/dia-10-museo-del-prado-con-el-alma-morir\\\/#breadcrumb\",\"itemListElement\":[{\"@type\":\"ListItem\",\"position\":1,\"name\":\"Portada\",\"item\":\"https:\\\/\\\/gentedebasquet.com.ar\\\/sitio\\\/\"},{\"@type\":\"ListItem\",\"position\":2,\"name\":\"D\u00eda 10: Museo del Prado \u2013 Con el Alma Morir\"}]},{\"@type\":\"WebSite\",\"@id\":\"https:\\\/\\\/gentedebasquet.com.ar\\\/sitio\\\/#website\",\"url\":\"https:\\\/\\\/gentedebasquet.com.ar\\\/sitio\\\/\",\"name\":\"Gente de B\u00e1squet\",\"description\":\"La revista del basquet de Bah\u00eda Blanca\",\"potentialAction\":[{\"@type\":\"SearchAction\",\"target\":{\"@type\":\"EntryPoint\",\"urlTemplate\":\"https:\\\/\\\/gentedebasquet.com.ar\\\/sitio\\\/?s={search_term_string}\"},\"query-input\":{\"@type\":\"PropertyValueSpecification\",\"valueRequired\":true,\"valueName\":\"search_term_string\"}}],\"inLanguage\":\"es\"},{\"@type\":\"Person\",\"@id\":\"https:\\\/\\\/gentedebasquet.com.ar\\\/sitio\\\/#\\\/schema\\\/person\\\/ca0b63bbb977369988a7bbbdc519943a\",\"name\":\"Gente de B\u00e1squet\",\"image\":{\"@type\":\"ImageObject\",\"inLanguage\":\"es\",\"@id\":\"https:\\\/\\\/secure.gravatar.com\\\/avatar\\\/7f2c48bdc33b30088f941fb6082e555f2874c98e20cb159d7b92b50eadfce793?s=96&d=mm&r=g\",\"url\":\"https:\\\/\\\/secure.gravatar.com\\\/avatar\\\/7f2c48bdc33b30088f941fb6082e555f2874c98e20cb159d7b92b50eadfce793?s=96&d=mm&r=g\",\"contentUrl\":\"https:\\\/\\\/secure.gravatar.com\\\/avatar\\\/7f2c48bdc33b30088f941fb6082e555f2874c98e20cb159d7b92b50eadfce793?s=96&d=mm&r=g\",\"caption\":\"Gente de B\u00e1squet\"},\"sameAs\":[\"http:\\\/\\\/gentedebasquet.com.ar\\\/sitio\"],\"url\":\"https:\\\/\\\/gentedebasquet.com.ar\\\/sitio\\\/author\\\/ulises\\\/\"}]}<\/script>\n<!-- \/ Yoast SEO plugin. -->","yoast_head_json":{"title":"D\u00eda 10: Museo del Prado \u2013 Con el Alma Morir - Gente de B\u00e1squet","robots":{"index":"index","follow":"follow","max-snippet":"max-snippet:-1","max-image-preview":"max-image-preview:large","max-video-preview":"max-video-preview:-1"},"canonical":"https:\/\/gentedebasquet.com.ar\/sitio\/2014\/09\/08\/dia-10-museo-del-prado-con-el-alma-morir\/","og_locale":"es_ES","og_type":"article","og_title":"D\u00eda 10: Museo del Prado \u2013 Con el Alma Morir - Gente de B\u00e1squet","og_description":"Diario de viaje de Mart\u00edn G\u00e1lvez en la Copa del Mundo de Espa\u00f1a","og_url":"https:\/\/gentedebasquet.com.ar\/sitio\/2014\/09\/08\/dia-10-museo-del-prado-con-el-alma-morir\/","og_site_name":"Gente de B\u00e1squet","article_published_time":"2014-09-08T15:42:04+00:00","og_image":[{"width":690,"height":319,"url":"https:\/\/gentedebasquet.com.ar\/sitio\/wp-content\/uploads\/2014\/09\/dia-10.jpg","type":"image\/jpeg"}],"author":"Gente de B\u00e1squet","twitter_card":"summary_large_image","twitter_misc":{"Escrito por":"Gente de B\u00e1squet","Tiempo de lectura":"5 minutos"},"schema":{"@context":"https:\/\/schema.org","@graph":[{"@type":"Article","@id":"https:\/\/gentedebasquet.com.ar\/sitio\/2014\/09\/08\/dia-10-museo-del-prado-con-el-alma-morir\/#article","isPartOf":{"@id":"https:\/\/gentedebasquet.com.ar\/sitio\/2014\/09\/08\/dia-10-museo-del-prado-con-el-alma-morir\/"},"author":{"name":"Gente de B\u00e1squet","@id":"https:\/\/gentedebasquet.com.ar\/sitio\/#\/schema\/person\/ca0b63bbb977369988a7bbbdc519943a"},"headline":"D\u00eda 10: Museo del Prado \u2013 Con el Alma Morir","datePublished":"2014-09-08T15:42:04+00:00","mainEntityOfPage":{"@id":"https:\/\/gentedebasquet.com.ar\/sitio\/2014\/09\/08\/dia-10-museo-del-prado-con-el-alma-morir\/"},"wordCount":1059,"image":{"@id":"https:\/\/gentedebasquet.com.ar\/sitio\/2014\/09\/08\/dia-10-museo-del-prado-con-el-alma-morir\/#primaryimage"},"thumbnailUrl":"https:\/\/gentedebasquet.com.ar\/sitio\/wp-content\/uploads\/2014\/09\/dia-10.jpg","keywords":["Diario de viaje","Espa\u00f1a 2014"],"articleSection":["#Overtime","Slide"],"inLanguage":"es"},{"@type":"WebPage","@id":"https:\/\/gentedebasquet.com.ar\/sitio\/2014\/09\/08\/dia-10-museo-del-prado-con-el-alma-morir\/","url":"https:\/\/gentedebasquet.com.ar\/sitio\/2014\/09\/08\/dia-10-museo-del-prado-con-el-alma-morir\/","name":"D\u00eda 10: Museo del Prado \u2013 Con el Alma Morir - Gente de B\u00e1squet","isPartOf":{"@id":"https:\/\/gentedebasquet.com.ar\/sitio\/#website"},"primaryImageOfPage":{"@id":"https:\/\/gentedebasquet.com.ar\/sitio\/2014\/09\/08\/dia-10-museo-del-prado-con-el-alma-morir\/#primaryimage"},"image":{"@id":"https:\/\/gentedebasquet.com.ar\/sitio\/2014\/09\/08\/dia-10-museo-del-prado-con-el-alma-morir\/#primaryimage"},"thumbnailUrl":"https:\/\/gentedebasquet.com.ar\/sitio\/wp-content\/uploads\/2014\/09\/dia-10.jpg","datePublished":"2014-09-08T15:42:04+00:00","author":{"@id":"https:\/\/gentedebasquet.com.ar\/sitio\/#\/schema\/person\/ca0b63bbb977369988a7bbbdc519943a"},"breadcrumb":{"@id":"https:\/\/gentedebasquet.com.ar\/sitio\/2014\/09\/08\/dia-10-museo-del-prado-con-el-alma-morir\/#breadcrumb"},"inLanguage":"es","potentialAction":[{"@type":"ReadAction","target":["https:\/\/gentedebasquet.com.ar\/sitio\/2014\/09\/08\/dia-10-museo-del-prado-con-el-alma-morir\/"]}]},{"@type":"ImageObject","inLanguage":"es","@id":"https:\/\/gentedebasquet.com.ar\/sitio\/2014\/09\/08\/dia-10-museo-del-prado-con-el-alma-morir\/#primaryimage","url":"https:\/\/gentedebasquet.com.ar\/sitio\/wp-content\/uploads\/2014\/09\/dia-10.jpg","contentUrl":"https:\/\/gentedebasquet.com.ar\/sitio\/wp-content\/uploads\/2014\/09\/dia-10.jpg","width":690,"height":319},{"@type":"BreadcrumbList","@id":"https:\/\/gentedebasquet.com.ar\/sitio\/2014\/09\/08\/dia-10-museo-del-prado-con-el-alma-morir\/#breadcrumb","itemListElement":[{"@type":"ListItem","position":1,"name":"Portada","item":"https:\/\/gentedebasquet.com.ar\/sitio\/"},{"@type":"ListItem","position":2,"name":"D\u00eda 10: Museo del Prado \u2013 Con el Alma Morir"}]},{"@type":"WebSite","@id":"https:\/\/gentedebasquet.com.ar\/sitio\/#website","url":"https:\/\/gentedebasquet.com.ar\/sitio\/","name":"Gente de B\u00e1squet","description":"La revista del basquet de Bah\u00eda Blanca","potentialAction":[{"@type":"SearchAction","target":{"@type":"EntryPoint","urlTemplate":"https:\/\/gentedebasquet.com.ar\/sitio\/?s={search_term_string}"},"query-input":{"@type":"PropertyValueSpecification","valueRequired":true,"valueName":"search_term_string"}}],"inLanguage":"es"},{"@type":"Person","@id":"https:\/\/gentedebasquet.com.ar\/sitio\/#\/schema\/person\/ca0b63bbb977369988a7bbbdc519943a","name":"Gente de B\u00e1squet","image":{"@type":"ImageObject","inLanguage":"es","@id":"https:\/\/secure.gravatar.com\/avatar\/7f2c48bdc33b30088f941fb6082e555f2874c98e20cb159d7b92b50eadfce793?s=96&d=mm&r=g","url":"https:\/\/secure.gravatar.com\/avatar\/7f2c48bdc33b30088f941fb6082e555f2874c98e20cb159d7b92b50eadfce793?s=96&d=mm&r=g","contentUrl":"https:\/\/secure.gravatar.com\/avatar\/7f2c48bdc33b30088f941fb6082e555f2874c98e20cb159d7b92b50eadfce793?s=96&d=mm&r=g","caption":"Gente de B\u00e1squet"},"sameAs":["http:\/\/gentedebasquet.com.ar\/sitio"],"url":"https:\/\/gentedebasquet.com.ar\/sitio\/author\/ulises\/"}]}},"_links":{"self":[{"href":"https:\/\/gentedebasquet.com.ar\/sitio\/wp-json\/wp\/v2\/posts\/37763","targetHints":{"allow":["GET"]}}],"collection":[{"href":"https:\/\/gentedebasquet.com.ar\/sitio\/wp-json\/wp\/v2\/posts"}],"about":[{"href":"https:\/\/gentedebasquet.com.ar\/sitio\/wp-json\/wp\/v2\/types\/post"}],"author":[{"embeddable":true,"href":"https:\/\/gentedebasquet.com.ar\/sitio\/wp-json\/wp\/v2\/users\/1"}],"replies":[{"embeddable":true,"href":"https:\/\/gentedebasquet.com.ar\/sitio\/wp-json\/wp\/v2\/comments?post=37763"}],"version-history":[{"count":0,"href":"https:\/\/gentedebasquet.com.ar\/sitio\/wp-json\/wp\/v2\/posts\/37763\/revisions"}],"wp:featuredmedia":[{"embeddable":true,"href":"https:\/\/gentedebasquet.com.ar\/sitio\/wp-json\/wp\/v2\/media\/37764"}],"wp:attachment":[{"href":"https:\/\/gentedebasquet.com.ar\/sitio\/wp-json\/wp\/v2\/media?parent=37763"}],"wp:term":[{"taxonomy":"category","embeddable":true,"href":"https:\/\/gentedebasquet.com.ar\/sitio\/wp-json\/wp\/v2\/categories?post=37763"},{"taxonomy":"post_tag","embeddable":true,"href":"https:\/\/gentedebasquet.com.ar\/sitio\/wp-json\/wp\/v2\/tags?post=37763"}],"curies":[{"name":"wp","href":"https:\/\/api.w.org\/{rel}","templated":true}]}}