{"id":37787,"date":"2014-09-08T23:55:15","date_gmt":"2014-09-09T02:55:15","guid":{"rendered":"http:\/\/www.gentedebasquet.com.ar\/?p=37787"},"modified":"2014-09-08T23:55:15","modified_gmt":"2014-09-09T02:55:15","slug":"mira-quien-volvio","status":"publish","type":"post","link":"https:\/\/gentedebasquet.com.ar\/sitio\/2014\/09\/08\/mira-quien-volvio\/","title":{"rendered":"\u00a1Mir\u00e1 qui\u00e9n volvi\u00f3!"},"content":{"rendered":"<p><strong>Al regreso a la competencia de Federico Sureda, se le sum\u00f3 Mat\u00edas Chaves, de vuelta tras 55 d\u00edas de inactividad por lesi\u00f3n (hombro), para que Bahiense derrote a Estudiantes por 81 a 72. El escolta sum\u00f3 20 puntos (2\/7 3p y 6\/7 2p) y estuvo bien acompa\u00f1ado por Franco Amigo (17, con 4\/7 3p) y Ramiro Heinrich (13 y 12 rebotes). En el Albo, que control\u00f3 la primera parte del juego defendiendo en zona, hubo buenas actuaciones de Federico Radavero (28 con 11\/14 en cancha y 9 tableros) y Sebasti\u00e1n Cinti (16 y 5 asistencias).<\/strong><\/p>\n<p>Una formaci\u00f3n baja, sin pivot definido y con doble base inici\u00f3 el juego por Estudiantes. Pases y cortes adelante, zona arrugada con ajustes atr\u00e1s. La f\u00f3rmula le dio resultados a Guillermo L\u00f3pez en el 1C, cuando el Albo logr\u00f3 controlar el juego interior de Bahiense del Norte y escap\u00f3 18-8. Tal fue la desesperaci\u00f3n del visitante que en 5 minutos se gast\u00f3 un tiempo muerto y cambi\u00f3 a cuatro de los cinco iniciales: Luciano Fern\u00e1ndez, Mat\u00edas Chaves, Andr\u00e9s Barbero y Rodrigo Gerhardt acompa\u00f1aron al resistente Heinrich.<\/p>\n<p>Ya en el 2C se vio un cambio. Luciano Fern\u00e1ndez abri\u00f3 la defensa con un triple y Esteban Silva se sumergi\u00f3 en la zona para anotar por partida doble (22-22). Luego, Amigo con una bomba y una jugada de doble y falta de Mat\u00edas Chaves puso al frente a Bahiense del Norte por primera vez en la noche: 24-25 y, luego, 26-28 a 2m20 del descanso largo. En el cierre, a falta de 1m06, Navallo puso en cancha a Federico Sureda, quien regres\u00f3 a la actividad con la n\u00famero #4 tricolor (complet\u00f3 1m19).<\/p>\n<p>El 3C fue el mejor para la poca gente que se acerc\u00f3 al Casanova. Sebasti\u00e1n Cinti y Federico Radavero se combinaron para darle fluidez al juego del local (16 tantos entre ambos). As\u00ed, el elenco dirigido por Guillermo L\u00f3pez retom\u00f3 el liderazgo: 49-48 a 3m24 del cierre del segmento. Pero lleg\u00f3 el volantazo definitivo. Amigo, y Mat\u00edas Chaves en dos ocasiones consecutivas, anotaron a distancia para que el visitante tome distancia de 8 puntos (49-57).<\/p>\n<p>Ese parcial de 9-0 dej\u00f3 definitivamente a Bahiense al frente en el marcador. Con un buen pasaje de Cleppe y un par de asistencias formidables de Oyhamburo a Radavero, que cort\u00f3 por el eje de cancha, el Albo se mantuvo en juego, pero cada vez con menos tiempo por jugar. Heinrich hizo su aporte en el cierre, Chaves alcanz\u00f3 la veintena de puntos y Bahiense volvi\u00f3 a la victoria, tras una trabajosa noche.<\/p>\n<p>&nbsp;<\/p>\n<h6>Mat\u00edas Chaves anota el doble y recibe la falta<\/h6>\n<p>[vimeo]http:\/\/vimeo.com\/105623659[\/vimeo]<\/p>\n<p>&nbsp;<\/p>\n<h6>Federico Sureda vuelve a la acci\u00f3n: totaliz\u00f3 1m19<\/h6>\n<p>[vimeo]http:\/\/vimeo.com\/105626103[\/vimeo]<\/p>\n<p>&nbsp;<\/p>\n<p><span style=\"text-decoration: underline;\"><em><strong>S\u00edntesis:<\/strong><\/em><\/span><\/p>\n<p><strong>Estudiantes\u00a072:<\/strong>\u00a0Mat\u00edas Oyhamburo 10,\u00a0Tom\u00e1s Scarpaci 3 (x),\u00a0Sebasti\u00e1n Cinti 16 (x),\u00a0Federico Radavero 28 y\u00a0An\u00edbal Buzzo 5 (FI);\u00a0Mart\u00edn Cleppe 10,\u00a0Mat\u00edas Fornetti 0 y\u00a0Bruno Ferrandi 0.\u00a0DT: Guillermo L\u00f3pez.<\/p>\n<p><strong>Bahiense\u00a081:\u00a0<\/strong>Mauro Zalguizuri 13,\u00a0Eesteban Silva 9,\u00a0Franco Amigo 17,\u00a0Franco Pennacchiotti 4 (x) y\u00a0Ramiro Heinrich 13 (FI);\u00a0Mat\u00edas Chaves 20,\u00a0Luciano Fern\u00e1ndez 5,\u00a0Rodrigo Gerhardt 0,\u00a0Andr\u00e9s Barbero 0,\u00a0Federico Sureda 0 y\u00a0Francisco Filippa 0.\u00a0DT: Alejandro Navallo.<\/p>\n<p><strong>Parciales:\u00a0<\/strong>18-10, 29-33 (11-23), 54-61 (25-28) y 72-81 (18-20).<\/p>\n<p><strong><span style=\"font-size: 14px; line-height: 1.5em;\">\u00c1rbitros:\u00a0<\/span><\/strong>Miguel Firpo &#8211; Marjorie Stuardo.<\/p>\n<p><strong>Estadio:\u00a0<\/strong>Osvaldo Casanova (Estudiantes).<\/p>\n<p><a class=\"modalf iframe\" title=\"Planilla\" href=\"https:\/\/docs.google.com\/spreadsheets\/d\/1c3hIS-ZC8NUSjT5ZkYU-OtkBlDckQTF6MOxRpV7rEJM\/pubhtml\" target=\"_blank\" rel=\"noopener\">Ver Planilla<\/a><\/p>\n","protected":false},"excerpt":{"rendered":"<p>Mat\u00edas Chaves fue el goleador de Bahiense (20), en la victoria 81-72 sobre Estudiantes<\/p>\n","protected":false},"author":1,"featured_media":37807,"comment_status":"closed","ping_status":"open","sticky":false,"template":"","format":"standard","meta":{"jnews-multi-image_gallery":[],"jnews_single_post":[],"jnews_primary_category":[],"footnotes":""},"categories":[23,101],"tags":[5,11,51],"class_list":["post-37787","post","type-post","status-publish","format-standard","has-post-thumbnail","hentry","category-primera","category-slide","tag-bahiense-del-norte","tag-estudiantes","tag-matias-chaves"],"yoast_head":"<!-- This site is optimized with the Yoast SEO plugin v27.5 - https:\/\/yoast.com\/product\/yoast-seo-wordpress\/ -->\n<title>\u00a1Mir\u00e1 qui\u00e9n volvi\u00f3! - Gente de B\u00e1squet<\/title>\n<meta name=\"robots\" content=\"index, follow, max-snippet:-1, max-image-preview:large, max-video-preview:-1\" \/>\n<link rel=\"canonical\" href=\"https:\/\/gentedebasquet.com.ar\/sitio\/2014\/09\/08\/mira-quien-volvio\/\" \/>\n<meta property=\"og:locale\" content=\"es_ES\" \/>\n<meta property=\"og:type\" content=\"article\" \/>\n<meta property=\"og:title\" content=\"\u00a1Mir\u00e1 qui\u00e9n volvi\u00f3! - Gente de B\u00e1squet\" \/>\n<meta property=\"og:description\" content=\"Mat\u00edas Chaves fue el goleador de Bahiense (20), en la victoria 81-72 sobre Estudiantes\" \/>\n<meta property=\"og:url\" content=\"https:\/\/gentedebasquet.com.ar\/sitio\/2014\/09\/08\/mira-quien-volvio\/\" \/>\n<meta property=\"og:site_name\" content=\"Gente de B\u00e1squet\" \/>\n<meta property=\"article:published_time\" content=\"2014-09-09T02:55:15+00:00\" \/>\n<meta property=\"og:image\" content=\"https:\/\/gentedebasquet.com.ar\/sitio\/wp-content\/uploads\/2014\/09\/Chaves-Estudiantes-Bahiense.jpg\" \/>\n\t<meta property=\"og:image:width\" content=\"690\" \/>\n\t<meta property=\"og:image:height\" content=\"319\" \/>\n\t<meta property=\"og:image:type\" content=\"image\/jpeg\" \/>\n<meta name=\"author\" content=\"Gente de B\u00e1squet\" \/>\n<meta name=\"twitter:card\" content=\"summary_large_image\" \/>\n<meta name=\"twitter:label1\" content=\"Escrito por\" \/>\n\t<meta name=\"twitter:data1\" content=\"Gente de B\u00e1squet\" \/>\n\t<meta name=\"twitter:label2\" content=\"Tiempo de lectura\" \/>\n\t<meta name=\"twitter:data2\" content=\"3 minutos\" \/>\n<script type=\"application\/ld+json\" class=\"yoast-schema-graph\">{\"@context\":\"https:\\\/\\\/schema.org\",\"@graph\":[{\"@type\":\"Article\",\"@id\":\"https:\\\/\\\/gentedebasquet.com.ar\\\/sitio\\\/2014\\\/09\\\/08\\\/mira-quien-volvio\\\/#article\",\"isPartOf\":{\"@id\":\"https:\\\/\\\/gentedebasquet.com.ar\\\/sitio\\\/2014\\\/09\\\/08\\\/mira-quien-volvio\\\/\"},\"author\":{\"name\":\"Gente de B\u00e1squet\",\"@id\":\"https:\\\/\\\/gentedebasquet.com.ar\\\/sitio\\\/#\\\/schema\\\/person\\\/ca0b63bbb977369988a7bbbdc519943a\"},\"headline\":\"\u00a1Mir\u00e1 qui\u00e9n volvi\u00f3!\",\"datePublished\":\"2014-09-09T02:55:15+00:00\",\"mainEntityOfPage\":{\"@id\":\"https:\\\/\\\/gentedebasquet.com.ar\\\/sitio\\\/2014\\\/09\\\/08\\\/mira-quien-volvio\\\/\"},\"wordCount\":547,\"image\":{\"@id\":\"https:\\\/\\\/gentedebasquet.com.ar\\\/sitio\\\/2014\\\/09\\\/08\\\/mira-quien-volvio\\\/#primaryimage\"},\"thumbnailUrl\":\"https:\\\/\\\/gentedebasquet.com.ar\\\/sitio\\\/wp-content\\\/uploads\\\/2014\\\/09\\\/Chaves-Estudiantes-Bahiense.jpg\",\"keywords\":[\"Bahiense Del Norte\",\"Estudiantes\",\"Mat\u00edas Chaves\"],\"articleSection\":[\"Primera\",\"Slide\"],\"inLanguage\":\"es\"},{\"@type\":\"WebPage\",\"@id\":\"https:\\\/\\\/gentedebasquet.com.ar\\\/sitio\\\/2014\\\/09\\\/08\\\/mira-quien-volvio\\\/\",\"url\":\"https:\\\/\\\/gentedebasquet.com.ar\\\/sitio\\\/2014\\\/09\\\/08\\\/mira-quien-volvio\\\/\",\"name\":\"\u00a1Mir\u00e1 qui\u00e9n volvi\u00f3! - Gente de B\u00e1squet\",\"isPartOf\":{\"@id\":\"https:\\\/\\\/gentedebasquet.com.ar\\\/sitio\\\/#website\"},\"primaryImageOfPage\":{\"@id\":\"https:\\\/\\\/gentedebasquet.com.ar\\\/sitio\\\/2014\\\/09\\\/08\\\/mira-quien-volvio\\\/#primaryimage\"},\"image\":{\"@id\":\"https:\\\/\\\/gentedebasquet.com.ar\\\/sitio\\\/2014\\\/09\\\/08\\\/mira-quien-volvio\\\/#primaryimage\"},\"thumbnailUrl\":\"https:\\\/\\\/gentedebasquet.com.ar\\\/sitio\\\/wp-content\\\/uploads\\\/2014\\\/09\\\/Chaves-Estudiantes-Bahiense.jpg\",\"datePublished\":\"2014-09-09T02:55:15+00:00\",\"author\":{\"@id\":\"https:\\\/\\\/gentedebasquet.com.ar\\\/sitio\\\/#\\\/schema\\\/person\\\/ca0b63bbb977369988a7bbbdc519943a\"},\"breadcrumb\":{\"@id\":\"https:\\\/\\\/gentedebasquet.com.ar\\\/sitio\\\/2014\\\/09\\\/08\\\/mira-quien-volvio\\\/#breadcrumb\"},\"inLanguage\":\"es\",\"potentialAction\":[{\"@type\":\"ReadAction\",\"target\":[\"https:\\\/\\\/gentedebasquet.com.ar\\\/sitio\\\/2014\\\/09\\\/08\\\/mira-quien-volvio\\\/\"]}]},{\"@type\":\"ImageObject\",\"inLanguage\":\"es\",\"@id\":\"https:\\\/\\\/gentedebasquet.com.ar\\\/sitio\\\/2014\\\/09\\\/08\\\/mira-quien-volvio\\\/#primaryimage\",\"url\":\"https:\\\/\\\/gentedebasquet.com.ar\\\/sitio\\\/wp-content\\\/uploads\\\/2014\\\/09\\\/Chaves-Estudiantes-Bahiense.jpg\",\"contentUrl\":\"https:\\\/\\\/gentedebasquet.com.ar\\\/sitio\\\/wp-content\\\/uploads\\\/2014\\\/09\\\/Chaves-Estudiantes-Bahiense.jpg\",\"width\":690,\"height\":319},{\"@type\":\"BreadcrumbList\",\"@id\":\"https:\\\/\\\/gentedebasquet.com.ar\\\/sitio\\\/2014\\\/09\\\/08\\\/mira-quien-volvio\\\/#breadcrumb\",\"itemListElement\":[{\"@type\":\"ListItem\",\"position\":1,\"name\":\"Portada\",\"item\":\"https:\\\/\\\/gentedebasquet.com.ar\\\/sitio\\\/\"},{\"@type\":\"ListItem\",\"position\":2,\"name\":\"\u00a1Mir\u00e1 qui\u00e9n volvi\u00f3!\"}]},{\"@type\":\"WebSite\",\"@id\":\"https:\\\/\\\/gentedebasquet.com.ar\\\/sitio\\\/#website\",\"url\":\"https:\\\/\\\/gentedebasquet.com.ar\\\/sitio\\\/\",\"name\":\"Gente de B\u00e1squet\",\"description\":\"La revista del basquet de Bah\u00eda Blanca\",\"potentialAction\":[{\"@type\":\"SearchAction\",\"target\":{\"@type\":\"EntryPoint\",\"urlTemplate\":\"https:\\\/\\\/gentedebasquet.com.ar\\\/sitio\\\/?s={search_term_string}\"},\"query-input\":{\"@type\":\"PropertyValueSpecification\",\"valueRequired\":true,\"valueName\":\"search_term_string\"}}],\"inLanguage\":\"es\"},{\"@type\":\"Person\",\"@id\":\"https:\\\/\\\/gentedebasquet.com.ar\\\/sitio\\\/#\\\/schema\\\/person\\\/ca0b63bbb977369988a7bbbdc519943a\",\"name\":\"Gente de B\u00e1squet\",\"image\":{\"@type\":\"ImageObject\",\"inLanguage\":\"es\",\"@id\":\"https:\\\/\\\/secure.gravatar.com\\\/avatar\\\/7f2c48bdc33b30088f941fb6082e555f2874c98e20cb159d7b92b50eadfce793?s=96&d=mm&r=g\",\"url\":\"https:\\\/\\\/secure.gravatar.com\\\/avatar\\\/7f2c48bdc33b30088f941fb6082e555f2874c98e20cb159d7b92b50eadfce793?s=96&d=mm&r=g\",\"contentUrl\":\"https:\\\/\\\/secure.gravatar.com\\\/avatar\\\/7f2c48bdc33b30088f941fb6082e555f2874c98e20cb159d7b92b50eadfce793?s=96&d=mm&r=g\",\"caption\":\"Gente de B\u00e1squet\"},\"sameAs\":[\"http:\\\/\\\/gentedebasquet.com.ar\\\/sitio\"],\"url\":\"https:\\\/\\\/gentedebasquet.com.ar\\\/sitio\\\/author\\\/ulises\\\/\"}]}<\/script>\n<!-- \/ Yoast SEO plugin. -->","yoast_head_json":{"title":"\u00a1Mir\u00e1 qui\u00e9n volvi\u00f3! - Gente de B\u00e1squet","robots":{"index":"index","follow":"follow","max-snippet":"max-snippet:-1","max-image-preview":"max-image-preview:large","max-video-preview":"max-video-preview:-1"},"canonical":"https:\/\/gentedebasquet.com.ar\/sitio\/2014\/09\/08\/mira-quien-volvio\/","og_locale":"es_ES","og_type":"article","og_title":"\u00a1Mir\u00e1 qui\u00e9n volvi\u00f3! - Gente de B\u00e1squet","og_description":"Mat\u00edas Chaves fue el goleador de Bahiense (20), en la victoria 81-72 sobre Estudiantes","og_url":"https:\/\/gentedebasquet.com.ar\/sitio\/2014\/09\/08\/mira-quien-volvio\/","og_site_name":"Gente de B\u00e1squet","article_published_time":"2014-09-09T02:55:15+00:00","og_image":[{"width":690,"height":319,"url":"https:\/\/gentedebasquet.com.ar\/sitio\/wp-content\/uploads\/2014\/09\/Chaves-Estudiantes-Bahiense.jpg","type":"image\/jpeg"}],"author":"Gente de B\u00e1squet","twitter_card":"summary_large_image","twitter_misc":{"Escrito por":"Gente de B\u00e1squet","Tiempo de lectura":"3 minutos"},"schema":{"@context":"https:\/\/schema.org","@graph":[{"@type":"Article","@id":"https:\/\/gentedebasquet.com.ar\/sitio\/2014\/09\/08\/mira-quien-volvio\/#article","isPartOf":{"@id":"https:\/\/gentedebasquet.com.ar\/sitio\/2014\/09\/08\/mira-quien-volvio\/"},"author":{"name":"Gente de B\u00e1squet","@id":"https:\/\/gentedebasquet.com.ar\/sitio\/#\/schema\/person\/ca0b63bbb977369988a7bbbdc519943a"},"headline":"\u00a1Mir\u00e1 qui\u00e9n volvi\u00f3!","datePublished":"2014-09-09T02:55:15+00:00","mainEntityOfPage":{"@id":"https:\/\/gentedebasquet.com.ar\/sitio\/2014\/09\/08\/mira-quien-volvio\/"},"wordCount":547,"image":{"@id":"https:\/\/gentedebasquet.com.ar\/sitio\/2014\/09\/08\/mira-quien-volvio\/#primaryimage"},"thumbnailUrl":"https:\/\/gentedebasquet.com.ar\/sitio\/wp-content\/uploads\/2014\/09\/Chaves-Estudiantes-Bahiense.jpg","keywords":["Bahiense Del Norte","Estudiantes","Mat\u00edas Chaves"],"articleSection":["Primera","Slide"],"inLanguage":"es"},{"@type":"WebPage","@id":"https:\/\/gentedebasquet.com.ar\/sitio\/2014\/09\/08\/mira-quien-volvio\/","url":"https:\/\/gentedebasquet.com.ar\/sitio\/2014\/09\/08\/mira-quien-volvio\/","name":"\u00a1Mir\u00e1 qui\u00e9n volvi\u00f3! - Gente de B\u00e1squet","isPartOf":{"@id":"https:\/\/gentedebasquet.com.ar\/sitio\/#website"},"primaryImageOfPage":{"@id":"https:\/\/gentedebasquet.com.ar\/sitio\/2014\/09\/08\/mira-quien-volvio\/#primaryimage"},"image":{"@id":"https:\/\/gentedebasquet.com.ar\/sitio\/2014\/09\/08\/mira-quien-volvio\/#primaryimage"},"thumbnailUrl":"https:\/\/gentedebasquet.com.ar\/sitio\/wp-content\/uploads\/2014\/09\/Chaves-Estudiantes-Bahiense.jpg","datePublished":"2014-09-09T02:55:15+00:00","author":{"@id":"https:\/\/gentedebasquet.com.ar\/sitio\/#\/schema\/person\/ca0b63bbb977369988a7bbbdc519943a"},"breadcrumb":{"@id":"https:\/\/gentedebasquet.com.ar\/sitio\/2014\/09\/08\/mira-quien-volvio\/#breadcrumb"},"inLanguage":"es","potentialAction":[{"@type":"ReadAction","target":["https:\/\/gentedebasquet.com.ar\/sitio\/2014\/09\/08\/mira-quien-volvio\/"]}]},{"@type":"ImageObject","inLanguage":"es","@id":"https:\/\/gentedebasquet.com.ar\/sitio\/2014\/09\/08\/mira-quien-volvio\/#primaryimage","url":"https:\/\/gentedebasquet.com.ar\/sitio\/wp-content\/uploads\/2014\/09\/Chaves-Estudiantes-Bahiense.jpg","contentUrl":"https:\/\/gentedebasquet.com.ar\/sitio\/wp-content\/uploads\/2014\/09\/Chaves-Estudiantes-Bahiense.jpg","width":690,"height":319},{"@type":"BreadcrumbList","@id":"https:\/\/gentedebasquet.com.ar\/sitio\/2014\/09\/08\/mira-quien-volvio\/#breadcrumb","itemListElement":[{"@type":"ListItem","position":1,"name":"Portada","item":"https:\/\/gentedebasquet.com.ar\/sitio\/"},{"@type":"ListItem","position":2,"name":"\u00a1Mir\u00e1 qui\u00e9n volvi\u00f3!"}]},{"@type":"WebSite","@id":"https:\/\/gentedebasquet.com.ar\/sitio\/#website","url":"https:\/\/gentedebasquet.com.ar\/sitio\/","name":"Gente de B\u00e1squet","description":"La revista del basquet de Bah\u00eda Blanca","potentialAction":[{"@type":"SearchAction","target":{"@type":"EntryPoint","urlTemplate":"https:\/\/gentedebasquet.com.ar\/sitio\/?s={search_term_string}"},"query-input":{"@type":"PropertyValueSpecification","valueRequired":true,"valueName":"search_term_string"}}],"inLanguage":"es"},{"@type":"Person","@id":"https:\/\/gentedebasquet.com.ar\/sitio\/#\/schema\/person\/ca0b63bbb977369988a7bbbdc519943a","name":"Gente de B\u00e1squet","image":{"@type":"ImageObject","inLanguage":"es","@id":"https:\/\/secure.gravatar.com\/avatar\/7f2c48bdc33b30088f941fb6082e555f2874c98e20cb159d7b92b50eadfce793?s=96&d=mm&r=g","url":"https:\/\/secure.gravatar.com\/avatar\/7f2c48bdc33b30088f941fb6082e555f2874c98e20cb159d7b92b50eadfce793?s=96&d=mm&r=g","contentUrl":"https:\/\/secure.gravatar.com\/avatar\/7f2c48bdc33b30088f941fb6082e555f2874c98e20cb159d7b92b50eadfce793?s=96&d=mm&r=g","caption":"Gente de B\u00e1squet"},"sameAs":["http:\/\/gentedebasquet.com.ar\/sitio"],"url":"https:\/\/gentedebasquet.com.ar\/sitio\/author\/ulises\/"}]}},"_links":{"self":[{"href":"https:\/\/gentedebasquet.com.ar\/sitio\/wp-json\/wp\/v2\/posts\/37787","targetHints":{"allow":["GET"]}}],"collection":[{"href":"https:\/\/gentedebasquet.com.ar\/sitio\/wp-json\/wp\/v2\/posts"}],"about":[{"href":"https:\/\/gentedebasquet.com.ar\/sitio\/wp-json\/wp\/v2\/types\/post"}],"author":[{"embeddable":true,"href":"https:\/\/gentedebasquet.com.ar\/sitio\/wp-json\/wp\/v2\/users\/1"}],"replies":[{"embeddable":true,"href":"https:\/\/gentedebasquet.com.ar\/sitio\/wp-json\/wp\/v2\/comments?post=37787"}],"version-history":[{"count":0,"href":"https:\/\/gentedebasquet.com.ar\/sitio\/wp-json\/wp\/v2\/posts\/37787\/revisions"}],"wp:featuredmedia":[{"embeddable":true,"href":"https:\/\/gentedebasquet.com.ar\/sitio\/wp-json\/wp\/v2\/media\/37807"}],"wp:attachment":[{"href":"https:\/\/gentedebasquet.com.ar\/sitio\/wp-json\/wp\/v2\/media?parent=37787"}],"wp:term":[{"taxonomy":"category","embeddable":true,"href":"https:\/\/gentedebasquet.com.ar\/sitio\/wp-json\/wp\/v2\/categories?post=37787"},{"taxonomy":"post_tag","embeddable":true,"href":"https:\/\/gentedebasquet.com.ar\/sitio\/wp-json\/wp\/v2\/tags?post=37787"}],"curies":[{"name":"wp","href":"https:\/\/api.w.org\/{rel}","templated":true}]}}