{"id":38057,"date":"2014-09-12T23:30:24","date_gmt":"2014-09-13T02:30:24","guid":{"rendered":"http:\/\/www.gentedebasquet.com.ar\/?p=38057"},"modified":"2014-09-12T23:30:24","modified_gmt":"2014-09-13T02:30:24","slug":"el-que-faltaba-ganar","status":"publish","type":"post","link":"https:\/\/gentedebasquet.com.ar\/sitio\/2014\/09\/12\/el-que-faltaba-ganar\/","title":{"rendered":"El que faltaba ganar"},"content":{"rendered":"<p><strong>La Falda finalmente pudo conocer la victoria en el torneo Oficial, venciendo a Estrella 70 a 63. Con un buen trabajo defensivo y apoy\u00e1ndose en el goleo de Sebasti\u00e1n Ranieri (23, 9\/9 T2) y Manuel Gim\u00e9nez (19 y 7 rebotes) pudo quebrar el encuentro en el tercer cuarto para luego liquidarlo en el \u00faltimo. Mientras que por el elenco visitante sobresalieron Agust\u00edn Bianco (12, 6\/9 T2 y 7 rebotes) y Juan Gabriel Iturralde (12 y 8 rebotes).<\/strong><\/p>\n<p>Estrella marc\u00f3 el ritmo del encuentro desde el comienzo, apostando al juego interior con C\u00e1mara (4) y la picard\u00eda de Iturralde (4); pero comenz\u00f3 a ceder el bal\u00f3n y le otorg\u00f3 la chance de equilibrar el tr\u00e1mite a un La Falda que hab\u00eda comenzado err\u00e1tico pero que poco a poco circul\u00f3 mejor el bal\u00f3n (5 asistencias), encontrando en Gim\u00e9nez y Mallemaci (11 entre ambos) los mejores receptores.<\/p>\n<p>Un r\u00e1pido 7-0 le permiti\u00f3 a visitante tomar una leve distancia en el marcador (32-24) con Bianco otorg\u00e1ndole din\u00e1mica a la ofensiva y Cardone imponiendo presencia cerca del cesto. Aunque el due\u00f1o de casa pas\u00f3 a zona y con la conducci\u00f3n de Ranieri (9, 4\/4 T2) y un triple m\u00e1s que oportuno de Lan, volvi\u00f3 al ruedo con mayor fluidez en su juego y otra actitud.<\/p>\n<p>Con la vuelta de C\u00e1mara, Estrella se mantuvo al frente en el arranque del tercer chico; pero lo que hab\u00eda insinuado en el cuarto anterior, \u201cLafa\u201d lo aceit\u00f3, recost\u00e1ndose en zona pero presionando el traslado y dobl\u00e1ndolo una vez sobrepasada la media cancha. La doble base con Roque y Ranieri le otorg\u00f3 mayor libertad a \u201cSeba\u201d para seguir enfocado con el aro (10, 5\/5 T2) y como si esto fuera poco Gim\u00e9nez (6) volvi\u00f3 a utilizar con inteligencia las opciones que le otorg\u00f3 la ofensiva y Vilouta colabor\u00f3 yendo hacia adentro. En consecuencia, el visitante abus\u00f3 del tiro exterior (0\/7 T3) y con un escenario ideal, el local impuso un parcial de 17-6 para pasar a comandar las acciones.<\/p>\n<p>Los dirigidos por Dobal pasaron a una defensa zonal para controlar los lanzamientos cercanos al cesto pero Gim\u00e9nez (5) estaba en su noche y no pudieron controlarlo; y sumado al aporte de Ranieri y Vilouta, La Falda jug\u00f3 con la ventaja a su favor. Aunque Estrella tambi\u00e9n presion\u00f3 el bal\u00f3n (8 p\u00e9rdidas del local) y con mucha personalidad, Bianco (6) se adue\u00f1\u00f3 de las ofensivas para darle m\u00e1s de un dolor de cabeza al rival; pero la carencia del lanzamiento exterior (1\/17 T3) y del goleo C\u00e1mara (bien controlado por Federico Gonz\u00e1lez) fueron demasiadas ventajas para un equipo que se relam\u00eda por obtener su primer triunfo en el torneo.<\/p>\n<p>&nbsp;<\/p>\n<p>[vimeo]http:\/\/vimeo.com\/106039531[\/vimeo]<\/p>\n<p>&nbsp;<\/p>\n<p><em><span style=\"text-decoration: underline;\">S\u00edntesis: <\/span><\/em><\/p>\n<p><strong>La Falda (70):<\/strong> Facundo Roque 4, Gabriel Fern\u00e1ndez 0, Federico Vilouta 11, Guillermo Mallemaci 5 y Manuel Gim\u00e9nez 19 (F.I.); Sebasti\u00e1n Ranieri 23, Gustavo Lan 3, Federico Gonz\u00e1lez 5 y Joaqu\u00edn Gonz\u00e1lez 0. DT: Sebasti\u00e1n Aleksoski.<\/p>\n<p><strong>Estrella (63): <\/strong>Mauricio Halberg 7, Emiliano Deminicis 6, Nahuel C\u00e1mara 9, Juan Gabriel Iturralde 12 y Franco Cardone 8 (F.I.); Mat\u00edas Specogna 7, Alan Pan 2, Agust\u00edn Bianco 12 y Santiago Quiroga 0. DT: Juan Dobal.<\/p>\n<p><strong>Parciales: <\/strong>15-18, 31-34 (16-16), 54-47 (23-13) y 70-63 (16-16).<\/p>\n<p><strong>\u00c1rbitros: <\/strong>Miguel Firpo y Luciano Rodr\u00edguez.<\/p>\n<p><strong>Estadio: <\/strong>La Falda<strong>.<\/strong><\/p>\n<p><a class=\"modalf iframe\" title=\"Planilla\" href=\"https:\/\/docs.google.com\/spreadsheets\/d\/1PUazI3qgcamKa06FL93oPT_u0urWo6k8cVkp7_23MK4\/pubhtml\" target=\"_blank\" rel=\"noopener\">Ver Planilla<\/a><\/p>\n","protected":false},"excerpt":{"rendered":"<p>La Falda obtuvo su primer triunfo en el Oficial al vencer a Estrella 70 a 63<\/p>\n","protected":false},"author":1,"featured_media":38058,"comment_status":"closed","ping_status":"open","sticky":false,"template":"","format":"standard","meta":{"jnews-multi-image_gallery":[],"jnews_single_post":[],"jnews_primary_category":[],"footnotes":""},"categories":[25,101],"tags":[866,10,897,13,251,203],"class_list":["post-38057","post","type-post","status-publish","format-standard","has-post-thumbnail","hentry","category-segunda","category-slide","tag-agustin-bianco","tag-estrella","tag-juan-gabriel-iturralde","tag-la-falda","tag-manuel-gimenez","tag-sebastian-ranieri"],"yoast_head":"<!-- This site is optimized with the Yoast SEO plugin v27.5 - https:\/\/yoast.com\/product\/yoast-seo-wordpress\/ -->\n<title>El que faltaba ganar - Gente de B\u00e1squet<\/title>\n<meta name=\"robots\" content=\"index, follow, max-snippet:-1, max-image-preview:large, max-video-preview:-1\" \/>\n<link rel=\"canonical\" href=\"https:\/\/gentedebasquet.com.ar\/sitio\/2014\/09\/12\/el-que-faltaba-ganar\/\" \/>\n<meta property=\"og:locale\" content=\"es_ES\" \/>\n<meta property=\"og:type\" content=\"article\" \/>\n<meta property=\"og:title\" content=\"El que faltaba ganar - Gente de B\u00e1squet\" \/>\n<meta property=\"og:description\" content=\"La Falda obtuvo su primer triunfo en el Oficial al vencer a Estrella 70 a 63\" \/>\n<meta property=\"og:url\" content=\"https:\/\/gentedebasquet.com.ar\/sitio\/2014\/09\/12\/el-que-faltaba-ganar\/\" \/>\n<meta property=\"og:site_name\" content=\"Gente de B\u00e1squet\" \/>\n<meta property=\"article:published_time\" content=\"2014-09-13T02:30:24+00:00\" \/>\n<meta property=\"og:image\" content=\"https:\/\/gentedebasquet.com.ar\/sitio\/wp-content\/uploads\/2014\/09\/Manuel-Gimenez.jpg\" \/>\n\t<meta property=\"og:image:width\" content=\"690\" \/>\n\t<meta property=\"og:image:height\" content=\"391\" \/>\n\t<meta property=\"og:image:type\" content=\"image\/jpeg\" \/>\n<meta name=\"author\" content=\"Gente de B\u00e1squet\" \/>\n<meta name=\"twitter:card\" content=\"summary_large_image\" \/>\n<meta name=\"twitter:label1\" content=\"Escrito por\" \/>\n\t<meta name=\"twitter:data1\" content=\"Gente de B\u00e1squet\" \/>\n\t<meta name=\"twitter:label2\" content=\"Tiempo de lectura\" \/>\n\t<meta name=\"twitter:data2\" content=\"3 minutos\" \/>\n<script type=\"application\/ld+json\" class=\"yoast-schema-graph\">{\"@context\":\"https:\\\/\\\/schema.org\",\"@graph\":[{\"@type\":\"Article\",\"@id\":\"https:\\\/\\\/gentedebasquet.com.ar\\\/sitio\\\/2014\\\/09\\\/12\\\/el-que-faltaba-ganar\\\/#article\",\"isPartOf\":{\"@id\":\"https:\\\/\\\/gentedebasquet.com.ar\\\/sitio\\\/2014\\\/09\\\/12\\\/el-que-faltaba-ganar\\\/\"},\"author\":{\"name\":\"Gente de B\u00e1squet\",\"@id\":\"https:\\\/\\\/gentedebasquet.com.ar\\\/sitio\\\/#\\\/schema\\\/person\\\/ca0b63bbb977369988a7bbbdc519943a\"},\"headline\":\"El que faltaba ganar\",\"datePublished\":\"2014-09-13T02:30:24+00:00\",\"mainEntityOfPage\":{\"@id\":\"https:\\\/\\\/gentedebasquet.com.ar\\\/sitio\\\/2014\\\/09\\\/12\\\/el-que-faltaba-ganar\\\/\"},\"wordCount\":542,\"image\":{\"@id\":\"https:\\\/\\\/gentedebasquet.com.ar\\\/sitio\\\/2014\\\/09\\\/12\\\/el-que-faltaba-ganar\\\/#primaryimage\"},\"thumbnailUrl\":\"https:\\\/\\\/gentedebasquet.com.ar\\\/sitio\\\/wp-content\\\/uploads\\\/2014\\\/09\\\/Manuel-Gimenez.jpg\",\"keywords\":[\"Agust\u00edn Bianco\",\"Estrella\",\"Juan Gabriel Iturralde\",\"La Falda\",\"Manuel Gim\u00e9nez\",\"Sebasti\u00e1n Ranieri\"],\"articleSection\":[\"Segunda\",\"Slide\"],\"inLanguage\":\"es\"},{\"@type\":\"WebPage\",\"@id\":\"https:\\\/\\\/gentedebasquet.com.ar\\\/sitio\\\/2014\\\/09\\\/12\\\/el-que-faltaba-ganar\\\/\",\"url\":\"https:\\\/\\\/gentedebasquet.com.ar\\\/sitio\\\/2014\\\/09\\\/12\\\/el-que-faltaba-ganar\\\/\",\"name\":\"El que faltaba ganar - Gente de B\u00e1squet\",\"isPartOf\":{\"@id\":\"https:\\\/\\\/gentedebasquet.com.ar\\\/sitio\\\/#website\"},\"primaryImageOfPage\":{\"@id\":\"https:\\\/\\\/gentedebasquet.com.ar\\\/sitio\\\/2014\\\/09\\\/12\\\/el-que-faltaba-ganar\\\/#primaryimage\"},\"image\":{\"@id\":\"https:\\\/\\\/gentedebasquet.com.ar\\\/sitio\\\/2014\\\/09\\\/12\\\/el-que-faltaba-ganar\\\/#primaryimage\"},\"thumbnailUrl\":\"https:\\\/\\\/gentedebasquet.com.ar\\\/sitio\\\/wp-content\\\/uploads\\\/2014\\\/09\\\/Manuel-Gimenez.jpg\",\"datePublished\":\"2014-09-13T02:30:24+00:00\",\"author\":{\"@id\":\"https:\\\/\\\/gentedebasquet.com.ar\\\/sitio\\\/#\\\/schema\\\/person\\\/ca0b63bbb977369988a7bbbdc519943a\"},\"breadcrumb\":{\"@id\":\"https:\\\/\\\/gentedebasquet.com.ar\\\/sitio\\\/2014\\\/09\\\/12\\\/el-que-faltaba-ganar\\\/#breadcrumb\"},\"inLanguage\":\"es\",\"potentialAction\":[{\"@type\":\"ReadAction\",\"target\":[\"https:\\\/\\\/gentedebasquet.com.ar\\\/sitio\\\/2014\\\/09\\\/12\\\/el-que-faltaba-ganar\\\/\"]}]},{\"@type\":\"ImageObject\",\"inLanguage\":\"es\",\"@id\":\"https:\\\/\\\/gentedebasquet.com.ar\\\/sitio\\\/2014\\\/09\\\/12\\\/el-que-faltaba-ganar\\\/#primaryimage\",\"url\":\"https:\\\/\\\/gentedebasquet.com.ar\\\/sitio\\\/wp-content\\\/uploads\\\/2014\\\/09\\\/Manuel-Gimenez.jpg\",\"contentUrl\":\"https:\\\/\\\/gentedebasquet.com.ar\\\/sitio\\\/wp-content\\\/uploads\\\/2014\\\/09\\\/Manuel-Gimenez.jpg\",\"width\":690,\"height\":391},{\"@type\":\"BreadcrumbList\",\"@id\":\"https:\\\/\\\/gentedebasquet.com.ar\\\/sitio\\\/2014\\\/09\\\/12\\\/el-que-faltaba-ganar\\\/#breadcrumb\",\"itemListElement\":[{\"@type\":\"ListItem\",\"position\":1,\"name\":\"Portada\",\"item\":\"https:\\\/\\\/gentedebasquet.com.ar\\\/sitio\\\/\"},{\"@type\":\"ListItem\",\"position\":2,\"name\":\"El que faltaba ganar\"}]},{\"@type\":\"WebSite\",\"@id\":\"https:\\\/\\\/gentedebasquet.com.ar\\\/sitio\\\/#website\",\"url\":\"https:\\\/\\\/gentedebasquet.com.ar\\\/sitio\\\/\",\"name\":\"Gente de B\u00e1squet\",\"description\":\"La revista del basquet de Bah\u00eda Blanca\",\"potentialAction\":[{\"@type\":\"SearchAction\",\"target\":{\"@type\":\"EntryPoint\",\"urlTemplate\":\"https:\\\/\\\/gentedebasquet.com.ar\\\/sitio\\\/?s={search_term_string}\"},\"query-input\":{\"@type\":\"PropertyValueSpecification\",\"valueRequired\":true,\"valueName\":\"search_term_string\"}}],\"inLanguage\":\"es\"},{\"@type\":\"Person\",\"@id\":\"https:\\\/\\\/gentedebasquet.com.ar\\\/sitio\\\/#\\\/schema\\\/person\\\/ca0b63bbb977369988a7bbbdc519943a\",\"name\":\"Gente de B\u00e1squet\",\"image\":{\"@type\":\"ImageObject\",\"inLanguage\":\"es\",\"@id\":\"https:\\\/\\\/secure.gravatar.com\\\/avatar\\\/7f2c48bdc33b30088f941fb6082e555f2874c98e20cb159d7b92b50eadfce793?s=96&d=mm&r=g\",\"url\":\"https:\\\/\\\/secure.gravatar.com\\\/avatar\\\/7f2c48bdc33b30088f941fb6082e555f2874c98e20cb159d7b92b50eadfce793?s=96&d=mm&r=g\",\"contentUrl\":\"https:\\\/\\\/secure.gravatar.com\\\/avatar\\\/7f2c48bdc33b30088f941fb6082e555f2874c98e20cb159d7b92b50eadfce793?s=96&d=mm&r=g\",\"caption\":\"Gente de B\u00e1squet\"},\"sameAs\":[\"http:\\\/\\\/gentedebasquet.com.ar\\\/sitio\"],\"url\":\"https:\\\/\\\/gentedebasquet.com.ar\\\/sitio\\\/author\\\/ulises\\\/\"}]}<\/script>\n<!-- \/ Yoast SEO plugin. -->","yoast_head_json":{"title":"El que faltaba ganar - Gente de B\u00e1squet","robots":{"index":"index","follow":"follow","max-snippet":"max-snippet:-1","max-image-preview":"max-image-preview:large","max-video-preview":"max-video-preview:-1"},"canonical":"https:\/\/gentedebasquet.com.ar\/sitio\/2014\/09\/12\/el-que-faltaba-ganar\/","og_locale":"es_ES","og_type":"article","og_title":"El que faltaba ganar - Gente de B\u00e1squet","og_description":"La Falda obtuvo su primer triunfo en el Oficial al vencer a Estrella 70 a 63","og_url":"https:\/\/gentedebasquet.com.ar\/sitio\/2014\/09\/12\/el-que-faltaba-ganar\/","og_site_name":"Gente de B\u00e1squet","article_published_time":"2014-09-13T02:30:24+00:00","og_image":[{"width":690,"height":391,"url":"https:\/\/gentedebasquet.com.ar\/sitio\/wp-content\/uploads\/2014\/09\/Manuel-Gimenez.jpg","type":"image\/jpeg"}],"author":"Gente de B\u00e1squet","twitter_card":"summary_large_image","twitter_misc":{"Escrito por":"Gente de B\u00e1squet","Tiempo de lectura":"3 minutos"},"schema":{"@context":"https:\/\/schema.org","@graph":[{"@type":"Article","@id":"https:\/\/gentedebasquet.com.ar\/sitio\/2014\/09\/12\/el-que-faltaba-ganar\/#article","isPartOf":{"@id":"https:\/\/gentedebasquet.com.ar\/sitio\/2014\/09\/12\/el-que-faltaba-ganar\/"},"author":{"name":"Gente de B\u00e1squet","@id":"https:\/\/gentedebasquet.com.ar\/sitio\/#\/schema\/person\/ca0b63bbb977369988a7bbbdc519943a"},"headline":"El que faltaba ganar","datePublished":"2014-09-13T02:30:24+00:00","mainEntityOfPage":{"@id":"https:\/\/gentedebasquet.com.ar\/sitio\/2014\/09\/12\/el-que-faltaba-ganar\/"},"wordCount":542,"image":{"@id":"https:\/\/gentedebasquet.com.ar\/sitio\/2014\/09\/12\/el-que-faltaba-ganar\/#primaryimage"},"thumbnailUrl":"https:\/\/gentedebasquet.com.ar\/sitio\/wp-content\/uploads\/2014\/09\/Manuel-Gimenez.jpg","keywords":["Agust\u00edn Bianco","Estrella","Juan Gabriel Iturralde","La Falda","Manuel Gim\u00e9nez","Sebasti\u00e1n Ranieri"],"articleSection":["Segunda","Slide"],"inLanguage":"es"},{"@type":"WebPage","@id":"https:\/\/gentedebasquet.com.ar\/sitio\/2014\/09\/12\/el-que-faltaba-ganar\/","url":"https:\/\/gentedebasquet.com.ar\/sitio\/2014\/09\/12\/el-que-faltaba-ganar\/","name":"El que faltaba ganar - Gente de B\u00e1squet","isPartOf":{"@id":"https:\/\/gentedebasquet.com.ar\/sitio\/#website"},"primaryImageOfPage":{"@id":"https:\/\/gentedebasquet.com.ar\/sitio\/2014\/09\/12\/el-que-faltaba-ganar\/#primaryimage"},"image":{"@id":"https:\/\/gentedebasquet.com.ar\/sitio\/2014\/09\/12\/el-que-faltaba-ganar\/#primaryimage"},"thumbnailUrl":"https:\/\/gentedebasquet.com.ar\/sitio\/wp-content\/uploads\/2014\/09\/Manuel-Gimenez.jpg","datePublished":"2014-09-13T02:30:24+00:00","author":{"@id":"https:\/\/gentedebasquet.com.ar\/sitio\/#\/schema\/person\/ca0b63bbb977369988a7bbbdc519943a"},"breadcrumb":{"@id":"https:\/\/gentedebasquet.com.ar\/sitio\/2014\/09\/12\/el-que-faltaba-ganar\/#breadcrumb"},"inLanguage":"es","potentialAction":[{"@type":"ReadAction","target":["https:\/\/gentedebasquet.com.ar\/sitio\/2014\/09\/12\/el-que-faltaba-ganar\/"]}]},{"@type":"ImageObject","inLanguage":"es","@id":"https:\/\/gentedebasquet.com.ar\/sitio\/2014\/09\/12\/el-que-faltaba-ganar\/#primaryimage","url":"https:\/\/gentedebasquet.com.ar\/sitio\/wp-content\/uploads\/2014\/09\/Manuel-Gimenez.jpg","contentUrl":"https:\/\/gentedebasquet.com.ar\/sitio\/wp-content\/uploads\/2014\/09\/Manuel-Gimenez.jpg","width":690,"height":391},{"@type":"BreadcrumbList","@id":"https:\/\/gentedebasquet.com.ar\/sitio\/2014\/09\/12\/el-que-faltaba-ganar\/#breadcrumb","itemListElement":[{"@type":"ListItem","position":1,"name":"Portada","item":"https:\/\/gentedebasquet.com.ar\/sitio\/"},{"@type":"ListItem","position":2,"name":"El que faltaba ganar"}]},{"@type":"WebSite","@id":"https:\/\/gentedebasquet.com.ar\/sitio\/#website","url":"https:\/\/gentedebasquet.com.ar\/sitio\/","name":"Gente de B\u00e1squet","description":"La revista del basquet de Bah\u00eda Blanca","potentialAction":[{"@type":"SearchAction","target":{"@type":"EntryPoint","urlTemplate":"https:\/\/gentedebasquet.com.ar\/sitio\/?s={search_term_string}"},"query-input":{"@type":"PropertyValueSpecification","valueRequired":true,"valueName":"search_term_string"}}],"inLanguage":"es"},{"@type":"Person","@id":"https:\/\/gentedebasquet.com.ar\/sitio\/#\/schema\/person\/ca0b63bbb977369988a7bbbdc519943a","name":"Gente de B\u00e1squet","image":{"@type":"ImageObject","inLanguage":"es","@id":"https:\/\/secure.gravatar.com\/avatar\/7f2c48bdc33b30088f941fb6082e555f2874c98e20cb159d7b92b50eadfce793?s=96&d=mm&r=g","url":"https:\/\/secure.gravatar.com\/avatar\/7f2c48bdc33b30088f941fb6082e555f2874c98e20cb159d7b92b50eadfce793?s=96&d=mm&r=g","contentUrl":"https:\/\/secure.gravatar.com\/avatar\/7f2c48bdc33b30088f941fb6082e555f2874c98e20cb159d7b92b50eadfce793?s=96&d=mm&r=g","caption":"Gente de B\u00e1squet"},"sameAs":["http:\/\/gentedebasquet.com.ar\/sitio"],"url":"https:\/\/gentedebasquet.com.ar\/sitio\/author\/ulises\/"}]}},"_links":{"self":[{"href":"https:\/\/gentedebasquet.com.ar\/sitio\/wp-json\/wp\/v2\/posts\/38057","targetHints":{"allow":["GET"]}}],"collection":[{"href":"https:\/\/gentedebasquet.com.ar\/sitio\/wp-json\/wp\/v2\/posts"}],"about":[{"href":"https:\/\/gentedebasquet.com.ar\/sitio\/wp-json\/wp\/v2\/types\/post"}],"author":[{"embeddable":true,"href":"https:\/\/gentedebasquet.com.ar\/sitio\/wp-json\/wp\/v2\/users\/1"}],"replies":[{"embeddable":true,"href":"https:\/\/gentedebasquet.com.ar\/sitio\/wp-json\/wp\/v2\/comments?post=38057"}],"version-history":[{"count":0,"href":"https:\/\/gentedebasquet.com.ar\/sitio\/wp-json\/wp\/v2\/posts\/38057\/revisions"}],"wp:featuredmedia":[{"embeddable":true,"href":"https:\/\/gentedebasquet.com.ar\/sitio\/wp-json\/wp\/v2\/media\/38058"}],"wp:attachment":[{"href":"https:\/\/gentedebasquet.com.ar\/sitio\/wp-json\/wp\/v2\/media?parent=38057"}],"wp:term":[{"taxonomy":"category","embeddable":true,"href":"https:\/\/gentedebasquet.com.ar\/sitio\/wp-json\/wp\/v2\/categories?post=38057"},{"taxonomy":"post_tag","embeddable":true,"href":"https:\/\/gentedebasquet.com.ar\/sitio\/wp-json\/wp\/v2\/tags?post=38057"}],"curies":[{"name":"wp","href":"https:\/\/api.w.org\/{rel}","templated":true}]}}