{"id":38120,"date":"2014-09-14T23:43:15","date_gmt":"2014-09-15T02:43:15","guid":{"rendered":"http:\/\/www.gentedebasquet.com.ar\/?p=38120"},"modified":"2014-09-14T23:43:15","modified_gmt":"2014-09-15T02:43:15","slug":"el-estilista","status":"publish","type":"post","link":"https:\/\/gentedebasquet.com.ar\/sitio\/2014\/09\/14\/el-estilista\/","title":{"rendered":"El estilista"},"content":{"rendered":"<p><b>Nueve de Julio obtuvo por 89-80 un partido clave por entrar a los playoffs por el t\u00edtulo. Necesit\u00f3 de un suplementario (igualaron en 71) porque Badano fall\u00f3 T3 de media cancha sobre chicharra. Justamente Gonzalo (18+7 reb y 6 as), Dottori (19, 6\/13 t2 y 9 reb) y Z\u00e1rate (18, ver aparte) fueron las figuras del triunfador. En Olimpo, sin Scales ni S\u00e1nchez (cadera), hubo 28 de Germ\u00e1n (11\/19 t2 aunque 7 p\u00e9rdidas), 23 de Victoria (6 per), 16 de Gast\u00f3n y 9 puntos y 10 rebotes de Arens.<\/b><\/p>\n<p>En 3m de iniciado el juego, Olimpo ganaba 8-0, con Germ\u00e1n Ressia marcando el camino (3\/5 t2), mientras \u201c9\u201d arrancaba err\u00e1tico (0\/8 tc) los primeros 4:30 cuando el local iba 10-2 al frente. Despu\u00e9s la visita ajust\u00f3 la defensa, para en ataque forzar con Dottori, m\u00e1s la primera \u201cbomba\u201d de Badano (10-7). Luego el menor de los hermanos aurinegros factur\u00f3 en la l\u00ednea (3\/4) las infracciones recibidas, para que mas tarde encuentre en Victoria (10, 2\/3 t3) un socio ideal en ataque. La visita equipar\u00f3 con la talla de Z\u00e1rate (4 + 4 reb) y Villoldo (4), mas libres de Dottori (5), qued\u00f3 abajo 23-18.<\/p>\n<p>Tras 3:15 parejos e inefectivos para ambos equipos, 9 de Julio desnivel\u00f3 con un parcial de 10-0 para pasar al frente (32-27) promediando el cuarto, cuando Badano (5) y el juvenil Mat\u00edas L\u00f3pez (8, 2\/4 t3) abrieron el aro a distancia (4\/8) para que Allende detenga el reloj porque Olimpo estaba ineficaz (2\/7 tc) y el rival obten\u00eda el rebote (13-7) haciendo pesar las bajas de Scales y S\u00e1nchez. Gast\u00f3n (8) entendi\u00f3 el mensaje y clav\u00f3 triple al regreso, pero jugadas mas tarde, L\u00f3pez nuevamente le daba luz de cinco (37-32) a los de Rold\u00e1n. Aunque el \u201cpibe\u201d pec\u00f3 la inexperiencia e hizo 4 faltas (una antideportiva a Gast\u00f3n) en pocos minutos y tuvo que descansar. Germ\u00e1n tuvo su momento y rompiendo (6, 3\/5 t2) le dio m\u00ednima a Olimpo 43-42 al descanso largo.<\/p>\n<p>El tercer cuarto fue muy parejo y golpe a golpe, sobre todo en los primeros 7m. Olimpo basado en los hermanos; Gast\u00f3n (6) meti\u00f3 un triple y un doble mas bonus para desnivelar dos veces y Germ\u00e1n (4) meti\u00f3 la \u00faltima de su equipo en el cuarto (56 iguales a 3m). Por su parte, \u201c9\u201d sac\u00f3 pecho con Dottori (6) con su habitual decisi\u00f3n, Z\u00e1rate (4 + 4 reb + 2 tapas) polifuncional y, Badano (8) destrab\u00f3 la paridad con dos triplazos para que la visita se vaya a los \u00faltimos 10 regulares 64-56 arriba.<\/p>\n<p>Los primeros 3m fueron de Olimpo: 6-0 (3\/3 tc) con Victoria (4) y Germ\u00e1n penetrando, Roldan pidi\u00f3 tiempo. Luego \u201cBocha\u201d contragolpe\u00f3\u00a0 y entre Z\u00e1rate y Agust\u00edn, Nueve de Julio iba arriba promediando el segmento 67-64. Entre los nervios de un juego trabado y la ansiedad de una pelota que no ingresaba en el aro (4\/8 Olimpo y 1\/7 Nueve), el partido se torn\u00f3 \u00e1spero y en medio de ello una dura falta de Germ\u00e1n sobre Spikerm\u00e1n, que a \u201cSpiki\u201d no le gust\u00f3 y ambos se pusieron cara a cara, situaci\u00f3n que Scheffer calm\u00f3 con doble t\u00e9cnica). Tras cart\u00f3n, la quinta personal de L\u00f3pez, con el local ya en penalizaci\u00f3n, Badano penetr\u00f3 y le dio 4 de distancia (69-65 a 1:43), aunque Victoria de a 45\u00b0 reduc\u00eda a uno (68-69 a 1:31). Luego fallar\u00eda Badano a distancia, Germ\u00e1n igual\u00f3 con (1\/2) libres, pero al fallar el segundo intento, Gim\u00e9nez se qued\u00f3 con el ofensivo y en esa posesi\u00f3n Germ\u00e1n a media distancia daba ventaja de dos (71-69 a 28\u201d 8\/10) como se puede observar en el video.<\/p>\n<p>Tras el minuto de Rold\u00e1n para lograr el empate, llega una penetraci\u00f3n de Spikerman que iguala en 71 (a 16\u201d 8\/10, video). Y por \u00faltimo Z\u00e1rate le tapa el tiro al base de Olimpo, la bola cae en manos de Badano, qui\u00e9n falla desde mitad de cancha.<\/p>\n<p>Ya en el suplementario, 9 de Julio fue mucho mas tranquilo, marc\u00f3 el camino y supo manejar la diferencia. Con un parcial de 10-0 en 3m (83-73 a 1:00), via Dottori (5, un triple), Villoldo (5, un triple), Z\u00e1rate (6, 3\/3 t2) en el goleo y ante los yerros y las p\u00e9rdidas de Germ\u00e1n (3) y de Gim\u00e9nez (2), principalmente, los de Rold\u00e1n se llevaron 18-9 el \u201csuple\u201d y un partido important\u00edsimo de cara a esos primeros dos puestos de la A2 que deposita dos plazas a Playoff por el t\u00edtulo.<\/p>\n<p>&nbsp;<\/p>\n<h6><strong>Germ\u00e1n Ressia: 71-69 a 28s8<\/strong><\/h6>\n<p>[vimeo]http:\/\/vimeo.com\/106139679[\/vimeo]<\/p>\n<h1 itemprop=\"name\"><\/h1>\n<h6><strong>Spikerman igual\u00f3 en 71 a 16s8<\/strong><\/h6>\n<p>[vimeo]http:\/\/vimeo.com\/106139680[\/vimeo]<\/p>\n<p>&nbsp;<\/p>\n<h6><strong>Z\u00e1rate tap\u00f3 a Germ\u00e1n Ressia y Badano fall\u00f3 el triple<\/strong><\/h6>\n<p>[vimeo]http:\/\/vimeo.com\/106139681[\/vimeo]<\/p>\n<p>&nbsp;<\/p>\n<p><em><b><span style=\"text-decoration: underline;\">S\u00edntesis: <\/span><\/b><\/em><\/p>\n<p><strong>Olimpo 80 (71):<\/strong>\u00a0Germ\u00e1n Ressia 28, Emilio Gim\u00e9nez 4, Facundo Arens 9, Marcos Fern\u00e1ndez y Cristian Victoria 23 (FI);\u00a0Gast\u00f3n Ressia 16 y Lahuel Silva 0. DT: Daniel Allende.<\/p>\n<p><strong>9 de Julio 89 (71):\u00a0<\/strong>Gonzalo Badano 18, Gonzalo Spikerman 10 (X), Agust\u00edn Dottori 19, Mart\u00edn Villoldo 14 y Alexis Z\u00e1rate 18 (FI). Mat\u00edas L\u00f3pez 8 (X), Juan Ignacio Blasco 2 y Milton Ruesga 0. DT: Emiliano Rold\u00e1n.<\/p>\n<p><strong>Parciales: <\/strong>2-18, 43-42 (20-24), 56-64 (13-22) y 71-71 (15-7).<\/p>\n<p><b>Suplementario: <\/b>9-18 (80-89).<\/p>\n<p><strong>\u00c1rbitros: <\/strong>Jorge Scheffer \u2013 Mat\u00edas Garate.<\/p>\n<p><strong>Estadio:<\/strong>\u00a0Norberto Tom\u00e1s (Olimpo).<\/p>\n<p><a class=\"modalf iframe\" title=\"Planilla\" href=\"https:\/\/docs.google.com\/spreadsheets\/d\/1r7A4bnfw2n2HevRjZGV_5j0MpbuJbZyUXPSweBwCvYU\/pubhtml\" target=\"_blank\" rel=\"noopener\">Ver Planilla<\/a><\/p>\n","protected":false},"excerpt":{"rendered":"<p>En TS, 9 de Julio venci\u00f3 a Olimpo 89-80 (71), con Alexis Z\u00e1rate (18+15 reb) como figura<\/p>\n","protected":false},"author":1,"featured_media":38126,"comment_status":"closed","ping_status":"open","sticky":false,"template":"","format":"standard","meta":{"jnews-multi-image_gallery":[],"jnews_single_post":[],"jnews_primary_category":[],"footnotes":""},"categories":[23,101],"tags":[2,241,291,760,284,327,16],"class_list":["post-38120","post","type-post","status-publish","format-standard","has-post-thumbnail","hentry","category-primera","category-slide","tag-9dejulio","tag-agustin-dottori","tag-alexis-zarate","tag-cristian-victoria","tag-german-ressia","tag-gonzalo-badano","tag-olimpo"],"yoast_head":"<!-- This site is optimized with the Yoast SEO plugin v27.5 - https:\/\/yoast.com\/product\/yoast-seo-wordpress\/ -->\n<title>El estilista - Gente de B\u00e1squet<\/title>\n<meta name=\"robots\" content=\"index, follow, max-snippet:-1, max-image-preview:large, max-video-preview:-1\" \/>\n<link rel=\"canonical\" href=\"http:\/\/gentedebasquet.com.ar\/sitio\/2014\/09\/14\/el-estilista\/\" \/>\n<meta property=\"og:locale\" content=\"es_ES\" \/>\n<meta property=\"og:type\" content=\"article\" \/>\n<meta property=\"og:title\" content=\"El estilista - Gente de B\u00e1squet\" \/>\n<meta property=\"og:description\" content=\"En TS, 9 de Julio venci\u00f3 a Olimpo 89-80 (71), con Alexis Z\u00e1rate (18+15 reb) como figura\" \/>\n<meta property=\"og:url\" content=\"http:\/\/gentedebasquet.com.ar\/sitio\/2014\/09\/14\/el-estilista\/\" \/>\n<meta property=\"og:site_name\" content=\"Gente de B\u00e1squet\" \/>\n<meta property=\"article:published_time\" content=\"2014-09-15T02:43:15+00:00\" \/>\n<meta property=\"og:image\" content=\"http:\/\/gentedebasquet.com.ar\/sitio\/wp-content\/uploads\/2014\/09\/spikerman-vs-oli.jpg\" \/>\n\t<meta property=\"og:image:width\" content=\"690\" \/>\n\t<meta property=\"og:image:height\" content=\"319\" \/>\n\t<meta property=\"og:image:type\" content=\"image\/jpeg\" \/>\n<meta name=\"author\" content=\"Gente de B\u00e1squet\" \/>\n<meta name=\"twitter:card\" content=\"summary_large_image\" \/>\n<meta name=\"twitter:label1\" content=\"Escrito por\" \/>\n\t<meta name=\"twitter:data1\" content=\"Gente de B\u00e1squet\" \/>\n\t<meta name=\"twitter:label2\" content=\"Tiempo de lectura\" \/>\n\t<meta name=\"twitter:data2\" content=\"4 minutos\" \/>\n<script type=\"application\/ld+json\" class=\"yoast-schema-graph\">{\"@context\":\"https:\\\/\\\/schema.org\",\"@graph\":[{\"@type\":\"Article\",\"@id\":\"http:\\\/\\\/gentedebasquet.com.ar\\\/sitio\\\/2014\\\/09\\\/14\\\/el-estilista\\\/#article\",\"isPartOf\":{\"@id\":\"http:\\\/\\\/gentedebasquet.com.ar\\\/sitio\\\/2014\\\/09\\\/14\\\/el-estilista\\\/\"},\"author\":{\"name\":\"Gente de B\u00e1squet\",\"@id\":\"https:\\\/\\\/gentedebasquet.com.ar\\\/sitio\\\/#\\\/schema\\\/person\\\/ca0b63bbb977369988a7bbbdc519943a\"},\"headline\":\"El estilista\",\"datePublished\":\"2014-09-15T02:43:15+00:00\",\"mainEntityOfPage\":{\"@id\":\"http:\\\/\\\/gentedebasquet.com.ar\\\/sitio\\\/2014\\\/09\\\/14\\\/el-estilista\\\/\"},\"wordCount\":846,\"image\":{\"@id\":\"http:\\\/\\\/gentedebasquet.com.ar\\\/sitio\\\/2014\\\/09\\\/14\\\/el-estilista\\\/#primaryimage\"},\"thumbnailUrl\":\"https:\\\/\\\/gentedebasquet.com.ar\\\/sitio\\\/wp-content\\\/uploads\\\/2014\\\/09\\\/spikerman-vs-oli.jpg\",\"keywords\":[\"9 de Julio\",\"Agust\u00edn Dottori\",\"Alexis Zarate\",\"Cristian Victoria\",\"Germ\u00e1n Ressia\",\"Gonzalo Badano\",\"Ol\u00edmpo\"],\"articleSection\":[\"Primera\",\"Slide\"],\"inLanguage\":\"es\"},{\"@type\":\"WebPage\",\"@id\":\"http:\\\/\\\/gentedebasquet.com.ar\\\/sitio\\\/2014\\\/09\\\/14\\\/el-estilista\\\/\",\"url\":\"http:\\\/\\\/gentedebasquet.com.ar\\\/sitio\\\/2014\\\/09\\\/14\\\/el-estilista\\\/\",\"name\":\"El estilista - Gente de B\u00e1squet\",\"isPartOf\":{\"@id\":\"https:\\\/\\\/gentedebasquet.com.ar\\\/sitio\\\/#website\"},\"primaryImageOfPage\":{\"@id\":\"http:\\\/\\\/gentedebasquet.com.ar\\\/sitio\\\/2014\\\/09\\\/14\\\/el-estilista\\\/#primaryimage\"},\"image\":{\"@id\":\"http:\\\/\\\/gentedebasquet.com.ar\\\/sitio\\\/2014\\\/09\\\/14\\\/el-estilista\\\/#primaryimage\"},\"thumbnailUrl\":\"https:\\\/\\\/gentedebasquet.com.ar\\\/sitio\\\/wp-content\\\/uploads\\\/2014\\\/09\\\/spikerman-vs-oli.jpg\",\"datePublished\":\"2014-09-15T02:43:15+00:00\",\"author\":{\"@id\":\"https:\\\/\\\/gentedebasquet.com.ar\\\/sitio\\\/#\\\/schema\\\/person\\\/ca0b63bbb977369988a7bbbdc519943a\"},\"breadcrumb\":{\"@id\":\"http:\\\/\\\/gentedebasquet.com.ar\\\/sitio\\\/2014\\\/09\\\/14\\\/el-estilista\\\/#breadcrumb\"},\"inLanguage\":\"es\",\"potentialAction\":[{\"@type\":\"ReadAction\",\"target\":[\"http:\\\/\\\/gentedebasquet.com.ar\\\/sitio\\\/2014\\\/09\\\/14\\\/el-estilista\\\/\"]}]},{\"@type\":\"ImageObject\",\"inLanguage\":\"es\",\"@id\":\"http:\\\/\\\/gentedebasquet.com.ar\\\/sitio\\\/2014\\\/09\\\/14\\\/el-estilista\\\/#primaryimage\",\"url\":\"https:\\\/\\\/gentedebasquet.com.ar\\\/sitio\\\/wp-content\\\/uploads\\\/2014\\\/09\\\/spikerman-vs-oli.jpg\",\"contentUrl\":\"https:\\\/\\\/gentedebasquet.com.ar\\\/sitio\\\/wp-content\\\/uploads\\\/2014\\\/09\\\/spikerman-vs-oli.jpg\",\"width\":690,\"height\":319},{\"@type\":\"BreadcrumbList\",\"@id\":\"http:\\\/\\\/gentedebasquet.com.ar\\\/sitio\\\/2014\\\/09\\\/14\\\/el-estilista\\\/#breadcrumb\",\"itemListElement\":[{\"@type\":\"ListItem\",\"position\":1,\"name\":\"Portada\",\"item\":\"https:\\\/\\\/gentedebasquet.com.ar\\\/sitio\\\/\"},{\"@type\":\"ListItem\",\"position\":2,\"name\":\"El estilista\"}]},{\"@type\":\"WebSite\",\"@id\":\"https:\\\/\\\/gentedebasquet.com.ar\\\/sitio\\\/#website\",\"url\":\"https:\\\/\\\/gentedebasquet.com.ar\\\/sitio\\\/\",\"name\":\"Gente de B\u00e1squet\",\"description\":\"La revista del basquet de Bah\u00eda Blanca\",\"potentialAction\":[{\"@type\":\"SearchAction\",\"target\":{\"@type\":\"EntryPoint\",\"urlTemplate\":\"https:\\\/\\\/gentedebasquet.com.ar\\\/sitio\\\/?s={search_term_string}\"},\"query-input\":{\"@type\":\"PropertyValueSpecification\",\"valueRequired\":true,\"valueName\":\"search_term_string\"}}],\"inLanguage\":\"es\"},{\"@type\":\"Person\",\"@id\":\"https:\\\/\\\/gentedebasquet.com.ar\\\/sitio\\\/#\\\/schema\\\/person\\\/ca0b63bbb977369988a7bbbdc519943a\",\"name\":\"Gente de B\u00e1squet\",\"image\":{\"@type\":\"ImageObject\",\"inLanguage\":\"es\",\"@id\":\"https:\\\/\\\/secure.gravatar.com\\\/avatar\\\/7f2c48bdc33b30088f941fb6082e555f2874c98e20cb159d7b92b50eadfce793?s=96&d=mm&r=g\",\"url\":\"https:\\\/\\\/secure.gravatar.com\\\/avatar\\\/7f2c48bdc33b30088f941fb6082e555f2874c98e20cb159d7b92b50eadfce793?s=96&d=mm&r=g\",\"contentUrl\":\"https:\\\/\\\/secure.gravatar.com\\\/avatar\\\/7f2c48bdc33b30088f941fb6082e555f2874c98e20cb159d7b92b50eadfce793?s=96&d=mm&r=g\",\"caption\":\"Gente de B\u00e1squet\"},\"sameAs\":[\"http:\\\/\\\/gentedebasquet.com.ar\\\/sitio\"],\"url\":\"https:\\\/\\\/gentedebasquet.com.ar\\\/sitio\\\/author\\\/ulises\\\/\"}]}<\/script>\n<!-- \/ Yoast SEO plugin. -->","yoast_head_json":{"title":"El estilista - Gente de B\u00e1squet","robots":{"index":"index","follow":"follow","max-snippet":"max-snippet:-1","max-image-preview":"max-image-preview:large","max-video-preview":"max-video-preview:-1"},"canonical":"http:\/\/gentedebasquet.com.ar\/sitio\/2014\/09\/14\/el-estilista\/","og_locale":"es_ES","og_type":"article","og_title":"El estilista - Gente de B\u00e1squet","og_description":"En TS, 9 de Julio venci\u00f3 a Olimpo 89-80 (71), con Alexis Z\u00e1rate (18+15 reb) como figura","og_url":"http:\/\/gentedebasquet.com.ar\/sitio\/2014\/09\/14\/el-estilista\/","og_site_name":"Gente de B\u00e1squet","article_published_time":"2014-09-15T02:43:15+00:00","og_image":[{"width":690,"height":319,"url":"http:\/\/gentedebasquet.com.ar\/sitio\/wp-content\/uploads\/2014\/09\/spikerman-vs-oli.jpg","type":"image\/jpeg"}],"author":"Gente de B\u00e1squet","twitter_card":"summary_large_image","twitter_misc":{"Escrito por":"Gente de B\u00e1squet","Tiempo de lectura":"4 minutos"},"schema":{"@context":"https:\/\/schema.org","@graph":[{"@type":"Article","@id":"http:\/\/gentedebasquet.com.ar\/sitio\/2014\/09\/14\/el-estilista\/#article","isPartOf":{"@id":"http:\/\/gentedebasquet.com.ar\/sitio\/2014\/09\/14\/el-estilista\/"},"author":{"name":"Gente de B\u00e1squet","@id":"https:\/\/gentedebasquet.com.ar\/sitio\/#\/schema\/person\/ca0b63bbb977369988a7bbbdc519943a"},"headline":"El estilista","datePublished":"2014-09-15T02:43:15+00:00","mainEntityOfPage":{"@id":"http:\/\/gentedebasquet.com.ar\/sitio\/2014\/09\/14\/el-estilista\/"},"wordCount":846,"image":{"@id":"http:\/\/gentedebasquet.com.ar\/sitio\/2014\/09\/14\/el-estilista\/#primaryimage"},"thumbnailUrl":"https:\/\/gentedebasquet.com.ar\/sitio\/wp-content\/uploads\/2014\/09\/spikerman-vs-oli.jpg","keywords":["9 de Julio","Agust\u00edn Dottori","Alexis Zarate","Cristian Victoria","Germ\u00e1n Ressia","Gonzalo Badano","Ol\u00edmpo"],"articleSection":["Primera","Slide"],"inLanguage":"es"},{"@type":"WebPage","@id":"http:\/\/gentedebasquet.com.ar\/sitio\/2014\/09\/14\/el-estilista\/","url":"http:\/\/gentedebasquet.com.ar\/sitio\/2014\/09\/14\/el-estilista\/","name":"El estilista - Gente de B\u00e1squet","isPartOf":{"@id":"https:\/\/gentedebasquet.com.ar\/sitio\/#website"},"primaryImageOfPage":{"@id":"http:\/\/gentedebasquet.com.ar\/sitio\/2014\/09\/14\/el-estilista\/#primaryimage"},"image":{"@id":"http:\/\/gentedebasquet.com.ar\/sitio\/2014\/09\/14\/el-estilista\/#primaryimage"},"thumbnailUrl":"https:\/\/gentedebasquet.com.ar\/sitio\/wp-content\/uploads\/2014\/09\/spikerman-vs-oli.jpg","datePublished":"2014-09-15T02:43:15+00:00","author":{"@id":"https:\/\/gentedebasquet.com.ar\/sitio\/#\/schema\/person\/ca0b63bbb977369988a7bbbdc519943a"},"breadcrumb":{"@id":"http:\/\/gentedebasquet.com.ar\/sitio\/2014\/09\/14\/el-estilista\/#breadcrumb"},"inLanguage":"es","potentialAction":[{"@type":"ReadAction","target":["http:\/\/gentedebasquet.com.ar\/sitio\/2014\/09\/14\/el-estilista\/"]}]},{"@type":"ImageObject","inLanguage":"es","@id":"http:\/\/gentedebasquet.com.ar\/sitio\/2014\/09\/14\/el-estilista\/#primaryimage","url":"https:\/\/gentedebasquet.com.ar\/sitio\/wp-content\/uploads\/2014\/09\/spikerman-vs-oli.jpg","contentUrl":"https:\/\/gentedebasquet.com.ar\/sitio\/wp-content\/uploads\/2014\/09\/spikerman-vs-oli.jpg","width":690,"height":319},{"@type":"BreadcrumbList","@id":"http:\/\/gentedebasquet.com.ar\/sitio\/2014\/09\/14\/el-estilista\/#breadcrumb","itemListElement":[{"@type":"ListItem","position":1,"name":"Portada","item":"https:\/\/gentedebasquet.com.ar\/sitio\/"},{"@type":"ListItem","position":2,"name":"El estilista"}]},{"@type":"WebSite","@id":"https:\/\/gentedebasquet.com.ar\/sitio\/#website","url":"https:\/\/gentedebasquet.com.ar\/sitio\/","name":"Gente de B\u00e1squet","description":"La revista del basquet de Bah\u00eda Blanca","potentialAction":[{"@type":"SearchAction","target":{"@type":"EntryPoint","urlTemplate":"https:\/\/gentedebasquet.com.ar\/sitio\/?s={search_term_string}"},"query-input":{"@type":"PropertyValueSpecification","valueRequired":true,"valueName":"search_term_string"}}],"inLanguage":"es"},{"@type":"Person","@id":"https:\/\/gentedebasquet.com.ar\/sitio\/#\/schema\/person\/ca0b63bbb977369988a7bbbdc519943a","name":"Gente de B\u00e1squet","image":{"@type":"ImageObject","inLanguage":"es","@id":"https:\/\/secure.gravatar.com\/avatar\/7f2c48bdc33b30088f941fb6082e555f2874c98e20cb159d7b92b50eadfce793?s=96&d=mm&r=g","url":"https:\/\/secure.gravatar.com\/avatar\/7f2c48bdc33b30088f941fb6082e555f2874c98e20cb159d7b92b50eadfce793?s=96&d=mm&r=g","contentUrl":"https:\/\/secure.gravatar.com\/avatar\/7f2c48bdc33b30088f941fb6082e555f2874c98e20cb159d7b92b50eadfce793?s=96&d=mm&r=g","caption":"Gente de B\u00e1squet"},"sameAs":["http:\/\/gentedebasquet.com.ar\/sitio"],"url":"https:\/\/gentedebasquet.com.ar\/sitio\/author\/ulises\/"}]}},"_links":{"self":[{"href":"https:\/\/gentedebasquet.com.ar\/sitio\/wp-json\/wp\/v2\/posts\/38120","targetHints":{"allow":["GET"]}}],"collection":[{"href":"https:\/\/gentedebasquet.com.ar\/sitio\/wp-json\/wp\/v2\/posts"}],"about":[{"href":"https:\/\/gentedebasquet.com.ar\/sitio\/wp-json\/wp\/v2\/types\/post"}],"author":[{"embeddable":true,"href":"https:\/\/gentedebasquet.com.ar\/sitio\/wp-json\/wp\/v2\/users\/1"}],"replies":[{"embeddable":true,"href":"https:\/\/gentedebasquet.com.ar\/sitio\/wp-json\/wp\/v2\/comments?post=38120"}],"version-history":[{"count":0,"href":"https:\/\/gentedebasquet.com.ar\/sitio\/wp-json\/wp\/v2\/posts\/38120\/revisions"}],"wp:featuredmedia":[{"embeddable":true,"href":"https:\/\/gentedebasquet.com.ar\/sitio\/wp-json\/wp\/v2\/media\/38126"}],"wp:attachment":[{"href":"https:\/\/gentedebasquet.com.ar\/sitio\/wp-json\/wp\/v2\/media?parent=38120"}],"wp:term":[{"taxonomy":"category","embeddable":true,"href":"https:\/\/gentedebasquet.com.ar\/sitio\/wp-json\/wp\/v2\/categories?post=38120"},{"taxonomy":"post_tag","embeddable":true,"href":"https:\/\/gentedebasquet.com.ar\/sitio\/wp-json\/wp\/v2\/tags?post=38120"}],"curies":[{"name":"wp","href":"https:\/\/api.w.org\/{rel}","templated":true}]}}