{"id":38144,"date":"2014-09-15T13:10:06","date_gmt":"2014-09-15T16:10:06","guid":{"rendered":"http:\/\/www.gentedebasquet.com.ar\/?p=38144"},"modified":"2014-09-15T13:10:06","modified_gmt":"2014-09-15T16:10:06","slug":"bahia-ya-esta-en-san-martin-de-los-andes","status":"publish","type":"post","link":"https:\/\/gentedebasquet.com.ar\/sitio\/2014\/09\/15\/bahia-ya-esta-en-san-martin-de-los-andes\/","title":{"rendered":"Bah\u00eda ya est\u00e1 en S. M. de Los Andes"},"content":{"rendered":"<p><strong>Hasta el s\u00e1bado 20, Bah\u00eda Basket emprender\u00e1 viaje hacia San Mart\u00edn de los Andes para tener una semana de pretemporada, acompa\u00f1ada de diversos eventos.\u00a0El equipo bahiense se encontrar\u00e1 en la ciudad entrenando, dando una Mini Cl\u00ednica y adem\u00e1s jugar\u00e1 un partido exhibici\u00f3n en el ep\u00edlogo de la estad\u00eda. \u201cLa idea ser\u00e1 hacer lo mismo que hacemos en una semana t\u00edpica de trabajo, con la diferencia de que habr\u00e1 mayor cantidad de personas presenciando las pr\u00e1cticas, se\u00f1al\u00f3 Sebasti\u00e1n Gin\u00f3bili.<\/strong><\/p>\n<p>La estad\u00eda ser\u00e1 muy buena para todos ya que, con la llegada de los extranjeros y todas las personas que trabajan d\u00eda a d\u00eda en la organizaci\u00f3n, conviviremos las 24 horas, ayudando a unificar los objetivos. Est\u00e1s cosas son claves para afrontar una liga tan larga\u201d agreg\u00f3 Sebasti\u00e1n Gin\u00f3bili con respecto a la pretemporada.<\/p>\n<p>Con inscripciones abiertas, estos eventos ser\u00e1n p\u00fablicos y podr\u00e1n presenciarse. \u201cEl equipo siempre le agrega la parte t\u00e9cnica y social en sus entrenamientos. Disfrutamos de hacer estas cosas porque sabemos que ayuda y el equipo siempre est\u00e1 para dar una mano\u201d.<\/p>\n<p>La Mini Cl\u00ednica, ser\u00e1 orientada a jugadores de entre 7 y 18 a\u00f1os, teniendo en cuenta que Bah\u00eda Basket posee un programa de \u201cJ\u00f3venes Talentos\u201d, durante su temporada, que consiste en un reclutamiento a jugadores de categor\u00edas formativas para entrenar y ayudar a la profesionalizaci\u00f3n del menor.<\/p>\n<p>Adem\u00e1s, el viernes 19 de septiembre el equipo de liga se medir\u00e1 ante Independiente de Neuqu\u00e9n en un partido que cerrar\u00e1 la estad\u00eda del equipo y servir\u00e1 a modo de prueba, antes del comienzo de la temporada. \u201cInvitamos a toda la gente que se quiera sumar a presenciar los entrenamientos y a estar presente en el partido exhibici\u00f3n ante Independiente de Neuqu\u00e9n, lo que significar\u00e1 el cierre de nuestra estad\u00eda en San Mart\u00edn\u201d, concluy\u00f3 Gin\u00f3bili.<\/p>\n<p><strong>Fuente:<\/strong> Prensa Bah\u00eda Basket.<\/p>\n<p><strong>Imagen:<\/strong> Zorros B\u00e1squetbol.<\/p>\n","protected":false},"excerpt":{"rendered":"<p>Realizar\u00e1 all\u00ed parte de la pretemporada, hasta el s\u00e1bado 20, camino a la LNB<\/p>\n","protected":false},"author":1,"featured_media":38145,"comment_status":"closed","ping_status":"open","sticky":false,"template":"","format":"standard","meta":{"jnews-multi-image_gallery":[],"jnews_single_post":[],"jnews_primary_category":[],"footnotes":""},"categories":[57,101],"tags":[58,78,898],"class_list":["post-38144","post","type-post","status-publish","format-standard","has-post-thumbnail","hentry","category-bahia-basket","category-slide","tag-bahiabasket","tag-lnb","tag-san-martin-de-los-andes"],"yoast_head":"<!-- This site is optimized with the Yoast SEO plugin v27.5 - https:\/\/yoast.com\/product\/yoast-seo-wordpress\/ -->\n<title>Bah\u00eda ya est\u00e1 en S. M. de Los Andes - Gente de B\u00e1squet<\/title>\n<meta name=\"robots\" content=\"index, follow, max-snippet:-1, max-image-preview:large, max-video-preview:-1\" \/>\n<link rel=\"canonical\" href=\"https:\/\/gentedebasquet.com.ar\/sitio\/2014\/09\/15\/bahia-ya-esta-en-san-martin-de-los-andes\/\" \/>\n<meta property=\"og:locale\" content=\"es_ES\" \/>\n<meta property=\"og:type\" content=\"article\" \/>\n<meta property=\"og:title\" content=\"Bah\u00eda ya est\u00e1 en S. M. de Los Andes - Gente de B\u00e1squet\" \/>\n<meta property=\"og:description\" content=\"Realizar\u00e1 all\u00ed parte de la pretemporada, hasta el s\u00e1bado 20, camino a la LNB\" \/>\n<meta property=\"og:url\" content=\"https:\/\/gentedebasquet.com.ar\/sitio\/2014\/09\/15\/bahia-ya-esta-en-san-martin-de-los-andes\/\" \/>\n<meta property=\"og:site_name\" content=\"Gente de B\u00e1squet\" \/>\n<meta property=\"article:published_time\" content=\"2014-09-15T16:10:06+00:00\" \/>\n<meta property=\"og:image\" content=\"https:\/\/gentedebasquet.com.ar\/sitio\/wp-content\/uploads\/2014\/09\/SMDLA.jpg\" \/>\n\t<meta property=\"og:image:width\" content=\"690\" \/>\n\t<meta property=\"og:image:height\" content=\"319\" \/>\n\t<meta property=\"og:image:type\" content=\"image\/jpeg\" \/>\n<meta name=\"author\" content=\"Gente de B\u00e1squet\" \/>\n<meta name=\"twitter:card\" content=\"summary_large_image\" \/>\n<meta name=\"twitter:label1\" content=\"Escrito por\" \/>\n\t<meta name=\"twitter:data1\" content=\"Gente de B\u00e1squet\" \/>\n\t<meta name=\"twitter:label2\" content=\"Tiempo de lectura\" \/>\n\t<meta name=\"twitter:data2\" content=\"2 minutos\" \/>\n<script type=\"application\/ld+json\" class=\"yoast-schema-graph\">{\"@context\":\"https:\\\/\\\/schema.org\",\"@graph\":[{\"@type\":\"Article\",\"@id\":\"https:\\\/\\\/gentedebasquet.com.ar\\\/sitio\\\/2014\\\/09\\\/15\\\/bahia-ya-esta-en-san-martin-de-los-andes\\\/#article\",\"isPartOf\":{\"@id\":\"https:\\\/\\\/gentedebasquet.com.ar\\\/sitio\\\/2014\\\/09\\\/15\\\/bahia-ya-esta-en-san-martin-de-los-andes\\\/\"},\"author\":{\"name\":\"Gente de B\u00e1squet\",\"@id\":\"https:\\\/\\\/gentedebasquet.com.ar\\\/sitio\\\/#\\\/schema\\\/person\\\/ca0b63bbb977369988a7bbbdc519943a\"},\"headline\":\"Bah\u00eda ya est\u00e1 en S. M. de Los Andes\",\"datePublished\":\"2014-09-15T16:10:06+00:00\",\"mainEntityOfPage\":{\"@id\":\"https:\\\/\\\/gentedebasquet.com.ar\\\/sitio\\\/2014\\\/09\\\/15\\\/bahia-ya-esta-en-san-martin-de-los-andes\\\/\"},\"wordCount\":349,\"image\":{\"@id\":\"https:\\\/\\\/gentedebasquet.com.ar\\\/sitio\\\/2014\\\/09\\\/15\\\/bahia-ya-esta-en-san-martin-de-los-andes\\\/#primaryimage\"},\"thumbnailUrl\":\"https:\\\/\\\/gentedebasquet.com.ar\\\/sitio\\\/wp-content\\\/uploads\\\/2014\\\/09\\\/SMDLA.jpg\",\"keywords\":[\"Bah\u00eda Basket\",\"LNB\",\"San Mart\u00edn de Los Andes\"],\"articleSection\":[\"Bah\u00eda Basket\",\"Slide\"],\"inLanguage\":\"es\"},{\"@type\":\"WebPage\",\"@id\":\"https:\\\/\\\/gentedebasquet.com.ar\\\/sitio\\\/2014\\\/09\\\/15\\\/bahia-ya-esta-en-san-martin-de-los-andes\\\/\",\"url\":\"https:\\\/\\\/gentedebasquet.com.ar\\\/sitio\\\/2014\\\/09\\\/15\\\/bahia-ya-esta-en-san-martin-de-los-andes\\\/\",\"name\":\"Bah\u00eda ya est\u00e1 en S. M. de Los Andes - Gente de B\u00e1squet\",\"isPartOf\":{\"@id\":\"https:\\\/\\\/gentedebasquet.com.ar\\\/sitio\\\/#website\"},\"primaryImageOfPage\":{\"@id\":\"https:\\\/\\\/gentedebasquet.com.ar\\\/sitio\\\/2014\\\/09\\\/15\\\/bahia-ya-esta-en-san-martin-de-los-andes\\\/#primaryimage\"},\"image\":{\"@id\":\"https:\\\/\\\/gentedebasquet.com.ar\\\/sitio\\\/2014\\\/09\\\/15\\\/bahia-ya-esta-en-san-martin-de-los-andes\\\/#primaryimage\"},\"thumbnailUrl\":\"https:\\\/\\\/gentedebasquet.com.ar\\\/sitio\\\/wp-content\\\/uploads\\\/2014\\\/09\\\/SMDLA.jpg\",\"datePublished\":\"2014-09-15T16:10:06+00:00\",\"author\":{\"@id\":\"https:\\\/\\\/gentedebasquet.com.ar\\\/sitio\\\/#\\\/schema\\\/person\\\/ca0b63bbb977369988a7bbbdc519943a\"},\"breadcrumb\":{\"@id\":\"https:\\\/\\\/gentedebasquet.com.ar\\\/sitio\\\/2014\\\/09\\\/15\\\/bahia-ya-esta-en-san-martin-de-los-andes\\\/#breadcrumb\"},\"inLanguage\":\"es\",\"potentialAction\":[{\"@type\":\"ReadAction\",\"target\":[\"https:\\\/\\\/gentedebasquet.com.ar\\\/sitio\\\/2014\\\/09\\\/15\\\/bahia-ya-esta-en-san-martin-de-los-andes\\\/\"]}]},{\"@type\":\"ImageObject\",\"inLanguage\":\"es\",\"@id\":\"https:\\\/\\\/gentedebasquet.com.ar\\\/sitio\\\/2014\\\/09\\\/15\\\/bahia-ya-esta-en-san-martin-de-los-andes\\\/#primaryimage\",\"url\":\"https:\\\/\\\/gentedebasquet.com.ar\\\/sitio\\\/wp-content\\\/uploads\\\/2014\\\/09\\\/SMDLA.jpg\",\"contentUrl\":\"https:\\\/\\\/gentedebasquet.com.ar\\\/sitio\\\/wp-content\\\/uploads\\\/2014\\\/09\\\/SMDLA.jpg\",\"width\":690,\"height\":319},{\"@type\":\"BreadcrumbList\",\"@id\":\"https:\\\/\\\/gentedebasquet.com.ar\\\/sitio\\\/2014\\\/09\\\/15\\\/bahia-ya-esta-en-san-martin-de-los-andes\\\/#breadcrumb\",\"itemListElement\":[{\"@type\":\"ListItem\",\"position\":1,\"name\":\"Portada\",\"item\":\"https:\\\/\\\/gentedebasquet.com.ar\\\/sitio\\\/\"},{\"@type\":\"ListItem\",\"position\":2,\"name\":\"Bah\u00eda ya est\u00e1 en S. M. de Los Andes\"}]},{\"@type\":\"WebSite\",\"@id\":\"https:\\\/\\\/gentedebasquet.com.ar\\\/sitio\\\/#website\",\"url\":\"https:\\\/\\\/gentedebasquet.com.ar\\\/sitio\\\/\",\"name\":\"Gente de B\u00e1squet\",\"description\":\"La revista del basquet de Bah\u00eda Blanca\",\"potentialAction\":[{\"@type\":\"SearchAction\",\"target\":{\"@type\":\"EntryPoint\",\"urlTemplate\":\"https:\\\/\\\/gentedebasquet.com.ar\\\/sitio\\\/?s={search_term_string}\"},\"query-input\":{\"@type\":\"PropertyValueSpecification\",\"valueRequired\":true,\"valueName\":\"search_term_string\"}}],\"inLanguage\":\"es\"},{\"@type\":\"Person\",\"@id\":\"https:\\\/\\\/gentedebasquet.com.ar\\\/sitio\\\/#\\\/schema\\\/person\\\/ca0b63bbb977369988a7bbbdc519943a\",\"name\":\"Gente de B\u00e1squet\",\"image\":{\"@type\":\"ImageObject\",\"inLanguage\":\"es\",\"@id\":\"https:\\\/\\\/secure.gravatar.com\\\/avatar\\\/7f2c48bdc33b30088f941fb6082e555f2874c98e20cb159d7b92b50eadfce793?s=96&d=mm&r=g\",\"url\":\"https:\\\/\\\/secure.gravatar.com\\\/avatar\\\/7f2c48bdc33b30088f941fb6082e555f2874c98e20cb159d7b92b50eadfce793?s=96&d=mm&r=g\",\"contentUrl\":\"https:\\\/\\\/secure.gravatar.com\\\/avatar\\\/7f2c48bdc33b30088f941fb6082e555f2874c98e20cb159d7b92b50eadfce793?s=96&d=mm&r=g\",\"caption\":\"Gente de B\u00e1squet\"},\"sameAs\":[\"http:\\\/\\\/gentedebasquet.com.ar\\\/sitio\"],\"url\":\"https:\\\/\\\/gentedebasquet.com.ar\\\/sitio\\\/author\\\/ulises\\\/\"}]}<\/script>\n<!-- \/ Yoast SEO plugin. -->","yoast_head_json":{"title":"Bah\u00eda ya est\u00e1 en S. M. de Los Andes - Gente de B\u00e1squet","robots":{"index":"index","follow":"follow","max-snippet":"max-snippet:-1","max-image-preview":"max-image-preview:large","max-video-preview":"max-video-preview:-1"},"canonical":"https:\/\/gentedebasquet.com.ar\/sitio\/2014\/09\/15\/bahia-ya-esta-en-san-martin-de-los-andes\/","og_locale":"es_ES","og_type":"article","og_title":"Bah\u00eda ya est\u00e1 en S. M. de Los Andes - Gente de B\u00e1squet","og_description":"Realizar\u00e1 all\u00ed parte de la pretemporada, hasta el s\u00e1bado 20, camino a la LNB","og_url":"https:\/\/gentedebasquet.com.ar\/sitio\/2014\/09\/15\/bahia-ya-esta-en-san-martin-de-los-andes\/","og_site_name":"Gente de B\u00e1squet","article_published_time":"2014-09-15T16:10:06+00:00","og_image":[{"width":690,"height":319,"url":"https:\/\/gentedebasquet.com.ar\/sitio\/wp-content\/uploads\/2014\/09\/SMDLA.jpg","type":"image\/jpeg"}],"author":"Gente de B\u00e1squet","twitter_card":"summary_large_image","twitter_misc":{"Escrito por":"Gente de B\u00e1squet","Tiempo de lectura":"2 minutos"},"schema":{"@context":"https:\/\/schema.org","@graph":[{"@type":"Article","@id":"https:\/\/gentedebasquet.com.ar\/sitio\/2014\/09\/15\/bahia-ya-esta-en-san-martin-de-los-andes\/#article","isPartOf":{"@id":"https:\/\/gentedebasquet.com.ar\/sitio\/2014\/09\/15\/bahia-ya-esta-en-san-martin-de-los-andes\/"},"author":{"name":"Gente de B\u00e1squet","@id":"https:\/\/gentedebasquet.com.ar\/sitio\/#\/schema\/person\/ca0b63bbb977369988a7bbbdc519943a"},"headline":"Bah\u00eda ya est\u00e1 en S. M. de Los Andes","datePublished":"2014-09-15T16:10:06+00:00","mainEntityOfPage":{"@id":"https:\/\/gentedebasquet.com.ar\/sitio\/2014\/09\/15\/bahia-ya-esta-en-san-martin-de-los-andes\/"},"wordCount":349,"image":{"@id":"https:\/\/gentedebasquet.com.ar\/sitio\/2014\/09\/15\/bahia-ya-esta-en-san-martin-de-los-andes\/#primaryimage"},"thumbnailUrl":"https:\/\/gentedebasquet.com.ar\/sitio\/wp-content\/uploads\/2014\/09\/SMDLA.jpg","keywords":["Bah\u00eda Basket","LNB","San Mart\u00edn de Los Andes"],"articleSection":["Bah\u00eda Basket","Slide"],"inLanguage":"es"},{"@type":"WebPage","@id":"https:\/\/gentedebasquet.com.ar\/sitio\/2014\/09\/15\/bahia-ya-esta-en-san-martin-de-los-andes\/","url":"https:\/\/gentedebasquet.com.ar\/sitio\/2014\/09\/15\/bahia-ya-esta-en-san-martin-de-los-andes\/","name":"Bah\u00eda ya est\u00e1 en S. M. de Los Andes - Gente de B\u00e1squet","isPartOf":{"@id":"https:\/\/gentedebasquet.com.ar\/sitio\/#website"},"primaryImageOfPage":{"@id":"https:\/\/gentedebasquet.com.ar\/sitio\/2014\/09\/15\/bahia-ya-esta-en-san-martin-de-los-andes\/#primaryimage"},"image":{"@id":"https:\/\/gentedebasquet.com.ar\/sitio\/2014\/09\/15\/bahia-ya-esta-en-san-martin-de-los-andes\/#primaryimage"},"thumbnailUrl":"https:\/\/gentedebasquet.com.ar\/sitio\/wp-content\/uploads\/2014\/09\/SMDLA.jpg","datePublished":"2014-09-15T16:10:06+00:00","author":{"@id":"https:\/\/gentedebasquet.com.ar\/sitio\/#\/schema\/person\/ca0b63bbb977369988a7bbbdc519943a"},"breadcrumb":{"@id":"https:\/\/gentedebasquet.com.ar\/sitio\/2014\/09\/15\/bahia-ya-esta-en-san-martin-de-los-andes\/#breadcrumb"},"inLanguage":"es","potentialAction":[{"@type":"ReadAction","target":["https:\/\/gentedebasquet.com.ar\/sitio\/2014\/09\/15\/bahia-ya-esta-en-san-martin-de-los-andes\/"]}]},{"@type":"ImageObject","inLanguage":"es","@id":"https:\/\/gentedebasquet.com.ar\/sitio\/2014\/09\/15\/bahia-ya-esta-en-san-martin-de-los-andes\/#primaryimage","url":"https:\/\/gentedebasquet.com.ar\/sitio\/wp-content\/uploads\/2014\/09\/SMDLA.jpg","contentUrl":"https:\/\/gentedebasquet.com.ar\/sitio\/wp-content\/uploads\/2014\/09\/SMDLA.jpg","width":690,"height":319},{"@type":"BreadcrumbList","@id":"https:\/\/gentedebasquet.com.ar\/sitio\/2014\/09\/15\/bahia-ya-esta-en-san-martin-de-los-andes\/#breadcrumb","itemListElement":[{"@type":"ListItem","position":1,"name":"Portada","item":"https:\/\/gentedebasquet.com.ar\/sitio\/"},{"@type":"ListItem","position":2,"name":"Bah\u00eda ya est\u00e1 en S. M. de Los Andes"}]},{"@type":"WebSite","@id":"https:\/\/gentedebasquet.com.ar\/sitio\/#website","url":"https:\/\/gentedebasquet.com.ar\/sitio\/","name":"Gente de B\u00e1squet","description":"La revista del basquet de Bah\u00eda Blanca","potentialAction":[{"@type":"SearchAction","target":{"@type":"EntryPoint","urlTemplate":"https:\/\/gentedebasquet.com.ar\/sitio\/?s={search_term_string}"},"query-input":{"@type":"PropertyValueSpecification","valueRequired":true,"valueName":"search_term_string"}}],"inLanguage":"es"},{"@type":"Person","@id":"https:\/\/gentedebasquet.com.ar\/sitio\/#\/schema\/person\/ca0b63bbb977369988a7bbbdc519943a","name":"Gente de B\u00e1squet","image":{"@type":"ImageObject","inLanguage":"es","@id":"https:\/\/secure.gravatar.com\/avatar\/7f2c48bdc33b30088f941fb6082e555f2874c98e20cb159d7b92b50eadfce793?s=96&d=mm&r=g","url":"https:\/\/secure.gravatar.com\/avatar\/7f2c48bdc33b30088f941fb6082e555f2874c98e20cb159d7b92b50eadfce793?s=96&d=mm&r=g","contentUrl":"https:\/\/secure.gravatar.com\/avatar\/7f2c48bdc33b30088f941fb6082e555f2874c98e20cb159d7b92b50eadfce793?s=96&d=mm&r=g","caption":"Gente de B\u00e1squet"},"sameAs":["http:\/\/gentedebasquet.com.ar\/sitio"],"url":"https:\/\/gentedebasquet.com.ar\/sitio\/author\/ulises\/"}]}},"_links":{"self":[{"href":"https:\/\/gentedebasquet.com.ar\/sitio\/wp-json\/wp\/v2\/posts\/38144","targetHints":{"allow":["GET"]}}],"collection":[{"href":"https:\/\/gentedebasquet.com.ar\/sitio\/wp-json\/wp\/v2\/posts"}],"about":[{"href":"https:\/\/gentedebasquet.com.ar\/sitio\/wp-json\/wp\/v2\/types\/post"}],"author":[{"embeddable":true,"href":"https:\/\/gentedebasquet.com.ar\/sitio\/wp-json\/wp\/v2\/users\/1"}],"replies":[{"embeddable":true,"href":"https:\/\/gentedebasquet.com.ar\/sitio\/wp-json\/wp\/v2\/comments?post=38144"}],"version-history":[{"count":0,"href":"https:\/\/gentedebasquet.com.ar\/sitio\/wp-json\/wp\/v2\/posts\/38144\/revisions"}],"wp:featuredmedia":[{"embeddable":true,"href":"https:\/\/gentedebasquet.com.ar\/sitio\/wp-json\/wp\/v2\/media\/38145"}],"wp:attachment":[{"href":"https:\/\/gentedebasquet.com.ar\/sitio\/wp-json\/wp\/v2\/media?parent=38144"}],"wp:term":[{"taxonomy":"category","embeddable":true,"href":"https:\/\/gentedebasquet.com.ar\/sitio\/wp-json\/wp\/v2\/categories?post=38144"},{"taxonomy":"post_tag","embeddable":true,"href":"https:\/\/gentedebasquet.com.ar\/sitio\/wp-json\/wp\/v2\/tags?post=38144"}],"curies":[{"name":"wp","href":"https:\/\/api.w.org\/{rel}","templated":true}]}}