{"id":38163,"date":"2014-09-17T00:36:32","date_gmt":"2014-09-17T03:36:32","guid":{"rendered":"http:\/\/www.gentedebasquet.com.ar\/?p=38163"},"modified":"2014-09-17T00:36:32","modified_gmt":"2014-09-17T03:36:32","slug":"sigue-de-ronda","status":"publish","type":"post","link":"https:\/\/gentedebasquet.com.ar\/sitio\/2014\/09\/17\/sigue-de-ronda\/","title":{"rendered":"Sigue de ronda"},"content":{"rendered":"<p><b>Barracas se puso al d\u00eda en el torneo Oficial al completar su encuentro correspondiente a la 9\u00ba Fecha, el cual se hab\u00eda suspendido por la humedad y las goteras que presentaba \u201cEl Bosque\u201d. Sin detener su marcha y una vez m\u00e1s demostrando que transita un gran presente, venci\u00f3 ampliamente a La Falda por 88 a 69, imponi\u00e9ndose de esta manera a todos sus rivales de la primera rueda del torneo. Mariano Trellini (21, 7 rebotes y 5 asistencias) se hilvan\u00f3 como su gran figura; aunque adem\u00e1s se destacaron Mauro Santill\u00e1n (16 y 12 recobres), Dami\u00e1n Carci (15, 3\/5 T3) y Federico Harina (13 y 6 asistencias). Mientras que Gabriel Fern\u00e1ndez (16) y Manuel Gim\u00e9nez (14) fueron los destacados por el visitante.<\/b><\/p>\n<p>Con tan solo 2m39s de haber comenzado el encuentro, el t\u00e9cnico Aleksoski pidi\u00f3 un r\u00e1pido minuto que fue el dato m\u00e1s evidente del dominio que impuso Barracas en el desarrollo del juego. Es que Carci cambi\u00f3 de ritmo constantemente y con las cortinas al bal\u00f3n complicaron a cuanto defensor se le pusiera. Esto cre\u00f3 los espacios necesarios para que Trellini (5) calentara motores y Harina y Santill\u00e1n sean el complemento ideal para no permitir el relax del rival; que se mostr\u00f3 err\u00e1tico (4\/14 TC) pero por sobre todas las cosas carente de ideas y apostando al juego individual.<\/p>\n<p>En el segundo chico el local no solo fue nuevamente superior sino que adem\u00e1s fue un vendaval (69% de efectividad), en el que aceitaron la circulaci\u00f3n del bal\u00f3n, corrieron la cancha y Carci (6, 2\/2 T3) una vez demostr\u00f3 que se encuentra en un gran nivel. Pero quien marc\u00f3 la din\u00e1mica del juego fue Trellini (11, 100% TC), haciendo lo que quiso en ofensiva. La Falda mientras tanto insinu\u00f3 algo de elaboraci\u00f3n de sus sistemas con Gim\u00e9nez cerca del cesto y algo de Delucchi (5) en el per\u00edmetro; aunque nuevamente la falta de fluidez lo oblig\u00f3 a tomar lanzamientos de bajo porcentaje e inc\u00f3modos.<\/p>\n<p>Alternando el goleo de cada uno de sus baluartes, Harina (6) tom\u00f3 la posta tanto en el goleo como en la conducci\u00f3n, donde se entendi\u00f3 a la perfecci\u00f3n con Trellini (5) en el per\u00edmetro. Adem\u00e1s Mond\u00f3n demostr\u00f3 fortaleza en la pintura para exponer el poder\u00edo ofensivo del l\u00edder del torneo. Fern\u00e1ndez (10) encontr\u00f3 soltura con su lanzamiento al comandar el ataque Obreque; y con una racha de triples La Falda intent\u00f3 meterse en juego aunque la distancia a esas alturas era la m\u00e1xima obtenida (60-37).<\/p>\n<p>Teniendo en cuenta que el encuentro ya estaba definido, ambos t\u00e9cnicos le dieron minutos de juego a los pibes para foguearlos. En cierto punto el tr\u00e1mite se vio deslucido (10 p\u00e9rdidas y 2\/11 T3 entre ambos) ante la ansiedad de los chicos y la falta de tranquilidad en el ritmo de las acciones ofensivas.<em> <\/em><\/p>\n<p>&nbsp;<\/p>\n<p><strong><em><span style=\"text-decoration: underline;\">S\u00edntesis: <\/span><\/em><\/strong><\/p>\n<p><strong>Barracas (88): <\/strong>Dami\u00e1n Carci 15, Federico Harina 13, Mariano Trellini 21, Mauro Montanaro 4 y Mauro Santill\u00e1n 16 (F.I.); Andr\u00e9s Mond\u00f3n 8, Joaqu\u00edn Gonz\u00e1lez 5, Mauro P\u00e9rez 2, Agust\u00edn Mambriani 2, Andr\u00e9s Mond\u00f3n 2 y Emanuel Larrosa 0. DT: Juan Sergio Palumbo.<\/p>\n<p><strong>La Falda (69): <\/strong>Facundo Roque 0, Sebasti\u00e1n Ranieri 5, Gabriel Fern\u00e1ndez 16, Guillermo Mallemaci 7 y Manuel Gim\u00e9nez 14 (F.I.); Guido Delucchi 9, Federico Gonz\u00e1lez 5, Pablo Obreque 8, Franco Rom\u00e1n 2 y Tom\u00e1s Minucci 3. DT: Sebasti\u00e1n Aleksoski.<\/p>\n<p><strong>Parciales: <\/strong>19-12, 42-25 (23-13), 69-47 (27-22) y 88-69 (19-22).<\/p>\n<p><strong>\u00c1rbitros: <\/strong>Miguel Firpo y Marjorie Stuardo.<\/p>\n<p><strong>Estadio: <\/strong>\u201cEl Bosque\u201d (Barracas).<\/p>\n<p><a class=\"modalf iframe\" title=\"Planilla\" href=\"https:\/\/docs.google.com\/spreadsheets\/d\/1o_vLqMrg4vk-gH-LGaAidbCobDXycLgWdtWI1fu2Cfc\/pubhtml\" target=\"_blank\" rel=\"noopener\">Ver Planilla<\/a><\/p>\n","protected":false},"excerpt":{"rendered":"<p>Barracas complet\u00f3 su encuentro de la 1ra rueda al vencer a La Falda por 88-69<\/p>\n","protected":false},"author":1,"featured_media":38169,"comment_status":"closed","ping_status":"open","sticky":false,"template":"","format":"standard","meta":{"jnews-multi-image_gallery":[],"jnews_single_post":[],"jnews_primary_category":[],"footnotes":""},"categories":[25,101],"tags":[333,527,209,546,13,251,619,864],"class_list":["post-38163","post","type-post","status-publish","format-standard","has-post-thumbnail","hentry","category-segunda","category-slide","tag-barracas","tag-damian-carci","tag-federico-harina","tag-gabriel-fernandez","tag-la-falda","tag-manuel-gimenez","tag-mariano-trellini","tag-mauro-santillan"],"yoast_head":"<!-- This site is optimized with the Yoast SEO plugin v27.5 - https:\/\/yoast.com\/product\/yoast-seo-wordpress\/ -->\n<title>Sigue de ronda - Gente de B\u00e1squet<\/title>\n<meta name=\"robots\" content=\"index, follow, max-snippet:-1, max-image-preview:large, max-video-preview:-1\" \/>\n<link rel=\"canonical\" href=\"https:\/\/gentedebasquet.com.ar\/sitio\/2014\/09\/17\/sigue-de-ronda\/\" \/>\n<meta property=\"og:locale\" content=\"es_ES\" \/>\n<meta property=\"og:type\" content=\"article\" \/>\n<meta property=\"og:title\" content=\"Sigue de ronda - Gente de B\u00e1squet\" \/>\n<meta property=\"og:description\" content=\"Barracas complet\u00f3 su encuentro de la 1ra rueda al vencer a La Falda por 88-69\" \/>\n<meta property=\"og:url\" content=\"https:\/\/gentedebasquet.com.ar\/sitio\/2014\/09\/17\/sigue-de-ronda\/\" \/>\n<meta property=\"og:site_name\" content=\"Gente de B\u00e1squet\" \/>\n<meta property=\"article:published_time\" content=\"2014-09-17T03:36:32+00:00\" \/>\n<meta property=\"og:image\" content=\"https:\/\/gentedebasquet.com.ar\/sitio\/wp-content\/uploads\/2014\/09\/20140916_210042.jpg\" \/>\n\t<meta property=\"og:image:width\" content=\"690\" \/>\n\t<meta property=\"og:image:height\" content=\"391\" \/>\n\t<meta property=\"og:image:type\" content=\"image\/jpeg\" \/>\n<meta name=\"author\" content=\"Gente de B\u00e1squet\" \/>\n<meta name=\"twitter:card\" content=\"summary_large_image\" \/>\n<meta name=\"twitter:label1\" content=\"Escrito por\" \/>\n\t<meta name=\"twitter:data1\" content=\"Gente de B\u00e1squet\" \/>\n\t<meta name=\"twitter:label2\" content=\"Tiempo de lectura\" \/>\n\t<meta name=\"twitter:data2\" content=\"3 minutos\" \/>\n<script type=\"application\/ld+json\" class=\"yoast-schema-graph\">{\"@context\":\"https:\\\/\\\/schema.org\",\"@graph\":[{\"@type\":\"Article\",\"@id\":\"https:\\\/\\\/gentedebasquet.com.ar\\\/sitio\\\/2014\\\/09\\\/17\\\/sigue-de-ronda\\\/#article\",\"isPartOf\":{\"@id\":\"https:\\\/\\\/gentedebasquet.com.ar\\\/sitio\\\/2014\\\/09\\\/17\\\/sigue-de-ronda\\\/\"},\"author\":{\"name\":\"Gente de B\u00e1squet\",\"@id\":\"https:\\\/\\\/gentedebasquet.com.ar\\\/sitio\\\/#\\\/schema\\\/person\\\/ca0b63bbb977369988a7bbbdc519943a\"},\"headline\":\"Sigue de ronda\",\"datePublished\":\"2014-09-17T03:36:32+00:00\",\"mainEntityOfPage\":{\"@id\":\"https:\\\/\\\/gentedebasquet.com.ar\\\/sitio\\\/2014\\\/09\\\/17\\\/sigue-de-ronda\\\/\"},\"wordCount\":575,\"image\":{\"@id\":\"https:\\\/\\\/gentedebasquet.com.ar\\\/sitio\\\/2014\\\/09\\\/17\\\/sigue-de-ronda\\\/#primaryimage\"},\"thumbnailUrl\":\"https:\\\/\\\/gentedebasquet.com.ar\\\/sitio\\\/wp-content\\\/uploads\\\/2014\\\/09\\\/20140916_210042.jpg\",\"keywords\":[\"Barracas\",\"Dami\u00e1n Carci\",\"Federico Harina\",\"Gabriel Fern\u00e1ndez\",\"La Falda\",\"Manuel Gim\u00e9nez\",\"Mariano Trellini\",\"Mauro Santill\u00e1n\"],\"articleSection\":[\"Segunda\",\"Slide\"],\"inLanguage\":\"es\"},{\"@type\":\"WebPage\",\"@id\":\"https:\\\/\\\/gentedebasquet.com.ar\\\/sitio\\\/2014\\\/09\\\/17\\\/sigue-de-ronda\\\/\",\"url\":\"https:\\\/\\\/gentedebasquet.com.ar\\\/sitio\\\/2014\\\/09\\\/17\\\/sigue-de-ronda\\\/\",\"name\":\"Sigue de ronda - Gente de B\u00e1squet\",\"isPartOf\":{\"@id\":\"https:\\\/\\\/gentedebasquet.com.ar\\\/sitio\\\/#website\"},\"primaryImageOfPage\":{\"@id\":\"https:\\\/\\\/gentedebasquet.com.ar\\\/sitio\\\/2014\\\/09\\\/17\\\/sigue-de-ronda\\\/#primaryimage\"},\"image\":{\"@id\":\"https:\\\/\\\/gentedebasquet.com.ar\\\/sitio\\\/2014\\\/09\\\/17\\\/sigue-de-ronda\\\/#primaryimage\"},\"thumbnailUrl\":\"https:\\\/\\\/gentedebasquet.com.ar\\\/sitio\\\/wp-content\\\/uploads\\\/2014\\\/09\\\/20140916_210042.jpg\",\"datePublished\":\"2014-09-17T03:36:32+00:00\",\"author\":{\"@id\":\"https:\\\/\\\/gentedebasquet.com.ar\\\/sitio\\\/#\\\/schema\\\/person\\\/ca0b63bbb977369988a7bbbdc519943a\"},\"breadcrumb\":{\"@id\":\"https:\\\/\\\/gentedebasquet.com.ar\\\/sitio\\\/2014\\\/09\\\/17\\\/sigue-de-ronda\\\/#breadcrumb\"},\"inLanguage\":\"es\",\"potentialAction\":[{\"@type\":\"ReadAction\",\"target\":[\"https:\\\/\\\/gentedebasquet.com.ar\\\/sitio\\\/2014\\\/09\\\/17\\\/sigue-de-ronda\\\/\"]}]},{\"@type\":\"ImageObject\",\"inLanguage\":\"es\",\"@id\":\"https:\\\/\\\/gentedebasquet.com.ar\\\/sitio\\\/2014\\\/09\\\/17\\\/sigue-de-ronda\\\/#primaryimage\",\"url\":\"https:\\\/\\\/gentedebasquet.com.ar\\\/sitio\\\/wp-content\\\/uploads\\\/2014\\\/09\\\/20140916_210042.jpg\",\"contentUrl\":\"https:\\\/\\\/gentedebasquet.com.ar\\\/sitio\\\/wp-content\\\/uploads\\\/2014\\\/09\\\/20140916_210042.jpg\",\"width\":690,\"height\":391},{\"@type\":\"BreadcrumbList\",\"@id\":\"https:\\\/\\\/gentedebasquet.com.ar\\\/sitio\\\/2014\\\/09\\\/17\\\/sigue-de-ronda\\\/#breadcrumb\",\"itemListElement\":[{\"@type\":\"ListItem\",\"position\":1,\"name\":\"Portada\",\"item\":\"https:\\\/\\\/gentedebasquet.com.ar\\\/sitio\\\/\"},{\"@type\":\"ListItem\",\"position\":2,\"name\":\"Sigue de ronda\"}]},{\"@type\":\"WebSite\",\"@id\":\"https:\\\/\\\/gentedebasquet.com.ar\\\/sitio\\\/#website\",\"url\":\"https:\\\/\\\/gentedebasquet.com.ar\\\/sitio\\\/\",\"name\":\"Gente de B\u00e1squet\",\"description\":\"La revista del basquet de Bah\u00eda Blanca\",\"potentialAction\":[{\"@type\":\"SearchAction\",\"target\":{\"@type\":\"EntryPoint\",\"urlTemplate\":\"https:\\\/\\\/gentedebasquet.com.ar\\\/sitio\\\/?s={search_term_string}\"},\"query-input\":{\"@type\":\"PropertyValueSpecification\",\"valueRequired\":true,\"valueName\":\"search_term_string\"}}],\"inLanguage\":\"es\"},{\"@type\":\"Person\",\"@id\":\"https:\\\/\\\/gentedebasquet.com.ar\\\/sitio\\\/#\\\/schema\\\/person\\\/ca0b63bbb977369988a7bbbdc519943a\",\"name\":\"Gente de B\u00e1squet\",\"image\":{\"@type\":\"ImageObject\",\"inLanguage\":\"es\",\"@id\":\"https:\\\/\\\/secure.gravatar.com\\\/avatar\\\/7f2c48bdc33b30088f941fb6082e555f2874c98e20cb159d7b92b50eadfce793?s=96&d=mm&r=g\",\"url\":\"https:\\\/\\\/secure.gravatar.com\\\/avatar\\\/7f2c48bdc33b30088f941fb6082e555f2874c98e20cb159d7b92b50eadfce793?s=96&d=mm&r=g\",\"contentUrl\":\"https:\\\/\\\/secure.gravatar.com\\\/avatar\\\/7f2c48bdc33b30088f941fb6082e555f2874c98e20cb159d7b92b50eadfce793?s=96&d=mm&r=g\",\"caption\":\"Gente de B\u00e1squet\"},\"sameAs\":[\"http:\\\/\\\/gentedebasquet.com.ar\\\/sitio\"],\"url\":\"https:\\\/\\\/gentedebasquet.com.ar\\\/sitio\\\/author\\\/ulises\\\/\"}]}<\/script>\n<!-- \/ Yoast SEO plugin. -->","yoast_head_json":{"title":"Sigue de ronda - Gente de B\u00e1squet","robots":{"index":"index","follow":"follow","max-snippet":"max-snippet:-1","max-image-preview":"max-image-preview:large","max-video-preview":"max-video-preview:-1"},"canonical":"https:\/\/gentedebasquet.com.ar\/sitio\/2014\/09\/17\/sigue-de-ronda\/","og_locale":"es_ES","og_type":"article","og_title":"Sigue de ronda - Gente de B\u00e1squet","og_description":"Barracas complet\u00f3 su encuentro de la 1ra rueda al vencer a La Falda por 88-69","og_url":"https:\/\/gentedebasquet.com.ar\/sitio\/2014\/09\/17\/sigue-de-ronda\/","og_site_name":"Gente de B\u00e1squet","article_published_time":"2014-09-17T03:36:32+00:00","og_image":[{"width":690,"height":391,"url":"https:\/\/gentedebasquet.com.ar\/sitio\/wp-content\/uploads\/2014\/09\/20140916_210042.jpg","type":"image\/jpeg"}],"author":"Gente de B\u00e1squet","twitter_card":"summary_large_image","twitter_misc":{"Escrito por":"Gente de B\u00e1squet","Tiempo de lectura":"3 minutos"},"schema":{"@context":"https:\/\/schema.org","@graph":[{"@type":"Article","@id":"https:\/\/gentedebasquet.com.ar\/sitio\/2014\/09\/17\/sigue-de-ronda\/#article","isPartOf":{"@id":"https:\/\/gentedebasquet.com.ar\/sitio\/2014\/09\/17\/sigue-de-ronda\/"},"author":{"name":"Gente de B\u00e1squet","@id":"https:\/\/gentedebasquet.com.ar\/sitio\/#\/schema\/person\/ca0b63bbb977369988a7bbbdc519943a"},"headline":"Sigue de ronda","datePublished":"2014-09-17T03:36:32+00:00","mainEntityOfPage":{"@id":"https:\/\/gentedebasquet.com.ar\/sitio\/2014\/09\/17\/sigue-de-ronda\/"},"wordCount":575,"image":{"@id":"https:\/\/gentedebasquet.com.ar\/sitio\/2014\/09\/17\/sigue-de-ronda\/#primaryimage"},"thumbnailUrl":"https:\/\/gentedebasquet.com.ar\/sitio\/wp-content\/uploads\/2014\/09\/20140916_210042.jpg","keywords":["Barracas","Dami\u00e1n Carci","Federico Harina","Gabriel Fern\u00e1ndez","La Falda","Manuel Gim\u00e9nez","Mariano Trellini","Mauro Santill\u00e1n"],"articleSection":["Segunda","Slide"],"inLanguage":"es"},{"@type":"WebPage","@id":"https:\/\/gentedebasquet.com.ar\/sitio\/2014\/09\/17\/sigue-de-ronda\/","url":"https:\/\/gentedebasquet.com.ar\/sitio\/2014\/09\/17\/sigue-de-ronda\/","name":"Sigue de ronda - Gente de B\u00e1squet","isPartOf":{"@id":"https:\/\/gentedebasquet.com.ar\/sitio\/#website"},"primaryImageOfPage":{"@id":"https:\/\/gentedebasquet.com.ar\/sitio\/2014\/09\/17\/sigue-de-ronda\/#primaryimage"},"image":{"@id":"https:\/\/gentedebasquet.com.ar\/sitio\/2014\/09\/17\/sigue-de-ronda\/#primaryimage"},"thumbnailUrl":"https:\/\/gentedebasquet.com.ar\/sitio\/wp-content\/uploads\/2014\/09\/20140916_210042.jpg","datePublished":"2014-09-17T03:36:32+00:00","author":{"@id":"https:\/\/gentedebasquet.com.ar\/sitio\/#\/schema\/person\/ca0b63bbb977369988a7bbbdc519943a"},"breadcrumb":{"@id":"https:\/\/gentedebasquet.com.ar\/sitio\/2014\/09\/17\/sigue-de-ronda\/#breadcrumb"},"inLanguage":"es","potentialAction":[{"@type":"ReadAction","target":["https:\/\/gentedebasquet.com.ar\/sitio\/2014\/09\/17\/sigue-de-ronda\/"]}]},{"@type":"ImageObject","inLanguage":"es","@id":"https:\/\/gentedebasquet.com.ar\/sitio\/2014\/09\/17\/sigue-de-ronda\/#primaryimage","url":"https:\/\/gentedebasquet.com.ar\/sitio\/wp-content\/uploads\/2014\/09\/20140916_210042.jpg","contentUrl":"https:\/\/gentedebasquet.com.ar\/sitio\/wp-content\/uploads\/2014\/09\/20140916_210042.jpg","width":690,"height":391},{"@type":"BreadcrumbList","@id":"https:\/\/gentedebasquet.com.ar\/sitio\/2014\/09\/17\/sigue-de-ronda\/#breadcrumb","itemListElement":[{"@type":"ListItem","position":1,"name":"Portada","item":"https:\/\/gentedebasquet.com.ar\/sitio\/"},{"@type":"ListItem","position":2,"name":"Sigue de ronda"}]},{"@type":"WebSite","@id":"https:\/\/gentedebasquet.com.ar\/sitio\/#website","url":"https:\/\/gentedebasquet.com.ar\/sitio\/","name":"Gente de B\u00e1squet","description":"La revista del basquet de Bah\u00eda Blanca","potentialAction":[{"@type":"SearchAction","target":{"@type":"EntryPoint","urlTemplate":"https:\/\/gentedebasquet.com.ar\/sitio\/?s={search_term_string}"},"query-input":{"@type":"PropertyValueSpecification","valueRequired":true,"valueName":"search_term_string"}}],"inLanguage":"es"},{"@type":"Person","@id":"https:\/\/gentedebasquet.com.ar\/sitio\/#\/schema\/person\/ca0b63bbb977369988a7bbbdc519943a","name":"Gente de B\u00e1squet","image":{"@type":"ImageObject","inLanguage":"es","@id":"https:\/\/secure.gravatar.com\/avatar\/7f2c48bdc33b30088f941fb6082e555f2874c98e20cb159d7b92b50eadfce793?s=96&d=mm&r=g","url":"https:\/\/secure.gravatar.com\/avatar\/7f2c48bdc33b30088f941fb6082e555f2874c98e20cb159d7b92b50eadfce793?s=96&d=mm&r=g","contentUrl":"https:\/\/secure.gravatar.com\/avatar\/7f2c48bdc33b30088f941fb6082e555f2874c98e20cb159d7b92b50eadfce793?s=96&d=mm&r=g","caption":"Gente de B\u00e1squet"},"sameAs":["http:\/\/gentedebasquet.com.ar\/sitio"],"url":"https:\/\/gentedebasquet.com.ar\/sitio\/author\/ulises\/"}]}},"_links":{"self":[{"href":"https:\/\/gentedebasquet.com.ar\/sitio\/wp-json\/wp\/v2\/posts\/38163","targetHints":{"allow":["GET"]}}],"collection":[{"href":"https:\/\/gentedebasquet.com.ar\/sitio\/wp-json\/wp\/v2\/posts"}],"about":[{"href":"https:\/\/gentedebasquet.com.ar\/sitio\/wp-json\/wp\/v2\/types\/post"}],"author":[{"embeddable":true,"href":"https:\/\/gentedebasquet.com.ar\/sitio\/wp-json\/wp\/v2\/users\/1"}],"replies":[{"embeddable":true,"href":"https:\/\/gentedebasquet.com.ar\/sitio\/wp-json\/wp\/v2\/comments?post=38163"}],"version-history":[{"count":0,"href":"https:\/\/gentedebasquet.com.ar\/sitio\/wp-json\/wp\/v2\/posts\/38163\/revisions"}],"wp:featuredmedia":[{"embeddable":true,"href":"https:\/\/gentedebasquet.com.ar\/sitio\/wp-json\/wp\/v2\/media\/38169"}],"wp:attachment":[{"href":"https:\/\/gentedebasquet.com.ar\/sitio\/wp-json\/wp\/v2\/media?parent=38163"}],"wp:term":[{"taxonomy":"category","embeddable":true,"href":"https:\/\/gentedebasquet.com.ar\/sitio\/wp-json\/wp\/v2\/categories?post=38163"},{"taxonomy":"post_tag","embeddable":true,"href":"https:\/\/gentedebasquet.com.ar\/sitio\/wp-json\/wp\/v2\/tags?post=38163"}],"curies":[{"name":"wp","href":"https:\/\/api.w.org\/{rel}","templated":true}]}}